{"id":87161,"date":"2022-09-11T01:01:48","date_gmt":"2022-09-11T04:01:48","guid":{"rendered":"https:\/\/www.gaveanews.com\/?p=87161"},"modified":"2022-09-11T01:01:50","modified_gmt":"2022-09-11T04:01:50","slug":"marcos-braz-do-flamengo-alfineta-empresario-de-rodinei","status":"publish","type":"post","link":"https:\/\/www.gaveanews.com\/index.php\/2022\/09\/11\/marcos-braz-do-flamengo-alfineta-empresario-de-rodinei\/","title":{"rendered":"Marcos Braz, do Flamengo, alfineta empres\u00e1rio de Rodinei"},"content":{"rendered":"\n<p>Um dos destaques do Flamengo, Rodinei est\u00e1 na reta final de seu contrato e teria tomado a decis\u00e3o que n\u00e3o vai renovar. O crescimento do lateral com Dorival J\u00fanior fez com que diversas equipes do futebol brasileiro se interessassem, como Gr\u00eamio, Atl\u00e9tico-MG e Botafogo.<\/p>\n\n\n\n<p>Em entrevista \u00e0 ESPN, Ricardo Scheidt, empres\u00e1rio do jogador, deu ind\u00edcios que Rodinei ir\u00e1 sair do Flamengo para respirar novos ares. Esse fator foi comentado com o vice-presidente de futebol do Rubro-Negro, que alfinetou, antes de comentar sobre a negocia\u00e7\u00e3o: \u201cO empres\u00e1rio dele d\u00e1 muitas declara\u00e7\u00f5es\u201d, disse.<\/p>\n\n\n\n<p>\u201cEu entendo e trato com a maior naturalidade do mundo se, esta decis\u00e3o do jogador e seu agente proceder sobre deixar o Flamengo. N\u00e3o vejo como nenhum problema, \u00e9 um jogador importante, ainda mais nesta fase. Agora, l\u00e1 na frente n\u00f3s vamos conversar se realmente \u00e9 isso. Vamos supor que a gente ganhe a Libertadores. \u2018E a\u00ed, Rodinei, voc\u00ea vai ser o nosso lateral no Mundial ou n\u00e3o?\u2019. Eu sou gelo no sangue. Ele pode recusar. Ok. Muito obrigado\u201d, diz Braz, em entrevista ao S1 Live e Paparazzo Rubro-Negro.<\/p>\n\n\n\n<p>Por fim, continuou, elogiando bastante a trajet\u00f3ria de Rodinei no Flamengo:<\/p>\n\n\n\n<p>\u201cEstou em igualdade de for\u00e7as. Eu irei tratar com um lateral campe\u00e3o da Libertadores. Ent\u00e3o, vou chegar e falar. \u2018E a\u00ed, Rodinei, voc\u00ea quer continuar ou n\u00e3o?\u2019. \u2018Ah, Braz n\u00e3o quero. Muito obrigado\u2019. Eu acho que n\u00f3s temos que respeitar o jogador, o que ele fez no clube. O Rodinei \u00e9 um profissional que treina muito, um cara de grupo e que todo mundo gosta. N\u00e3o \u00e9 preciso a gente colocar peso nesta quest\u00e3o. Vamos esperar o momento certo\u201d, completou o dirigente.<\/p>\n\n\n\n<p>Retirado de: Mercado do Futebol<\/p>\n","protected":false},"excerpt":{"rendered":"<p>Um dos destaques do Flamengo, Rodinei est\u00e1 na reta final de seu contrato e teria tomado a decis\u00e3o que n\u00e3o vai renovar. O crescimento do lateral com Dorival J\u00fanior fez com que diversas equipes do futebol brasileiro se interessassem, como Gr\u00eamio, Atl\u00e9tico-MG e Botafogo. Em entrevista \u00e0 ESPN, Ricardo Scheidt, empres\u00e1rio do jogador, deu ind\u00edcios [&hellip;]<\/p>\n","protected":false},"author":1,"featured_media":83461,"comment_status":"open","ping_status":"closed","sticky":false,"template":"","format":"standard","meta":{"footnotes":""},"categories":[1],"tags":[],"class_list":["post-87161","post","type-post","status-publish","format-standard","has-post-thumbnail","hentry","category-flamengo"],"yoast_head":"<!-- This site is optimized with the Yoast SEO Premium plugin v24.2 (Yoast SEO v26.9) - https:\/\/yoast.com\/product\/yoast-seo-premium-wordpress\/ -->\n<title>Marcos Braz, do Flamengo, alfineta empres\u00e1rio de Rodinei<\/title>\n<meta name=\"robots\" content=\"index, follow, max-snippet:-1, max-image-preview:large, max-video-preview:-1\" \/>\n<link rel=\"canonical\" href=\"https:\/\/www.gaveanews.com\/index.php\/2022\/09\/11\/marcos-braz-do-flamengo-alfineta-empresario-de-rodinei\/\" \/>\n<meta property=\"og:locale\" content=\"pt_BR\" \/>\n<meta property=\"og:type\" content=\"article\" \/>\n<meta property=\"og:title\" content=\"Marcos Braz, do Flamengo, alfineta empres\u00e1rio de Rodinei\" \/>\n<meta property=\"og:description\" content=\"Um dos destaques do Flamengo, Rodinei est\u00e1 na reta final de seu contrato e teria tomado a decis\u00e3o que n\u00e3o vai renovar. O crescimento do lateral com Dorival J\u00fanior fez com que diversas equipes do futebol brasileiro se interessassem, como Gr\u00eamio, Atl\u00e9tico-MG e Botafogo. Em entrevista \u00e0 ESPN, Ricardo Scheidt, empres\u00e1rio do jogador, deu ind\u00edcios [&hellip;]\" \/>\n<meta property=\"og:url\" content=\"https:\/\/www.gaveanews.com\/index.php\/2022\/09\/11\/marcos-braz-do-flamengo-alfineta-empresario-de-rodinei\/\" \/>\n<meta property=\"og:site_name\" content=\"G\u00e1vea News\" \/>\n<meta property=\"article:publisher\" content=\"https:\/\/facebook.com\/gaveaNews\/\" \/>\n<meta property=\"article:published_time\" content=\"2022-09-11T04:01:48+00:00\" \/>\n<meta property=\"article:modified_time\" content=\"2022-09-11T04:01:50+00:00\" \/>\n<meta property=\"og:image\" content=\"https:\/\/www.gaveanews.com\/wp-content\/uploads\/Rodinei-em-jogo-do-Flamengo-contra-o-Sporting-Cristal-pela-Libertadores.webp\" \/>\n\t<meta property=\"og:image:width\" content=\"799\" \/>\n\t<meta property=\"og:image:height\" content=\"533\" \/>\n\t<meta property=\"og:image:type\" content=\"image\/jpeg\" \/>\n<meta name=\"author\" content=\"Equipe G\u00e1vea News\" \/>\n<meta name=\"twitter:card\" content=\"summary_large_image\" \/>\n<meta name=\"twitter:label1\" content=\"Escrito por\" \/>\n\t<meta name=\"twitter:data1\" content=\"Equipe G\u00e1vea News\" \/>\n\t<meta name=\"twitter:label2\" content=\"Est. tempo de leitura\" \/>\n\t<meta name=\"twitter:data2\" content=\"2 minutos\" \/>\n<script type=\"application\/ld+json\" class=\"yoast-schema-graph\">{\"@context\":\"https:\/\/schema.org\",\"@graph\":[{\"@type\":\"NewsArticle\",\"@id\":\"https:\/\/www.gaveanews.com\/index.php\/2022\/09\/11\/marcos-braz-do-flamengo-alfineta-empresario-de-rodinei\/#article\",\"isPartOf\":{\"@id\":\"https:\/\/www.gaveanews.com\/index.php\/2022\/09\/11\/marcos-braz-do-flamengo-alfineta-empresario-de-rodinei\/\"},\"author\":{\"name\":\"Equipe G\u00e1vea News\",\"@id\":\"https:\/\/www.gaveanews.com\/#\/schema\/person\/2ec14f73fb96be2caf28f91afb14749d\"},\"headline\":\"Marcos Braz, do Flamengo, alfineta empres\u00e1rio de Rodinei\",\"datePublished\":\"2022-09-11T04:01:48+00:00\",\"dateModified\":\"2022-09-11T04:01:50+00:00\",\"mainEntityOfPage\":{\"@id\":\"https:\/\/www.gaveanews.com\/index.php\/2022\/09\/11\/marcos-braz-do-flamengo-alfineta-empresario-de-rodinei\/\"},\"wordCount\":305,\"commentCount\":0,\"image\":{\"@id\":\"https:\/\/www.gaveanews.com\/index.php\/2022\/09\/11\/marcos-braz-do-flamengo-alfineta-empresario-de-rodinei\/#primaryimage\"},\"thumbnailUrl\":\"https:\/\/www.gaveanews.com\/wp-content\/uploads\/Rodinei-em-jogo-do-Flamengo-contra-o-Sporting-Cristal-pela-Libertadores.webp\",\"articleSection\":[\"Flamengo\"],\"inLanguage\":\"pt-BR\",\"potentialAction\":[{\"@type\":\"CommentAction\",\"name\":\"Comment\",\"target\":[\"https:\/\/www.gaveanews.com\/index.php\/2022\/09\/11\/marcos-braz-do-flamengo-alfineta-empresario-de-rodinei\/#respond\"]}],\"copyrightYear\":\"2022\",\"copyrightHolder\":{\"@id\":\"https:\/\/www.gaveanews.com\/#organization\"}},{\"@type\":\"WebPage\",\"@id\":\"https:\/\/www.gaveanews.com\/index.php\/2022\/09\/11\/marcos-braz-do-flamengo-alfineta-empresario-de-rodinei\/\",\"url\":\"https:\/\/www.gaveanews.com\/index.php\/2022\/09\/11\/marcos-braz-do-flamengo-alfineta-empresario-de-rodinei\/\",\"name\":\"Marcos Braz, do Flamengo, alfineta empres\u00e1rio de Rodinei\",\"isPartOf\":{\"@id\":\"https:\/\/www.gaveanews.com\/#website\"},\"primaryImageOfPage\":{\"@id\":\"https:\/\/www.gaveanews.com\/index.php\/2022\/09\/11\/marcos-braz-do-flamengo-alfineta-empresario-de-rodinei\/#primaryimage\"},\"image\":{\"@id\":\"https:\/\/www.gaveanews.com\/index.php\/2022\/09\/11\/marcos-braz-do-flamengo-alfineta-empresario-de-rodinei\/#primaryimage\"},\"thumbnailUrl\":\"https:\/\/www.gaveanews.com\/wp-content\/uploads\/Rodinei-em-jogo-do-Flamengo-contra-o-Sporting-Cristal-pela-Libertadores.webp\",\"datePublished\":\"2022-09-11T04:01:48+00:00\",\"dateModified\":\"2022-09-11T04:01:50+00:00\",\"author\":{\"@id\":\"https:\/\/www.gaveanews.com\/#\/schema\/person\/2ec14f73fb96be2caf28f91afb14749d\"},\"breadcrumb\":{\"@id\":\"https:\/\/www.gaveanews.com\/index.php\/2022\/09\/11\/marcos-braz-do-flamengo-alfineta-empresario-de-rodinei\/#breadcrumb\"},\"inLanguage\":\"pt-BR\",\"potentialAction\":[{\"@type\":\"ReadAction\",\"target\":[\"https:\/\/www.gaveanews.com\/index.php\/2022\/09\/11\/marcos-braz-do-flamengo-alfineta-empresario-de-rodinei\/\"]}]},{\"@type\":\"ImageObject\",\"inLanguage\":\"pt-BR\",\"@id\":\"https:\/\/www.gaveanews.com\/index.php\/2022\/09\/11\/marcos-braz-do-flamengo-alfineta-empresario-de-rodinei\/#primaryimage\",\"url\":\"https:\/\/www.gaveanews.com\/wp-content\/uploads\/Rodinei-em-jogo-do-Flamengo-contra-o-Sporting-Cristal-pela-Libertadores.webp\",\"contentUrl\":\"https:\/\/www.gaveanews.com\/wp-content\/uploads\/Rodinei-em-jogo-do-Flamengo-contra-o-Sporting-Cristal-pela-Libertadores.webp\",\"width\":799,\"height\":533,\"caption\":\"Rodinei em jogo do Flamengo contra o Sporting Cristal pela Libertadores (Foto: Alexandre Vidal\/Flamengo)\"},{\"@type\":\"BreadcrumbList\",\"@id\":\"https:\/\/www.gaveanews.com\/index.php\/2022\/09\/11\/marcos-braz-do-flamengo-alfineta-empresario-de-rodinei\/#breadcrumb\",\"itemListElement\":[{\"@type\":\"ListItem\",\"position\":1,\"name\":\"Home\",\"item\":\"https:\/\/www.gaveanews.com\/\"},{\"@type\":\"ListItem\",\"position\":2,\"name\":\"Marcos Braz, do Flamengo, alfineta empres\u00e1rio de Rodinei\"}]},{\"@type\":\"WebSite\",\"@id\":\"https:\/\/www.gaveanews.com\/#website\",\"url\":\"https:\/\/www.gaveanews.com\/\",\"name\":\"G\u00e1vea News\",\"description\":\"Veja todas as not\u00edcias sobre o Flamengo: Contrata\u00e7\u00f5es, categorias de base, resultados das partidas, tabela de classifica\u00e7\u00e3o, pr\u00f3ximos jogos!\",\"potentialAction\":[{\"@type\":\"SearchAction\",\"target\":{\"@type\":\"EntryPoint\",\"urlTemplate\":\"https:\/\/www.gaveanews.com\/?s={search_term_string}\"},\"query-input\":{\"@type\":\"PropertyValueSpecification\",\"valueRequired\":true,\"valueName\":\"search_term_string\"}}],\"inLanguage\":\"pt-BR\"},{\"@type\":\"Person\",\"@id\":\"https:\/\/www.gaveanews.com\/#\/schema\/person\/2ec14f73fb96be2caf28f91afb14749d\",\"name\":\"Equipe G\u00e1vea News\",\"image\":{\"@type\":\"ImageObject\",\"inLanguage\":\"pt-BR\",\"@id\":\"https:\/\/www.gaveanews.com\/#\/schema\/person\/image\/\",\"url\":\"https:\/\/secure.gravatar.com\/avatar\/1e1956f1facbffd3f8fa53a326721950116b3b9dc9bd44939c01180fd4a745a9?s=96&d=mm&r=g\",\"contentUrl\":\"https:\/\/secure.gravatar.com\/avatar\/1e1956f1facbffd3f8fa53a326721950116b3b9dc9bd44939c01180fd4a745a9?s=96&d=mm&r=g\",\"caption\":\"Equipe G\u00e1vea News\"}}]}<\/script>\n<!-- \/ Yoast SEO Premium plugin. -->","yoast_head_json":{"title":"Marcos Braz, do Flamengo, alfineta empres\u00e1rio de Rodinei","robots":{"index":"index","follow":"follow","max-snippet":"max-snippet:-1","max-image-preview":"max-image-preview:large","max-video-preview":"max-video-preview:-1"},"canonical":"https:\/\/www.gaveanews.com\/index.php\/2022\/09\/11\/marcos-braz-do-flamengo-alfineta-empresario-de-rodinei\/","og_locale":"pt_BR","og_type":"article","og_title":"Marcos Braz, do Flamengo, alfineta empres\u00e1rio de Rodinei","og_description":"Um dos destaques do Flamengo, Rodinei est\u00e1 na reta final de seu contrato e teria tomado a decis\u00e3o que n\u00e3o vai renovar. O crescimento do lateral com Dorival J\u00fanior fez com que diversas equipes do futebol brasileiro se interessassem, como Gr\u00eamio, Atl\u00e9tico-MG e Botafogo. Em entrevista \u00e0 ESPN, Ricardo Scheidt, empres\u00e1rio do jogador, deu ind\u00edcios [&hellip;]","og_url":"https:\/\/www.gaveanews.com\/index.php\/2022\/09\/11\/marcos-braz-do-flamengo-alfineta-empresario-de-rodinei\/","og_site_name":"G\u00e1vea News","article_publisher":"https:\/\/facebook.com\/gaveaNews\/","article_published_time":"2022-09-11T04:01:48+00:00","article_modified_time":"2022-09-11T04:01:50+00:00","og_image":[{"width":799,"height":533,"url":"https:\/\/www.gaveanews.com\/wp-content\/uploads\/Rodinei-em-jogo-do-Flamengo-contra-o-Sporting-Cristal-pela-Libertadores.webp","type":"image\/jpeg"}],"author":"Equipe G\u00e1vea News","twitter_card":"summary_large_image","twitter_misc":{"Escrito por":"Equipe G\u00e1vea News","Est. tempo de leitura":"2 minutos"},"schema":{"@context":"https:\/\/schema.org","@graph":[{"@type":"NewsArticle","@id":"https:\/\/www.gaveanews.com\/index.php\/2022\/09\/11\/marcos-braz-do-flamengo-alfineta-empresario-de-rodinei\/#article","isPartOf":{"@id":"https:\/\/www.gaveanews.com\/index.php\/2022\/09\/11\/marcos-braz-do-flamengo-alfineta-empresario-de-rodinei\/"},"author":{"name":"Equipe G\u00e1vea News","@id":"https:\/\/www.gaveanews.com\/#\/schema\/person\/2ec14f73fb96be2caf28f91afb14749d"},"headline":"Marcos Braz, do Flamengo, alfineta empres\u00e1rio de Rodinei","datePublished":"2022-09-11T04:01:48+00:00","dateModified":"2022-09-11T04:01:50+00:00","mainEntityOfPage":{"@id":"https:\/\/www.gaveanews.com\/index.php\/2022\/09\/11\/marcos-braz-do-flamengo-alfineta-empresario-de-rodinei\/"},"wordCount":305,"commentCount":0,"image":{"@id":"https:\/\/www.gaveanews.com\/index.php\/2022\/09\/11\/marcos-braz-do-flamengo-alfineta-empresario-de-rodinei\/#primaryimage"},"thumbnailUrl":"https:\/\/www.gaveanews.com\/wp-content\/uploads\/Rodinei-em-jogo-do-Flamengo-contra-o-Sporting-Cristal-pela-Libertadores.webp","articleSection":["Flamengo"],"inLanguage":"pt-BR","potentialAction":[{"@type":"CommentAction","name":"Comment","target":["https:\/\/www.gaveanews.com\/index.php\/2022\/09\/11\/marcos-braz-do-flamengo-alfineta-empresario-de-rodinei\/#respond"]}],"copyrightYear":"2022","copyrightHolder":{"@id":"https:\/\/www.gaveanews.com\/#organization"}},{"@type":"WebPage","@id":"https:\/\/www.gaveanews.com\/index.php\/2022\/09\/11\/marcos-braz-do-flamengo-alfineta-empresario-de-rodinei\/","url":"https:\/\/www.gaveanews.com\/index.php\/2022\/09\/11\/marcos-braz-do-flamengo-alfineta-empresario-de-rodinei\/","name":"Marcos Braz, do Flamengo, alfineta empres\u00e1rio de Rodinei","isPartOf":{"@id":"https:\/\/www.gaveanews.com\/#website"},"primaryImageOfPage":{"@id":"https:\/\/www.gaveanews.com\/index.php\/2022\/09\/11\/marcos-braz-do-flamengo-alfineta-empresario-de-rodinei\/#primaryimage"},"image":{"@id":"https:\/\/www.gaveanews.com\/index.php\/2022\/09\/11\/marcos-braz-do-flamengo-alfineta-empresario-de-rodinei\/#primaryimage"},"thumbnailUrl":"https:\/\/www.gaveanews.com\/wp-content\/uploads\/Rodinei-em-jogo-do-Flamengo-contra-o-Sporting-Cristal-pela-Libertadores.webp","datePublished":"2022-09-11T04:01:48+00:00","dateModified":"2022-09-11T04:01:50+00:00","author":{"@id":"https:\/\/www.gaveanews.com\/#\/schema\/person\/2ec14f73fb96be2caf28f91afb14749d"},"breadcrumb":{"@id":"https:\/\/www.gaveanews.com\/index.php\/2022\/09\/11\/marcos-braz-do-flamengo-alfineta-empresario-de-rodinei\/#breadcrumb"},"inLanguage":"pt-BR","potentialAction":[{"@type":"ReadAction","target":["https:\/\/www.gaveanews.com\/index.php\/2022\/09\/11\/marcos-braz-do-flamengo-alfineta-empresario-de-rodinei\/"]}]},{"@type":"ImageObject","inLanguage":"pt-BR","@id":"https:\/\/www.gaveanews.com\/index.php\/2022\/09\/11\/marcos-braz-do-flamengo-alfineta-empresario-de-rodinei\/#primaryimage","url":"https:\/\/www.gaveanews.com\/wp-content\/uploads\/Rodinei-em-jogo-do-Flamengo-contra-o-Sporting-Cristal-pela-Libertadores.webp","contentUrl":"https:\/\/www.gaveanews.com\/wp-content\/uploads\/Rodinei-em-jogo-do-Flamengo-contra-o-Sporting-Cristal-pela-Libertadores.webp","width":799,"height":533,"caption":"Rodinei em jogo do Flamengo contra o Sporting Cristal pela Libertadores (Foto: Alexandre Vidal\/Flamengo)"},{"@type":"BreadcrumbList","@id":"https:\/\/www.gaveanews.com\/index.php\/2022\/09\/11\/marcos-braz-do-flamengo-alfineta-empresario-de-rodinei\/#breadcrumb","itemListElement":[{"@type":"ListItem","position":1,"name":"Home","item":"https:\/\/www.gaveanews.com\/"},{"@type":"ListItem","position":2,"name":"Marcos Braz, do Flamengo, alfineta empres\u00e1rio de Rodinei"}]},{"@type":"WebSite","@id":"https:\/\/www.gaveanews.com\/#website","url":"https:\/\/www.gaveanews.com\/","name":"G\u00e1vea News","description":"Veja todas as not\u00edcias sobre o Flamengo: Contrata\u00e7\u00f5es, categorias de base, resultados das partidas, tabela de classifica\u00e7\u00e3o, pr\u00f3ximos jogos!","potentialAction":[{"@type":"SearchAction","target":{"@type":"EntryPoint","urlTemplate":"https:\/\/www.gaveanews.com\/?s={search_term_string}"},"query-input":{"@type":"PropertyValueSpecification","valueRequired":true,"valueName":"search_term_string"}}],"inLanguage":"pt-BR"},{"@type":"Person","@id":"https:\/\/www.gaveanews.com\/#\/schema\/person\/2ec14f73fb96be2caf28f91afb14749d","name":"Equipe G\u00e1vea News","image":{"@type":"ImageObject","inLanguage":"pt-BR","@id":"https:\/\/www.gaveanews.com\/#\/schema\/person\/image\/","url":"https:\/\/secure.gravatar.com\/avatar\/1e1956f1facbffd3f8fa53a326721950116b3b9dc9bd44939c01180fd4a745a9?s=96&d=mm&r=g","contentUrl":"https:\/\/secure.gravatar.com\/avatar\/1e1956f1facbffd3f8fa53a326721950116b3b9dc9bd44939c01180fd4a745a9?s=96&d=mm&r=g","caption":"Equipe G\u00e1vea News"}}]}},"_links":{"self":[{"href":"https:\/\/www.gaveanews.com\/index.php\/wp-json\/wp\/v2\/posts\/87161","targetHints":{"allow":["GET"]}}],"collection":[{"href":"https:\/\/www.gaveanews.com\/index.php\/wp-json\/wp\/v2\/posts"}],"about":[{"href":"https:\/\/www.gaveanews.com\/index.php\/wp-json\/wp\/v2\/types\/post"}],"author":[{"embeddable":true,"href":"https:\/\/www.gaveanews.com\/index.php\/wp-json\/wp\/v2\/users\/1"}],"replies":[{"embeddable":true,"href":"https:\/\/www.gaveanews.com\/index.php\/wp-json\/wp\/v2\/comments?post=87161"}],"version-history":[{"count":0,"href":"https:\/\/www.gaveanews.com\/index.php\/wp-json\/wp\/v2\/posts\/87161\/revisions"}],"wp:featuredmedia":[{"embeddable":true,"href":"https:\/\/www.gaveanews.com\/index.php\/wp-json\/wp\/v2\/media\/83461"}],"wp:attachment":[{"href":"https:\/\/www.gaveanews.com\/index.php\/wp-json\/wp\/v2\/media?parent=87161"}],"wp:term":[{"taxonomy":"category","embeddable":true,"href":"https:\/\/www.gaveanews.com\/index.php\/wp-json\/wp\/v2\/categories?post=87161"},{"taxonomy":"post_tag","embeddable":true,"href":"https:\/\/www.gaveanews.com\/index.php\/wp-json\/wp\/v2\/tags?post=87161"}],"curies":[{"name":"wp","href":"https:\/\/api.w.org\/{rel}","templated":true}]}}