{"id":87170,"date":"2022-09-11T17:55:25","date_gmt":"2022-09-11T20:55:25","guid":{"rendered":"https:\/\/www.gaveanews.com\/?p=87170"},"modified":"2022-09-11T17:55:28","modified_gmt":"2022-09-11T20:55:28","slug":"atletico-mg-x-flamengo-stjd-recusa-pedido-e-mantem-punicao-ao-time-mineiro","status":"publish","type":"post","link":"https:\/\/www.gaveanews.com\/index.php\/2022\/09\/11\/atletico-mg-x-flamengo-stjd-recusa-pedido-e-mantem-punicao-ao-time-mineiro\/","title":{"rendered":"Atl\u00e9tico-MG x Flamengo: STJD recusa pedido e mant\u00e9m puni\u00e7\u00e3o ao time mineiro"},"content":{"rendered":"\n<p>O STJD manteve no fim deste \u00faltima semana a puni\u00e7\u00e3o ao Atl\u00e9tico-MG referente a cantos homof\u00f3bicos e objetos arremessados a campo na partida das oitavas de final da Copa do Brasil, contra o Flamengo, no Mineir\u00e3o. Nesse sentindo, em decis\u00e3o unanime no julgamento realizado no Brasil Futebol Expo, os auditores mantiveram a multa de R$ 65 mil ao clube mineiro.<\/p>\n\n\n\n<p>Em divis\u00e3o, o Atl\u00e9tico-MG pagara R$ 50 mil por c\u00e2nticos discriminat\u00f3rios e R$ 15 mil por arremesso de objetos no campo. O Galo chegou a recorrer da decis\u00e3o, por\u00e9m n\u00e3o obteve sucesso. A causa esta em pauta no tribunal desde julho, quando a 4\u00aa Comiss\u00e3o Disciplinar fez a intima\u00e7\u00e3o ao clube mineiro com base no artigo 243-G do C\u00f3digo Brasileiro de Justi\u00e7a Desportiva (CBJD).<\/p>\n\n\n\n<p>Por fim, na elabora\u00e7\u00e3o de defesa, o advogado do alvinegro, Theot\u00f4nio Chermont disse que o clube n\u00e3o possui qualquer tipo de controle sobre o que a sua torcida faz no est\u00e1dio. Sendo assim, o profissional, pediu a redu\u00e7\u00e3o da pena. Mesmo com a apela\u00e7\u00e3o, os auditores do STJD mantiveram a pena de multa por unanimidade.<\/p>\n\n\n\n<p>Retirado de: Di\u00e1rio do Fla<\/p>\n","protected":false},"excerpt":{"rendered":"<p>O STJD manteve no fim deste \u00faltima semana a puni\u00e7\u00e3o ao Atl\u00e9tico-MG referente a cantos homof\u00f3bicos e objetos arremessados a campo na partida das oitavas de final da Copa do Brasil, contra o Flamengo, no Mineir\u00e3o. Nesse sentindo, em decis\u00e3o unanime no julgamento realizado no Brasil Futebol Expo, os auditores mantiveram a multa de R$ [&hellip;]<\/p>\n","protected":false},"author":1,"featured_media":84905,"comment_status":"open","ping_status":"closed","sticky":false,"template":"","format":"standard","meta":{"footnotes":""},"categories":[1],"tags":[],"class_list":["post-87170","post","type-post","status-publish","format-standard","has-post-thumbnail","hentry","category-flamengo"],"yoast_head":"<!-- This site is optimized with the Yoast SEO Premium plugin v24.2 (Yoast SEO v26.9) - https:\/\/yoast.com\/product\/yoast-seo-premium-wordpress\/ -->\n<title>Atl\u00e9tico-MG x Flamengo: STJD recusa pedido e mant\u00e9m puni\u00e7\u00e3o ao time mineiro<\/title>\n<meta name=\"robots\" content=\"index, follow, max-snippet:-1, max-image-preview:large, max-video-preview:-1\" \/>\n<link rel=\"canonical\" href=\"https:\/\/www.gaveanews.com\/index.php\/2022\/09\/11\/atletico-mg-x-flamengo-stjd-recusa-pedido-e-mantem-punicao-ao-time-mineiro\/\" \/>\n<meta property=\"og:locale\" content=\"pt_BR\" \/>\n<meta property=\"og:type\" content=\"article\" \/>\n<meta property=\"og:title\" content=\"Atl\u00e9tico-MG x Flamengo: STJD recusa pedido e mant\u00e9m puni\u00e7\u00e3o ao time mineiro\" \/>\n<meta property=\"og:description\" content=\"O STJD manteve no fim deste \u00faltima semana a puni\u00e7\u00e3o ao Atl\u00e9tico-MG referente a cantos homof\u00f3bicos e objetos arremessados a campo na partida das oitavas de final da Copa do Brasil, contra o Flamengo, no Mineir\u00e3o. Nesse sentindo, em decis\u00e3o unanime no julgamento realizado no Brasil Futebol Expo, os auditores mantiveram a multa de R$ [&hellip;]\" \/>\n<meta property=\"og:url\" content=\"https:\/\/www.gaveanews.com\/index.php\/2022\/09\/11\/atletico-mg-x-flamengo-stjd-recusa-pedido-e-mantem-punicao-ao-time-mineiro\/\" \/>\n<meta property=\"og:site_name\" content=\"G\u00e1vea News\" \/>\n<meta property=\"article:publisher\" content=\"https:\/\/facebook.com\/gaveaNews\/\" \/>\n<meta property=\"article:published_time\" content=\"2022-09-11T20:55:25+00:00\" \/>\n<meta property=\"article:modified_time\" content=\"2022-09-11T20:55:28+00:00\" \/>\n<meta property=\"og:image\" content=\"https:\/\/www.gaveanews.com\/wp-content\/uploads\/Superior-Tribunal-de-Justica-Desportiva.webp\" \/>\n\t<meta property=\"og:image:width\" content=\"603\" \/>\n\t<meta property=\"og:image:height\" content=\"338\" \/>\n\t<meta property=\"og:image:type\" content=\"image\/jpeg\" \/>\n<meta name=\"author\" content=\"Equipe G\u00e1vea News\" \/>\n<meta name=\"twitter:card\" content=\"summary_large_image\" \/>\n<meta name=\"twitter:label1\" content=\"Escrito por\" \/>\n\t<meta name=\"twitter:data1\" content=\"Equipe G\u00e1vea News\" \/>\n\t<meta name=\"twitter:label2\" content=\"Est. tempo de leitura\" \/>\n\t<meta name=\"twitter:data2\" content=\"2 minutos\" \/>\n<script type=\"application\/ld+json\" class=\"yoast-schema-graph\">{\"@context\":\"https:\/\/schema.org\",\"@graph\":[{\"@type\":\"NewsArticle\",\"@id\":\"https:\/\/www.gaveanews.com\/index.php\/2022\/09\/11\/atletico-mg-x-flamengo-stjd-recusa-pedido-e-mantem-punicao-ao-time-mineiro\/#article\",\"isPartOf\":{\"@id\":\"https:\/\/www.gaveanews.com\/index.php\/2022\/09\/11\/atletico-mg-x-flamengo-stjd-recusa-pedido-e-mantem-punicao-ao-time-mineiro\/\"},\"author\":{\"name\":\"Equipe G\u00e1vea News\",\"@id\":\"https:\/\/www.gaveanews.com\/#\/schema\/person\/2ec14f73fb96be2caf28f91afb14749d\"},\"headline\":\"Atl\u00e9tico-MG x Flamengo: STJD recusa pedido e mant\u00e9m puni\u00e7\u00e3o ao time mineiro\",\"datePublished\":\"2022-09-11T20:55:25+00:00\",\"dateModified\":\"2022-09-11T20:55:28+00:00\",\"mainEntityOfPage\":{\"@id\":\"https:\/\/www.gaveanews.com\/index.php\/2022\/09\/11\/atletico-mg-x-flamengo-stjd-recusa-pedido-e-mantem-punicao-ao-time-mineiro\/\"},\"wordCount\":218,\"commentCount\":0,\"image\":{\"@id\":\"https:\/\/www.gaveanews.com\/index.php\/2022\/09\/11\/atletico-mg-x-flamengo-stjd-recusa-pedido-e-mantem-punicao-ao-time-mineiro\/#primaryimage\"},\"thumbnailUrl\":\"https:\/\/www.gaveanews.com\/wp-content\/uploads\/Superior-Tribunal-de-Justica-Desportiva.webp\",\"articleSection\":[\"Flamengo\"],\"inLanguage\":\"pt-BR\",\"potentialAction\":[{\"@type\":\"CommentAction\",\"name\":\"Comment\",\"target\":[\"https:\/\/www.gaveanews.com\/index.php\/2022\/09\/11\/atletico-mg-x-flamengo-stjd-recusa-pedido-e-mantem-punicao-ao-time-mineiro\/#respond\"]}],\"copyrightYear\":\"2022\",\"copyrightHolder\":{\"@id\":\"https:\/\/www.gaveanews.com\/#organization\"}},{\"@type\":\"WebPage\",\"@id\":\"https:\/\/www.gaveanews.com\/index.php\/2022\/09\/11\/atletico-mg-x-flamengo-stjd-recusa-pedido-e-mantem-punicao-ao-time-mineiro\/\",\"url\":\"https:\/\/www.gaveanews.com\/index.php\/2022\/09\/11\/atletico-mg-x-flamengo-stjd-recusa-pedido-e-mantem-punicao-ao-time-mineiro\/\",\"name\":\"Atl\u00e9tico-MG x Flamengo: STJD recusa pedido e mant\u00e9m puni\u00e7\u00e3o ao time mineiro\",\"isPartOf\":{\"@id\":\"https:\/\/www.gaveanews.com\/#website\"},\"primaryImageOfPage\":{\"@id\":\"https:\/\/www.gaveanews.com\/index.php\/2022\/09\/11\/atletico-mg-x-flamengo-stjd-recusa-pedido-e-mantem-punicao-ao-time-mineiro\/#primaryimage\"},\"image\":{\"@id\":\"https:\/\/www.gaveanews.com\/index.php\/2022\/09\/11\/atletico-mg-x-flamengo-stjd-recusa-pedido-e-mantem-punicao-ao-time-mineiro\/#primaryimage\"},\"thumbnailUrl\":\"https:\/\/www.gaveanews.com\/wp-content\/uploads\/Superior-Tribunal-de-Justica-Desportiva.webp\",\"datePublished\":\"2022-09-11T20:55:25+00:00\",\"dateModified\":\"2022-09-11T20:55:28+00:00\",\"author\":{\"@id\":\"https:\/\/www.gaveanews.com\/#\/schema\/person\/2ec14f73fb96be2caf28f91afb14749d\"},\"breadcrumb\":{\"@id\":\"https:\/\/www.gaveanews.com\/index.php\/2022\/09\/11\/atletico-mg-x-flamengo-stjd-recusa-pedido-e-mantem-punicao-ao-time-mineiro\/#breadcrumb\"},\"inLanguage\":\"pt-BR\",\"potentialAction\":[{\"@type\":\"ReadAction\",\"target\":[\"https:\/\/www.gaveanews.com\/index.php\/2022\/09\/11\/atletico-mg-x-flamengo-stjd-recusa-pedido-e-mantem-punicao-ao-time-mineiro\/\"]}]},{\"@type\":\"ImageObject\",\"inLanguage\":\"pt-BR\",\"@id\":\"https:\/\/www.gaveanews.com\/index.php\/2022\/09\/11\/atletico-mg-x-flamengo-stjd-recusa-pedido-e-mantem-punicao-ao-time-mineiro\/#primaryimage\",\"url\":\"https:\/\/www.gaveanews.com\/wp-content\/uploads\/Superior-Tribunal-de-Justica-Desportiva.webp\",\"contentUrl\":\"https:\/\/www.gaveanews.com\/wp-content\/uploads\/Superior-Tribunal-de-Justica-Desportiva.webp\",\"width\":603,\"height\":338,\"caption\":\"Superior Tribunal de Justi\u00e7a Desportiva (Foto: Divulga\u00e7\u00e3o\/Site STJD)\"},{\"@type\":\"BreadcrumbList\",\"@id\":\"https:\/\/www.gaveanews.com\/index.php\/2022\/09\/11\/atletico-mg-x-flamengo-stjd-recusa-pedido-e-mantem-punicao-ao-time-mineiro\/#breadcrumb\",\"itemListElement\":[{\"@type\":\"ListItem\",\"position\":1,\"name\":\"Home\",\"item\":\"https:\/\/www.gaveanews.com\/\"},{\"@type\":\"ListItem\",\"position\":2,\"name\":\"Atl\u00e9tico-MG x Flamengo: STJD recusa pedido e mant\u00e9m puni\u00e7\u00e3o ao time mineiro\"}]},{\"@type\":\"WebSite\",\"@id\":\"https:\/\/www.gaveanews.com\/#website\",\"url\":\"https:\/\/www.gaveanews.com\/\",\"name\":\"G\u00e1vea News\",\"description\":\"Veja todas as not\u00edcias sobre o Flamengo: Contrata\u00e7\u00f5es, categorias de base, resultados das partidas, tabela de classifica\u00e7\u00e3o, pr\u00f3ximos jogos!\",\"potentialAction\":[{\"@type\":\"SearchAction\",\"target\":{\"@type\":\"EntryPoint\",\"urlTemplate\":\"https:\/\/www.gaveanews.com\/?s={search_term_string}\"},\"query-input\":{\"@type\":\"PropertyValueSpecification\",\"valueRequired\":true,\"valueName\":\"search_term_string\"}}],\"inLanguage\":\"pt-BR\"},{\"@type\":\"Person\",\"@id\":\"https:\/\/www.gaveanews.com\/#\/schema\/person\/2ec14f73fb96be2caf28f91afb14749d\",\"name\":\"Equipe G\u00e1vea News\",\"image\":{\"@type\":\"ImageObject\",\"inLanguage\":\"pt-BR\",\"@id\":\"https:\/\/www.gaveanews.com\/#\/schema\/person\/image\/\",\"url\":\"https:\/\/secure.gravatar.com\/avatar\/1e1956f1facbffd3f8fa53a326721950116b3b9dc9bd44939c01180fd4a745a9?s=96&d=mm&r=g\",\"contentUrl\":\"https:\/\/secure.gravatar.com\/avatar\/1e1956f1facbffd3f8fa53a326721950116b3b9dc9bd44939c01180fd4a745a9?s=96&d=mm&r=g\",\"caption\":\"Equipe G\u00e1vea News\"}}]}<\/script>\n<!-- \/ Yoast SEO Premium plugin. -->","yoast_head_json":{"title":"Atl\u00e9tico-MG x Flamengo: STJD recusa pedido e mant\u00e9m puni\u00e7\u00e3o ao time mineiro","robots":{"index":"index","follow":"follow","max-snippet":"max-snippet:-1","max-image-preview":"max-image-preview:large","max-video-preview":"max-video-preview:-1"},"canonical":"https:\/\/www.gaveanews.com\/index.php\/2022\/09\/11\/atletico-mg-x-flamengo-stjd-recusa-pedido-e-mantem-punicao-ao-time-mineiro\/","og_locale":"pt_BR","og_type":"article","og_title":"Atl\u00e9tico-MG x Flamengo: STJD recusa pedido e mant\u00e9m puni\u00e7\u00e3o ao time mineiro","og_description":"O STJD manteve no fim deste \u00faltima semana a puni\u00e7\u00e3o ao Atl\u00e9tico-MG referente a cantos homof\u00f3bicos e objetos arremessados a campo na partida das oitavas de final da Copa do Brasil, contra o Flamengo, no Mineir\u00e3o. Nesse sentindo, em decis\u00e3o unanime no julgamento realizado no Brasil Futebol Expo, os auditores mantiveram a multa de R$ [&hellip;]","og_url":"https:\/\/www.gaveanews.com\/index.php\/2022\/09\/11\/atletico-mg-x-flamengo-stjd-recusa-pedido-e-mantem-punicao-ao-time-mineiro\/","og_site_name":"G\u00e1vea News","article_publisher":"https:\/\/facebook.com\/gaveaNews\/","article_published_time":"2022-09-11T20:55:25+00:00","article_modified_time":"2022-09-11T20:55:28+00:00","og_image":[{"width":603,"height":338,"url":"https:\/\/www.gaveanews.com\/wp-content\/uploads\/Superior-Tribunal-de-Justica-Desportiva.webp","type":"image\/jpeg"}],"author":"Equipe G\u00e1vea News","twitter_card":"summary_large_image","twitter_misc":{"Escrito por":"Equipe G\u00e1vea News","Est. tempo de leitura":"2 minutos"},"schema":{"@context":"https:\/\/schema.org","@graph":[{"@type":"NewsArticle","@id":"https:\/\/www.gaveanews.com\/index.php\/2022\/09\/11\/atletico-mg-x-flamengo-stjd-recusa-pedido-e-mantem-punicao-ao-time-mineiro\/#article","isPartOf":{"@id":"https:\/\/www.gaveanews.com\/index.php\/2022\/09\/11\/atletico-mg-x-flamengo-stjd-recusa-pedido-e-mantem-punicao-ao-time-mineiro\/"},"author":{"name":"Equipe G\u00e1vea News","@id":"https:\/\/www.gaveanews.com\/#\/schema\/person\/2ec14f73fb96be2caf28f91afb14749d"},"headline":"Atl\u00e9tico-MG x Flamengo: STJD recusa pedido e mant\u00e9m puni\u00e7\u00e3o ao time mineiro","datePublished":"2022-09-11T20:55:25+00:00","dateModified":"2022-09-11T20:55:28+00:00","mainEntityOfPage":{"@id":"https:\/\/www.gaveanews.com\/index.php\/2022\/09\/11\/atletico-mg-x-flamengo-stjd-recusa-pedido-e-mantem-punicao-ao-time-mineiro\/"},"wordCount":218,"commentCount":0,"image":{"@id":"https:\/\/www.gaveanews.com\/index.php\/2022\/09\/11\/atletico-mg-x-flamengo-stjd-recusa-pedido-e-mantem-punicao-ao-time-mineiro\/#primaryimage"},"thumbnailUrl":"https:\/\/www.gaveanews.com\/wp-content\/uploads\/Superior-Tribunal-de-Justica-Desportiva.webp","articleSection":["Flamengo"],"inLanguage":"pt-BR","potentialAction":[{"@type":"CommentAction","name":"Comment","target":["https:\/\/www.gaveanews.com\/index.php\/2022\/09\/11\/atletico-mg-x-flamengo-stjd-recusa-pedido-e-mantem-punicao-ao-time-mineiro\/#respond"]}],"copyrightYear":"2022","copyrightHolder":{"@id":"https:\/\/www.gaveanews.com\/#organization"}},{"@type":"WebPage","@id":"https:\/\/www.gaveanews.com\/index.php\/2022\/09\/11\/atletico-mg-x-flamengo-stjd-recusa-pedido-e-mantem-punicao-ao-time-mineiro\/","url":"https:\/\/www.gaveanews.com\/index.php\/2022\/09\/11\/atletico-mg-x-flamengo-stjd-recusa-pedido-e-mantem-punicao-ao-time-mineiro\/","name":"Atl\u00e9tico-MG x Flamengo: STJD recusa pedido e mant\u00e9m puni\u00e7\u00e3o ao time mineiro","isPartOf":{"@id":"https:\/\/www.gaveanews.com\/#website"},"primaryImageOfPage":{"@id":"https:\/\/www.gaveanews.com\/index.php\/2022\/09\/11\/atletico-mg-x-flamengo-stjd-recusa-pedido-e-mantem-punicao-ao-time-mineiro\/#primaryimage"},"image":{"@id":"https:\/\/www.gaveanews.com\/index.php\/2022\/09\/11\/atletico-mg-x-flamengo-stjd-recusa-pedido-e-mantem-punicao-ao-time-mineiro\/#primaryimage"},"thumbnailUrl":"https:\/\/www.gaveanews.com\/wp-content\/uploads\/Superior-Tribunal-de-Justica-Desportiva.webp","datePublished":"2022-09-11T20:55:25+00:00","dateModified":"2022-09-11T20:55:28+00:00","author":{"@id":"https:\/\/www.gaveanews.com\/#\/schema\/person\/2ec14f73fb96be2caf28f91afb14749d"},"breadcrumb":{"@id":"https:\/\/www.gaveanews.com\/index.php\/2022\/09\/11\/atletico-mg-x-flamengo-stjd-recusa-pedido-e-mantem-punicao-ao-time-mineiro\/#breadcrumb"},"inLanguage":"pt-BR","potentialAction":[{"@type":"ReadAction","target":["https:\/\/www.gaveanews.com\/index.php\/2022\/09\/11\/atletico-mg-x-flamengo-stjd-recusa-pedido-e-mantem-punicao-ao-time-mineiro\/"]}]},{"@type":"ImageObject","inLanguage":"pt-BR","@id":"https:\/\/www.gaveanews.com\/index.php\/2022\/09\/11\/atletico-mg-x-flamengo-stjd-recusa-pedido-e-mantem-punicao-ao-time-mineiro\/#primaryimage","url":"https:\/\/www.gaveanews.com\/wp-content\/uploads\/Superior-Tribunal-de-Justica-Desportiva.webp","contentUrl":"https:\/\/www.gaveanews.com\/wp-content\/uploads\/Superior-Tribunal-de-Justica-Desportiva.webp","width":603,"height":338,"caption":"Superior Tribunal de Justi\u00e7a Desportiva (Foto: Divulga\u00e7\u00e3o\/Site STJD)"},{"@type":"BreadcrumbList","@id":"https:\/\/www.gaveanews.com\/index.php\/2022\/09\/11\/atletico-mg-x-flamengo-stjd-recusa-pedido-e-mantem-punicao-ao-time-mineiro\/#breadcrumb","itemListElement":[{"@type":"ListItem","position":1,"name":"Home","item":"https:\/\/www.gaveanews.com\/"},{"@type":"ListItem","position":2,"name":"Atl\u00e9tico-MG x Flamengo: STJD recusa pedido e mant\u00e9m puni\u00e7\u00e3o ao time mineiro"}]},{"@type":"WebSite","@id":"https:\/\/www.gaveanews.com\/#website","url":"https:\/\/www.gaveanews.com\/","name":"G\u00e1vea News","description":"Veja todas as not\u00edcias sobre o Flamengo: Contrata\u00e7\u00f5es, categorias de base, resultados das partidas, tabela de classifica\u00e7\u00e3o, pr\u00f3ximos jogos!","potentialAction":[{"@type":"SearchAction","target":{"@type":"EntryPoint","urlTemplate":"https:\/\/www.gaveanews.com\/?s={search_term_string}"},"query-input":{"@type":"PropertyValueSpecification","valueRequired":true,"valueName":"search_term_string"}}],"inLanguage":"pt-BR"},{"@type":"Person","@id":"https:\/\/www.gaveanews.com\/#\/schema\/person\/2ec14f73fb96be2caf28f91afb14749d","name":"Equipe G\u00e1vea News","image":{"@type":"ImageObject","inLanguage":"pt-BR","@id":"https:\/\/www.gaveanews.com\/#\/schema\/person\/image\/","url":"https:\/\/secure.gravatar.com\/avatar\/1e1956f1facbffd3f8fa53a326721950116b3b9dc9bd44939c01180fd4a745a9?s=96&d=mm&r=g","contentUrl":"https:\/\/secure.gravatar.com\/avatar\/1e1956f1facbffd3f8fa53a326721950116b3b9dc9bd44939c01180fd4a745a9?s=96&d=mm&r=g","caption":"Equipe G\u00e1vea News"}}]}},"_links":{"self":[{"href":"https:\/\/www.gaveanews.com\/index.php\/wp-json\/wp\/v2\/posts\/87170","targetHints":{"allow":["GET"]}}],"collection":[{"href":"https:\/\/www.gaveanews.com\/index.php\/wp-json\/wp\/v2\/posts"}],"about":[{"href":"https:\/\/www.gaveanews.com\/index.php\/wp-json\/wp\/v2\/types\/post"}],"author":[{"embeddable":true,"href":"https:\/\/www.gaveanews.com\/index.php\/wp-json\/wp\/v2\/users\/1"}],"replies":[{"embeddable":true,"href":"https:\/\/www.gaveanews.com\/index.php\/wp-json\/wp\/v2\/comments?post=87170"}],"version-history":[{"count":0,"href":"https:\/\/www.gaveanews.com\/index.php\/wp-json\/wp\/v2\/posts\/87170\/revisions"}],"wp:featuredmedia":[{"embeddable":true,"href":"https:\/\/www.gaveanews.com\/index.php\/wp-json\/wp\/v2\/media\/84905"}],"wp:attachment":[{"href":"https:\/\/www.gaveanews.com\/index.php\/wp-json\/wp\/v2\/media?parent=87170"}],"wp:term":[{"taxonomy":"category","embeddable":true,"href":"https:\/\/www.gaveanews.com\/index.php\/wp-json\/wp\/v2\/categories?post=87170"},{"taxonomy":"post_tag","embeddable":true,"href":"https:\/\/www.gaveanews.com\/index.php\/wp-json\/wp\/v2\/tags?post=87170"}],"curies":[{"name":"wp","href":"https:\/\/api.w.org\/{rel}","templated":true}]}}