{"id":87181,"date":"2022-09-11T22:46:58","date_gmt":"2022-09-12T01:46:58","guid":{"rendered":"https:\/\/www.gaveanews.com\/?p=87181"},"modified":"2024-04-06T23:05:20","modified_gmt":"2024-04-07T02:05:20","slug":"mauro-cezar-pereira-dispara-contra-contra-grupo-formado-pela-rede-globo-sportv-e-premiere","status":"publish","type":"post","link":"https:\/\/www.gaveanews.com\/index.php\/2022\/09\/11\/mauro-cezar-pereira-dispara-contra-contra-grupo-formado-pela-rede-globo-sportv-e-premiere\/","title":{"rendered":"Mauro Cezar Pereira dispara contra contra grupo formado pela Rede Globo, SporTV e Premiere"},"content":{"rendered":"\n<p>O jornalista Mauro Cezar Pereira voltou a disparar coment\u00e1rios contra a Central do Apito, grupo formado por ex-\u00e1rbitros em jogos transmitidos pela Globo, SporTV ou Premiere. Pelo Twitter, o comentarista de futebol classificou as opini\u00f5es dos profissionais durante Goi\u00e1s x Flamengo, pelo Brasileir\u00e3o como &#8220;desqualificadas&#8221;.<\/p>\n\n\n\n<p><em>\u2014 Gol (de Matheus Fran\u00e7a) validado. Absurdo quem det\u00e9m os direitos de transmiss\u00e3o nos impor supostos especialistas para darem opini\u00f5es t\u00e3o desqualificadas. Eles n\u00e3o conhecem futebol. N\u00e3o sabem o que \u00e9. A Central do Apito \u00e9 um desservi\u00e7o ao futebol.<\/em><\/p>\n\n\n\n<figure class=\"wp-block-embed is-type-rich is-provider-twitter wp-block-embed-twitter\"><div class=\"wp-block-embed__wrapper\">\n<blockquote class=\"twitter-tweet\" data-width=\"550\" data-dnt=\"true\"><p lang=\"pt\" dir=\"ltr\">Gol (de Matheus Fran\u00e7a) validado.<br>Absurdo quem det\u00e9m os direitos de transmiss\u00e3o nos impor supostos especialistas para darem opini\u00f5es t\u00e3o desqualificadas.<br>Eles n\u00e3o conhecem futebol. N\u00e3o sabem o que \u00e9. <br>A Central do Apito \u00e9 um desservi\u00e7o ao futebol.<\/p>&mdash; Mauro Cezar (@maurocezar) <a href=\"https:\/\/twitter.com\/maurocezar\/status\/1569110772160020483?ref_src=twsrc%5Etfw\">September 11, 2022<\/a><\/blockquote><script async src=\"https:\/\/platform.twitter.com\/widgets.js\" charset=\"utf-8\"><\/script>\n<\/div><\/figure>\n\n\n\n<p>N\u00e3o \u00e9 a primeira vez que o jornalista faz cr\u00edticas ao formato de TV que leva ex-\u00e1rbitros para analisar lances de partidas de futebol. Al\u00e9m da Central do Apito, o jornalista tamb\u00e9m j\u00e1 criticou, recentemente, a ex-\u00e1rbitra Renata Ruel, que trabalha na ESPN. A comentarista reagiu \u00e0 cr\u00edtica e postou uma indireta nas redes sociais.<\/p>\n\n\n\n<p>Retirado de: Lance<\/p>\n","protected":false},"excerpt":{"rendered":"<p>O jornalista Mauro Cezar Pereira voltou a disparar coment\u00e1rios contra a Central do Apito, grupo formado por ex-\u00e1rbitros em jogos transmitidos pela Globo, SporTV ou Premiere. Pelo Twitter, o comentarista de futebol classificou as opini\u00f5es dos profissionais durante Goi\u00e1s x Flamengo, pelo Brasileir\u00e3o como &#8220;desqualificadas&#8221;. \u2014 Gol (de Matheus Fran\u00e7a) validado. Absurdo quem det\u00e9m os [&hellip;]<\/p>\n","protected":false},"author":1,"featured_media":56367,"comment_status":"open","ping_status":"closed","sticky":false,"template":"","format":"standard","meta":{"footnotes":""},"categories":[1],"tags":[170],"class_list":["post-87181","post","type-post","status-publish","format-standard","has-post-thumbnail","hentry","category-flamengo","tag-mauro-cezar-pereira"],"yoast_head":"<!-- This site is optimized with the Yoast SEO Premium plugin v24.2 (Yoast SEO v26.9) - https:\/\/yoast.com\/product\/yoast-seo-premium-wordpress\/ -->\n<title>Mauro Cezar Pereira dispara contra contra grupo formado pela Rede Globo, SporTV e Premiere<\/title>\n<meta name=\"robots\" content=\"index, follow, max-snippet:-1, max-image-preview:large, max-video-preview:-1\" \/>\n<link rel=\"canonical\" href=\"https:\/\/www.gaveanews.com\/index.php\/2022\/09\/11\/mauro-cezar-pereira-dispara-contra-contra-grupo-formado-pela-rede-globo-sportv-e-premiere\/\" \/>\n<meta property=\"og:locale\" content=\"pt_BR\" \/>\n<meta property=\"og:type\" content=\"article\" \/>\n<meta property=\"og:title\" content=\"Mauro Cezar Pereira dispara contra contra grupo formado pela Rede Globo, SporTV e Premiere\" \/>\n<meta property=\"og:description\" content=\"O jornalista Mauro Cezar Pereira voltou a disparar coment\u00e1rios contra a Central do Apito, grupo formado por ex-\u00e1rbitros em jogos transmitidos pela Globo, SporTV ou Premiere. Pelo Twitter, o comentarista de futebol classificou as opini\u00f5es dos profissionais durante Goi\u00e1s x Flamengo, pelo Brasileir\u00e3o como &#8220;desqualificadas&#8221;. \u2014 Gol (de Matheus Fran\u00e7a) validado. Absurdo quem det\u00e9m os [&hellip;]\" \/>\n<meta property=\"og:url\" content=\"https:\/\/www.gaveanews.com\/index.php\/2022\/09\/11\/mauro-cezar-pereira-dispara-contra-contra-grupo-formado-pela-rede-globo-sportv-e-premiere\/\" \/>\n<meta property=\"og:site_name\" content=\"G\u00e1vea News\" \/>\n<meta property=\"article:publisher\" content=\"https:\/\/facebook.com\/gaveaNews\/\" \/>\n<meta property=\"article:published_time\" content=\"2022-09-12T01:46:58+00:00\" \/>\n<meta property=\"article:modified_time\" content=\"2024-04-07T02:05:20+00:00\" \/>\n<meta property=\"og:image\" content=\"https:\/\/www.gaveanews.com\/wp-content\/uploads\/Mauro-Cezar-em-participacao-na-Uol-Esporte.webp\" \/>\n\t<meta property=\"og:image:width\" content=\"900\" \/>\n\t<meta property=\"og:image:height\" content=\"506\" \/>\n\t<meta property=\"og:image:type\" content=\"image\/png\" \/>\n<meta name=\"author\" content=\"Equipe G\u00e1vea News\" \/>\n<meta name=\"twitter:card\" content=\"summary_large_image\" \/>\n<meta name=\"twitter:label1\" content=\"Escrito por\" \/>\n\t<meta name=\"twitter:data1\" content=\"Equipe G\u00e1vea News\" \/>\n\t<meta name=\"twitter:label2\" content=\"Est. tempo de leitura\" \/>\n\t<meta name=\"twitter:data2\" content=\"1 minuto\" \/>\n<script type=\"application\/ld+json\" class=\"yoast-schema-graph\">{\"@context\":\"https:\/\/schema.org\",\"@graph\":[{\"@type\":\"NewsArticle\",\"@id\":\"https:\/\/www.gaveanews.com\/index.php\/2022\/09\/11\/mauro-cezar-pereira-dispara-contra-contra-grupo-formado-pela-rede-globo-sportv-e-premiere\/#article\",\"isPartOf\":{\"@id\":\"https:\/\/www.gaveanews.com\/index.php\/2022\/09\/11\/mauro-cezar-pereira-dispara-contra-contra-grupo-formado-pela-rede-globo-sportv-e-premiere\/\"},\"author\":{\"name\":\"Equipe G\u00e1vea News\",\"@id\":\"https:\/\/www.gaveanews.com\/#\/schema\/person\/2ec14f73fb96be2caf28f91afb14749d\"},\"headline\":\"Mauro Cezar Pereira dispara contra contra grupo formado pela Rede Globo, SporTV e Premiere\",\"datePublished\":\"2022-09-12T01:46:58+00:00\",\"dateModified\":\"2024-04-07T02:05:20+00:00\",\"mainEntityOfPage\":{\"@id\":\"https:\/\/www.gaveanews.com\/index.php\/2022\/09\/11\/mauro-cezar-pereira-dispara-contra-contra-grupo-formado-pela-rede-globo-sportv-e-premiere\/\"},\"wordCount\":177,\"commentCount\":0,\"image\":{\"@id\":\"https:\/\/www.gaveanews.com\/index.php\/2022\/09\/11\/mauro-cezar-pereira-dispara-contra-contra-grupo-formado-pela-rede-globo-sportv-e-premiere\/#primaryimage\"},\"thumbnailUrl\":\"https:\/\/www.gaveanews.com\/wp-content\/uploads\/Mauro-Cezar-em-participacao-na-Uol-Esporte.webp\",\"keywords\":[\"Mauro Cezar Pereira\"],\"articleSection\":[\"Flamengo\"],\"inLanguage\":\"pt-BR\",\"potentialAction\":[{\"@type\":\"CommentAction\",\"name\":\"Comment\",\"target\":[\"https:\/\/www.gaveanews.com\/index.php\/2022\/09\/11\/mauro-cezar-pereira-dispara-contra-contra-grupo-formado-pela-rede-globo-sportv-e-premiere\/#respond\"]}],\"copyrightYear\":\"2022\",\"copyrightHolder\":{\"@id\":\"https:\/\/www.gaveanews.com\/#organization\"}},{\"@type\":\"WebPage\",\"@id\":\"https:\/\/www.gaveanews.com\/index.php\/2022\/09\/11\/mauro-cezar-pereira-dispara-contra-contra-grupo-formado-pela-rede-globo-sportv-e-premiere\/\",\"url\":\"https:\/\/www.gaveanews.com\/index.php\/2022\/09\/11\/mauro-cezar-pereira-dispara-contra-contra-grupo-formado-pela-rede-globo-sportv-e-premiere\/\",\"name\":\"Mauro Cezar Pereira dispara contra contra grupo formado pela Rede Globo, SporTV e Premiere\",\"isPartOf\":{\"@id\":\"https:\/\/www.gaveanews.com\/#website\"},\"primaryImageOfPage\":{\"@id\":\"https:\/\/www.gaveanews.com\/index.php\/2022\/09\/11\/mauro-cezar-pereira-dispara-contra-contra-grupo-formado-pela-rede-globo-sportv-e-premiere\/#primaryimage\"},\"image\":{\"@id\":\"https:\/\/www.gaveanews.com\/index.php\/2022\/09\/11\/mauro-cezar-pereira-dispara-contra-contra-grupo-formado-pela-rede-globo-sportv-e-premiere\/#primaryimage\"},\"thumbnailUrl\":\"https:\/\/www.gaveanews.com\/wp-content\/uploads\/Mauro-Cezar-em-participacao-na-Uol-Esporte.webp\",\"datePublished\":\"2022-09-12T01:46:58+00:00\",\"dateModified\":\"2024-04-07T02:05:20+00:00\",\"author\":{\"@id\":\"https:\/\/www.gaveanews.com\/#\/schema\/person\/2ec14f73fb96be2caf28f91afb14749d\"},\"breadcrumb\":{\"@id\":\"https:\/\/www.gaveanews.com\/index.php\/2022\/09\/11\/mauro-cezar-pereira-dispara-contra-contra-grupo-formado-pela-rede-globo-sportv-e-premiere\/#breadcrumb\"},\"inLanguage\":\"pt-BR\",\"potentialAction\":[{\"@type\":\"ReadAction\",\"target\":[\"https:\/\/www.gaveanews.com\/index.php\/2022\/09\/11\/mauro-cezar-pereira-dispara-contra-contra-grupo-formado-pela-rede-globo-sportv-e-premiere\/\"]}]},{\"@type\":\"ImageObject\",\"inLanguage\":\"pt-BR\",\"@id\":\"https:\/\/www.gaveanews.com\/index.php\/2022\/09\/11\/mauro-cezar-pereira-dispara-contra-contra-grupo-formado-pela-rede-globo-sportv-e-premiere\/#primaryimage\",\"url\":\"https:\/\/www.gaveanews.com\/wp-content\/uploads\/Mauro-Cezar-em-participacao-na-Uol-Esporte.webp\",\"contentUrl\":\"https:\/\/www.gaveanews.com\/wp-content\/uploads\/Mauro-Cezar-em-participacao-na-Uol-Esporte.webp\",\"width\":900,\"height\":506,\"caption\":\"Mauro Cezar, comentarista da UOL Esporte (Foto: Reprodu\u00e7\u00e3o\/UOL Esporte)\"},{\"@type\":\"BreadcrumbList\",\"@id\":\"https:\/\/www.gaveanews.com\/index.php\/2022\/09\/11\/mauro-cezar-pereira-dispara-contra-contra-grupo-formado-pela-rede-globo-sportv-e-premiere\/#breadcrumb\",\"itemListElement\":[{\"@type\":\"ListItem\",\"position\":1,\"name\":\"Home\",\"item\":\"https:\/\/www.gaveanews.com\/\"},{\"@type\":\"ListItem\",\"position\":2,\"name\":\"Mauro Cezar Pereira dispara contra contra grupo formado pela Rede Globo, SporTV e Premiere\"}]},{\"@type\":\"WebSite\",\"@id\":\"https:\/\/www.gaveanews.com\/#website\",\"url\":\"https:\/\/www.gaveanews.com\/\",\"name\":\"G\u00e1vea News\",\"description\":\"Veja todas as not\u00edcias sobre o Flamengo: Contrata\u00e7\u00f5es, categorias de base, resultados das partidas, tabela de classifica\u00e7\u00e3o, pr\u00f3ximos jogos!\",\"potentialAction\":[{\"@type\":\"SearchAction\",\"target\":{\"@type\":\"EntryPoint\",\"urlTemplate\":\"https:\/\/www.gaveanews.com\/?s={search_term_string}\"},\"query-input\":{\"@type\":\"PropertyValueSpecification\",\"valueRequired\":true,\"valueName\":\"search_term_string\"}}],\"inLanguage\":\"pt-BR\"},{\"@type\":\"Person\",\"@id\":\"https:\/\/www.gaveanews.com\/#\/schema\/person\/2ec14f73fb96be2caf28f91afb14749d\",\"name\":\"Equipe G\u00e1vea News\",\"image\":{\"@type\":\"ImageObject\",\"inLanguage\":\"pt-BR\",\"@id\":\"https:\/\/www.gaveanews.com\/#\/schema\/person\/image\/\",\"url\":\"https:\/\/secure.gravatar.com\/avatar\/1e1956f1facbffd3f8fa53a326721950116b3b9dc9bd44939c01180fd4a745a9?s=96&d=mm&r=g\",\"contentUrl\":\"https:\/\/secure.gravatar.com\/avatar\/1e1956f1facbffd3f8fa53a326721950116b3b9dc9bd44939c01180fd4a745a9?s=96&d=mm&r=g\",\"caption\":\"Equipe G\u00e1vea News\"}}]}<\/script>\n<!-- \/ Yoast SEO Premium plugin. -->","yoast_head_json":{"title":"Mauro Cezar Pereira dispara contra contra grupo formado pela Rede Globo, SporTV e Premiere","robots":{"index":"index","follow":"follow","max-snippet":"max-snippet:-1","max-image-preview":"max-image-preview:large","max-video-preview":"max-video-preview:-1"},"canonical":"https:\/\/www.gaveanews.com\/index.php\/2022\/09\/11\/mauro-cezar-pereira-dispara-contra-contra-grupo-formado-pela-rede-globo-sportv-e-premiere\/","og_locale":"pt_BR","og_type":"article","og_title":"Mauro Cezar Pereira dispara contra contra grupo formado pela Rede Globo, SporTV e Premiere","og_description":"O jornalista Mauro Cezar Pereira voltou a disparar coment\u00e1rios contra a Central do Apito, grupo formado por ex-\u00e1rbitros em jogos transmitidos pela Globo, SporTV ou Premiere. Pelo Twitter, o comentarista de futebol classificou as opini\u00f5es dos profissionais durante Goi\u00e1s x Flamengo, pelo Brasileir\u00e3o como &#8220;desqualificadas&#8221;. \u2014 Gol (de Matheus Fran\u00e7a) validado. Absurdo quem det\u00e9m os [&hellip;]","og_url":"https:\/\/www.gaveanews.com\/index.php\/2022\/09\/11\/mauro-cezar-pereira-dispara-contra-contra-grupo-formado-pela-rede-globo-sportv-e-premiere\/","og_site_name":"G\u00e1vea News","article_publisher":"https:\/\/facebook.com\/gaveaNews\/","article_published_time":"2022-09-12T01:46:58+00:00","article_modified_time":"2024-04-07T02:05:20+00:00","og_image":[{"width":900,"height":506,"url":"https:\/\/www.gaveanews.com\/wp-content\/uploads\/Mauro-Cezar-em-participacao-na-Uol-Esporte.webp","type":"image\/png"}],"author":"Equipe G\u00e1vea News","twitter_card":"summary_large_image","twitter_misc":{"Escrito por":"Equipe G\u00e1vea News","Est. tempo de leitura":"1 minuto"},"schema":{"@context":"https:\/\/schema.org","@graph":[{"@type":"NewsArticle","@id":"https:\/\/www.gaveanews.com\/index.php\/2022\/09\/11\/mauro-cezar-pereira-dispara-contra-contra-grupo-formado-pela-rede-globo-sportv-e-premiere\/#article","isPartOf":{"@id":"https:\/\/www.gaveanews.com\/index.php\/2022\/09\/11\/mauro-cezar-pereira-dispara-contra-contra-grupo-formado-pela-rede-globo-sportv-e-premiere\/"},"author":{"name":"Equipe G\u00e1vea News","@id":"https:\/\/www.gaveanews.com\/#\/schema\/person\/2ec14f73fb96be2caf28f91afb14749d"},"headline":"Mauro Cezar Pereira dispara contra contra grupo formado pela Rede Globo, SporTV e Premiere","datePublished":"2022-09-12T01:46:58+00:00","dateModified":"2024-04-07T02:05:20+00:00","mainEntityOfPage":{"@id":"https:\/\/www.gaveanews.com\/index.php\/2022\/09\/11\/mauro-cezar-pereira-dispara-contra-contra-grupo-formado-pela-rede-globo-sportv-e-premiere\/"},"wordCount":177,"commentCount":0,"image":{"@id":"https:\/\/www.gaveanews.com\/index.php\/2022\/09\/11\/mauro-cezar-pereira-dispara-contra-contra-grupo-formado-pela-rede-globo-sportv-e-premiere\/#primaryimage"},"thumbnailUrl":"https:\/\/www.gaveanews.com\/wp-content\/uploads\/Mauro-Cezar-em-participacao-na-Uol-Esporte.webp","keywords":["Mauro Cezar Pereira"],"articleSection":["Flamengo"],"inLanguage":"pt-BR","potentialAction":[{"@type":"CommentAction","name":"Comment","target":["https:\/\/www.gaveanews.com\/index.php\/2022\/09\/11\/mauro-cezar-pereira-dispara-contra-contra-grupo-formado-pela-rede-globo-sportv-e-premiere\/#respond"]}],"copyrightYear":"2022","copyrightHolder":{"@id":"https:\/\/www.gaveanews.com\/#organization"}},{"@type":"WebPage","@id":"https:\/\/www.gaveanews.com\/index.php\/2022\/09\/11\/mauro-cezar-pereira-dispara-contra-contra-grupo-formado-pela-rede-globo-sportv-e-premiere\/","url":"https:\/\/www.gaveanews.com\/index.php\/2022\/09\/11\/mauro-cezar-pereira-dispara-contra-contra-grupo-formado-pela-rede-globo-sportv-e-premiere\/","name":"Mauro Cezar Pereira dispara contra contra grupo formado pela Rede Globo, SporTV e Premiere","isPartOf":{"@id":"https:\/\/www.gaveanews.com\/#website"},"primaryImageOfPage":{"@id":"https:\/\/www.gaveanews.com\/index.php\/2022\/09\/11\/mauro-cezar-pereira-dispara-contra-contra-grupo-formado-pela-rede-globo-sportv-e-premiere\/#primaryimage"},"image":{"@id":"https:\/\/www.gaveanews.com\/index.php\/2022\/09\/11\/mauro-cezar-pereira-dispara-contra-contra-grupo-formado-pela-rede-globo-sportv-e-premiere\/#primaryimage"},"thumbnailUrl":"https:\/\/www.gaveanews.com\/wp-content\/uploads\/Mauro-Cezar-em-participacao-na-Uol-Esporte.webp","datePublished":"2022-09-12T01:46:58+00:00","dateModified":"2024-04-07T02:05:20+00:00","author":{"@id":"https:\/\/www.gaveanews.com\/#\/schema\/person\/2ec14f73fb96be2caf28f91afb14749d"},"breadcrumb":{"@id":"https:\/\/www.gaveanews.com\/index.php\/2022\/09\/11\/mauro-cezar-pereira-dispara-contra-contra-grupo-formado-pela-rede-globo-sportv-e-premiere\/#breadcrumb"},"inLanguage":"pt-BR","potentialAction":[{"@type":"ReadAction","target":["https:\/\/www.gaveanews.com\/index.php\/2022\/09\/11\/mauro-cezar-pereira-dispara-contra-contra-grupo-formado-pela-rede-globo-sportv-e-premiere\/"]}]},{"@type":"ImageObject","inLanguage":"pt-BR","@id":"https:\/\/www.gaveanews.com\/index.php\/2022\/09\/11\/mauro-cezar-pereira-dispara-contra-contra-grupo-formado-pela-rede-globo-sportv-e-premiere\/#primaryimage","url":"https:\/\/www.gaveanews.com\/wp-content\/uploads\/Mauro-Cezar-em-participacao-na-Uol-Esporte.webp","contentUrl":"https:\/\/www.gaveanews.com\/wp-content\/uploads\/Mauro-Cezar-em-participacao-na-Uol-Esporte.webp","width":900,"height":506,"caption":"Mauro Cezar, comentarista da UOL Esporte (Foto: Reprodu\u00e7\u00e3o\/UOL Esporte)"},{"@type":"BreadcrumbList","@id":"https:\/\/www.gaveanews.com\/index.php\/2022\/09\/11\/mauro-cezar-pereira-dispara-contra-contra-grupo-formado-pela-rede-globo-sportv-e-premiere\/#breadcrumb","itemListElement":[{"@type":"ListItem","position":1,"name":"Home","item":"https:\/\/www.gaveanews.com\/"},{"@type":"ListItem","position":2,"name":"Mauro Cezar Pereira dispara contra contra grupo formado pela Rede Globo, SporTV e Premiere"}]},{"@type":"WebSite","@id":"https:\/\/www.gaveanews.com\/#website","url":"https:\/\/www.gaveanews.com\/","name":"G\u00e1vea News","description":"Veja todas as not\u00edcias sobre o Flamengo: Contrata\u00e7\u00f5es, categorias de base, resultados das partidas, tabela de classifica\u00e7\u00e3o, pr\u00f3ximos jogos!","potentialAction":[{"@type":"SearchAction","target":{"@type":"EntryPoint","urlTemplate":"https:\/\/www.gaveanews.com\/?s={search_term_string}"},"query-input":{"@type":"PropertyValueSpecification","valueRequired":true,"valueName":"search_term_string"}}],"inLanguage":"pt-BR"},{"@type":"Person","@id":"https:\/\/www.gaveanews.com\/#\/schema\/person\/2ec14f73fb96be2caf28f91afb14749d","name":"Equipe G\u00e1vea News","image":{"@type":"ImageObject","inLanguage":"pt-BR","@id":"https:\/\/www.gaveanews.com\/#\/schema\/person\/image\/","url":"https:\/\/secure.gravatar.com\/avatar\/1e1956f1facbffd3f8fa53a326721950116b3b9dc9bd44939c01180fd4a745a9?s=96&d=mm&r=g","contentUrl":"https:\/\/secure.gravatar.com\/avatar\/1e1956f1facbffd3f8fa53a326721950116b3b9dc9bd44939c01180fd4a745a9?s=96&d=mm&r=g","caption":"Equipe G\u00e1vea News"}}]}},"_links":{"self":[{"href":"https:\/\/www.gaveanews.com\/index.php\/wp-json\/wp\/v2\/posts\/87181","targetHints":{"allow":["GET"]}}],"collection":[{"href":"https:\/\/www.gaveanews.com\/index.php\/wp-json\/wp\/v2\/posts"}],"about":[{"href":"https:\/\/www.gaveanews.com\/index.php\/wp-json\/wp\/v2\/types\/post"}],"author":[{"embeddable":true,"href":"https:\/\/www.gaveanews.com\/index.php\/wp-json\/wp\/v2\/users\/1"}],"replies":[{"embeddable":true,"href":"https:\/\/www.gaveanews.com\/index.php\/wp-json\/wp\/v2\/comments?post=87181"}],"version-history":[{"count":1,"href":"https:\/\/www.gaveanews.com\/index.php\/wp-json\/wp\/v2\/posts\/87181\/revisions"}],"predecessor-version":[{"id":134611,"href":"https:\/\/www.gaveanews.com\/index.php\/wp-json\/wp\/v2\/posts\/87181\/revisions\/134611"}],"wp:featuredmedia":[{"embeddable":true,"href":"https:\/\/www.gaveanews.com\/index.php\/wp-json\/wp\/v2\/media\/56367"}],"wp:attachment":[{"href":"https:\/\/www.gaveanews.com\/index.php\/wp-json\/wp\/v2\/media?parent=87181"}],"wp:term":[{"taxonomy":"category","embeddable":true,"href":"https:\/\/www.gaveanews.com\/index.php\/wp-json\/wp\/v2\/categories?post=87181"},{"taxonomy":"post_tag","embeddable":true,"href":"https:\/\/www.gaveanews.com\/index.php\/wp-json\/wp\/v2\/tags?post=87181"}],"curies":[{"name":"wp","href":"https:\/\/api.w.org\/{rel}","templated":true}]}}