{"id":87219,"date":"2022-09-12T18:16:03","date_gmt":"2022-09-12T21:16:03","guid":{"rendered":"https:\/\/www.gaveanews.com\/?p=87219"},"modified":"2022-09-12T18:16:05","modified_gmt":"2022-09-12T21:16:05","slug":"comentarista-condena-atitude-da-torcida-do-flamengo","status":"publish","type":"post","link":"https:\/\/www.gaveanews.com\/index.php\/2022\/09\/12\/comentarista-condena-atitude-da-torcida-do-flamengo\/","title":{"rendered":"Comentarista condena atitude da torcida do Flamengo"},"content":{"rendered":"\n<p>Com uma equipe alternativa, o Flamengo decepcionou e por pouco n\u00e3o foi derrotado pelo Goi\u00e1s, no Brasileir\u00e3o. Fora de casa e priorizando a Copa do Brasil, repetiu a estrat\u00e9gias das \u00faltimas rodadas e escalou reservas. Com isso, Vidal mais uma ganhou uma oportunidade entre os titulares.<\/p>\n\n\n\n<p>Em campo, por\u00e9m, o chileno n\u00e3o agradou boa parte dos flamenguistas. Nas redes sociais, muitos alegaram a inoper\u00e2ncia do jogador no sistema defensivo, oferecendo muito espa\u00e7o ao advers\u00e1rio. Este, inclusive, foi o gancho utilizado por Renato Maur\u00edcio Prado ao abordar o tema.<\/p>\n\n\n\n<p>\u201cO Vidal foi um grande jogador, mas todo mundo sabe que ele est\u00e1 na parte final da carreira. Ele pode ajudar, ter um brilho aqui ou ali, mas ele n\u00e3o \u00e9 um jogador para ser titular. Assim como uma por\u00e7\u00e3o de gente cobrando a sua titularidade. Ele n\u00e3o vai e nem deve ser o titular. O Vidal n\u00e3o tem mais f\u00f4lego para jogar os 90 minutos como volante, n\u00e3o tem\u201d, inicia Renato.<\/p>\n\n\n\n<p>\u201cO Vidal n\u00e3o marcou ningu\u00e9m ontem e sequer foi decisivo com uma assist\u00eancia. Ent\u00e3o, ter o Vidal no elenco \u00e9 legal, entrar no final com o advers\u00e1rio cansado e tals, mas como titular \u00e9 loucura. Esquece\u201d, completou.<\/p>\n\n\n\n<p>At\u00e9 aqui, Vidal tem 15 jogos com a camisa do Flamengo. S\u00e3o dois gols marcados e uma assist\u00eancia.<\/p>\n\n\n\n<p>Retirado de: Torcedores<\/p>\n","protected":false},"excerpt":{"rendered":"<p>Com uma equipe alternativa, o Flamengo decepcionou e por pouco n\u00e3o foi derrotado pelo Goi\u00e1s, no Brasileir\u00e3o. Fora de casa e priorizando a Copa do Brasil, repetiu a estrat\u00e9gias das \u00faltimas rodadas e escalou reservas. Com isso, Vidal mais uma ganhou uma oportunidade entre os titulares. Em campo, por\u00e9m, o chileno n\u00e3o agradou boa parte [&hellip;]<\/p>\n","protected":false},"author":1,"featured_media":87044,"comment_status":"open","ping_status":"closed","sticky":false,"template":"","format":"standard","meta":{"footnotes":""},"categories":[1],"tags":[],"class_list":["post-87219","post","type-post","status-publish","format-standard","has-post-thumbnail","hentry","category-flamengo"],"yoast_head":"<!-- This site is optimized with the Yoast SEO Premium plugin v24.2 (Yoast SEO v26.9) - https:\/\/yoast.com\/product\/yoast-seo-premium-wordpress\/ -->\n<title>Comentarista condena atitude da torcida do Flamengo<\/title>\n<meta name=\"robots\" content=\"index, follow, max-snippet:-1, max-image-preview:large, max-video-preview:-1\" \/>\n<link rel=\"canonical\" href=\"https:\/\/www.gaveanews.com\/index.php\/2022\/09\/12\/comentarista-condena-atitude-da-torcida-do-flamengo\/\" \/>\n<meta property=\"og:locale\" content=\"pt_BR\" \/>\n<meta property=\"og:type\" content=\"article\" \/>\n<meta property=\"og:title\" content=\"Comentarista condena atitude da torcida do Flamengo\" \/>\n<meta property=\"og:description\" content=\"Com uma equipe alternativa, o Flamengo decepcionou e por pouco n\u00e3o foi derrotado pelo Goi\u00e1s, no Brasileir\u00e3o. Fora de casa e priorizando a Copa do Brasil, repetiu a estrat\u00e9gias das \u00faltimas rodadas e escalou reservas. Com isso, Vidal mais uma ganhou uma oportunidade entre os titulares. Em campo, por\u00e9m, o chileno n\u00e3o agradou boa parte [&hellip;]\" \/>\n<meta property=\"og:url\" content=\"https:\/\/www.gaveanews.com\/index.php\/2022\/09\/12\/comentarista-condena-atitude-da-torcida-do-flamengo\/\" \/>\n<meta property=\"og:site_name\" content=\"G\u00e1vea News\" \/>\n<meta property=\"article:publisher\" content=\"https:\/\/facebook.com\/gaveaNews\/\" \/>\n<meta property=\"article:published_time\" content=\"2022-09-12T21:16:03+00:00\" \/>\n<meta property=\"article:modified_time\" content=\"2022-09-12T21:16:05+00:00\" \/>\n<meta property=\"og:image\" content=\"https:\/\/www.gaveanews.com\/wp-content\/uploads\/Jogadores-do-Flamengo-comemoram-classificacao-para-a-final-da-Libertadores-com-a-torcida.webp\" \/>\n\t<meta property=\"og:image:width\" content=\"800\" \/>\n\t<meta property=\"og:image:height\" content=\"533\" \/>\n\t<meta property=\"og:image:type\" content=\"image\/jpeg\" \/>\n<meta name=\"author\" content=\"Equipe G\u00e1vea News\" \/>\n<meta name=\"twitter:card\" content=\"summary_large_image\" \/>\n<meta name=\"twitter:label1\" content=\"Escrito por\" \/>\n\t<meta name=\"twitter:data1\" content=\"Equipe G\u00e1vea News\" \/>\n\t<meta name=\"twitter:label2\" content=\"Est. tempo de leitura\" \/>\n\t<meta name=\"twitter:data2\" content=\"2 minutos\" \/>\n<script type=\"application\/ld+json\" class=\"yoast-schema-graph\">{\"@context\":\"https:\/\/schema.org\",\"@graph\":[{\"@type\":\"NewsArticle\",\"@id\":\"https:\/\/www.gaveanews.com\/index.php\/2022\/09\/12\/comentarista-condena-atitude-da-torcida-do-flamengo\/#article\",\"isPartOf\":{\"@id\":\"https:\/\/www.gaveanews.com\/index.php\/2022\/09\/12\/comentarista-condena-atitude-da-torcida-do-flamengo\/\"},\"author\":{\"name\":\"Equipe G\u00e1vea News\",\"@id\":\"https:\/\/www.gaveanews.com\/#\/schema\/person\/2ec14f73fb96be2caf28f91afb14749d\"},\"headline\":\"Comentarista condena atitude da torcida do Flamengo\",\"datePublished\":\"2022-09-12T21:16:03+00:00\",\"dateModified\":\"2022-09-12T21:16:05+00:00\",\"mainEntityOfPage\":{\"@id\":\"https:\/\/www.gaveanews.com\/index.php\/2022\/09\/12\/comentarista-condena-atitude-da-torcida-do-flamengo\/\"},\"wordCount\":243,\"commentCount\":0,\"image\":{\"@id\":\"https:\/\/www.gaveanews.com\/index.php\/2022\/09\/12\/comentarista-condena-atitude-da-torcida-do-flamengo\/#primaryimage\"},\"thumbnailUrl\":\"https:\/\/www.gaveanews.com\/wp-content\/uploads\/Jogadores-do-Flamengo-comemoram-classificacao-para-a-final-da-Libertadores-com-a-torcida.webp\",\"articleSection\":[\"Flamengo\"],\"inLanguage\":\"pt-BR\",\"potentialAction\":[{\"@type\":\"CommentAction\",\"name\":\"Comment\",\"target\":[\"https:\/\/www.gaveanews.com\/index.php\/2022\/09\/12\/comentarista-condena-atitude-da-torcida-do-flamengo\/#respond\"]}],\"copyrightYear\":\"2022\",\"copyrightHolder\":{\"@id\":\"https:\/\/www.gaveanews.com\/#organization\"}},{\"@type\":\"WebPage\",\"@id\":\"https:\/\/www.gaveanews.com\/index.php\/2022\/09\/12\/comentarista-condena-atitude-da-torcida-do-flamengo\/\",\"url\":\"https:\/\/www.gaveanews.com\/index.php\/2022\/09\/12\/comentarista-condena-atitude-da-torcida-do-flamengo\/\",\"name\":\"Comentarista condena atitude da torcida do Flamengo\",\"isPartOf\":{\"@id\":\"https:\/\/www.gaveanews.com\/#website\"},\"primaryImageOfPage\":{\"@id\":\"https:\/\/www.gaveanews.com\/index.php\/2022\/09\/12\/comentarista-condena-atitude-da-torcida-do-flamengo\/#primaryimage\"},\"image\":{\"@id\":\"https:\/\/www.gaveanews.com\/index.php\/2022\/09\/12\/comentarista-condena-atitude-da-torcida-do-flamengo\/#primaryimage\"},\"thumbnailUrl\":\"https:\/\/www.gaveanews.com\/wp-content\/uploads\/Jogadores-do-Flamengo-comemoram-classificacao-para-a-final-da-Libertadores-com-a-torcida.webp\",\"datePublished\":\"2022-09-12T21:16:03+00:00\",\"dateModified\":\"2022-09-12T21:16:05+00:00\",\"author\":{\"@id\":\"https:\/\/www.gaveanews.com\/#\/schema\/person\/2ec14f73fb96be2caf28f91afb14749d\"},\"breadcrumb\":{\"@id\":\"https:\/\/www.gaveanews.com\/index.php\/2022\/09\/12\/comentarista-condena-atitude-da-torcida-do-flamengo\/#breadcrumb\"},\"inLanguage\":\"pt-BR\",\"potentialAction\":[{\"@type\":\"ReadAction\",\"target\":[\"https:\/\/www.gaveanews.com\/index.php\/2022\/09\/12\/comentarista-condena-atitude-da-torcida-do-flamengo\/\"]}]},{\"@type\":\"ImageObject\",\"inLanguage\":\"pt-BR\",\"@id\":\"https:\/\/www.gaveanews.com\/index.php\/2022\/09\/12\/comentarista-condena-atitude-da-torcida-do-flamengo\/#primaryimage\",\"url\":\"https:\/\/www.gaveanews.com\/wp-content\/uploads\/Jogadores-do-Flamengo-comemoram-classificacao-para-a-final-da-Libertadores-com-a-torcida.webp\",\"contentUrl\":\"https:\/\/www.gaveanews.com\/wp-content\/uploads\/Jogadores-do-Flamengo-comemoram-classificacao-para-a-final-da-Libertadores-com-a-torcida.webp\",\"width\":800,\"height\":533,\"caption\":\"Jogadores do Flamengo comemoram a classifica\u00e7\u00e3o para a final da Libertadores com a torcida (Foto: Marcelo Cortes\/Flamengo)\"},{\"@type\":\"BreadcrumbList\",\"@id\":\"https:\/\/www.gaveanews.com\/index.php\/2022\/09\/12\/comentarista-condena-atitude-da-torcida-do-flamengo\/#breadcrumb\",\"itemListElement\":[{\"@type\":\"ListItem\",\"position\":1,\"name\":\"Home\",\"item\":\"https:\/\/www.gaveanews.com\/\"},{\"@type\":\"ListItem\",\"position\":2,\"name\":\"Comentarista condena atitude da torcida do Flamengo\"}]},{\"@type\":\"WebSite\",\"@id\":\"https:\/\/www.gaveanews.com\/#website\",\"url\":\"https:\/\/www.gaveanews.com\/\",\"name\":\"G\u00e1vea News\",\"description\":\"Veja todas as not\u00edcias sobre o Flamengo: Contrata\u00e7\u00f5es, categorias de base, resultados das partidas, tabela de classifica\u00e7\u00e3o, pr\u00f3ximos jogos!\",\"potentialAction\":[{\"@type\":\"SearchAction\",\"target\":{\"@type\":\"EntryPoint\",\"urlTemplate\":\"https:\/\/www.gaveanews.com\/?s={search_term_string}\"},\"query-input\":{\"@type\":\"PropertyValueSpecification\",\"valueRequired\":true,\"valueName\":\"search_term_string\"}}],\"inLanguage\":\"pt-BR\"},{\"@type\":\"Person\",\"@id\":\"https:\/\/www.gaveanews.com\/#\/schema\/person\/2ec14f73fb96be2caf28f91afb14749d\",\"name\":\"Equipe G\u00e1vea News\",\"image\":{\"@type\":\"ImageObject\",\"inLanguage\":\"pt-BR\",\"@id\":\"https:\/\/www.gaveanews.com\/#\/schema\/person\/image\/\",\"url\":\"https:\/\/secure.gravatar.com\/avatar\/1e1956f1facbffd3f8fa53a326721950116b3b9dc9bd44939c01180fd4a745a9?s=96&d=mm&r=g\",\"contentUrl\":\"https:\/\/secure.gravatar.com\/avatar\/1e1956f1facbffd3f8fa53a326721950116b3b9dc9bd44939c01180fd4a745a9?s=96&d=mm&r=g\",\"caption\":\"Equipe G\u00e1vea News\"}}]}<\/script>\n<!-- \/ Yoast SEO Premium plugin. -->","yoast_head_json":{"title":"Comentarista condena atitude da torcida do Flamengo","robots":{"index":"index","follow":"follow","max-snippet":"max-snippet:-1","max-image-preview":"max-image-preview:large","max-video-preview":"max-video-preview:-1"},"canonical":"https:\/\/www.gaveanews.com\/index.php\/2022\/09\/12\/comentarista-condena-atitude-da-torcida-do-flamengo\/","og_locale":"pt_BR","og_type":"article","og_title":"Comentarista condena atitude da torcida do Flamengo","og_description":"Com uma equipe alternativa, o Flamengo decepcionou e por pouco n\u00e3o foi derrotado pelo Goi\u00e1s, no Brasileir\u00e3o. Fora de casa e priorizando a Copa do Brasil, repetiu a estrat\u00e9gias das \u00faltimas rodadas e escalou reservas. Com isso, Vidal mais uma ganhou uma oportunidade entre os titulares. Em campo, por\u00e9m, o chileno n\u00e3o agradou boa parte [&hellip;]","og_url":"https:\/\/www.gaveanews.com\/index.php\/2022\/09\/12\/comentarista-condena-atitude-da-torcida-do-flamengo\/","og_site_name":"G\u00e1vea News","article_publisher":"https:\/\/facebook.com\/gaveaNews\/","article_published_time":"2022-09-12T21:16:03+00:00","article_modified_time":"2022-09-12T21:16:05+00:00","og_image":[{"width":800,"height":533,"url":"https:\/\/www.gaveanews.com\/wp-content\/uploads\/Jogadores-do-Flamengo-comemoram-classificacao-para-a-final-da-Libertadores-com-a-torcida.webp","type":"image\/jpeg"}],"author":"Equipe G\u00e1vea News","twitter_card":"summary_large_image","twitter_misc":{"Escrito por":"Equipe G\u00e1vea News","Est. tempo de leitura":"2 minutos"},"schema":{"@context":"https:\/\/schema.org","@graph":[{"@type":"NewsArticle","@id":"https:\/\/www.gaveanews.com\/index.php\/2022\/09\/12\/comentarista-condena-atitude-da-torcida-do-flamengo\/#article","isPartOf":{"@id":"https:\/\/www.gaveanews.com\/index.php\/2022\/09\/12\/comentarista-condena-atitude-da-torcida-do-flamengo\/"},"author":{"name":"Equipe G\u00e1vea News","@id":"https:\/\/www.gaveanews.com\/#\/schema\/person\/2ec14f73fb96be2caf28f91afb14749d"},"headline":"Comentarista condena atitude da torcida do Flamengo","datePublished":"2022-09-12T21:16:03+00:00","dateModified":"2022-09-12T21:16:05+00:00","mainEntityOfPage":{"@id":"https:\/\/www.gaveanews.com\/index.php\/2022\/09\/12\/comentarista-condena-atitude-da-torcida-do-flamengo\/"},"wordCount":243,"commentCount":0,"image":{"@id":"https:\/\/www.gaveanews.com\/index.php\/2022\/09\/12\/comentarista-condena-atitude-da-torcida-do-flamengo\/#primaryimage"},"thumbnailUrl":"https:\/\/www.gaveanews.com\/wp-content\/uploads\/Jogadores-do-Flamengo-comemoram-classificacao-para-a-final-da-Libertadores-com-a-torcida.webp","articleSection":["Flamengo"],"inLanguage":"pt-BR","potentialAction":[{"@type":"CommentAction","name":"Comment","target":["https:\/\/www.gaveanews.com\/index.php\/2022\/09\/12\/comentarista-condena-atitude-da-torcida-do-flamengo\/#respond"]}],"copyrightYear":"2022","copyrightHolder":{"@id":"https:\/\/www.gaveanews.com\/#organization"}},{"@type":"WebPage","@id":"https:\/\/www.gaveanews.com\/index.php\/2022\/09\/12\/comentarista-condena-atitude-da-torcida-do-flamengo\/","url":"https:\/\/www.gaveanews.com\/index.php\/2022\/09\/12\/comentarista-condena-atitude-da-torcida-do-flamengo\/","name":"Comentarista condena atitude da torcida do Flamengo","isPartOf":{"@id":"https:\/\/www.gaveanews.com\/#website"},"primaryImageOfPage":{"@id":"https:\/\/www.gaveanews.com\/index.php\/2022\/09\/12\/comentarista-condena-atitude-da-torcida-do-flamengo\/#primaryimage"},"image":{"@id":"https:\/\/www.gaveanews.com\/index.php\/2022\/09\/12\/comentarista-condena-atitude-da-torcida-do-flamengo\/#primaryimage"},"thumbnailUrl":"https:\/\/www.gaveanews.com\/wp-content\/uploads\/Jogadores-do-Flamengo-comemoram-classificacao-para-a-final-da-Libertadores-com-a-torcida.webp","datePublished":"2022-09-12T21:16:03+00:00","dateModified":"2022-09-12T21:16:05+00:00","author":{"@id":"https:\/\/www.gaveanews.com\/#\/schema\/person\/2ec14f73fb96be2caf28f91afb14749d"},"breadcrumb":{"@id":"https:\/\/www.gaveanews.com\/index.php\/2022\/09\/12\/comentarista-condena-atitude-da-torcida-do-flamengo\/#breadcrumb"},"inLanguage":"pt-BR","potentialAction":[{"@type":"ReadAction","target":["https:\/\/www.gaveanews.com\/index.php\/2022\/09\/12\/comentarista-condena-atitude-da-torcida-do-flamengo\/"]}]},{"@type":"ImageObject","inLanguage":"pt-BR","@id":"https:\/\/www.gaveanews.com\/index.php\/2022\/09\/12\/comentarista-condena-atitude-da-torcida-do-flamengo\/#primaryimage","url":"https:\/\/www.gaveanews.com\/wp-content\/uploads\/Jogadores-do-Flamengo-comemoram-classificacao-para-a-final-da-Libertadores-com-a-torcida.webp","contentUrl":"https:\/\/www.gaveanews.com\/wp-content\/uploads\/Jogadores-do-Flamengo-comemoram-classificacao-para-a-final-da-Libertadores-com-a-torcida.webp","width":800,"height":533,"caption":"Jogadores do Flamengo comemoram a classifica\u00e7\u00e3o para a final da Libertadores com a torcida (Foto: Marcelo Cortes\/Flamengo)"},{"@type":"BreadcrumbList","@id":"https:\/\/www.gaveanews.com\/index.php\/2022\/09\/12\/comentarista-condena-atitude-da-torcida-do-flamengo\/#breadcrumb","itemListElement":[{"@type":"ListItem","position":1,"name":"Home","item":"https:\/\/www.gaveanews.com\/"},{"@type":"ListItem","position":2,"name":"Comentarista condena atitude da torcida do Flamengo"}]},{"@type":"WebSite","@id":"https:\/\/www.gaveanews.com\/#website","url":"https:\/\/www.gaveanews.com\/","name":"G\u00e1vea News","description":"Veja todas as not\u00edcias sobre o Flamengo: Contrata\u00e7\u00f5es, categorias de base, resultados das partidas, tabela de classifica\u00e7\u00e3o, pr\u00f3ximos jogos!","potentialAction":[{"@type":"SearchAction","target":{"@type":"EntryPoint","urlTemplate":"https:\/\/www.gaveanews.com\/?s={search_term_string}"},"query-input":{"@type":"PropertyValueSpecification","valueRequired":true,"valueName":"search_term_string"}}],"inLanguage":"pt-BR"},{"@type":"Person","@id":"https:\/\/www.gaveanews.com\/#\/schema\/person\/2ec14f73fb96be2caf28f91afb14749d","name":"Equipe G\u00e1vea News","image":{"@type":"ImageObject","inLanguage":"pt-BR","@id":"https:\/\/www.gaveanews.com\/#\/schema\/person\/image\/","url":"https:\/\/secure.gravatar.com\/avatar\/1e1956f1facbffd3f8fa53a326721950116b3b9dc9bd44939c01180fd4a745a9?s=96&d=mm&r=g","contentUrl":"https:\/\/secure.gravatar.com\/avatar\/1e1956f1facbffd3f8fa53a326721950116b3b9dc9bd44939c01180fd4a745a9?s=96&d=mm&r=g","caption":"Equipe G\u00e1vea News"}}]}},"_links":{"self":[{"href":"https:\/\/www.gaveanews.com\/index.php\/wp-json\/wp\/v2\/posts\/87219","targetHints":{"allow":["GET"]}}],"collection":[{"href":"https:\/\/www.gaveanews.com\/index.php\/wp-json\/wp\/v2\/posts"}],"about":[{"href":"https:\/\/www.gaveanews.com\/index.php\/wp-json\/wp\/v2\/types\/post"}],"author":[{"embeddable":true,"href":"https:\/\/www.gaveanews.com\/index.php\/wp-json\/wp\/v2\/users\/1"}],"replies":[{"embeddable":true,"href":"https:\/\/www.gaveanews.com\/index.php\/wp-json\/wp\/v2\/comments?post=87219"}],"version-history":[{"count":0,"href":"https:\/\/www.gaveanews.com\/index.php\/wp-json\/wp\/v2\/posts\/87219\/revisions"}],"wp:featuredmedia":[{"embeddable":true,"href":"https:\/\/www.gaveanews.com\/index.php\/wp-json\/wp\/v2\/media\/87044"}],"wp:attachment":[{"href":"https:\/\/www.gaveanews.com\/index.php\/wp-json\/wp\/v2\/media?parent=87219"}],"wp:term":[{"taxonomy":"category","embeddable":true,"href":"https:\/\/www.gaveanews.com\/index.php\/wp-json\/wp\/v2\/categories?post=87219"},{"taxonomy":"post_tag","embeddable":true,"href":"https:\/\/www.gaveanews.com\/index.php\/wp-json\/wp\/v2\/tags?post=87219"}],"curies":[{"name":"wp","href":"https:\/\/api.w.org\/{rel}","templated":true}]}}