{"id":87229,"date":"2022-09-12T22:05:48","date_gmt":"2022-09-13T01:05:48","guid":{"rendered":"https:\/\/www.gaveanews.com\/?p=87229"},"modified":"2022-09-12T22:05:50","modified_gmt":"2022-09-13T01:05:50","slug":"final-da-libertadores-entre-flamengo-e-athletico-tera-ingressos-mais-baratos-em-relacao-a-2021","status":"publish","type":"post","link":"https:\/\/www.gaveanews.com\/index.php\/2022\/09\/12\/final-da-libertadores-entre-flamengo-e-athletico-tera-ingressos-mais-baratos-em-relacao-a-2021\/","title":{"rendered":"Final da Libertadores, entre Flamengo e Athletico, ter\u00e1 ingressos mais baratos em rela\u00e7\u00e3o a 2021"},"content":{"rendered":"\n<p>Ap\u00f3s abrir a venda para a final da Sul-Americana, entre S\u00e3o Paulo e Del Valle (EQU), a Conmebol faz os ajustes finais para iniciar a comercializa\u00e7\u00e3o das entradas para a decis\u00e3o da Libertadores, entre Flamengo e Athletico. A certeza \u00e9 de que o pre\u00e7o dos ingressos para o jogo em Guayaquil, em 29 de outubro, ser\u00e3o mais baixos em compara\u00e7\u00e3o com a edi\u00e7\u00e3o de 2021, entre Palmeiras e Flamengo.<\/p>\n\n\n\n<p>A informa\u00e7\u00e3o foi publicada pelo portal &#8220;Uol&#8221; e confirmada pelo Lance. No momento, a Conmebol trabalha com o valor mais acess\u00edvel de 120 d\u00f3lares &#8211; cerca de R$ 611 &#8211; para os setores que ser\u00e3o vendidos por Athletico e Fla exclusivamente para seus torcedores.<\/p>\n\n\n\n<p>Para o jogo entre Palmeiras e Flamengo, na decis\u00e3o de 2021, cada clube tamb\u00e9m teve setores exclusivos, nos quais o ingresso custava 200 d\u00f3lares. Ainda haviam setores custando 300, 500 e 650 d\u00f3lares para o confronto no Est\u00e1dio Centen\u00e1rio, em Montevid\u00e9u, no Uruguai.<\/p>\n\n\n\n<p>Retirado de: Lance<\/p>\n","protected":false},"excerpt":{"rendered":"<p>Ap\u00f3s abrir a venda para a final da Sul-Americana, entre S\u00e3o Paulo e Del Valle (EQU), a Conmebol faz os ajustes finais para iniciar a comercializa\u00e7\u00e3o das entradas para a decis\u00e3o da Libertadores, entre Flamengo e Athletico. A certeza \u00e9 de que o pre\u00e7o dos ingressos para o jogo em Guayaquil, em 29 de outubro, [&hellip;]<\/p>\n","protected":false},"author":1,"featured_media":85766,"comment_status":"open","ping_status":"closed","sticky":false,"template":"","format":"standard","meta":{"footnotes":""},"categories":[1],"tags":[],"class_list":["post-87229","post","type-post","status-publish","format-standard","has-post-thumbnail","hentry","category-flamengo"],"yoast_head":"<!-- This site is optimized with the Yoast SEO Premium plugin v24.2 (Yoast SEO v26.9) - https:\/\/yoast.com\/product\/yoast-seo-premium-wordpress\/ -->\n<title>Final da Libertadores, entre Flamengo e Athletico, ter\u00e1 ingressos mais baratos em rela\u00e7\u00e3o a 2021<\/title>\n<meta name=\"robots\" content=\"index, follow, max-snippet:-1, max-image-preview:large, max-video-preview:-1\" \/>\n<link rel=\"canonical\" href=\"https:\/\/www.gaveanews.com\/index.php\/2022\/09\/12\/final-da-libertadores-entre-flamengo-e-athletico-tera-ingressos-mais-baratos-em-relacao-a-2021\/\" \/>\n<meta property=\"og:locale\" content=\"pt_BR\" \/>\n<meta property=\"og:type\" content=\"article\" \/>\n<meta property=\"og:title\" content=\"Final da Libertadores, entre Flamengo e Athletico, ter\u00e1 ingressos mais baratos em rela\u00e7\u00e3o a 2021\" \/>\n<meta property=\"og:description\" content=\"Ap\u00f3s abrir a venda para a final da Sul-Americana, entre S\u00e3o Paulo e Del Valle (EQU), a Conmebol faz os ajustes finais para iniciar a comercializa\u00e7\u00e3o das entradas para a decis\u00e3o da Libertadores, entre Flamengo e Athletico. A certeza \u00e9 de que o pre\u00e7o dos ingressos para o jogo em Guayaquil, em 29 de outubro, [&hellip;]\" \/>\n<meta property=\"og:url\" content=\"https:\/\/www.gaveanews.com\/index.php\/2022\/09\/12\/final-da-libertadores-entre-flamengo-e-athletico-tera-ingressos-mais-baratos-em-relacao-a-2021\/\" \/>\n<meta property=\"og:site_name\" content=\"G\u00e1vea News\" \/>\n<meta property=\"article:publisher\" content=\"https:\/\/facebook.com\/gaveaNews\/\" \/>\n<meta property=\"article:published_time\" content=\"2022-09-13T01:05:48+00:00\" \/>\n<meta property=\"article:modified_time\" content=\"2022-09-13T01:05:50+00:00\" \/>\n<meta property=\"og:image\" content=\"https:\/\/www.gaveanews.com\/wp-content\/uploads\/Time-titular-do-Flamengo-para-o-jogo-contra-o-Corinthians-pela-Libertadores.webp\" \/>\n\t<meta property=\"og:image:width\" content=\"799\" \/>\n\t<meta property=\"og:image:height\" content=\"533\" \/>\n\t<meta property=\"og:image:type\" content=\"image\/jpeg\" \/>\n<meta name=\"author\" content=\"Equipe G\u00e1vea News\" \/>\n<meta name=\"twitter:card\" content=\"summary_large_image\" \/>\n<meta name=\"twitter:label1\" content=\"Escrito por\" \/>\n\t<meta name=\"twitter:data1\" content=\"Equipe G\u00e1vea News\" \/>\n\t<meta name=\"twitter:label2\" content=\"Est. tempo de leitura\" \/>\n\t<meta name=\"twitter:data2\" content=\"1 minuto\" \/>\n<script type=\"application\/ld+json\" class=\"yoast-schema-graph\">{\"@context\":\"https:\/\/schema.org\",\"@graph\":[{\"@type\":\"NewsArticle\",\"@id\":\"https:\/\/www.gaveanews.com\/index.php\/2022\/09\/12\/final-da-libertadores-entre-flamengo-e-athletico-tera-ingressos-mais-baratos-em-relacao-a-2021\/#article\",\"isPartOf\":{\"@id\":\"https:\/\/www.gaveanews.com\/index.php\/2022\/09\/12\/final-da-libertadores-entre-flamengo-e-athletico-tera-ingressos-mais-baratos-em-relacao-a-2021\/\"},\"author\":{\"name\":\"Equipe G\u00e1vea News\",\"@id\":\"https:\/\/www.gaveanews.com\/#\/schema\/person\/2ec14f73fb96be2caf28f91afb14749d\"},\"headline\":\"Final da Libertadores, entre Flamengo e Athletico, ter\u00e1 ingressos mais baratos em rela\u00e7\u00e3o a 2021\",\"datePublished\":\"2022-09-13T01:05:48+00:00\",\"dateModified\":\"2022-09-13T01:05:50+00:00\",\"mainEntityOfPage\":{\"@id\":\"https:\/\/www.gaveanews.com\/index.php\/2022\/09\/12\/final-da-libertadores-entre-flamengo-e-athletico-tera-ingressos-mais-baratos-em-relacao-a-2021\/\"},\"wordCount\":183,\"commentCount\":0,\"image\":{\"@id\":\"https:\/\/www.gaveanews.com\/index.php\/2022\/09\/12\/final-da-libertadores-entre-flamengo-e-athletico-tera-ingressos-mais-baratos-em-relacao-a-2021\/#primaryimage\"},\"thumbnailUrl\":\"https:\/\/www.gaveanews.com\/wp-content\/uploads\/Time-titular-do-Flamengo-para-o-jogo-contra-o-Corinthians-pela-Libertadores.webp\",\"articleSection\":[\"Flamengo\"],\"inLanguage\":\"pt-BR\",\"potentialAction\":[{\"@type\":\"CommentAction\",\"name\":\"Comment\",\"target\":[\"https:\/\/www.gaveanews.com\/index.php\/2022\/09\/12\/final-da-libertadores-entre-flamengo-e-athletico-tera-ingressos-mais-baratos-em-relacao-a-2021\/#respond\"]}],\"copyrightYear\":\"2022\",\"copyrightHolder\":{\"@id\":\"https:\/\/www.gaveanews.com\/#organization\"}},{\"@type\":\"WebPage\",\"@id\":\"https:\/\/www.gaveanews.com\/index.php\/2022\/09\/12\/final-da-libertadores-entre-flamengo-e-athletico-tera-ingressos-mais-baratos-em-relacao-a-2021\/\",\"url\":\"https:\/\/www.gaveanews.com\/index.php\/2022\/09\/12\/final-da-libertadores-entre-flamengo-e-athletico-tera-ingressos-mais-baratos-em-relacao-a-2021\/\",\"name\":\"Final da Libertadores, entre Flamengo e Athletico, ter\u00e1 ingressos mais baratos em rela\u00e7\u00e3o a 2021\",\"isPartOf\":{\"@id\":\"https:\/\/www.gaveanews.com\/#website\"},\"primaryImageOfPage\":{\"@id\":\"https:\/\/www.gaveanews.com\/index.php\/2022\/09\/12\/final-da-libertadores-entre-flamengo-e-athletico-tera-ingressos-mais-baratos-em-relacao-a-2021\/#primaryimage\"},\"image\":{\"@id\":\"https:\/\/www.gaveanews.com\/index.php\/2022\/09\/12\/final-da-libertadores-entre-flamengo-e-athletico-tera-ingressos-mais-baratos-em-relacao-a-2021\/#primaryimage\"},\"thumbnailUrl\":\"https:\/\/www.gaveanews.com\/wp-content\/uploads\/Time-titular-do-Flamengo-para-o-jogo-contra-o-Corinthians-pela-Libertadores.webp\",\"datePublished\":\"2022-09-13T01:05:48+00:00\",\"dateModified\":\"2022-09-13T01:05:50+00:00\",\"author\":{\"@id\":\"https:\/\/www.gaveanews.com\/#\/schema\/person\/2ec14f73fb96be2caf28f91afb14749d\"},\"breadcrumb\":{\"@id\":\"https:\/\/www.gaveanews.com\/index.php\/2022\/09\/12\/final-da-libertadores-entre-flamengo-e-athletico-tera-ingressos-mais-baratos-em-relacao-a-2021\/#breadcrumb\"},\"inLanguage\":\"pt-BR\",\"potentialAction\":[{\"@type\":\"ReadAction\",\"target\":[\"https:\/\/www.gaveanews.com\/index.php\/2022\/09\/12\/final-da-libertadores-entre-flamengo-e-athletico-tera-ingressos-mais-baratos-em-relacao-a-2021\/\"]}]},{\"@type\":\"ImageObject\",\"inLanguage\":\"pt-BR\",\"@id\":\"https:\/\/www.gaveanews.com\/index.php\/2022\/09\/12\/final-da-libertadores-entre-flamengo-e-athletico-tera-ingressos-mais-baratos-em-relacao-a-2021\/#primaryimage\",\"url\":\"https:\/\/www.gaveanews.com\/wp-content\/uploads\/Time-titular-do-Flamengo-para-o-jogo-contra-o-Corinthians-pela-Libertadores.webp\",\"contentUrl\":\"https:\/\/www.gaveanews.com\/wp-content\/uploads\/Time-titular-do-Flamengo-para-o-jogo-contra-o-Corinthians-pela-Libertadores.webp\",\"width\":799,\"height\":533,\"caption\":\"Time titular do Flamengo para o jogo contra o Corinthians pela Libertadores (Foto: Alexandre Vidal\/Flamengo)\"},{\"@type\":\"BreadcrumbList\",\"@id\":\"https:\/\/www.gaveanews.com\/index.php\/2022\/09\/12\/final-da-libertadores-entre-flamengo-e-athletico-tera-ingressos-mais-baratos-em-relacao-a-2021\/#breadcrumb\",\"itemListElement\":[{\"@type\":\"ListItem\",\"position\":1,\"name\":\"Home\",\"item\":\"https:\/\/www.gaveanews.com\/\"},{\"@type\":\"ListItem\",\"position\":2,\"name\":\"Final da Libertadores, entre Flamengo e Athletico, ter\u00e1 ingressos mais baratos em rela\u00e7\u00e3o a 2021\"}]},{\"@type\":\"WebSite\",\"@id\":\"https:\/\/www.gaveanews.com\/#website\",\"url\":\"https:\/\/www.gaveanews.com\/\",\"name\":\"G\u00e1vea News\",\"description\":\"Veja todas as not\u00edcias sobre o Flamengo: Contrata\u00e7\u00f5es, categorias de base, resultados das partidas, tabela de classifica\u00e7\u00e3o, pr\u00f3ximos jogos!\",\"potentialAction\":[{\"@type\":\"SearchAction\",\"target\":{\"@type\":\"EntryPoint\",\"urlTemplate\":\"https:\/\/www.gaveanews.com\/?s={search_term_string}\"},\"query-input\":{\"@type\":\"PropertyValueSpecification\",\"valueRequired\":true,\"valueName\":\"search_term_string\"}}],\"inLanguage\":\"pt-BR\"},{\"@type\":\"Person\",\"@id\":\"https:\/\/www.gaveanews.com\/#\/schema\/person\/2ec14f73fb96be2caf28f91afb14749d\",\"name\":\"Equipe G\u00e1vea News\",\"image\":{\"@type\":\"ImageObject\",\"inLanguage\":\"pt-BR\",\"@id\":\"https:\/\/www.gaveanews.com\/#\/schema\/person\/image\/\",\"url\":\"https:\/\/secure.gravatar.com\/avatar\/1e1956f1facbffd3f8fa53a326721950116b3b9dc9bd44939c01180fd4a745a9?s=96&d=mm&r=g\",\"contentUrl\":\"https:\/\/secure.gravatar.com\/avatar\/1e1956f1facbffd3f8fa53a326721950116b3b9dc9bd44939c01180fd4a745a9?s=96&d=mm&r=g\",\"caption\":\"Equipe G\u00e1vea News\"}}]}<\/script>\n<!-- \/ Yoast SEO Premium plugin. -->","yoast_head_json":{"title":"Final da Libertadores, entre Flamengo e Athletico, ter\u00e1 ingressos mais baratos em rela\u00e7\u00e3o a 2021","robots":{"index":"index","follow":"follow","max-snippet":"max-snippet:-1","max-image-preview":"max-image-preview:large","max-video-preview":"max-video-preview:-1"},"canonical":"https:\/\/www.gaveanews.com\/index.php\/2022\/09\/12\/final-da-libertadores-entre-flamengo-e-athletico-tera-ingressos-mais-baratos-em-relacao-a-2021\/","og_locale":"pt_BR","og_type":"article","og_title":"Final da Libertadores, entre Flamengo e Athletico, ter\u00e1 ingressos mais baratos em rela\u00e7\u00e3o a 2021","og_description":"Ap\u00f3s abrir a venda para a final da Sul-Americana, entre S\u00e3o Paulo e Del Valle (EQU), a Conmebol faz os ajustes finais para iniciar a comercializa\u00e7\u00e3o das entradas para a decis\u00e3o da Libertadores, entre Flamengo e Athletico. A certeza \u00e9 de que o pre\u00e7o dos ingressos para o jogo em Guayaquil, em 29 de outubro, [&hellip;]","og_url":"https:\/\/www.gaveanews.com\/index.php\/2022\/09\/12\/final-da-libertadores-entre-flamengo-e-athletico-tera-ingressos-mais-baratos-em-relacao-a-2021\/","og_site_name":"G\u00e1vea News","article_publisher":"https:\/\/facebook.com\/gaveaNews\/","article_published_time":"2022-09-13T01:05:48+00:00","article_modified_time":"2022-09-13T01:05:50+00:00","og_image":[{"width":799,"height":533,"url":"https:\/\/www.gaveanews.com\/wp-content\/uploads\/Time-titular-do-Flamengo-para-o-jogo-contra-o-Corinthians-pela-Libertadores.webp","type":"image\/jpeg"}],"author":"Equipe G\u00e1vea News","twitter_card":"summary_large_image","twitter_misc":{"Escrito por":"Equipe G\u00e1vea News","Est. tempo de leitura":"1 minuto"},"schema":{"@context":"https:\/\/schema.org","@graph":[{"@type":"NewsArticle","@id":"https:\/\/www.gaveanews.com\/index.php\/2022\/09\/12\/final-da-libertadores-entre-flamengo-e-athletico-tera-ingressos-mais-baratos-em-relacao-a-2021\/#article","isPartOf":{"@id":"https:\/\/www.gaveanews.com\/index.php\/2022\/09\/12\/final-da-libertadores-entre-flamengo-e-athletico-tera-ingressos-mais-baratos-em-relacao-a-2021\/"},"author":{"name":"Equipe G\u00e1vea News","@id":"https:\/\/www.gaveanews.com\/#\/schema\/person\/2ec14f73fb96be2caf28f91afb14749d"},"headline":"Final da Libertadores, entre Flamengo e Athletico, ter\u00e1 ingressos mais baratos em rela\u00e7\u00e3o a 2021","datePublished":"2022-09-13T01:05:48+00:00","dateModified":"2022-09-13T01:05:50+00:00","mainEntityOfPage":{"@id":"https:\/\/www.gaveanews.com\/index.php\/2022\/09\/12\/final-da-libertadores-entre-flamengo-e-athletico-tera-ingressos-mais-baratos-em-relacao-a-2021\/"},"wordCount":183,"commentCount":0,"image":{"@id":"https:\/\/www.gaveanews.com\/index.php\/2022\/09\/12\/final-da-libertadores-entre-flamengo-e-athletico-tera-ingressos-mais-baratos-em-relacao-a-2021\/#primaryimage"},"thumbnailUrl":"https:\/\/www.gaveanews.com\/wp-content\/uploads\/Time-titular-do-Flamengo-para-o-jogo-contra-o-Corinthians-pela-Libertadores.webp","articleSection":["Flamengo"],"inLanguage":"pt-BR","potentialAction":[{"@type":"CommentAction","name":"Comment","target":["https:\/\/www.gaveanews.com\/index.php\/2022\/09\/12\/final-da-libertadores-entre-flamengo-e-athletico-tera-ingressos-mais-baratos-em-relacao-a-2021\/#respond"]}],"copyrightYear":"2022","copyrightHolder":{"@id":"https:\/\/www.gaveanews.com\/#organization"}},{"@type":"WebPage","@id":"https:\/\/www.gaveanews.com\/index.php\/2022\/09\/12\/final-da-libertadores-entre-flamengo-e-athletico-tera-ingressos-mais-baratos-em-relacao-a-2021\/","url":"https:\/\/www.gaveanews.com\/index.php\/2022\/09\/12\/final-da-libertadores-entre-flamengo-e-athletico-tera-ingressos-mais-baratos-em-relacao-a-2021\/","name":"Final da Libertadores, entre Flamengo e Athletico, ter\u00e1 ingressos mais baratos em rela\u00e7\u00e3o a 2021","isPartOf":{"@id":"https:\/\/www.gaveanews.com\/#website"},"primaryImageOfPage":{"@id":"https:\/\/www.gaveanews.com\/index.php\/2022\/09\/12\/final-da-libertadores-entre-flamengo-e-athletico-tera-ingressos-mais-baratos-em-relacao-a-2021\/#primaryimage"},"image":{"@id":"https:\/\/www.gaveanews.com\/index.php\/2022\/09\/12\/final-da-libertadores-entre-flamengo-e-athletico-tera-ingressos-mais-baratos-em-relacao-a-2021\/#primaryimage"},"thumbnailUrl":"https:\/\/www.gaveanews.com\/wp-content\/uploads\/Time-titular-do-Flamengo-para-o-jogo-contra-o-Corinthians-pela-Libertadores.webp","datePublished":"2022-09-13T01:05:48+00:00","dateModified":"2022-09-13T01:05:50+00:00","author":{"@id":"https:\/\/www.gaveanews.com\/#\/schema\/person\/2ec14f73fb96be2caf28f91afb14749d"},"breadcrumb":{"@id":"https:\/\/www.gaveanews.com\/index.php\/2022\/09\/12\/final-da-libertadores-entre-flamengo-e-athletico-tera-ingressos-mais-baratos-em-relacao-a-2021\/#breadcrumb"},"inLanguage":"pt-BR","potentialAction":[{"@type":"ReadAction","target":["https:\/\/www.gaveanews.com\/index.php\/2022\/09\/12\/final-da-libertadores-entre-flamengo-e-athletico-tera-ingressos-mais-baratos-em-relacao-a-2021\/"]}]},{"@type":"ImageObject","inLanguage":"pt-BR","@id":"https:\/\/www.gaveanews.com\/index.php\/2022\/09\/12\/final-da-libertadores-entre-flamengo-e-athletico-tera-ingressos-mais-baratos-em-relacao-a-2021\/#primaryimage","url":"https:\/\/www.gaveanews.com\/wp-content\/uploads\/Time-titular-do-Flamengo-para-o-jogo-contra-o-Corinthians-pela-Libertadores.webp","contentUrl":"https:\/\/www.gaveanews.com\/wp-content\/uploads\/Time-titular-do-Flamengo-para-o-jogo-contra-o-Corinthians-pela-Libertadores.webp","width":799,"height":533,"caption":"Time titular do Flamengo para o jogo contra o Corinthians pela Libertadores (Foto: Alexandre Vidal\/Flamengo)"},{"@type":"BreadcrumbList","@id":"https:\/\/www.gaveanews.com\/index.php\/2022\/09\/12\/final-da-libertadores-entre-flamengo-e-athletico-tera-ingressos-mais-baratos-em-relacao-a-2021\/#breadcrumb","itemListElement":[{"@type":"ListItem","position":1,"name":"Home","item":"https:\/\/www.gaveanews.com\/"},{"@type":"ListItem","position":2,"name":"Final da Libertadores, entre Flamengo e Athletico, ter\u00e1 ingressos mais baratos em rela\u00e7\u00e3o a 2021"}]},{"@type":"WebSite","@id":"https:\/\/www.gaveanews.com\/#website","url":"https:\/\/www.gaveanews.com\/","name":"G\u00e1vea News","description":"Veja todas as not\u00edcias sobre o Flamengo: Contrata\u00e7\u00f5es, categorias de base, resultados das partidas, tabela de classifica\u00e7\u00e3o, pr\u00f3ximos jogos!","potentialAction":[{"@type":"SearchAction","target":{"@type":"EntryPoint","urlTemplate":"https:\/\/www.gaveanews.com\/?s={search_term_string}"},"query-input":{"@type":"PropertyValueSpecification","valueRequired":true,"valueName":"search_term_string"}}],"inLanguage":"pt-BR"},{"@type":"Person","@id":"https:\/\/www.gaveanews.com\/#\/schema\/person\/2ec14f73fb96be2caf28f91afb14749d","name":"Equipe G\u00e1vea News","image":{"@type":"ImageObject","inLanguage":"pt-BR","@id":"https:\/\/www.gaveanews.com\/#\/schema\/person\/image\/","url":"https:\/\/secure.gravatar.com\/avatar\/1e1956f1facbffd3f8fa53a326721950116b3b9dc9bd44939c01180fd4a745a9?s=96&d=mm&r=g","contentUrl":"https:\/\/secure.gravatar.com\/avatar\/1e1956f1facbffd3f8fa53a326721950116b3b9dc9bd44939c01180fd4a745a9?s=96&d=mm&r=g","caption":"Equipe G\u00e1vea News"}}]}},"_links":{"self":[{"href":"https:\/\/www.gaveanews.com\/index.php\/wp-json\/wp\/v2\/posts\/87229","targetHints":{"allow":["GET"]}}],"collection":[{"href":"https:\/\/www.gaveanews.com\/index.php\/wp-json\/wp\/v2\/posts"}],"about":[{"href":"https:\/\/www.gaveanews.com\/index.php\/wp-json\/wp\/v2\/types\/post"}],"author":[{"embeddable":true,"href":"https:\/\/www.gaveanews.com\/index.php\/wp-json\/wp\/v2\/users\/1"}],"replies":[{"embeddable":true,"href":"https:\/\/www.gaveanews.com\/index.php\/wp-json\/wp\/v2\/comments?post=87229"}],"version-history":[{"count":0,"href":"https:\/\/www.gaveanews.com\/index.php\/wp-json\/wp\/v2\/posts\/87229\/revisions"}],"wp:featuredmedia":[{"embeddable":true,"href":"https:\/\/www.gaveanews.com\/index.php\/wp-json\/wp\/v2\/media\/85766"}],"wp:attachment":[{"href":"https:\/\/www.gaveanews.com\/index.php\/wp-json\/wp\/v2\/media?parent=87229"}],"wp:term":[{"taxonomy":"category","embeddable":true,"href":"https:\/\/www.gaveanews.com\/index.php\/wp-json\/wp\/v2\/categories?post=87229"},{"taxonomy":"post_tag","embeddable":true,"href":"https:\/\/www.gaveanews.com\/index.php\/wp-json\/wp\/v2\/tags?post=87229"}],"curies":[{"name":"wp","href":"https:\/\/api.w.org\/{rel}","templated":true}]}}