{"id":87374,"date":"2022-09-15T01:30:06","date_gmt":"2022-09-15T04:30:06","guid":{"rendered":"https:\/\/www.gaveanews.com\/?p=87374"},"modified":"2022-09-15T01:30:08","modified_gmt":"2022-09-15T04:30:08","slug":"dorival-jr-valoriza-uniao-no-flamengo-e-exalta-gabigol","status":"publish","type":"post","link":"https:\/\/www.gaveanews.com\/index.php\/2022\/09\/15\/dorival-jr-valoriza-uniao-no-flamengo-e-exalta-gabigol\/","title":{"rendered":"Dorival Jr valoriza uni\u00e3o no Flamengo e exalta Gabigol"},"content":{"rendered":"\n<p>O Flamengo emplacou mais uma vit\u00f3ria sobre o S\u00e3o Paulo, dessa vez por 1 a 0, e confirmou a classifica\u00e7\u00e3o para a final da Copa do Brasil, nesta quarta-feira. Ap\u00f3s a partida, o t\u00e9cnico rubro-negro, Dorival J\u00fanior, valorizou o momento vivido no clube e celebrou a entrega de Gabigol desde que mudou de fun\u00e7\u00e3o.<\/p>\n\n\n\n<p>Para Dorival, a uni\u00e3o entre todos envolvidos no dia a dia do Rubro-Negro faz toda a diferen\u00e7a nos bons resultados. Os elogios tamb\u00e9m foram direcionados especificamente para Gabriel Barbosa, que participou ativamente da partida desta quarta-feira.<\/p>\n\n\n\n<p><em>\u2014 Eu acho que era tudo que n\u00f3s busc\u00e1vamos, consist\u00eancia e maturidade. J\u00e1 hav\u00edamos mostrado isso antes, para mostrar temos que ter uma seguran\u00e7a muito grande. Ser uma equipe que tem uma entrega diferenciada \u00e9 muito importante, os jogadores tem que ter essa consci\u00eancia. O que resume \u00e9 a participa\u00e7\u00e3o do Gabriel, pela entrega que teve, mesmo fugindo das suas caracter\u00edsticas iniciais<\/em> &#8211; disse, antes de completar:<\/p>\n\n\n\n<p><em>\u2014 Ele tem se dedicado muito. Aos 43 minutos ele fez um tiro de 80 metros, saindo da \u00e1rea advers\u00e1ria para retomar a bola na nossa intermedi\u00e1ria. Isso \u00e9 muito representativo para o grupo. Espero que n\u00e3o percamos essa ess\u00eancia. Hoje aliamos tudo isso, seguran\u00e7a para atacar, boa movimenta\u00e7\u00e3o e a participa\u00e7\u00e3o efetiva de todos os jogadores na defesa. Foi a marca mais forte dessa partida <\/em>&#8211; analisou.<\/p>\n\n\n\n<p>Dorival tamb\u00e9m comentou sobre a semana livre de treinos ap\u00f3s o Fla-Flu deste fim de semana. O Flamengo ter\u00e1 10 dias sem jogos, por conta da Data FIFA e, com isso, o treinador ter\u00e1 o primeiro tempo para trabalhar o elenco. Mesmo assim, ele cobrou cautela nas atividades.<\/p>\n\n\n\n<p><em>\u2014 N\u00f3s vamos pensar sobre isso a partir de amanh\u00e3. Pode ser que aconte\u00e7a. Teremos um jogo em que poderemos dar um passo importante com um bom resultado. \u00c9 momento de defini\u00e7\u00e3o tamb\u00e9m no Brasileir\u00e3o. V\u00ednhamos fazendo pontos importantes com uma equipe que n\u00e3o era a titular, mas foi respons\u00e1vel pela nossa crescente no Brasileir\u00e3o. Queria deixar um alerta, \u00e9 uma pena que isso aconte\u00e7a, uma equipe fica ref\u00e9m dos resultados<\/em>.<\/p>\n\n\n\n<p>Retirado de: Lance<\/p>\n","protected":false},"excerpt":{"rendered":"<p>O Flamengo emplacou mais uma vit\u00f3ria sobre o S\u00e3o Paulo, dessa vez por 1 a 0, e confirmou a classifica\u00e7\u00e3o para a final da Copa do Brasil, nesta quarta-feira. Ap\u00f3s a partida, o t\u00e9cnico rubro-negro, Dorival J\u00fanior, valorizou o momento vivido no clube e celebrou a entrega de Gabigol desde que mudou de fun\u00e7\u00e3o. Para [&hellip;]<\/p>\n","protected":false},"author":1,"featured_media":84790,"comment_status":"open","ping_status":"closed","sticky":false,"template":"","format":"standard","meta":{"footnotes":""},"categories":[1],"tags":[],"class_list":["post-87374","post","type-post","status-publish","format-standard","has-post-thumbnail","hentry","category-flamengo"],"yoast_head":"<!-- This site is optimized with the Yoast SEO Premium plugin v24.2 (Yoast SEO v26.9) - https:\/\/yoast.com\/product\/yoast-seo-premium-wordpress\/ -->\n<title>Dorival Jr valoriza uni\u00e3o no Flamengo e exalta Gabigol<\/title>\n<meta name=\"robots\" content=\"index, follow, max-snippet:-1, max-image-preview:large, max-video-preview:-1\" \/>\n<link rel=\"canonical\" href=\"https:\/\/www.gaveanews.com\/index.php\/2022\/09\/15\/dorival-jr-valoriza-uniao-no-flamengo-e-exalta-gabigol\/\" \/>\n<meta property=\"og:locale\" content=\"pt_BR\" \/>\n<meta property=\"og:type\" content=\"article\" \/>\n<meta property=\"og:title\" content=\"Dorival Jr valoriza uni\u00e3o no Flamengo e exalta Gabigol\" \/>\n<meta property=\"og:description\" content=\"O Flamengo emplacou mais uma vit\u00f3ria sobre o S\u00e3o Paulo, dessa vez por 1 a 0, e confirmou a classifica\u00e7\u00e3o para a final da Copa do Brasil, nesta quarta-feira. Ap\u00f3s a partida, o t\u00e9cnico rubro-negro, Dorival J\u00fanior, valorizou o momento vivido no clube e celebrou a entrega de Gabigol desde que mudou de fun\u00e7\u00e3o. Para [&hellip;]\" \/>\n<meta property=\"og:url\" content=\"https:\/\/www.gaveanews.com\/index.php\/2022\/09\/15\/dorival-jr-valoriza-uniao-no-flamengo-e-exalta-gabigol\/\" \/>\n<meta property=\"og:site_name\" content=\"G\u00e1vea News\" \/>\n<meta property=\"article:publisher\" content=\"https:\/\/facebook.com\/gaveaNews\/\" \/>\n<meta property=\"article:published_time\" content=\"2022-09-15T04:30:06+00:00\" \/>\n<meta property=\"article:modified_time\" content=\"2022-09-15T04:30:08+00:00\" \/>\n<meta property=\"og:image\" content=\"https:\/\/www.gaveanews.com\/wp-content\/uploads\/Dorival-Junior-comanda-o-Flamengo-no-Maracana.webp\" \/>\n\t<meta property=\"og:image:width\" content=\"799\" \/>\n\t<meta property=\"og:image:height\" content=\"532\" \/>\n\t<meta property=\"og:image:type\" content=\"image\/jpeg\" \/>\n<meta name=\"author\" content=\"Equipe G\u00e1vea News\" \/>\n<meta name=\"twitter:card\" content=\"summary_large_image\" \/>\n<meta name=\"twitter:label1\" content=\"Escrito por\" \/>\n\t<meta name=\"twitter:data1\" content=\"Equipe G\u00e1vea News\" \/>\n\t<meta name=\"twitter:label2\" content=\"Est. tempo de leitura\" \/>\n\t<meta name=\"twitter:data2\" content=\"2 minutos\" \/>\n<script type=\"application\/ld+json\" class=\"yoast-schema-graph\">{\"@context\":\"https:\/\/schema.org\",\"@graph\":[{\"@type\":\"NewsArticle\",\"@id\":\"https:\/\/www.gaveanews.com\/index.php\/2022\/09\/15\/dorival-jr-valoriza-uniao-no-flamengo-e-exalta-gabigol\/#article\",\"isPartOf\":{\"@id\":\"https:\/\/www.gaveanews.com\/index.php\/2022\/09\/15\/dorival-jr-valoriza-uniao-no-flamengo-e-exalta-gabigol\/\"},\"author\":{\"name\":\"Equipe G\u00e1vea News\",\"@id\":\"https:\/\/www.gaveanews.com\/#\/schema\/person\/2ec14f73fb96be2caf28f91afb14749d\"},\"headline\":\"Dorival Jr valoriza uni\u00e3o no Flamengo e exalta Gabigol\",\"datePublished\":\"2022-09-15T04:30:06+00:00\",\"dateModified\":\"2022-09-15T04:30:08+00:00\",\"mainEntityOfPage\":{\"@id\":\"https:\/\/www.gaveanews.com\/index.php\/2022\/09\/15\/dorival-jr-valoriza-uniao-no-flamengo-e-exalta-gabigol\/\"},\"wordCount\":382,\"commentCount\":0,\"image\":{\"@id\":\"https:\/\/www.gaveanews.com\/index.php\/2022\/09\/15\/dorival-jr-valoriza-uniao-no-flamengo-e-exalta-gabigol\/#primaryimage\"},\"thumbnailUrl\":\"https:\/\/www.gaveanews.com\/wp-content\/uploads\/Dorival-Junior-comanda-o-Flamengo-no-Maracana.webp\",\"articleSection\":[\"Flamengo\"],\"inLanguage\":\"pt-BR\",\"potentialAction\":[{\"@type\":\"CommentAction\",\"name\":\"Comment\",\"target\":[\"https:\/\/www.gaveanews.com\/index.php\/2022\/09\/15\/dorival-jr-valoriza-uniao-no-flamengo-e-exalta-gabigol\/#respond\"]}],\"copyrightYear\":\"2022\",\"copyrightHolder\":{\"@id\":\"https:\/\/www.gaveanews.com\/#organization\"}},{\"@type\":\"WebPage\",\"@id\":\"https:\/\/www.gaveanews.com\/index.php\/2022\/09\/15\/dorival-jr-valoriza-uniao-no-flamengo-e-exalta-gabigol\/\",\"url\":\"https:\/\/www.gaveanews.com\/index.php\/2022\/09\/15\/dorival-jr-valoriza-uniao-no-flamengo-e-exalta-gabigol\/\",\"name\":\"Dorival Jr valoriza uni\u00e3o no Flamengo e exalta Gabigol\",\"isPartOf\":{\"@id\":\"https:\/\/www.gaveanews.com\/#website\"},\"primaryImageOfPage\":{\"@id\":\"https:\/\/www.gaveanews.com\/index.php\/2022\/09\/15\/dorival-jr-valoriza-uniao-no-flamengo-e-exalta-gabigol\/#primaryimage\"},\"image\":{\"@id\":\"https:\/\/www.gaveanews.com\/index.php\/2022\/09\/15\/dorival-jr-valoriza-uniao-no-flamengo-e-exalta-gabigol\/#primaryimage\"},\"thumbnailUrl\":\"https:\/\/www.gaveanews.com\/wp-content\/uploads\/Dorival-Junior-comanda-o-Flamengo-no-Maracana.webp\",\"datePublished\":\"2022-09-15T04:30:06+00:00\",\"dateModified\":\"2022-09-15T04:30:08+00:00\",\"author\":{\"@id\":\"https:\/\/www.gaveanews.com\/#\/schema\/person\/2ec14f73fb96be2caf28f91afb14749d\"},\"breadcrumb\":{\"@id\":\"https:\/\/www.gaveanews.com\/index.php\/2022\/09\/15\/dorival-jr-valoriza-uniao-no-flamengo-e-exalta-gabigol\/#breadcrumb\"},\"inLanguage\":\"pt-BR\",\"potentialAction\":[{\"@type\":\"ReadAction\",\"target\":[\"https:\/\/www.gaveanews.com\/index.php\/2022\/09\/15\/dorival-jr-valoriza-uniao-no-flamengo-e-exalta-gabigol\/\"]}]},{\"@type\":\"ImageObject\",\"inLanguage\":\"pt-BR\",\"@id\":\"https:\/\/www.gaveanews.com\/index.php\/2022\/09\/15\/dorival-jr-valoriza-uniao-no-flamengo-e-exalta-gabigol\/#primaryimage\",\"url\":\"https:\/\/www.gaveanews.com\/wp-content\/uploads\/Dorival-Junior-comanda-o-Flamengo-no-Maracana.webp\",\"contentUrl\":\"https:\/\/www.gaveanews.com\/wp-content\/uploads\/Dorival-Junior-comanda-o-Flamengo-no-Maracana.webp\",\"width\":799,\"height\":532,\"caption\":\"Dorival J\u00fanior comanda o Flamengo no Maracan\u00e3 (Foto: Paula Reis\/Flamengo)\"},{\"@type\":\"BreadcrumbList\",\"@id\":\"https:\/\/www.gaveanews.com\/index.php\/2022\/09\/15\/dorival-jr-valoriza-uniao-no-flamengo-e-exalta-gabigol\/#breadcrumb\",\"itemListElement\":[{\"@type\":\"ListItem\",\"position\":1,\"name\":\"Home\",\"item\":\"https:\/\/www.gaveanews.com\/\"},{\"@type\":\"ListItem\",\"position\":2,\"name\":\"Dorival Jr valoriza uni\u00e3o no Flamengo e exalta Gabigol\"}]},{\"@type\":\"WebSite\",\"@id\":\"https:\/\/www.gaveanews.com\/#website\",\"url\":\"https:\/\/www.gaveanews.com\/\",\"name\":\"G\u00e1vea News\",\"description\":\"Veja todas as not\u00edcias sobre o Flamengo: Contrata\u00e7\u00f5es, categorias de base, resultados das partidas, tabela de classifica\u00e7\u00e3o, pr\u00f3ximos jogos!\",\"potentialAction\":[{\"@type\":\"SearchAction\",\"target\":{\"@type\":\"EntryPoint\",\"urlTemplate\":\"https:\/\/www.gaveanews.com\/?s={search_term_string}\"},\"query-input\":{\"@type\":\"PropertyValueSpecification\",\"valueRequired\":true,\"valueName\":\"search_term_string\"}}],\"inLanguage\":\"pt-BR\"},{\"@type\":\"Person\",\"@id\":\"https:\/\/www.gaveanews.com\/#\/schema\/person\/2ec14f73fb96be2caf28f91afb14749d\",\"name\":\"Equipe G\u00e1vea News\",\"image\":{\"@type\":\"ImageObject\",\"inLanguage\":\"pt-BR\",\"@id\":\"https:\/\/www.gaveanews.com\/#\/schema\/person\/image\/\",\"url\":\"https:\/\/secure.gravatar.com\/avatar\/1e1956f1facbffd3f8fa53a326721950116b3b9dc9bd44939c01180fd4a745a9?s=96&d=mm&r=g\",\"contentUrl\":\"https:\/\/secure.gravatar.com\/avatar\/1e1956f1facbffd3f8fa53a326721950116b3b9dc9bd44939c01180fd4a745a9?s=96&d=mm&r=g\",\"caption\":\"Equipe G\u00e1vea News\"}}]}<\/script>\n<!-- \/ Yoast SEO Premium plugin. -->","yoast_head_json":{"title":"Dorival Jr valoriza uni\u00e3o no Flamengo e exalta Gabigol","robots":{"index":"index","follow":"follow","max-snippet":"max-snippet:-1","max-image-preview":"max-image-preview:large","max-video-preview":"max-video-preview:-1"},"canonical":"https:\/\/www.gaveanews.com\/index.php\/2022\/09\/15\/dorival-jr-valoriza-uniao-no-flamengo-e-exalta-gabigol\/","og_locale":"pt_BR","og_type":"article","og_title":"Dorival Jr valoriza uni\u00e3o no Flamengo e exalta Gabigol","og_description":"O Flamengo emplacou mais uma vit\u00f3ria sobre o S\u00e3o Paulo, dessa vez por 1 a 0, e confirmou a classifica\u00e7\u00e3o para a final da Copa do Brasil, nesta quarta-feira. Ap\u00f3s a partida, o t\u00e9cnico rubro-negro, Dorival J\u00fanior, valorizou o momento vivido no clube e celebrou a entrega de Gabigol desde que mudou de fun\u00e7\u00e3o. Para [&hellip;]","og_url":"https:\/\/www.gaveanews.com\/index.php\/2022\/09\/15\/dorival-jr-valoriza-uniao-no-flamengo-e-exalta-gabigol\/","og_site_name":"G\u00e1vea News","article_publisher":"https:\/\/facebook.com\/gaveaNews\/","article_published_time":"2022-09-15T04:30:06+00:00","article_modified_time":"2022-09-15T04:30:08+00:00","og_image":[{"width":799,"height":532,"url":"https:\/\/www.gaveanews.com\/wp-content\/uploads\/Dorival-Junior-comanda-o-Flamengo-no-Maracana.webp","type":"image\/jpeg"}],"author":"Equipe G\u00e1vea News","twitter_card":"summary_large_image","twitter_misc":{"Escrito por":"Equipe G\u00e1vea News","Est. tempo de leitura":"2 minutos"},"schema":{"@context":"https:\/\/schema.org","@graph":[{"@type":"NewsArticle","@id":"https:\/\/www.gaveanews.com\/index.php\/2022\/09\/15\/dorival-jr-valoriza-uniao-no-flamengo-e-exalta-gabigol\/#article","isPartOf":{"@id":"https:\/\/www.gaveanews.com\/index.php\/2022\/09\/15\/dorival-jr-valoriza-uniao-no-flamengo-e-exalta-gabigol\/"},"author":{"name":"Equipe G\u00e1vea News","@id":"https:\/\/www.gaveanews.com\/#\/schema\/person\/2ec14f73fb96be2caf28f91afb14749d"},"headline":"Dorival Jr valoriza uni\u00e3o no Flamengo e exalta Gabigol","datePublished":"2022-09-15T04:30:06+00:00","dateModified":"2022-09-15T04:30:08+00:00","mainEntityOfPage":{"@id":"https:\/\/www.gaveanews.com\/index.php\/2022\/09\/15\/dorival-jr-valoriza-uniao-no-flamengo-e-exalta-gabigol\/"},"wordCount":382,"commentCount":0,"image":{"@id":"https:\/\/www.gaveanews.com\/index.php\/2022\/09\/15\/dorival-jr-valoriza-uniao-no-flamengo-e-exalta-gabigol\/#primaryimage"},"thumbnailUrl":"https:\/\/www.gaveanews.com\/wp-content\/uploads\/Dorival-Junior-comanda-o-Flamengo-no-Maracana.webp","articleSection":["Flamengo"],"inLanguage":"pt-BR","potentialAction":[{"@type":"CommentAction","name":"Comment","target":["https:\/\/www.gaveanews.com\/index.php\/2022\/09\/15\/dorival-jr-valoriza-uniao-no-flamengo-e-exalta-gabigol\/#respond"]}],"copyrightYear":"2022","copyrightHolder":{"@id":"https:\/\/www.gaveanews.com\/#organization"}},{"@type":"WebPage","@id":"https:\/\/www.gaveanews.com\/index.php\/2022\/09\/15\/dorival-jr-valoriza-uniao-no-flamengo-e-exalta-gabigol\/","url":"https:\/\/www.gaveanews.com\/index.php\/2022\/09\/15\/dorival-jr-valoriza-uniao-no-flamengo-e-exalta-gabigol\/","name":"Dorival Jr valoriza uni\u00e3o no Flamengo e exalta Gabigol","isPartOf":{"@id":"https:\/\/www.gaveanews.com\/#website"},"primaryImageOfPage":{"@id":"https:\/\/www.gaveanews.com\/index.php\/2022\/09\/15\/dorival-jr-valoriza-uniao-no-flamengo-e-exalta-gabigol\/#primaryimage"},"image":{"@id":"https:\/\/www.gaveanews.com\/index.php\/2022\/09\/15\/dorival-jr-valoriza-uniao-no-flamengo-e-exalta-gabigol\/#primaryimage"},"thumbnailUrl":"https:\/\/www.gaveanews.com\/wp-content\/uploads\/Dorival-Junior-comanda-o-Flamengo-no-Maracana.webp","datePublished":"2022-09-15T04:30:06+00:00","dateModified":"2022-09-15T04:30:08+00:00","author":{"@id":"https:\/\/www.gaveanews.com\/#\/schema\/person\/2ec14f73fb96be2caf28f91afb14749d"},"breadcrumb":{"@id":"https:\/\/www.gaveanews.com\/index.php\/2022\/09\/15\/dorival-jr-valoriza-uniao-no-flamengo-e-exalta-gabigol\/#breadcrumb"},"inLanguage":"pt-BR","potentialAction":[{"@type":"ReadAction","target":["https:\/\/www.gaveanews.com\/index.php\/2022\/09\/15\/dorival-jr-valoriza-uniao-no-flamengo-e-exalta-gabigol\/"]}]},{"@type":"ImageObject","inLanguage":"pt-BR","@id":"https:\/\/www.gaveanews.com\/index.php\/2022\/09\/15\/dorival-jr-valoriza-uniao-no-flamengo-e-exalta-gabigol\/#primaryimage","url":"https:\/\/www.gaveanews.com\/wp-content\/uploads\/Dorival-Junior-comanda-o-Flamengo-no-Maracana.webp","contentUrl":"https:\/\/www.gaveanews.com\/wp-content\/uploads\/Dorival-Junior-comanda-o-Flamengo-no-Maracana.webp","width":799,"height":532,"caption":"Dorival J\u00fanior comanda o Flamengo no Maracan\u00e3 (Foto: Paula Reis\/Flamengo)"},{"@type":"BreadcrumbList","@id":"https:\/\/www.gaveanews.com\/index.php\/2022\/09\/15\/dorival-jr-valoriza-uniao-no-flamengo-e-exalta-gabigol\/#breadcrumb","itemListElement":[{"@type":"ListItem","position":1,"name":"Home","item":"https:\/\/www.gaveanews.com\/"},{"@type":"ListItem","position":2,"name":"Dorival Jr valoriza uni\u00e3o no Flamengo e exalta Gabigol"}]},{"@type":"WebSite","@id":"https:\/\/www.gaveanews.com\/#website","url":"https:\/\/www.gaveanews.com\/","name":"G\u00e1vea News","description":"Veja todas as not\u00edcias sobre o Flamengo: Contrata\u00e7\u00f5es, categorias de base, resultados das partidas, tabela de classifica\u00e7\u00e3o, pr\u00f3ximos jogos!","potentialAction":[{"@type":"SearchAction","target":{"@type":"EntryPoint","urlTemplate":"https:\/\/www.gaveanews.com\/?s={search_term_string}"},"query-input":{"@type":"PropertyValueSpecification","valueRequired":true,"valueName":"search_term_string"}}],"inLanguage":"pt-BR"},{"@type":"Person","@id":"https:\/\/www.gaveanews.com\/#\/schema\/person\/2ec14f73fb96be2caf28f91afb14749d","name":"Equipe G\u00e1vea News","image":{"@type":"ImageObject","inLanguage":"pt-BR","@id":"https:\/\/www.gaveanews.com\/#\/schema\/person\/image\/","url":"https:\/\/secure.gravatar.com\/avatar\/1e1956f1facbffd3f8fa53a326721950116b3b9dc9bd44939c01180fd4a745a9?s=96&d=mm&r=g","contentUrl":"https:\/\/secure.gravatar.com\/avatar\/1e1956f1facbffd3f8fa53a326721950116b3b9dc9bd44939c01180fd4a745a9?s=96&d=mm&r=g","caption":"Equipe G\u00e1vea News"}}]}},"_links":{"self":[{"href":"https:\/\/www.gaveanews.com\/index.php\/wp-json\/wp\/v2\/posts\/87374","targetHints":{"allow":["GET"]}}],"collection":[{"href":"https:\/\/www.gaveanews.com\/index.php\/wp-json\/wp\/v2\/posts"}],"about":[{"href":"https:\/\/www.gaveanews.com\/index.php\/wp-json\/wp\/v2\/types\/post"}],"author":[{"embeddable":true,"href":"https:\/\/www.gaveanews.com\/index.php\/wp-json\/wp\/v2\/users\/1"}],"replies":[{"embeddable":true,"href":"https:\/\/www.gaveanews.com\/index.php\/wp-json\/wp\/v2\/comments?post=87374"}],"version-history":[{"count":0,"href":"https:\/\/www.gaveanews.com\/index.php\/wp-json\/wp\/v2\/posts\/87374\/revisions"}],"wp:featuredmedia":[{"embeddable":true,"href":"https:\/\/www.gaveanews.com\/index.php\/wp-json\/wp\/v2\/media\/84790"}],"wp:attachment":[{"href":"https:\/\/www.gaveanews.com\/index.php\/wp-json\/wp\/v2\/media?parent=87374"}],"wp:term":[{"taxonomy":"category","embeddable":true,"href":"https:\/\/www.gaveanews.com\/index.php\/wp-json\/wp\/v2\/categories?post=87374"},{"taxonomy":"post_tag","embeddable":true,"href":"https:\/\/www.gaveanews.com\/index.php\/wp-json\/wp\/v2\/tags?post=87374"}],"curies":[{"name":"wp","href":"https:\/\/api.w.org\/{rel}","templated":true}]}}