{"id":87388,"date":"2022-09-15T06:39:13","date_gmt":"2022-09-15T09:39:13","guid":{"rendered":"https:\/\/www.gaveanews.com\/?p=87388"},"modified":"2022-09-15T06:39:15","modified_gmt":"2022-09-15T09:39:15","slug":"rodinei-do-flamengo-fala-sobre-chances-de-disputar-a-copa-do-mundo-e-elogia-arrascaeta","status":"publish","type":"post","link":"https:\/\/www.gaveanews.com\/index.php\/2022\/09\/15\/rodinei-do-flamengo-fala-sobre-chances-de-disputar-a-copa-do-mundo-e-elogia-arrascaeta\/","title":{"rendered":"Rodinei, do Flamengo, fala sobre chances de disputar a Copa do Mundo e elogia Arrascaeta"},"content":{"rendered":"\n<p>Em grande momento no Flamengo, Rodinei colecionou mais um jogo de alto n\u00edvel e teve boa atua\u00e7\u00e3o contra o S\u00e3o Paulo, nesta quarta-feira (14), no Maracan\u00e3, pela Copa do Brasil. Em entrevista na zona mista depois do 1 a 0, o lateral-direito falou sobre a fase que vive, elogiou Arrascaeta e preferiu desconversar sobre Copa do Mundo e sele\u00e7\u00e3o brasileira.<\/p>\n\n\n\n<p><em>\u2014 No Flamengo \u00e9 meu melhor momento, mas espero ao longo da carreira ter muitos bons momentos. Tenho muita lenha a queimar\u2026<\/em>, ressaltou Rodinei, que em seguida respondeu sobre Arrascaeta:<\/p>\n\n\n\n<p><em>\u2014 Arrasca pode jogar em qualquer lugar do mundo, se ele fosse brasileiro estaria na sele\u00e7\u00e3o. \u00c9 um craque, \u00e9 um cara que pensa a jogada muito antes de acontecer. Sou honrado de jogar ao lado dele<\/em>, afirmou o lateral do Flamengo. Perguntado sobre a Copa do Mundo, ele disse: <\/p>\n\n\n\n<p><em>\u2014 Eu n\u00e3o penso nisso, penso em ajudar o Flamengo at\u00e9 o final do ano. Sele\u00e7\u00e3o brasileira, como falei em outras oportunidades, \u00e9 uma coisa que n\u00e3o tenho dimens\u00e3o. Vejo como uma coisa muito longe para mim. S\u00f3 foco no Flamengo para conquistar grandes coisas neste fim de ano<\/em>, confessou ele.<\/p>\n\n\n\n<p>Uma posi\u00e7\u00e3o que ainda n\u00e3o tem defini\u00e7\u00e3o na sele\u00e7\u00e3o brasileira \u00e9 a lateral-direita. Danilo, da Juventus, parece ser o \u00fanico nome certo neste momento. Daniel Alves, do Pumas, e Emerson Royal, do Tottenham, brigam por uma vaga. Tite comentou sobre Rodinei recentemente:<\/p>\n\n\n\n<p><em>\u2014 Quando voc\u00ea fala de improviso (na lateral-direita), est\u00e1 sendo impreciso na avalia\u00e7\u00e3o t\u00e1tica da equipe. Ela constr\u00f3i de uma forma diferente de laterais do que, por exemplo, o Rodinei que est\u00e1 muito bem, faz no Flamengo. Nossa constru\u00e7\u00e3o \u00e9 interna, e n\u00e3o externa, de lateral<\/em>, disse Tite, que convocou zagueiros capazes de atuar na lateral.<\/p>\n\n\n\n<p>Rodinei tem contrato apenas at\u00e9 o fim do ano com o Flamengo e ainda n\u00e3o renovou. Ele desperta o interesse do Atl\u00e9tico-MG.<\/p>\n\n\n\n<p>Retirado de: Torcedores<\/p>\n","protected":false},"excerpt":{"rendered":"<p>Em grande momento no Flamengo, Rodinei colecionou mais um jogo de alto n\u00edvel e teve boa atua\u00e7\u00e3o contra o S\u00e3o Paulo, nesta quarta-feira (14), no Maracan\u00e3, pela Copa do Brasil. Em entrevista na zona mista depois do 1 a 0, o lateral-direito falou sobre a fase que vive, elogiou Arrascaeta e preferiu desconversar sobre Copa [&hellip;]<\/p>\n","protected":false},"author":1,"featured_media":87389,"comment_status":"open","ping_status":"closed","sticky":false,"template":"","format":"standard","meta":{"footnotes":""},"categories":[1],"tags":[],"class_list":["post-87388","post","type-post","status-publish","format-standard","has-post-thumbnail","hentry","category-flamengo"],"yoast_head":"<!-- This site is optimized with the Yoast SEO Premium plugin v24.2 (Yoast SEO v26.9) - https:\/\/yoast.com\/product\/yoast-seo-premium-wordpress\/ -->\n<title>Rodinei, do Flamengo, fala sobre chances de disputar a Copa do Mundo e elogia Arrascaeta<\/title>\n<meta name=\"robots\" content=\"index, follow, max-snippet:-1, max-image-preview:large, max-video-preview:-1\" \/>\n<link rel=\"canonical\" href=\"https:\/\/www.gaveanews.com\/index.php\/2022\/09\/15\/rodinei-do-flamengo-fala-sobre-chances-de-disputar-a-copa-do-mundo-e-elogia-arrascaeta\/\" \/>\n<meta property=\"og:locale\" content=\"pt_BR\" \/>\n<meta property=\"og:type\" content=\"article\" \/>\n<meta property=\"og:title\" content=\"Rodinei, do Flamengo, fala sobre chances de disputar a Copa do Mundo e elogia Arrascaeta\" \/>\n<meta property=\"og:description\" content=\"Em grande momento no Flamengo, Rodinei colecionou mais um jogo de alto n\u00edvel e teve boa atua\u00e7\u00e3o contra o S\u00e3o Paulo, nesta quarta-feira (14), no Maracan\u00e3, pela Copa do Brasil. Em entrevista na zona mista depois do 1 a 0, o lateral-direito falou sobre a fase que vive, elogiou Arrascaeta e preferiu desconversar sobre Copa [&hellip;]\" \/>\n<meta property=\"og:url\" content=\"https:\/\/www.gaveanews.com\/index.php\/2022\/09\/15\/rodinei-do-flamengo-fala-sobre-chances-de-disputar-a-copa-do-mundo-e-elogia-arrascaeta\/\" \/>\n<meta property=\"og:site_name\" content=\"G\u00e1vea News\" \/>\n<meta property=\"article:publisher\" content=\"https:\/\/facebook.com\/gaveaNews\/\" \/>\n<meta property=\"article:published_time\" content=\"2022-09-15T09:39:13+00:00\" \/>\n<meta property=\"article:modified_time\" content=\"2022-09-15T09:39:15+00:00\" \/>\n<meta property=\"og:image\" content=\"https:\/\/www.gaveanews.com\/wp-content\/uploads\/Rodinei-em-acao-pelo-Flamengo-durante-o-jogo-contra-o-Sao-Paulo-pela-Copa-do-Brasil-de-2022.webp\" \/>\n\t<meta property=\"og:image:width\" content=\"799\" \/>\n\t<meta property=\"og:image:height\" content=\"533\" \/>\n\t<meta property=\"og:image:type\" content=\"image\/jpeg\" \/>\n<meta name=\"author\" content=\"Equipe G\u00e1vea News\" \/>\n<meta name=\"twitter:card\" content=\"summary_large_image\" \/>\n<meta name=\"twitter:label1\" content=\"Escrito por\" \/>\n\t<meta name=\"twitter:data1\" content=\"Equipe G\u00e1vea News\" \/>\n\t<meta name=\"twitter:label2\" content=\"Est. tempo de leitura\" \/>\n\t<meta name=\"twitter:data2\" content=\"2 minutos\" \/>\n<script type=\"application\/ld+json\" class=\"yoast-schema-graph\">{\"@context\":\"https:\/\/schema.org\",\"@graph\":[{\"@type\":\"NewsArticle\",\"@id\":\"https:\/\/www.gaveanews.com\/index.php\/2022\/09\/15\/rodinei-do-flamengo-fala-sobre-chances-de-disputar-a-copa-do-mundo-e-elogia-arrascaeta\/#article\",\"isPartOf\":{\"@id\":\"https:\/\/www.gaveanews.com\/index.php\/2022\/09\/15\/rodinei-do-flamengo-fala-sobre-chances-de-disputar-a-copa-do-mundo-e-elogia-arrascaeta\/\"},\"author\":{\"name\":\"Equipe G\u00e1vea News\",\"@id\":\"https:\/\/www.gaveanews.com\/#\/schema\/person\/2ec14f73fb96be2caf28f91afb14749d\"},\"headline\":\"Rodinei, do Flamengo, fala sobre chances de disputar a Copa do Mundo e elogia Arrascaeta\",\"datePublished\":\"2022-09-15T09:39:13+00:00\",\"dateModified\":\"2022-09-15T09:39:15+00:00\",\"mainEntityOfPage\":{\"@id\":\"https:\/\/www.gaveanews.com\/index.php\/2022\/09\/15\/rodinei-do-flamengo-fala-sobre-chances-de-disputar-a-copa-do-mundo-e-elogia-arrascaeta\/\"},\"wordCount\":336,\"commentCount\":0,\"image\":{\"@id\":\"https:\/\/www.gaveanews.com\/index.php\/2022\/09\/15\/rodinei-do-flamengo-fala-sobre-chances-de-disputar-a-copa-do-mundo-e-elogia-arrascaeta\/#primaryimage\"},\"thumbnailUrl\":\"https:\/\/www.gaveanews.com\/wp-content\/uploads\/Rodinei-em-acao-pelo-Flamengo-durante-o-jogo-contra-o-Sao-Paulo-pela-Copa-do-Brasil-de-2022.webp\",\"articleSection\":[\"Flamengo\"],\"inLanguage\":\"pt-BR\",\"potentialAction\":[{\"@type\":\"CommentAction\",\"name\":\"Comment\",\"target\":[\"https:\/\/www.gaveanews.com\/index.php\/2022\/09\/15\/rodinei-do-flamengo-fala-sobre-chances-de-disputar-a-copa-do-mundo-e-elogia-arrascaeta\/#respond\"]}],\"copyrightYear\":\"2022\",\"copyrightHolder\":{\"@id\":\"https:\/\/www.gaveanews.com\/#organization\"}},{\"@type\":\"WebPage\",\"@id\":\"https:\/\/www.gaveanews.com\/index.php\/2022\/09\/15\/rodinei-do-flamengo-fala-sobre-chances-de-disputar-a-copa-do-mundo-e-elogia-arrascaeta\/\",\"url\":\"https:\/\/www.gaveanews.com\/index.php\/2022\/09\/15\/rodinei-do-flamengo-fala-sobre-chances-de-disputar-a-copa-do-mundo-e-elogia-arrascaeta\/\",\"name\":\"Rodinei, do Flamengo, fala sobre chances de disputar a Copa do Mundo e elogia Arrascaeta\",\"isPartOf\":{\"@id\":\"https:\/\/www.gaveanews.com\/#website\"},\"primaryImageOfPage\":{\"@id\":\"https:\/\/www.gaveanews.com\/index.php\/2022\/09\/15\/rodinei-do-flamengo-fala-sobre-chances-de-disputar-a-copa-do-mundo-e-elogia-arrascaeta\/#primaryimage\"},\"image\":{\"@id\":\"https:\/\/www.gaveanews.com\/index.php\/2022\/09\/15\/rodinei-do-flamengo-fala-sobre-chances-de-disputar-a-copa-do-mundo-e-elogia-arrascaeta\/#primaryimage\"},\"thumbnailUrl\":\"https:\/\/www.gaveanews.com\/wp-content\/uploads\/Rodinei-em-acao-pelo-Flamengo-durante-o-jogo-contra-o-Sao-Paulo-pela-Copa-do-Brasil-de-2022.webp\",\"datePublished\":\"2022-09-15T09:39:13+00:00\",\"dateModified\":\"2022-09-15T09:39:15+00:00\",\"author\":{\"@id\":\"https:\/\/www.gaveanews.com\/#\/schema\/person\/2ec14f73fb96be2caf28f91afb14749d\"},\"breadcrumb\":{\"@id\":\"https:\/\/www.gaveanews.com\/index.php\/2022\/09\/15\/rodinei-do-flamengo-fala-sobre-chances-de-disputar-a-copa-do-mundo-e-elogia-arrascaeta\/#breadcrumb\"},\"inLanguage\":\"pt-BR\",\"potentialAction\":[{\"@type\":\"ReadAction\",\"target\":[\"https:\/\/www.gaveanews.com\/index.php\/2022\/09\/15\/rodinei-do-flamengo-fala-sobre-chances-de-disputar-a-copa-do-mundo-e-elogia-arrascaeta\/\"]}]},{\"@type\":\"ImageObject\",\"inLanguage\":\"pt-BR\",\"@id\":\"https:\/\/www.gaveanews.com\/index.php\/2022\/09\/15\/rodinei-do-flamengo-fala-sobre-chances-de-disputar-a-copa-do-mundo-e-elogia-arrascaeta\/#primaryimage\",\"url\":\"https:\/\/www.gaveanews.com\/wp-content\/uploads\/Rodinei-em-acao-pelo-Flamengo-durante-o-jogo-contra-o-Sao-Paulo-pela-Copa-do-Brasil-de-2022.webp\",\"contentUrl\":\"https:\/\/www.gaveanews.com\/wp-content\/uploads\/Rodinei-em-acao-pelo-Flamengo-durante-o-jogo-contra-o-Sao-Paulo-pela-Copa-do-Brasil-de-2022.webp\",\"width\":799,\"height\":533,\"caption\":\"Rodinei em a\u00e7\u00e3o pelo Flamengo durante o jogo contra o S\u00e3o Paulo pela Copa do Brasil de 2022 (Foto: Reprodu\u00e7\u00e3o\/Flamengo)\"},{\"@type\":\"BreadcrumbList\",\"@id\":\"https:\/\/www.gaveanews.com\/index.php\/2022\/09\/15\/rodinei-do-flamengo-fala-sobre-chances-de-disputar-a-copa-do-mundo-e-elogia-arrascaeta\/#breadcrumb\",\"itemListElement\":[{\"@type\":\"ListItem\",\"position\":1,\"name\":\"Home\",\"item\":\"https:\/\/www.gaveanews.com\/\"},{\"@type\":\"ListItem\",\"position\":2,\"name\":\"Rodinei, do Flamengo, fala sobre chances de disputar a Copa do Mundo e elogia Arrascaeta\"}]},{\"@type\":\"WebSite\",\"@id\":\"https:\/\/www.gaveanews.com\/#website\",\"url\":\"https:\/\/www.gaveanews.com\/\",\"name\":\"G\u00e1vea News\",\"description\":\"Veja todas as not\u00edcias sobre o Flamengo: Contrata\u00e7\u00f5es, categorias de base, resultados das partidas, tabela de classifica\u00e7\u00e3o, pr\u00f3ximos jogos!\",\"potentialAction\":[{\"@type\":\"SearchAction\",\"target\":{\"@type\":\"EntryPoint\",\"urlTemplate\":\"https:\/\/www.gaveanews.com\/?s={search_term_string}\"},\"query-input\":{\"@type\":\"PropertyValueSpecification\",\"valueRequired\":true,\"valueName\":\"search_term_string\"}}],\"inLanguage\":\"pt-BR\"},{\"@type\":\"Person\",\"@id\":\"https:\/\/www.gaveanews.com\/#\/schema\/person\/2ec14f73fb96be2caf28f91afb14749d\",\"name\":\"Equipe G\u00e1vea News\",\"image\":{\"@type\":\"ImageObject\",\"inLanguage\":\"pt-BR\",\"@id\":\"https:\/\/www.gaveanews.com\/#\/schema\/person\/image\/\",\"url\":\"https:\/\/secure.gravatar.com\/avatar\/1e1956f1facbffd3f8fa53a326721950116b3b9dc9bd44939c01180fd4a745a9?s=96&d=mm&r=g\",\"contentUrl\":\"https:\/\/secure.gravatar.com\/avatar\/1e1956f1facbffd3f8fa53a326721950116b3b9dc9bd44939c01180fd4a745a9?s=96&d=mm&r=g\",\"caption\":\"Equipe G\u00e1vea News\"}}]}<\/script>\n<!-- \/ Yoast SEO Premium plugin. -->","yoast_head_json":{"title":"Rodinei, do Flamengo, fala sobre chances de disputar a Copa do Mundo e elogia Arrascaeta","robots":{"index":"index","follow":"follow","max-snippet":"max-snippet:-1","max-image-preview":"max-image-preview:large","max-video-preview":"max-video-preview:-1"},"canonical":"https:\/\/www.gaveanews.com\/index.php\/2022\/09\/15\/rodinei-do-flamengo-fala-sobre-chances-de-disputar-a-copa-do-mundo-e-elogia-arrascaeta\/","og_locale":"pt_BR","og_type":"article","og_title":"Rodinei, do Flamengo, fala sobre chances de disputar a Copa do Mundo e elogia Arrascaeta","og_description":"Em grande momento no Flamengo, Rodinei colecionou mais um jogo de alto n\u00edvel e teve boa atua\u00e7\u00e3o contra o S\u00e3o Paulo, nesta quarta-feira (14), no Maracan\u00e3, pela Copa do Brasil. Em entrevista na zona mista depois do 1 a 0, o lateral-direito falou sobre a fase que vive, elogiou Arrascaeta e preferiu desconversar sobre Copa [&hellip;]","og_url":"https:\/\/www.gaveanews.com\/index.php\/2022\/09\/15\/rodinei-do-flamengo-fala-sobre-chances-de-disputar-a-copa-do-mundo-e-elogia-arrascaeta\/","og_site_name":"G\u00e1vea News","article_publisher":"https:\/\/facebook.com\/gaveaNews\/","article_published_time":"2022-09-15T09:39:13+00:00","article_modified_time":"2022-09-15T09:39:15+00:00","og_image":[{"width":799,"height":533,"url":"https:\/\/www.gaveanews.com\/wp-content\/uploads\/Rodinei-em-acao-pelo-Flamengo-durante-o-jogo-contra-o-Sao-Paulo-pela-Copa-do-Brasil-de-2022.webp","type":"image\/jpeg"}],"author":"Equipe G\u00e1vea News","twitter_card":"summary_large_image","twitter_misc":{"Escrito por":"Equipe G\u00e1vea News","Est. tempo de leitura":"2 minutos"},"schema":{"@context":"https:\/\/schema.org","@graph":[{"@type":"NewsArticle","@id":"https:\/\/www.gaveanews.com\/index.php\/2022\/09\/15\/rodinei-do-flamengo-fala-sobre-chances-de-disputar-a-copa-do-mundo-e-elogia-arrascaeta\/#article","isPartOf":{"@id":"https:\/\/www.gaveanews.com\/index.php\/2022\/09\/15\/rodinei-do-flamengo-fala-sobre-chances-de-disputar-a-copa-do-mundo-e-elogia-arrascaeta\/"},"author":{"name":"Equipe G\u00e1vea News","@id":"https:\/\/www.gaveanews.com\/#\/schema\/person\/2ec14f73fb96be2caf28f91afb14749d"},"headline":"Rodinei, do Flamengo, fala sobre chances de disputar a Copa do Mundo e elogia Arrascaeta","datePublished":"2022-09-15T09:39:13+00:00","dateModified":"2022-09-15T09:39:15+00:00","mainEntityOfPage":{"@id":"https:\/\/www.gaveanews.com\/index.php\/2022\/09\/15\/rodinei-do-flamengo-fala-sobre-chances-de-disputar-a-copa-do-mundo-e-elogia-arrascaeta\/"},"wordCount":336,"commentCount":0,"image":{"@id":"https:\/\/www.gaveanews.com\/index.php\/2022\/09\/15\/rodinei-do-flamengo-fala-sobre-chances-de-disputar-a-copa-do-mundo-e-elogia-arrascaeta\/#primaryimage"},"thumbnailUrl":"https:\/\/www.gaveanews.com\/wp-content\/uploads\/Rodinei-em-acao-pelo-Flamengo-durante-o-jogo-contra-o-Sao-Paulo-pela-Copa-do-Brasil-de-2022.webp","articleSection":["Flamengo"],"inLanguage":"pt-BR","potentialAction":[{"@type":"CommentAction","name":"Comment","target":["https:\/\/www.gaveanews.com\/index.php\/2022\/09\/15\/rodinei-do-flamengo-fala-sobre-chances-de-disputar-a-copa-do-mundo-e-elogia-arrascaeta\/#respond"]}],"copyrightYear":"2022","copyrightHolder":{"@id":"https:\/\/www.gaveanews.com\/#organization"}},{"@type":"WebPage","@id":"https:\/\/www.gaveanews.com\/index.php\/2022\/09\/15\/rodinei-do-flamengo-fala-sobre-chances-de-disputar-a-copa-do-mundo-e-elogia-arrascaeta\/","url":"https:\/\/www.gaveanews.com\/index.php\/2022\/09\/15\/rodinei-do-flamengo-fala-sobre-chances-de-disputar-a-copa-do-mundo-e-elogia-arrascaeta\/","name":"Rodinei, do Flamengo, fala sobre chances de disputar a Copa do Mundo e elogia Arrascaeta","isPartOf":{"@id":"https:\/\/www.gaveanews.com\/#website"},"primaryImageOfPage":{"@id":"https:\/\/www.gaveanews.com\/index.php\/2022\/09\/15\/rodinei-do-flamengo-fala-sobre-chances-de-disputar-a-copa-do-mundo-e-elogia-arrascaeta\/#primaryimage"},"image":{"@id":"https:\/\/www.gaveanews.com\/index.php\/2022\/09\/15\/rodinei-do-flamengo-fala-sobre-chances-de-disputar-a-copa-do-mundo-e-elogia-arrascaeta\/#primaryimage"},"thumbnailUrl":"https:\/\/www.gaveanews.com\/wp-content\/uploads\/Rodinei-em-acao-pelo-Flamengo-durante-o-jogo-contra-o-Sao-Paulo-pela-Copa-do-Brasil-de-2022.webp","datePublished":"2022-09-15T09:39:13+00:00","dateModified":"2022-09-15T09:39:15+00:00","author":{"@id":"https:\/\/www.gaveanews.com\/#\/schema\/person\/2ec14f73fb96be2caf28f91afb14749d"},"breadcrumb":{"@id":"https:\/\/www.gaveanews.com\/index.php\/2022\/09\/15\/rodinei-do-flamengo-fala-sobre-chances-de-disputar-a-copa-do-mundo-e-elogia-arrascaeta\/#breadcrumb"},"inLanguage":"pt-BR","potentialAction":[{"@type":"ReadAction","target":["https:\/\/www.gaveanews.com\/index.php\/2022\/09\/15\/rodinei-do-flamengo-fala-sobre-chances-de-disputar-a-copa-do-mundo-e-elogia-arrascaeta\/"]}]},{"@type":"ImageObject","inLanguage":"pt-BR","@id":"https:\/\/www.gaveanews.com\/index.php\/2022\/09\/15\/rodinei-do-flamengo-fala-sobre-chances-de-disputar-a-copa-do-mundo-e-elogia-arrascaeta\/#primaryimage","url":"https:\/\/www.gaveanews.com\/wp-content\/uploads\/Rodinei-em-acao-pelo-Flamengo-durante-o-jogo-contra-o-Sao-Paulo-pela-Copa-do-Brasil-de-2022.webp","contentUrl":"https:\/\/www.gaveanews.com\/wp-content\/uploads\/Rodinei-em-acao-pelo-Flamengo-durante-o-jogo-contra-o-Sao-Paulo-pela-Copa-do-Brasil-de-2022.webp","width":799,"height":533,"caption":"Rodinei em a\u00e7\u00e3o pelo Flamengo durante o jogo contra o S\u00e3o Paulo pela Copa do Brasil de 2022 (Foto: Reprodu\u00e7\u00e3o\/Flamengo)"},{"@type":"BreadcrumbList","@id":"https:\/\/www.gaveanews.com\/index.php\/2022\/09\/15\/rodinei-do-flamengo-fala-sobre-chances-de-disputar-a-copa-do-mundo-e-elogia-arrascaeta\/#breadcrumb","itemListElement":[{"@type":"ListItem","position":1,"name":"Home","item":"https:\/\/www.gaveanews.com\/"},{"@type":"ListItem","position":2,"name":"Rodinei, do Flamengo, fala sobre chances de disputar a Copa do Mundo e elogia Arrascaeta"}]},{"@type":"WebSite","@id":"https:\/\/www.gaveanews.com\/#website","url":"https:\/\/www.gaveanews.com\/","name":"G\u00e1vea News","description":"Veja todas as not\u00edcias sobre o Flamengo: Contrata\u00e7\u00f5es, categorias de base, resultados das partidas, tabela de classifica\u00e7\u00e3o, pr\u00f3ximos jogos!","potentialAction":[{"@type":"SearchAction","target":{"@type":"EntryPoint","urlTemplate":"https:\/\/www.gaveanews.com\/?s={search_term_string}"},"query-input":{"@type":"PropertyValueSpecification","valueRequired":true,"valueName":"search_term_string"}}],"inLanguage":"pt-BR"},{"@type":"Person","@id":"https:\/\/www.gaveanews.com\/#\/schema\/person\/2ec14f73fb96be2caf28f91afb14749d","name":"Equipe G\u00e1vea News","image":{"@type":"ImageObject","inLanguage":"pt-BR","@id":"https:\/\/www.gaveanews.com\/#\/schema\/person\/image\/","url":"https:\/\/secure.gravatar.com\/avatar\/1e1956f1facbffd3f8fa53a326721950116b3b9dc9bd44939c01180fd4a745a9?s=96&d=mm&r=g","contentUrl":"https:\/\/secure.gravatar.com\/avatar\/1e1956f1facbffd3f8fa53a326721950116b3b9dc9bd44939c01180fd4a745a9?s=96&d=mm&r=g","caption":"Equipe G\u00e1vea News"}}]}},"_links":{"self":[{"href":"https:\/\/www.gaveanews.com\/index.php\/wp-json\/wp\/v2\/posts\/87388","targetHints":{"allow":["GET"]}}],"collection":[{"href":"https:\/\/www.gaveanews.com\/index.php\/wp-json\/wp\/v2\/posts"}],"about":[{"href":"https:\/\/www.gaveanews.com\/index.php\/wp-json\/wp\/v2\/types\/post"}],"author":[{"embeddable":true,"href":"https:\/\/www.gaveanews.com\/index.php\/wp-json\/wp\/v2\/users\/1"}],"replies":[{"embeddable":true,"href":"https:\/\/www.gaveanews.com\/index.php\/wp-json\/wp\/v2\/comments?post=87388"}],"version-history":[{"count":0,"href":"https:\/\/www.gaveanews.com\/index.php\/wp-json\/wp\/v2\/posts\/87388\/revisions"}],"wp:featuredmedia":[{"embeddable":true,"href":"https:\/\/www.gaveanews.com\/index.php\/wp-json\/wp\/v2\/media\/87389"}],"wp:attachment":[{"href":"https:\/\/www.gaveanews.com\/index.php\/wp-json\/wp\/v2\/media?parent=87388"}],"wp:term":[{"taxonomy":"category","embeddable":true,"href":"https:\/\/www.gaveanews.com\/index.php\/wp-json\/wp\/v2\/categories?post=87388"},{"taxonomy":"post_tag","embeddable":true,"href":"https:\/\/www.gaveanews.com\/index.php\/wp-json\/wp\/v2\/tags?post=87388"}],"curies":[{"name":"wp","href":"https:\/\/api.w.org\/{rel}","templated":true}]}}