{"id":87404,"date":"2022-09-15T09:28:14","date_gmt":"2022-09-15T12:28:14","guid":{"rendered":"https:\/\/www.gaveanews.com\/?p=87404"},"modified":"2022-09-15T09:28:16","modified_gmt":"2022-09-15T12:28:16","slug":"torcedor-invade-o-gramado-do-maracana-reacao-do-elenco-do-flamengo-surpreende-e-video-viraliza-assista","status":"publish","type":"post","link":"https:\/\/www.gaveanews.com\/index.php\/2022\/09\/15\/torcedor-invade-o-gramado-do-maracana-reacao-do-elenco-do-flamengo-surpreende-e-video-viraliza-assista\/","title":{"rendered":"Torcedor invade o gramado do Maracan\u00e3, rea\u00e7\u00e3o do elenco do Flamengo surpreende e v\u00eddeo viraliza; assista"},"content":{"rendered":"\n<p>Flamengo e S\u00e3o Paulo se encontraram ontem no Maracan\u00e3 para definirem a primeira vaga na final da Copa do Brasil. Atuando desta vez em casa, o Fla, que iniciou a partida com vantagem pela vit\u00f3ria por 3 a 1 no Morumbi, confirmou seu favoritismo e garantiu a classifica\u00e7\u00e3o.<\/p>\n\n\n\n<p>Ap\u00f3s o apito final, o elenco rubro-negro se reuniu no gramado para comemorar a vit\u00f3ria com a torcida. E foi neste momento que aconteceu um epis\u00f3dio bastante incomum.<\/p>\n\n\n\n<p>Um torcedor do Flamengo invadiu o campo e correu na dire\u00e7\u00e3o dos jogadores. Os atletas, empolgados com a classifica\u00e7\u00e3o, abra\u00e7aram o flamenguista e at\u00e9 tiraram a camisa dele para comemorar a vit\u00f3ria.<\/p>\n\n\n\n<h2 class=\"wp-block-heading\" id=\"h-confira-a-comemoracao\">Confira a comemora\u00e7\u00e3o:<\/h2>\n\n\n\n<figure class=\"wp-block-embed is-type-rich is-provider-twitter wp-block-embed-twitter\"><div class=\"wp-block-embed__wrapper\">\n<blockquote class=\"twitter-tweet\" data-width=\"550\" data-dnt=\"true\"><p lang=\"pt\" dir=\"ltr\">E o torcedor que invadiu o gramado do Maracan\u00e3 e ainda comemorou a classifica\u00e7\u00e3o com o elenco do <a href=\"https:\/\/twitter.com\/hashtag\/Flamengo?src=hash&amp;ref_src=twsrc%5Etfw\">#Flamengo<\/a>?! <a href=\"https:\/\/t.co\/6hU2LW5ziX\">pic.twitter.com\/6hU2LW5ziX<\/a><\/p>&mdash; G\u00e1vea News (@GaveaNews_) <a href=\"https:\/\/twitter.com\/GaveaNews_\/status\/1570375579135795200?ref_src=twsrc%5Etfw\">September 15, 2022<\/a><\/blockquote><script async src=\"https:\/\/platform.twitter.com\/widgets.js\" charset=\"utf-8\"><\/script>\n<\/div><\/figure>\n\n\n\n<p>Depois deste epis\u00f3dio, o torcedor foi detido pelos seguran\u00e7as do est\u00e1dio e est\u00e1 proibido de entrar no Maracan\u00e3 at\u00e9 o final do ano. O rubro-negro declarou que mesmo sendo punido valeu a pena, e que queria mesmo era ter pego a camisa de Pedro antes de deixar o gramado.<\/p>\n\n\n\n<p>Agora podendo assistir s\u00f3 de casa, o torcedor em quest\u00e3o acompanhar\u00e1 a final da Copa do Brasil nos dias 12 e 19 de outubro. No momento, ele, e todo o restante da torcida do Fla, fica de olho na partida entre Fluminense e Corinthians desta quinta-feira (15).<\/p>\n\n\n\n<p>\u00c0s 20h (hor\u00e1rio de Bras\u00edlia), as equipes se encontram na Arena Corinthians para definir o segundo finalista do torneio mata-mata. No jogo de ida, os times empataram em 2 a 2.<\/p>\n","protected":false},"excerpt":{"rendered":"<p>Flamengo e S\u00e3o Paulo se encontraram ontem no Maracan\u00e3 para definirem a primeira vaga na final da Copa do Brasil. Atuando desta vez em casa, o Fla, que iniciou a partida com vantagem pela vit\u00f3ria por 3 a 1 no Morumbi, confirmou seu favoritismo e garantiu a classifica\u00e7\u00e3o. Ap\u00f3s o apito final, o elenco rubro-negro [&hellip;]<\/p>\n","protected":false},"author":4,"featured_media":87408,"comment_status":"open","ping_status":"closed","sticky":false,"template":"","format":"standard","meta":{"footnotes":""},"categories":[40],"tags":[],"class_list":["post-87404","post","type-post","status-publish","format-standard","has-post-thumbnail","hentry","category-video"],"yoast_head":"<!-- This site is optimized with the Yoast SEO Premium plugin v24.2 (Yoast SEO v26.9) - https:\/\/yoast.com\/product\/yoast-seo-premium-wordpress\/ -->\n<title>Torcedor invade o gramado do Maracan\u00e3, rea\u00e7\u00e3o do elenco do Flamengo surpreende e v\u00eddeo viraliza; assista<\/title>\n<meta name=\"robots\" content=\"index, follow, max-snippet:-1, max-image-preview:large, max-video-preview:-1\" \/>\n<link rel=\"canonical\" href=\"https:\/\/www.gaveanews.com\/index.php\/2022\/09\/15\/torcedor-invade-o-gramado-do-maracana-reacao-do-elenco-do-flamengo-surpreende-e-video-viraliza-assista\/\" \/>\n<meta property=\"og:locale\" content=\"pt_BR\" \/>\n<meta property=\"og:type\" content=\"article\" \/>\n<meta property=\"og:title\" content=\"Torcedor invade o gramado do Maracan\u00e3, rea\u00e7\u00e3o do elenco do Flamengo surpreende e v\u00eddeo viraliza; assista\" \/>\n<meta property=\"og:description\" content=\"Flamengo e S\u00e3o Paulo se encontraram ontem no Maracan\u00e3 para definirem a primeira vaga na final da Copa do Brasil. Atuando desta vez em casa, o Fla, que iniciou a partida com vantagem pela vit\u00f3ria por 3 a 1 no Morumbi, confirmou seu favoritismo e garantiu a classifica\u00e7\u00e3o. Ap\u00f3s o apito final, o elenco rubro-negro [&hellip;]\" \/>\n<meta property=\"og:url\" content=\"https:\/\/www.gaveanews.com\/index.php\/2022\/09\/15\/torcedor-invade-o-gramado-do-maracana-reacao-do-elenco-do-flamengo-surpreende-e-video-viraliza-assista\/\" \/>\n<meta property=\"og:site_name\" content=\"G\u00e1vea News\" \/>\n<meta property=\"article:publisher\" content=\"https:\/\/facebook.com\/gaveaNews\/\" \/>\n<meta property=\"article:published_time\" content=\"2022-09-15T12:28:14+00:00\" \/>\n<meta property=\"article:modified_time\" content=\"2022-09-15T12:28:16+00:00\" \/>\n<meta property=\"og:image\" content=\"https:\/\/www.gaveanews.com\/wp-content\/uploads\/Jogadores-do-Flamengo-comemoram-classificacao-para-a-final-da-Copa-do-Brasil.webp\" \/>\n\t<meta property=\"og:image:width\" content=\"799\" \/>\n\t<meta property=\"og:image:height\" content=\"533\" \/>\n\t<meta property=\"og:image:type\" content=\"image\/jpeg\" \/>\n<meta name=\"author\" content=\"Let\u00edcia Gerheim\" \/>\n<meta name=\"twitter:card\" content=\"summary_large_image\" \/>\n<meta name=\"twitter:label1\" content=\"Escrito por\" \/>\n\t<meta name=\"twitter:data1\" content=\"Let\u00edcia Gerheim\" \/>\n\t<meta name=\"twitter:label2\" content=\"Est. tempo de leitura\" \/>\n\t<meta name=\"twitter:data2\" content=\"2 minutos\" \/>\n<script type=\"application\/ld+json\" class=\"yoast-schema-graph\">{\"@context\":\"https:\/\/schema.org\",\"@graph\":[{\"@type\":\"NewsArticle\",\"@id\":\"https:\/\/www.gaveanews.com\/index.php\/2022\/09\/15\/torcedor-invade-o-gramado-do-maracana-reacao-do-elenco-do-flamengo-surpreende-e-video-viraliza-assista\/#article\",\"isPartOf\":{\"@id\":\"https:\/\/www.gaveanews.com\/index.php\/2022\/09\/15\/torcedor-invade-o-gramado-do-maracana-reacao-do-elenco-do-flamengo-surpreende-e-video-viraliza-assista\/\"},\"author\":{\"name\":\"Let\u00edcia Gerheim\",\"@id\":\"https:\/\/www.gaveanews.com\/#\/schema\/person\/714c67050b836198af2450ba1c142a67\"},\"headline\":\"Torcedor invade o gramado do Maracan\u00e3, rea\u00e7\u00e3o do elenco do Flamengo surpreende e v\u00eddeo viraliza; assista\",\"datePublished\":\"2022-09-15T12:28:14+00:00\",\"dateModified\":\"2022-09-15T12:28:16+00:00\",\"mainEntityOfPage\":{\"@id\":\"https:\/\/www.gaveanews.com\/index.php\/2022\/09\/15\/torcedor-invade-o-gramado-do-maracana-reacao-do-elenco-do-flamengo-surpreende-e-video-viraliza-assista\/\"},\"wordCount\":278,\"commentCount\":0,\"image\":{\"@id\":\"https:\/\/www.gaveanews.com\/index.php\/2022\/09\/15\/torcedor-invade-o-gramado-do-maracana-reacao-do-elenco-do-flamengo-surpreende-e-video-viraliza-assista\/#primaryimage\"},\"thumbnailUrl\":\"https:\/\/www.gaveanews.com\/wp-content\/uploads\/Jogadores-do-Flamengo-comemoram-classificacao-para-a-final-da-Copa-do-Brasil.webp\",\"articleSection\":[\"V\u00eddeos\"],\"inLanguage\":\"pt-BR\",\"potentialAction\":[{\"@type\":\"CommentAction\",\"name\":\"Comment\",\"target\":[\"https:\/\/www.gaveanews.com\/index.php\/2022\/09\/15\/torcedor-invade-o-gramado-do-maracana-reacao-do-elenco-do-flamengo-surpreende-e-video-viraliza-assista\/#respond\"]}],\"copyrightYear\":\"2022\",\"copyrightHolder\":{\"@id\":\"https:\/\/www.gaveanews.com\/#organization\"}},{\"@type\":\"WebPage\",\"@id\":\"https:\/\/www.gaveanews.com\/index.php\/2022\/09\/15\/torcedor-invade-o-gramado-do-maracana-reacao-do-elenco-do-flamengo-surpreende-e-video-viraliza-assista\/\",\"url\":\"https:\/\/www.gaveanews.com\/index.php\/2022\/09\/15\/torcedor-invade-o-gramado-do-maracana-reacao-do-elenco-do-flamengo-surpreende-e-video-viraliza-assista\/\",\"name\":\"Torcedor invade o gramado do Maracan\u00e3, rea\u00e7\u00e3o do elenco do Flamengo surpreende e v\u00eddeo viraliza; assista\",\"isPartOf\":{\"@id\":\"https:\/\/www.gaveanews.com\/#website\"},\"primaryImageOfPage\":{\"@id\":\"https:\/\/www.gaveanews.com\/index.php\/2022\/09\/15\/torcedor-invade-o-gramado-do-maracana-reacao-do-elenco-do-flamengo-surpreende-e-video-viraliza-assista\/#primaryimage\"},\"image\":{\"@id\":\"https:\/\/www.gaveanews.com\/index.php\/2022\/09\/15\/torcedor-invade-o-gramado-do-maracana-reacao-do-elenco-do-flamengo-surpreende-e-video-viraliza-assista\/#primaryimage\"},\"thumbnailUrl\":\"https:\/\/www.gaveanews.com\/wp-content\/uploads\/Jogadores-do-Flamengo-comemoram-classificacao-para-a-final-da-Copa-do-Brasil.webp\",\"datePublished\":\"2022-09-15T12:28:14+00:00\",\"dateModified\":\"2022-09-15T12:28:16+00:00\",\"author\":{\"@id\":\"https:\/\/www.gaveanews.com\/#\/schema\/person\/714c67050b836198af2450ba1c142a67\"},\"breadcrumb\":{\"@id\":\"https:\/\/www.gaveanews.com\/index.php\/2022\/09\/15\/torcedor-invade-o-gramado-do-maracana-reacao-do-elenco-do-flamengo-surpreende-e-video-viraliza-assista\/#breadcrumb\"},\"inLanguage\":\"pt-BR\",\"potentialAction\":[{\"@type\":\"ReadAction\",\"target\":[\"https:\/\/www.gaveanews.com\/index.php\/2022\/09\/15\/torcedor-invade-o-gramado-do-maracana-reacao-do-elenco-do-flamengo-surpreende-e-video-viraliza-assista\/\"]}]},{\"@type\":\"ImageObject\",\"inLanguage\":\"pt-BR\",\"@id\":\"https:\/\/www.gaveanews.com\/index.php\/2022\/09\/15\/torcedor-invade-o-gramado-do-maracana-reacao-do-elenco-do-flamengo-surpreende-e-video-viraliza-assista\/#primaryimage\",\"url\":\"https:\/\/www.gaveanews.com\/wp-content\/uploads\/Jogadores-do-Flamengo-comemoram-classificacao-para-a-final-da-Copa-do-Brasil.webp\",\"contentUrl\":\"https:\/\/www.gaveanews.com\/wp-content\/uploads\/Jogadores-do-Flamengo-comemoram-classificacao-para-a-final-da-Copa-do-Brasil.webp\",\"width\":799,\"height\":533,\"caption\":\"Jogadores do Flamengo comemoram classifica\u00e7\u00e3o para a final da Copa do Brasil (Foto: Gilvan de Souza\/Flamengo)\"},{\"@type\":\"BreadcrumbList\",\"@id\":\"https:\/\/www.gaveanews.com\/index.php\/2022\/09\/15\/torcedor-invade-o-gramado-do-maracana-reacao-do-elenco-do-flamengo-surpreende-e-video-viraliza-assista\/#breadcrumb\",\"itemListElement\":[{\"@type\":\"ListItem\",\"position\":1,\"name\":\"Home\",\"item\":\"https:\/\/www.gaveanews.com\/\"},{\"@type\":\"ListItem\",\"position\":2,\"name\":\"Torcedor invade o gramado do Maracan\u00e3, rea\u00e7\u00e3o do elenco do Flamengo surpreende e v\u00eddeo viraliza; assista\"}]},{\"@type\":\"WebSite\",\"@id\":\"https:\/\/www.gaveanews.com\/#website\",\"url\":\"https:\/\/www.gaveanews.com\/\",\"name\":\"G\u00e1vea News\",\"description\":\"Veja todas as not\u00edcias sobre o Flamengo: Contrata\u00e7\u00f5es, categorias de base, resultados das partidas, tabela de classifica\u00e7\u00e3o, pr\u00f3ximos jogos!\",\"potentialAction\":[{\"@type\":\"SearchAction\",\"target\":{\"@type\":\"EntryPoint\",\"urlTemplate\":\"https:\/\/www.gaveanews.com\/?s={search_term_string}\"},\"query-input\":{\"@type\":\"PropertyValueSpecification\",\"valueRequired\":true,\"valueName\":\"search_term_string\"}}],\"inLanguage\":\"pt-BR\"},{\"@type\":\"Person\",\"@id\":\"https:\/\/www.gaveanews.com\/#\/schema\/person\/714c67050b836198af2450ba1c142a67\",\"name\":\"Let\u00edcia Gerheim\",\"image\":{\"@type\":\"ImageObject\",\"inLanguage\":\"pt-BR\",\"@id\":\"https:\/\/www.gaveanews.com\/#\/schema\/person\/image\/\",\"url\":\"https:\/\/secure.gravatar.com\/avatar\/60734739c50fcebfbac509e2a826ccd0ff405c019bc73aab9354f19ecad1dcb4?s=96&d=mm&r=g\",\"contentUrl\":\"https:\/\/secure.gravatar.com\/avatar\/60734739c50fcebfbac509e2a826ccd0ff405c019bc73aab9354f19ecad1dcb4?s=96&d=mm&r=g\",\"caption\":\"Let\u00edcia Gerheim\"}}]}<\/script>\n<!-- \/ Yoast SEO Premium plugin. -->","yoast_head_json":{"title":"Torcedor invade o gramado do Maracan\u00e3, rea\u00e7\u00e3o do elenco do Flamengo surpreende e v\u00eddeo viraliza; assista","robots":{"index":"index","follow":"follow","max-snippet":"max-snippet:-1","max-image-preview":"max-image-preview:large","max-video-preview":"max-video-preview:-1"},"canonical":"https:\/\/www.gaveanews.com\/index.php\/2022\/09\/15\/torcedor-invade-o-gramado-do-maracana-reacao-do-elenco-do-flamengo-surpreende-e-video-viraliza-assista\/","og_locale":"pt_BR","og_type":"article","og_title":"Torcedor invade o gramado do Maracan\u00e3, rea\u00e7\u00e3o do elenco do Flamengo surpreende e v\u00eddeo viraliza; assista","og_description":"Flamengo e S\u00e3o Paulo se encontraram ontem no Maracan\u00e3 para definirem a primeira vaga na final da Copa do Brasil. Atuando desta vez em casa, o Fla, que iniciou a partida com vantagem pela vit\u00f3ria por 3 a 1 no Morumbi, confirmou seu favoritismo e garantiu a classifica\u00e7\u00e3o. Ap\u00f3s o apito final, o elenco rubro-negro [&hellip;]","og_url":"https:\/\/www.gaveanews.com\/index.php\/2022\/09\/15\/torcedor-invade-o-gramado-do-maracana-reacao-do-elenco-do-flamengo-surpreende-e-video-viraliza-assista\/","og_site_name":"G\u00e1vea News","article_publisher":"https:\/\/facebook.com\/gaveaNews\/","article_published_time":"2022-09-15T12:28:14+00:00","article_modified_time":"2022-09-15T12:28:16+00:00","og_image":[{"width":799,"height":533,"url":"https:\/\/www.gaveanews.com\/wp-content\/uploads\/Jogadores-do-Flamengo-comemoram-classificacao-para-a-final-da-Copa-do-Brasil.webp","type":"image\/jpeg"}],"author":"Let\u00edcia Gerheim","twitter_card":"summary_large_image","twitter_misc":{"Escrito por":"Let\u00edcia Gerheim","Est. tempo de leitura":"2 minutos"},"schema":{"@context":"https:\/\/schema.org","@graph":[{"@type":"NewsArticle","@id":"https:\/\/www.gaveanews.com\/index.php\/2022\/09\/15\/torcedor-invade-o-gramado-do-maracana-reacao-do-elenco-do-flamengo-surpreende-e-video-viraliza-assista\/#article","isPartOf":{"@id":"https:\/\/www.gaveanews.com\/index.php\/2022\/09\/15\/torcedor-invade-o-gramado-do-maracana-reacao-do-elenco-do-flamengo-surpreende-e-video-viraliza-assista\/"},"author":{"name":"Let\u00edcia Gerheim","@id":"https:\/\/www.gaveanews.com\/#\/schema\/person\/714c67050b836198af2450ba1c142a67"},"headline":"Torcedor invade o gramado do Maracan\u00e3, rea\u00e7\u00e3o do elenco do Flamengo surpreende e v\u00eddeo viraliza; assista","datePublished":"2022-09-15T12:28:14+00:00","dateModified":"2022-09-15T12:28:16+00:00","mainEntityOfPage":{"@id":"https:\/\/www.gaveanews.com\/index.php\/2022\/09\/15\/torcedor-invade-o-gramado-do-maracana-reacao-do-elenco-do-flamengo-surpreende-e-video-viraliza-assista\/"},"wordCount":278,"commentCount":0,"image":{"@id":"https:\/\/www.gaveanews.com\/index.php\/2022\/09\/15\/torcedor-invade-o-gramado-do-maracana-reacao-do-elenco-do-flamengo-surpreende-e-video-viraliza-assista\/#primaryimage"},"thumbnailUrl":"https:\/\/www.gaveanews.com\/wp-content\/uploads\/Jogadores-do-Flamengo-comemoram-classificacao-para-a-final-da-Copa-do-Brasil.webp","articleSection":["V\u00eddeos"],"inLanguage":"pt-BR","potentialAction":[{"@type":"CommentAction","name":"Comment","target":["https:\/\/www.gaveanews.com\/index.php\/2022\/09\/15\/torcedor-invade-o-gramado-do-maracana-reacao-do-elenco-do-flamengo-surpreende-e-video-viraliza-assista\/#respond"]}],"copyrightYear":"2022","copyrightHolder":{"@id":"https:\/\/www.gaveanews.com\/#organization"}},{"@type":"WebPage","@id":"https:\/\/www.gaveanews.com\/index.php\/2022\/09\/15\/torcedor-invade-o-gramado-do-maracana-reacao-do-elenco-do-flamengo-surpreende-e-video-viraliza-assista\/","url":"https:\/\/www.gaveanews.com\/index.php\/2022\/09\/15\/torcedor-invade-o-gramado-do-maracana-reacao-do-elenco-do-flamengo-surpreende-e-video-viraliza-assista\/","name":"Torcedor invade o gramado do Maracan\u00e3, rea\u00e7\u00e3o do elenco do Flamengo surpreende e v\u00eddeo viraliza; assista","isPartOf":{"@id":"https:\/\/www.gaveanews.com\/#website"},"primaryImageOfPage":{"@id":"https:\/\/www.gaveanews.com\/index.php\/2022\/09\/15\/torcedor-invade-o-gramado-do-maracana-reacao-do-elenco-do-flamengo-surpreende-e-video-viraliza-assista\/#primaryimage"},"image":{"@id":"https:\/\/www.gaveanews.com\/index.php\/2022\/09\/15\/torcedor-invade-o-gramado-do-maracana-reacao-do-elenco-do-flamengo-surpreende-e-video-viraliza-assista\/#primaryimage"},"thumbnailUrl":"https:\/\/www.gaveanews.com\/wp-content\/uploads\/Jogadores-do-Flamengo-comemoram-classificacao-para-a-final-da-Copa-do-Brasil.webp","datePublished":"2022-09-15T12:28:14+00:00","dateModified":"2022-09-15T12:28:16+00:00","author":{"@id":"https:\/\/www.gaveanews.com\/#\/schema\/person\/714c67050b836198af2450ba1c142a67"},"breadcrumb":{"@id":"https:\/\/www.gaveanews.com\/index.php\/2022\/09\/15\/torcedor-invade-o-gramado-do-maracana-reacao-do-elenco-do-flamengo-surpreende-e-video-viraliza-assista\/#breadcrumb"},"inLanguage":"pt-BR","potentialAction":[{"@type":"ReadAction","target":["https:\/\/www.gaveanews.com\/index.php\/2022\/09\/15\/torcedor-invade-o-gramado-do-maracana-reacao-do-elenco-do-flamengo-surpreende-e-video-viraliza-assista\/"]}]},{"@type":"ImageObject","inLanguage":"pt-BR","@id":"https:\/\/www.gaveanews.com\/index.php\/2022\/09\/15\/torcedor-invade-o-gramado-do-maracana-reacao-do-elenco-do-flamengo-surpreende-e-video-viraliza-assista\/#primaryimage","url":"https:\/\/www.gaveanews.com\/wp-content\/uploads\/Jogadores-do-Flamengo-comemoram-classificacao-para-a-final-da-Copa-do-Brasil.webp","contentUrl":"https:\/\/www.gaveanews.com\/wp-content\/uploads\/Jogadores-do-Flamengo-comemoram-classificacao-para-a-final-da-Copa-do-Brasil.webp","width":799,"height":533,"caption":"Jogadores do Flamengo comemoram classifica\u00e7\u00e3o para a final da Copa do Brasil (Foto: Gilvan de Souza\/Flamengo)"},{"@type":"BreadcrumbList","@id":"https:\/\/www.gaveanews.com\/index.php\/2022\/09\/15\/torcedor-invade-o-gramado-do-maracana-reacao-do-elenco-do-flamengo-surpreende-e-video-viraliza-assista\/#breadcrumb","itemListElement":[{"@type":"ListItem","position":1,"name":"Home","item":"https:\/\/www.gaveanews.com\/"},{"@type":"ListItem","position":2,"name":"Torcedor invade o gramado do Maracan\u00e3, rea\u00e7\u00e3o do elenco do Flamengo surpreende e v\u00eddeo viraliza; assista"}]},{"@type":"WebSite","@id":"https:\/\/www.gaveanews.com\/#website","url":"https:\/\/www.gaveanews.com\/","name":"G\u00e1vea News","description":"Veja todas as not\u00edcias sobre o Flamengo: Contrata\u00e7\u00f5es, categorias de base, resultados das partidas, tabela de classifica\u00e7\u00e3o, pr\u00f3ximos jogos!","potentialAction":[{"@type":"SearchAction","target":{"@type":"EntryPoint","urlTemplate":"https:\/\/www.gaveanews.com\/?s={search_term_string}"},"query-input":{"@type":"PropertyValueSpecification","valueRequired":true,"valueName":"search_term_string"}}],"inLanguage":"pt-BR"},{"@type":"Person","@id":"https:\/\/www.gaveanews.com\/#\/schema\/person\/714c67050b836198af2450ba1c142a67","name":"Let\u00edcia Gerheim","image":{"@type":"ImageObject","inLanguage":"pt-BR","@id":"https:\/\/www.gaveanews.com\/#\/schema\/person\/image\/","url":"https:\/\/secure.gravatar.com\/avatar\/60734739c50fcebfbac509e2a826ccd0ff405c019bc73aab9354f19ecad1dcb4?s=96&d=mm&r=g","contentUrl":"https:\/\/secure.gravatar.com\/avatar\/60734739c50fcebfbac509e2a826ccd0ff405c019bc73aab9354f19ecad1dcb4?s=96&d=mm&r=g","caption":"Let\u00edcia Gerheim"}}]}},"_links":{"self":[{"href":"https:\/\/www.gaveanews.com\/index.php\/wp-json\/wp\/v2\/posts\/87404","targetHints":{"allow":["GET"]}}],"collection":[{"href":"https:\/\/www.gaveanews.com\/index.php\/wp-json\/wp\/v2\/posts"}],"about":[{"href":"https:\/\/www.gaveanews.com\/index.php\/wp-json\/wp\/v2\/types\/post"}],"author":[{"embeddable":true,"href":"https:\/\/www.gaveanews.com\/index.php\/wp-json\/wp\/v2\/users\/4"}],"replies":[{"embeddable":true,"href":"https:\/\/www.gaveanews.com\/index.php\/wp-json\/wp\/v2\/comments?post=87404"}],"version-history":[{"count":0,"href":"https:\/\/www.gaveanews.com\/index.php\/wp-json\/wp\/v2\/posts\/87404\/revisions"}],"wp:featuredmedia":[{"embeddable":true,"href":"https:\/\/www.gaveanews.com\/index.php\/wp-json\/wp\/v2\/media\/87408"}],"wp:attachment":[{"href":"https:\/\/www.gaveanews.com\/index.php\/wp-json\/wp\/v2\/media?parent=87404"}],"wp:term":[{"taxonomy":"category","embeddable":true,"href":"https:\/\/www.gaveanews.com\/index.php\/wp-json\/wp\/v2\/categories?post=87404"},{"taxonomy":"post_tag","embeddable":true,"href":"https:\/\/www.gaveanews.com\/index.php\/wp-json\/wp\/v2\/tags?post=87404"}],"curies":[{"name":"wp","href":"https:\/\/api.w.org\/{rel}","templated":true}]}}