{"id":87416,"date":"2022-09-15T12:48:36","date_gmt":"2022-09-15T15:48:36","guid":{"rendered":"https:\/\/www.gaveanews.com\/?p=87416"},"modified":"2022-09-15T12:48:39","modified_gmt":"2022-09-15T15:48:39","slug":"jornalista-aponta-a-possibilidade-de-dorival-jr-sair-do-flamengo","status":"publish","type":"post","link":"https:\/\/www.gaveanews.com\/index.php\/2022\/09\/15\/jornalista-aponta-a-possibilidade-de-dorival-jr-sair-do-flamengo\/","title":{"rendered":"Jornalista aponta a possibilidade de Dorival Jr sair do Flamengo"},"content":{"rendered":"\n<p>Dorival J\u00fanior assumiu o comando do Flamengo no in\u00edcio de junho e classificou a equipe para as finais da Copa do Brasil e Libertadores. Contudo, a perman\u00eancia do treinador ainda n\u00e3o est\u00e1 garantida para a pr\u00f3xima temporada, lembrando que o contrato do comandante \u00e9 v\u00e1lido at\u00e9 dezembro.<\/p>\n\n\n\n<p>Para o jornalista Thiago Asmar, o \u2018Pilhado\u2019, s\u00f3 a conquista da Libertadores contra o Athletico-PR pode garantir a perman\u00eancia de Dorival no Flamengo. Durante o programa \u2018Canelada F.C\u2019, da Jovem Pan, o apresentador lembrou que o treinador ainda \u2018abriu m\u00e3o\u2019 da disputa pelo t\u00edtulo do Brasileir\u00e3o.<\/p>\n\n\n\n<p><em>\u2014 Tem essa situa\u00e7\u00e3o, o Dorival resolveu poupar no Brasileiro. Eu mesmo critiquei, contra Palmeiras e Cear\u00e1. No Brasileiro, eu acho que n\u00e3o deveria ter poupado. Mas se ele ganhar as copas, ningu\u00e9m nem vai lembrar. Agora, se ele perder Libertadores, acho s\u00f3 a Copa do Brasil n\u00e3o vai aliviar pra ele. De verdade<\/em>, disse o Pilhado, que completou:<\/p>\n\n\n\n<p><em>\u2014 A Copa do Brasil \u00e9 legal, \u00e9 um t\u00edtulo bom, mas n\u00e3o suaviza o fato dele ter largado o Brasileiro. Se ele n\u00e3o ganhar a Libertadores e conquistar s\u00f3 a Copa do Brasil, a press\u00e3o vai ser grande. Eu n\u00e3o garanto que ele vai continuar se ganhar s\u00f3 a Copa do Brasil, por exemplo.<\/em><\/p>\n\n\n\n<p>O ex-jogador Vampeta questionou a incerteza em rela\u00e7\u00e3o ao futuro de Dorival J\u00fanior mesmo ap\u00f3s classificar o Flamengo para as finais das copas. \u201c\u00c9 uma coisa de louco. O Dorival chega, pega o Flamengo bagun\u00e7ado e conserta o time. Ele tem 19 jogos de invencibilidade no momento, mas n\u00e3o sabe se vai ficar para a pr\u00f3xima temporada\u201d, avaliou.<\/p>\n\n\n\n<h2 class=\"wp-block-heading\" id=\"h-temporada-do-flamengo\">Temporada do Flamengo:<\/h2>\n\n\n\n<p>Vice-campe\u00e3o da Supercopa do Brasil e do Campeonato Carioca com Paulo Sousa, o Flamengo ganhou f\u00f4lego novo com Dorival J\u00fanior. Se superar o Athletico na Libertadores, o Rubro-Negro conquistar\u00e1 o terceiro t\u00edtulo da competi\u00e7\u00e3o em sua hist\u00f3ria. Ou seja, ir\u00e1 se igualar a Gr\u00eamio, Palmeiras, Santos e S\u00e3o Paulo como um dos times brasileiros que mais vezes ergueram a ta\u00e7a do torneio.<\/p>\n\n\n\n<p>Na Copa do Brasil, o Flamengo pode conquistar o tetracampeonato e se tornar o terceiro time com mais conquistas da competi\u00e7\u00e3o, ao lado do Palmeiras. J\u00e1 no Brasileir\u00e3o, o time caiu da vice-lideran\u00e7a para o terceiro lugar e viu o l\u00edder Palmeiras abrir nove pontos ap\u00f3s a 26\u00aa rodada. Contudo, se conseguir superar a desvantagem, o time comandado por Dorival J\u00fanior pode ser campe\u00e3o pela nova vez.<\/p>\n\n\n\n<p><em>\u2014 Acho que n\u00f3s imagin\u00e1vamos uma melhoria da equipe como um todo, mas n\u00e3o esper\u00e1vamos que tudo acontecesse de maneira t\u00e3o r\u00e1pida. Era certamente uma situa\u00e7\u00e3o dif\u00edcil e complicada em todos os sentidos. Mas um jogo marcante foi justamente na Copa do Brasil em Belo Horizonte, contra o Atl\u00e9tico-MG. (\u2026) Aquela partida marcou porque mostrou possibilidade de crescimento da equipe, foi divisor de \u00e1guas<\/em>, disse o t\u00e9cnico Dorival J\u00fanior ap\u00f3s a vit\u00f3ria sobre o S\u00e3o Paulo.<\/p>\n\n\n\n<p>Retirado de: Torcedores<\/p>\n","protected":false},"excerpt":{"rendered":"<p>Dorival J\u00fanior assumiu o comando do Flamengo no in\u00edcio de junho e classificou a equipe para as finais da Copa do Brasil e Libertadores. Contudo, a perman\u00eancia do treinador ainda n\u00e3o est\u00e1 garantida para a pr\u00f3xima temporada, lembrando que o contrato do comandante \u00e9 v\u00e1lido at\u00e9 dezembro. Para o jornalista Thiago Asmar, o \u2018Pilhado\u2019, s\u00f3 [&hellip;]<\/p>\n","protected":false},"author":1,"featured_media":84790,"comment_status":"open","ping_status":"closed","sticky":false,"template":"","format":"standard","meta":{"footnotes":""},"categories":[1],"tags":[],"class_list":["post-87416","post","type-post","status-publish","format-standard","has-post-thumbnail","hentry","category-flamengo"],"yoast_head":"<!-- This site is optimized with the Yoast SEO Premium plugin v24.2 (Yoast SEO v26.9) - https:\/\/yoast.com\/product\/yoast-seo-premium-wordpress\/ -->\n<title>Jornalista aponta a possibilidade de Dorival Jr sair do Flamengo<\/title>\n<meta name=\"robots\" content=\"index, follow, max-snippet:-1, max-image-preview:large, max-video-preview:-1\" \/>\n<link rel=\"canonical\" href=\"https:\/\/www.gaveanews.com\/index.php\/2022\/09\/15\/jornalista-aponta-a-possibilidade-de-dorival-jr-sair-do-flamengo\/\" \/>\n<meta property=\"og:locale\" content=\"pt_BR\" \/>\n<meta property=\"og:type\" content=\"article\" \/>\n<meta property=\"og:title\" content=\"Jornalista aponta a possibilidade de Dorival Jr sair do Flamengo\" \/>\n<meta property=\"og:description\" content=\"Dorival J\u00fanior assumiu o comando do Flamengo no in\u00edcio de junho e classificou a equipe para as finais da Copa do Brasil e Libertadores. Contudo, a perman\u00eancia do treinador ainda n\u00e3o est\u00e1 garantida para a pr\u00f3xima temporada, lembrando que o contrato do comandante \u00e9 v\u00e1lido at\u00e9 dezembro. Para o jornalista Thiago Asmar, o \u2018Pilhado\u2019, s\u00f3 [&hellip;]\" \/>\n<meta property=\"og:url\" content=\"https:\/\/www.gaveanews.com\/index.php\/2022\/09\/15\/jornalista-aponta-a-possibilidade-de-dorival-jr-sair-do-flamengo\/\" \/>\n<meta property=\"og:site_name\" content=\"G\u00e1vea News\" \/>\n<meta property=\"article:publisher\" content=\"https:\/\/facebook.com\/gaveaNews\/\" \/>\n<meta property=\"article:published_time\" content=\"2022-09-15T15:48:36+00:00\" \/>\n<meta property=\"article:modified_time\" content=\"2022-09-15T15:48:39+00:00\" \/>\n<meta property=\"og:image\" content=\"https:\/\/www.gaveanews.com\/wp-content\/uploads\/Dorival-Junior-comanda-o-Flamengo-no-Maracana.webp\" \/>\n\t<meta property=\"og:image:width\" content=\"799\" \/>\n\t<meta property=\"og:image:height\" content=\"532\" \/>\n\t<meta property=\"og:image:type\" content=\"image\/jpeg\" \/>\n<meta name=\"author\" content=\"Equipe G\u00e1vea News\" \/>\n<meta name=\"twitter:card\" content=\"summary_large_image\" \/>\n<meta name=\"twitter:label1\" content=\"Escrito por\" \/>\n\t<meta name=\"twitter:data1\" content=\"Equipe G\u00e1vea News\" \/>\n\t<meta name=\"twitter:label2\" content=\"Est. tempo de leitura\" \/>\n\t<meta name=\"twitter:data2\" content=\"3 minutos\" \/>\n<script type=\"application\/ld+json\" class=\"yoast-schema-graph\">{\"@context\":\"https:\/\/schema.org\",\"@graph\":[{\"@type\":\"NewsArticle\",\"@id\":\"https:\/\/www.gaveanews.com\/index.php\/2022\/09\/15\/jornalista-aponta-a-possibilidade-de-dorival-jr-sair-do-flamengo\/#article\",\"isPartOf\":{\"@id\":\"https:\/\/www.gaveanews.com\/index.php\/2022\/09\/15\/jornalista-aponta-a-possibilidade-de-dorival-jr-sair-do-flamengo\/\"},\"author\":{\"name\":\"Equipe G\u00e1vea News\",\"@id\":\"https:\/\/www.gaveanews.com\/#\/schema\/person\/2ec14f73fb96be2caf28f91afb14749d\"},\"headline\":\"Jornalista aponta a possibilidade de Dorival Jr sair do Flamengo\",\"datePublished\":\"2022-09-15T15:48:36+00:00\",\"dateModified\":\"2022-09-15T15:48:39+00:00\",\"mainEntityOfPage\":{\"@id\":\"https:\/\/www.gaveanews.com\/index.php\/2022\/09\/15\/jornalista-aponta-a-possibilidade-de-dorival-jr-sair-do-flamengo\/\"},\"wordCount\":532,\"commentCount\":0,\"image\":{\"@id\":\"https:\/\/www.gaveanews.com\/index.php\/2022\/09\/15\/jornalista-aponta-a-possibilidade-de-dorival-jr-sair-do-flamengo\/#primaryimage\"},\"thumbnailUrl\":\"https:\/\/www.gaveanews.com\/wp-content\/uploads\/Dorival-Junior-comanda-o-Flamengo-no-Maracana.webp\",\"articleSection\":[\"Flamengo\"],\"inLanguage\":\"pt-BR\",\"potentialAction\":[{\"@type\":\"CommentAction\",\"name\":\"Comment\",\"target\":[\"https:\/\/www.gaveanews.com\/index.php\/2022\/09\/15\/jornalista-aponta-a-possibilidade-de-dorival-jr-sair-do-flamengo\/#respond\"]}],\"copyrightYear\":\"2022\",\"copyrightHolder\":{\"@id\":\"https:\/\/www.gaveanews.com\/#organization\"}},{\"@type\":\"WebPage\",\"@id\":\"https:\/\/www.gaveanews.com\/index.php\/2022\/09\/15\/jornalista-aponta-a-possibilidade-de-dorival-jr-sair-do-flamengo\/\",\"url\":\"https:\/\/www.gaveanews.com\/index.php\/2022\/09\/15\/jornalista-aponta-a-possibilidade-de-dorival-jr-sair-do-flamengo\/\",\"name\":\"Jornalista aponta a possibilidade de Dorival Jr sair do Flamengo\",\"isPartOf\":{\"@id\":\"https:\/\/www.gaveanews.com\/#website\"},\"primaryImageOfPage\":{\"@id\":\"https:\/\/www.gaveanews.com\/index.php\/2022\/09\/15\/jornalista-aponta-a-possibilidade-de-dorival-jr-sair-do-flamengo\/#primaryimage\"},\"image\":{\"@id\":\"https:\/\/www.gaveanews.com\/index.php\/2022\/09\/15\/jornalista-aponta-a-possibilidade-de-dorival-jr-sair-do-flamengo\/#primaryimage\"},\"thumbnailUrl\":\"https:\/\/www.gaveanews.com\/wp-content\/uploads\/Dorival-Junior-comanda-o-Flamengo-no-Maracana.webp\",\"datePublished\":\"2022-09-15T15:48:36+00:00\",\"dateModified\":\"2022-09-15T15:48:39+00:00\",\"author\":{\"@id\":\"https:\/\/www.gaveanews.com\/#\/schema\/person\/2ec14f73fb96be2caf28f91afb14749d\"},\"breadcrumb\":{\"@id\":\"https:\/\/www.gaveanews.com\/index.php\/2022\/09\/15\/jornalista-aponta-a-possibilidade-de-dorival-jr-sair-do-flamengo\/#breadcrumb\"},\"inLanguage\":\"pt-BR\",\"potentialAction\":[{\"@type\":\"ReadAction\",\"target\":[\"https:\/\/www.gaveanews.com\/index.php\/2022\/09\/15\/jornalista-aponta-a-possibilidade-de-dorival-jr-sair-do-flamengo\/\"]}]},{\"@type\":\"ImageObject\",\"inLanguage\":\"pt-BR\",\"@id\":\"https:\/\/www.gaveanews.com\/index.php\/2022\/09\/15\/jornalista-aponta-a-possibilidade-de-dorival-jr-sair-do-flamengo\/#primaryimage\",\"url\":\"https:\/\/www.gaveanews.com\/wp-content\/uploads\/Dorival-Junior-comanda-o-Flamengo-no-Maracana.webp\",\"contentUrl\":\"https:\/\/www.gaveanews.com\/wp-content\/uploads\/Dorival-Junior-comanda-o-Flamengo-no-Maracana.webp\",\"width\":799,\"height\":532,\"caption\":\"Dorival J\u00fanior comanda o Flamengo no Maracan\u00e3 (Foto: Paula Reis\/Flamengo)\"},{\"@type\":\"BreadcrumbList\",\"@id\":\"https:\/\/www.gaveanews.com\/index.php\/2022\/09\/15\/jornalista-aponta-a-possibilidade-de-dorival-jr-sair-do-flamengo\/#breadcrumb\",\"itemListElement\":[{\"@type\":\"ListItem\",\"position\":1,\"name\":\"Home\",\"item\":\"https:\/\/www.gaveanews.com\/\"},{\"@type\":\"ListItem\",\"position\":2,\"name\":\"Jornalista aponta a possibilidade de Dorival Jr sair do Flamengo\"}]},{\"@type\":\"WebSite\",\"@id\":\"https:\/\/www.gaveanews.com\/#website\",\"url\":\"https:\/\/www.gaveanews.com\/\",\"name\":\"G\u00e1vea News\",\"description\":\"Veja todas as not\u00edcias sobre o Flamengo: Contrata\u00e7\u00f5es, categorias de base, resultados das partidas, tabela de classifica\u00e7\u00e3o, pr\u00f3ximos jogos!\",\"potentialAction\":[{\"@type\":\"SearchAction\",\"target\":{\"@type\":\"EntryPoint\",\"urlTemplate\":\"https:\/\/www.gaveanews.com\/?s={search_term_string}\"},\"query-input\":{\"@type\":\"PropertyValueSpecification\",\"valueRequired\":true,\"valueName\":\"search_term_string\"}}],\"inLanguage\":\"pt-BR\"},{\"@type\":\"Person\",\"@id\":\"https:\/\/www.gaveanews.com\/#\/schema\/person\/2ec14f73fb96be2caf28f91afb14749d\",\"name\":\"Equipe G\u00e1vea News\",\"image\":{\"@type\":\"ImageObject\",\"inLanguage\":\"pt-BR\",\"@id\":\"https:\/\/www.gaveanews.com\/#\/schema\/person\/image\/\",\"url\":\"https:\/\/secure.gravatar.com\/avatar\/1e1956f1facbffd3f8fa53a326721950116b3b9dc9bd44939c01180fd4a745a9?s=96&d=mm&r=g\",\"contentUrl\":\"https:\/\/secure.gravatar.com\/avatar\/1e1956f1facbffd3f8fa53a326721950116b3b9dc9bd44939c01180fd4a745a9?s=96&d=mm&r=g\",\"caption\":\"Equipe G\u00e1vea News\"}}]}<\/script>\n<!-- \/ Yoast SEO Premium plugin. -->","yoast_head_json":{"title":"Jornalista aponta a possibilidade de Dorival Jr sair do Flamengo","robots":{"index":"index","follow":"follow","max-snippet":"max-snippet:-1","max-image-preview":"max-image-preview:large","max-video-preview":"max-video-preview:-1"},"canonical":"https:\/\/www.gaveanews.com\/index.php\/2022\/09\/15\/jornalista-aponta-a-possibilidade-de-dorival-jr-sair-do-flamengo\/","og_locale":"pt_BR","og_type":"article","og_title":"Jornalista aponta a possibilidade de Dorival Jr sair do Flamengo","og_description":"Dorival J\u00fanior assumiu o comando do Flamengo no in\u00edcio de junho e classificou a equipe para as finais da Copa do Brasil e Libertadores. Contudo, a perman\u00eancia do treinador ainda n\u00e3o est\u00e1 garantida para a pr\u00f3xima temporada, lembrando que o contrato do comandante \u00e9 v\u00e1lido at\u00e9 dezembro. Para o jornalista Thiago Asmar, o \u2018Pilhado\u2019, s\u00f3 [&hellip;]","og_url":"https:\/\/www.gaveanews.com\/index.php\/2022\/09\/15\/jornalista-aponta-a-possibilidade-de-dorival-jr-sair-do-flamengo\/","og_site_name":"G\u00e1vea News","article_publisher":"https:\/\/facebook.com\/gaveaNews\/","article_published_time":"2022-09-15T15:48:36+00:00","article_modified_time":"2022-09-15T15:48:39+00:00","og_image":[{"width":799,"height":532,"url":"https:\/\/www.gaveanews.com\/wp-content\/uploads\/Dorival-Junior-comanda-o-Flamengo-no-Maracana.webp","type":"image\/jpeg"}],"author":"Equipe G\u00e1vea News","twitter_card":"summary_large_image","twitter_misc":{"Escrito por":"Equipe G\u00e1vea News","Est. tempo de leitura":"3 minutos"},"schema":{"@context":"https:\/\/schema.org","@graph":[{"@type":"NewsArticle","@id":"https:\/\/www.gaveanews.com\/index.php\/2022\/09\/15\/jornalista-aponta-a-possibilidade-de-dorival-jr-sair-do-flamengo\/#article","isPartOf":{"@id":"https:\/\/www.gaveanews.com\/index.php\/2022\/09\/15\/jornalista-aponta-a-possibilidade-de-dorival-jr-sair-do-flamengo\/"},"author":{"name":"Equipe G\u00e1vea News","@id":"https:\/\/www.gaveanews.com\/#\/schema\/person\/2ec14f73fb96be2caf28f91afb14749d"},"headline":"Jornalista aponta a possibilidade de Dorival Jr sair do Flamengo","datePublished":"2022-09-15T15:48:36+00:00","dateModified":"2022-09-15T15:48:39+00:00","mainEntityOfPage":{"@id":"https:\/\/www.gaveanews.com\/index.php\/2022\/09\/15\/jornalista-aponta-a-possibilidade-de-dorival-jr-sair-do-flamengo\/"},"wordCount":532,"commentCount":0,"image":{"@id":"https:\/\/www.gaveanews.com\/index.php\/2022\/09\/15\/jornalista-aponta-a-possibilidade-de-dorival-jr-sair-do-flamengo\/#primaryimage"},"thumbnailUrl":"https:\/\/www.gaveanews.com\/wp-content\/uploads\/Dorival-Junior-comanda-o-Flamengo-no-Maracana.webp","articleSection":["Flamengo"],"inLanguage":"pt-BR","potentialAction":[{"@type":"CommentAction","name":"Comment","target":["https:\/\/www.gaveanews.com\/index.php\/2022\/09\/15\/jornalista-aponta-a-possibilidade-de-dorival-jr-sair-do-flamengo\/#respond"]}],"copyrightYear":"2022","copyrightHolder":{"@id":"https:\/\/www.gaveanews.com\/#organization"}},{"@type":"WebPage","@id":"https:\/\/www.gaveanews.com\/index.php\/2022\/09\/15\/jornalista-aponta-a-possibilidade-de-dorival-jr-sair-do-flamengo\/","url":"https:\/\/www.gaveanews.com\/index.php\/2022\/09\/15\/jornalista-aponta-a-possibilidade-de-dorival-jr-sair-do-flamengo\/","name":"Jornalista aponta a possibilidade de Dorival Jr sair do Flamengo","isPartOf":{"@id":"https:\/\/www.gaveanews.com\/#website"},"primaryImageOfPage":{"@id":"https:\/\/www.gaveanews.com\/index.php\/2022\/09\/15\/jornalista-aponta-a-possibilidade-de-dorival-jr-sair-do-flamengo\/#primaryimage"},"image":{"@id":"https:\/\/www.gaveanews.com\/index.php\/2022\/09\/15\/jornalista-aponta-a-possibilidade-de-dorival-jr-sair-do-flamengo\/#primaryimage"},"thumbnailUrl":"https:\/\/www.gaveanews.com\/wp-content\/uploads\/Dorival-Junior-comanda-o-Flamengo-no-Maracana.webp","datePublished":"2022-09-15T15:48:36+00:00","dateModified":"2022-09-15T15:48:39+00:00","author":{"@id":"https:\/\/www.gaveanews.com\/#\/schema\/person\/2ec14f73fb96be2caf28f91afb14749d"},"breadcrumb":{"@id":"https:\/\/www.gaveanews.com\/index.php\/2022\/09\/15\/jornalista-aponta-a-possibilidade-de-dorival-jr-sair-do-flamengo\/#breadcrumb"},"inLanguage":"pt-BR","potentialAction":[{"@type":"ReadAction","target":["https:\/\/www.gaveanews.com\/index.php\/2022\/09\/15\/jornalista-aponta-a-possibilidade-de-dorival-jr-sair-do-flamengo\/"]}]},{"@type":"ImageObject","inLanguage":"pt-BR","@id":"https:\/\/www.gaveanews.com\/index.php\/2022\/09\/15\/jornalista-aponta-a-possibilidade-de-dorival-jr-sair-do-flamengo\/#primaryimage","url":"https:\/\/www.gaveanews.com\/wp-content\/uploads\/Dorival-Junior-comanda-o-Flamengo-no-Maracana.webp","contentUrl":"https:\/\/www.gaveanews.com\/wp-content\/uploads\/Dorival-Junior-comanda-o-Flamengo-no-Maracana.webp","width":799,"height":532,"caption":"Dorival J\u00fanior comanda o Flamengo no Maracan\u00e3 (Foto: Paula Reis\/Flamengo)"},{"@type":"BreadcrumbList","@id":"https:\/\/www.gaveanews.com\/index.php\/2022\/09\/15\/jornalista-aponta-a-possibilidade-de-dorival-jr-sair-do-flamengo\/#breadcrumb","itemListElement":[{"@type":"ListItem","position":1,"name":"Home","item":"https:\/\/www.gaveanews.com\/"},{"@type":"ListItem","position":2,"name":"Jornalista aponta a possibilidade de Dorival Jr sair do Flamengo"}]},{"@type":"WebSite","@id":"https:\/\/www.gaveanews.com\/#website","url":"https:\/\/www.gaveanews.com\/","name":"G\u00e1vea News","description":"Veja todas as not\u00edcias sobre o Flamengo: Contrata\u00e7\u00f5es, categorias de base, resultados das partidas, tabela de classifica\u00e7\u00e3o, pr\u00f3ximos jogos!","potentialAction":[{"@type":"SearchAction","target":{"@type":"EntryPoint","urlTemplate":"https:\/\/www.gaveanews.com\/?s={search_term_string}"},"query-input":{"@type":"PropertyValueSpecification","valueRequired":true,"valueName":"search_term_string"}}],"inLanguage":"pt-BR"},{"@type":"Person","@id":"https:\/\/www.gaveanews.com\/#\/schema\/person\/2ec14f73fb96be2caf28f91afb14749d","name":"Equipe G\u00e1vea News","image":{"@type":"ImageObject","inLanguage":"pt-BR","@id":"https:\/\/www.gaveanews.com\/#\/schema\/person\/image\/","url":"https:\/\/secure.gravatar.com\/avatar\/1e1956f1facbffd3f8fa53a326721950116b3b9dc9bd44939c01180fd4a745a9?s=96&d=mm&r=g","contentUrl":"https:\/\/secure.gravatar.com\/avatar\/1e1956f1facbffd3f8fa53a326721950116b3b9dc9bd44939c01180fd4a745a9?s=96&d=mm&r=g","caption":"Equipe G\u00e1vea News"}}]}},"_links":{"self":[{"href":"https:\/\/www.gaveanews.com\/index.php\/wp-json\/wp\/v2\/posts\/87416","targetHints":{"allow":["GET"]}}],"collection":[{"href":"https:\/\/www.gaveanews.com\/index.php\/wp-json\/wp\/v2\/posts"}],"about":[{"href":"https:\/\/www.gaveanews.com\/index.php\/wp-json\/wp\/v2\/types\/post"}],"author":[{"embeddable":true,"href":"https:\/\/www.gaveanews.com\/index.php\/wp-json\/wp\/v2\/users\/1"}],"replies":[{"embeddable":true,"href":"https:\/\/www.gaveanews.com\/index.php\/wp-json\/wp\/v2\/comments?post=87416"}],"version-history":[{"count":0,"href":"https:\/\/www.gaveanews.com\/index.php\/wp-json\/wp\/v2\/posts\/87416\/revisions"}],"wp:featuredmedia":[{"embeddable":true,"href":"https:\/\/www.gaveanews.com\/index.php\/wp-json\/wp\/v2\/media\/84790"}],"wp:attachment":[{"href":"https:\/\/www.gaveanews.com\/index.php\/wp-json\/wp\/v2\/media?parent=87416"}],"wp:term":[{"taxonomy":"category","embeddable":true,"href":"https:\/\/www.gaveanews.com\/index.php\/wp-json\/wp\/v2\/categories?post=87416"},{"taxonomy":"post_tag","embeddable":true,"href":"https:\/\/www.gaveanews.com\/index.php\/wp-json\/wp\/v2\/tags?post=87416"}],"curies":[{"name":"wp","href":"https:\/\/api.w.org\/{rel}","templated":true}]}}