{"id":87418,"date":"2022-09-15T12:51:32","date_gmt":"2022-09-15T15:51:32","guid":{"rendered":"https:\/\/www.gaveanews.com\/?p=87418"},"modified":"2022-09-15T12:51:35","modified_gmt":"2022-09-15T15:51:35","slug":"conmebol-define-carga-de-ingressos-para-flamengo-e-athletico-pr-na-libertadores","status":"publish","type":"post","link":"https:\/\/www.gaveanews.com\/index.php\/2022\/09\/15\/conmebol-define-carga-de-ingressos-para-flamengo-e-athletico-pr-na-libertadores\/","title":{"rendered":"Conmebol define carga de ingressos para Flamengo e Athletico-PR na Libertadores"},"content":{"rendered":"\n<p>A Conmebol definiu qual ser\u00e1 a carga de ingressos destinados exclusivamente para as torcidas de Flamengo e Athletico na final da Copa Libertadores. De acordo com o \u201cUOL\u201d, a Entidade j\u00e1 teria informado aos clubes que cada um ter\u00e1 entre 10 mil e 11 mil entradas para os setores atr\u00e1s dos gols do Est\u00e1dio Monumental de Guayaquil, palco da decis\u00e3o no dia 29 de outubro.<\/p>\n\n\n\n<p>No entanto, os setores atr\u00e1s dos gols t\u00eam capacidade para 12.400 pessoas cada. Mas a Conmebol n\u00e3o vai liberar a totalidade dos lugares no come\u00e7o. De acordo com a reportagem, a Entidade deve fazer uma reserva e pode liberar de acordo com a demanda. No outros setores do est\u00e1dio, os ingressos s\u00e3o para o p\u00fablico em geral.<\/p>\n\n\n\n<p>Na \u00faltima quarta-feira, a Conmebol iniciou um cadastro online para os torcedores que quiserem ir \u00e0 final da Copa Libertadores, entre Flamengo e Athletico-PR. Os torcedores precisam se cadastrar no endere\u00e7o registrolibertadores.eleventickets.com. A venda dos ingressos, no entanto, ser\u00e1 gerenciada pelos clubes finalistas. Os pre\u00e7os ainda n\u00e3o foram divulgados. Nos setores destinados aos clube, Flamengo e Athletico definem as prioridades na comercializa\u00e7\u00e3o.<\/p>\n\n\n\n<figure class=\"wp-block-image size-large\"><img decoding=\"async\" src=\"https:\/\/jogada10.com.br\/wp-content\/uploads\/2022\/07\/barcelona-sc-v-flamengo-copa-conmebol-libertadores-2021-3-1536x1024.webp\" alt=\"\"\/><figcaption>Est\u00e1dio Monumental de Guayaquil ser\u00e1 palco da final da Libertadores (Foto: Franklin Jacome\/Getty Images)<\/figcaption><\/figure>\n\n\n\n<h2 class=\"wp-block-heading\" id=\"h-reunioes-em-andamento\">Reuni\u00f5es em andamento<\/h2>\n\n\n\n<p>Depois da defini\u00e7\u00e3o dos dois finalistas, a Conmebol come\u00e7ou as reuni\u00f5es com Flamengo e Athletico para acertar os detalhes da log\u00edstica para a decis\u00e3o. Mas as conversas ainda est\u00e3o em andamento.<\/p>\n\n\n\n<p>O Est\u00e1dio Monumental tem capacidade para 57 mil pessoas, mas ainda n\u00e3o h\u00e1 defini\u00e7\u00e3o sobre qual ser\u00e1 a carga total de ingressos para a final da Libertadores. Tamb\u00e9m ainda n\u00e3o h\u00e1 uma confirma\u00e7\u00e3o sobre a divis\u00e3o das receitas. Nos \u00faltimos anos de final \u00fanica, cada clube ficava com 25%, enquanto o restante era destinado para a Conmebol. No entanto, a Entidade est\u00e1 estudando uma mudan\u00e7a nesta divis\u00e3o.<\/p>\n\n\n\n<p>Retirado de: Jogada 10<\/p>\n","protected":false},"excerpt":{"rendered":"<p>A Conmebol definiu qual ser\u00e1 a carga de ingressos destinados exclusivamente para as torcidas de Flamengo e Athletico na final da Copa Libertadores. De acordo com o \u201cUOL\u201d, a Entidade j\u00e1 teria informado aos clubes que cada um ter\u00e1 entre 10 mil e 11 mil entradas para os setores atr\u00e1s dos gols do Est\u00e1dio Monumental [&hellip;]<\/p>\n","protected":false},"author":1,"featured_media":35738,"comment_status":"open","ping_status":"closed","sticky":false,"template":"","format":"standard","meta":{"footnotes":""},"categories":[1],"tags":[],"class_list":["post-87418","post","type-post","status-publish","format-standard","has-post-thumbnail","hentry","category-flamengo"],"yoast_head":"<!-- This site is optimized with the Yoast SEO Premium plugin v24.2 (Yoast SEO v26.9) - https:\/\/yoast.com\/product\/yoast-seo-premium-wordpress\/ -->\n<title>Conmebol define carga de ingressos para Flamengo e Athletico-PR na Libertadores<\/title>\n<meta name=\"robots\" content=\"index, follow, max-snippet:-1, max-image-preview:large, max-video-preview:-1\" \/>\n<link rel=\"canonical\" href=\"https:\/\/www.gaveanews.com\/index.php\/2022\/09\/15\/conmebol-define-carga-de-ingressos-para-flamengo-e-athletico-pr-na-libertadores\/\" \/>\n<meta property=\"og:locale\" content=\"pt_BR\" \/>\n<meta property=\"og:type\" content=\"article\" \/>\n<meta property=\"og:title\" content=\"Conmebol define carga de ingressos para Flamengo e Athletico-PR na Libertadores\" \/>\n<meta property=\"og:description\" content=\"A Conmebol definiu qual ser\u00e1 a carga de ingressos destinados exclusivamente para as torcidas de Flamengo e Athletico na final da Copa Libertadores. De acordo com o \u201cUOL\u201d, a Entidade j\u00e1 teria informado aos clubes que cada um ter\u00e1 entre 10 mil e 11 mil entradas para os setores atr\u00e1s dos gols do Est\u00e1dio Monumental [&hellip;]\" \/>\n<meta property=\"og:url\" content=\"https:\/\/www.gaveanews.com\/index.php\/2022\/09\/15\/conmebol-define-carga-de-ingressos-para-flamengo-e-athletico-pr-na-libertadores\/\" \/>\n<meta property=\"og:site_name\" content=\"G\u00e1vea News\" \/>\n<meta property=\"article:publisher\" content=\"https:\/\/facebook.com\/gaveaNews\/\" \/>\n<meta property=\"article:published_time\" content=\"2022-09-15T15:51:32+00:00\" \/>\n<meta property=\"article:modified_time\" content=\"2022-09-15T15:51:35+00:00\" \/>\n<meta property=\"og:image\" content=\"https:\/\/www.gaveanews.com\/wp-content\/uploads\/Logomarca-da-Conmebol.webp\" \/>\n\t<meta property=\"og:image:width\" content=\"1162\" \/>\n\t<meta property=\"og:image:height\" content=\"751\" \/>\n\t<meta property=\"og:image:type\" content=\"image\/jpeg\" \/>\n<meta name=\"author\" content=\"Equipe G\u00e1vea News\" \/>\n<meta name=\"twitter:card\" content=\"summary_large_image\" \/>\n<meta name=\"twitter:label1\" content=\"Escrito por\" \/>\n\t<meta name=\"twitter:data1\" content=\"Equipe G\u00e1vea News\" \/>\n\t<meta name=\"twitter:label2\" content=\"Est. tempo de leitura\" \/>\n\t<meta name=\"twitter:data2\" content=\"2 minutos\" \/>\n<script type=\"application\/ld+json\" class=\"yoast-schema-graph\">{\"@context\":\"https:\/\/schema.org\",\"@graph\":[{\"@type\":\"NewsArticle\",\"@id\":\"https:\/\/www.gaveanews.com\/index.php\/2022\/09\/15\/conmebol-define-carga-de-ingressos-para-flamengo-e-athletico-pr-na-libertadores\/#article\",\"isPartOf\":{\"@id\":\"https:\/\/www.gaveanews.com\/index.php\/2022\/09\/15\/conmebol-define-carga-de-ingressos-para-flamengo-e-athletico-pr-na-libertadores\/\"},\"author\":{\"name\":\"Equipe G\u00e1vea News\",\"@id\":\"https:\/\/www.gaveanews.com\/#\/schema\/person\/2ec14f73fb96be2caf28f91afb14749d\"},\"headline\":\"Conmebol define carga de ingressos para Flamengo e Athletico-PR na Libertadores\",\"datePublished\":\"2022-09-15T15:51:32+00:00\",\"dateModified\":\"2022-09-15T15:51:35+00:00\",\"mainEntityOfPage\":{\"@id\":\"https:\/\/www.gaveanews.com\/index.php\/2022\/09\/15\/conmebol-define-carga-de-ingressos-para-flamengo-e-athletico-pr-na-libertadores\/\"},\"wordCount\":340,\"commentCount\":0,\"image\":{\"@id\":\"https:\/\/www.gaveanews.com\/index.php\/2022\/09\/15\/conmebol-define-carga-de-ingressos-para-flamengo-e-athletico-pr-na-libertadores\/#primaryimage\"},\"thumbnailUrl\":\"https:\/\/www.gaveanews.com\/wp-content\/uploads\/Logomarca-da-Conmebol.webp\",\"articleSection\":[\"Flamengo\"],\"inLanguage\":\"pt-BR\",\"potentialAction\":[{\"@type\":\"CommentAction\",\"name\":\"Comment\",\"target\":[\"https:\/\/www.gaveanews.com\/index.php\/2022\/09\/15\/conmebol-define-carga-de-ingressos-para-flamengo-e-athletico-pr-na-libertadores\/#respond\"]}],\"copyrightYear\":\"2022\",\"copyrightHolder\":{\"@id\":\"https:\/\/www.gaveanews.com\/#organization\"}},{\"@type\":\"WebPage\",\"@id\":\"https:\/\/www.gaveanews.com\/index.php\/2022\/09\/15\/conmebol-define-carga-de-ingressos-para-flamengo-e-athletico-pr-na-libertadores\/\",\"url\":\"https:\/\/www.gaveanews.com\/index.php\/2022\/09\/15\/conmebol-define-carga-de-ingressos-para-flamengo-e-athletico-pr-na-libertadores\/\",\"name\":\"Conmebol define carga de ingressos para Flamengo e Athletico-PR na Libertadores\",\"isPartOf\":{\"@id\":\"https:\/\/www.gaveanews.com\/#website\"},\"primaryImageOfPage\":{\"@id\":\"https:\/\/www.gaveanews.com\/index.php\/2022\/09\/15\/conmebol-define-carga-de-ingressos-para-flamengo-e-athletico-pr-na-libertadores\/#primaryimage\"},\"image\":{\"@id\":\"https:\/\/www.gaveanews.com\/index.php\/2022\/09\/15\/conmebol-define-carga-de-ingressos-para-flamengo-e-athletico-pr-na-libertadores\/#primaryimage\"},\"thumbnailUrl\":\"https:\/\/www.gaveanews.com\/wp-content\/uploads\/Logomarca-da-Conmebol.webp\",\"datePublished\":\"2022-09-15T15:51:32+00:00\",\"dateModified\":\"2022-09-15T15:51:35+00:00\",\"author\":{\"@id\":\"https:\/\/www.gaveanews.com\/#\/schema\/person\/2ec14f73fb96be2caf28f91afb14749d\"},\"breadcrumb\":{\"@id\":\"https:\/\/www.gaveanews.com\/index.php\/2022\/09\/15\/conmebol-define-carga-de-ingressos-para-flamengo-e-athletico-pr-na-libertadores\/#breadcrumb\"},\"inLanguage\":\"pt-BR\",\"potentialAction\":[{\"@type\":\"ReadAction\",\"target\":[\"https:\/\/www.gaveanews.com\/index.php\/2022\/09\/15\/conmebol-define-carga-de-ingressos-para-flamengo-e-athletico-pr-na-libertadores\/\"]}]},{\"@type\":\"ImageObject\",\"inLanguage\":\"pt-BR\",\"@id\":\"https:\/\/www.gaveanews.com\/index.php\/2022\/09\/15\/conmebol-define-carga-de-ingressos-para-flamengo-e-athletico-pr-na-libertadores\/#primaryimage\",\"url\":\"https:\/\/www.gaveanews.com\/wp-content\/uploads\/Logomarca-da-Conmebol.webp\",\"contentUrl\":\"https:\/\/www.gaveanews.com\/wp-content\/uploads\/Logomarca-da-Conmebol.webp\",\"width\":1162,\"height\":751},{\"@type\":\"BreadcrumbList\",\"@id\":\"https:\/\/www.gaveanews.com\/index.php\/2022\/09\/15\/conmebol-define-carga-de-ingressos-para-flamengo-e-athletico-pr-na-libertadores\/#breadcrumb\",\"itemListElement\":[{\"@type\":\"ListItem\",\"position\":1,\"name\":\"Home\",\"item\":\"https:\/\/www.gaveanews.com\/\"},{\"@type\":\"ListItem\",\"position\":2,\"name\":\"Conmebol define carga de ingressos para Flamengo e Athletico-PR na Libertadores\"}]},{\"@type\":\"WebSite\",\"@id\":\"https:\/\/www.gaveanews.com\/#website\",\"url\":\"https:\/\/www.gaveanews.com\/\",\"name\":\"G\u00e1vea News\",\"description\":\"Veja todas as not\u00edcias sobre o Flamengo: Contrata\u00e7\u00f5es, categorias de base, resultados das partidas, tabela de classifica\u00e7\u00e3o, pr\u00f3ximos jogos!\",\"potentialAction\":[{\"@type\":\"SearchAction\",\"target\":{\"@type\":\"EntryPoint\",\"urlTemplate\":\"https:\/\/www.gaveanews.com\/?s={search_term_string}\"},\"query-input\":{\"@type\":\"PropertyValueSpecification\",\"valueRequired\":true,\"valueName\":\"search_term_string\"}}],\"inLanguage\":\"pt-BR\"},{\"@type\":\"Person\",\"@id\":\"https:\/\/www.gaveanews.com\/#\/schema\/person\/2ec14f73fb96be2caf28f91afb14749d\",\"name\":\"Equipe G\u00e1vea News\",\"image\":{\"@type\":\"ImageObject\",\"inLanguage\":\"pt-BR\",\"@id\":\"https:\/\/www.gaveanews.com\/#\/schema\/person\/image\/\",\"url\":\"https:\/\/secure.gravatar.com\/avatar\/1e1956f1facbffd3f8fa53a326721950116b3b9dc9bd44939c01180fd4a745a9?s=96&d=mm&r=g\",\"contentUrl\":\"https:\/\/secure.gravatar.com\/avatar\/1e1956f1facbffd3f8fa53a326721950116b3b9dc9bd44939c01180fd4a745a9?s=96&d=mm&r=g\",\"caption\":\"Equipe G\u00e1vea News\"}}]}<\/script>\n<!-- \/ Yoast SEO Premium plugin. -->","yoast_head_json":{"title":"Conmebol define carga de ingressos para Flamengo e Athletico-PR na Libertadores","robots":{"index":"index","follow":"follow","max-snippet":"max-snippet:-1","max-image-preview":"max-image-preview:large","max-video-preview":"max-video-preview:-1"},"canonical":"https:\/\/www.gaveanews.com\/index.php\/2022\/09\/15\/conmebol-define-carga-de-ingressos-para-flamengo-e-athletico-pr-na-libertadores\/","og_locale":"pt_BR","og_type":"article","og_title":"Conmebol define carga de ingressos para Flamengo e Athletico-PR na Libertadores","og_description":"A Conmebol definiu qual ser\u00e1 a carga de ingressos destinados exclusivamente para as torcidas de Flamengo e Athletico na final da Copa Libertadores. De acordo com o \u201cUOL\u201d, a Entidade j\u00e1 teria informado aos clubes que cada um ter\u00e1 entre 10 mil e 11 mil entradas para os setores atr\u00e1s dos gols do Est\u00e1dio Monumental [&hellip;]","og_url":"https:\/\/www.gaveanews.com\/index.php\/2022\/09\/15\/conmebol-define-carga-de-ingressos-para-flamengo-e-athletico-pr-na-libertadores\/","og_site_name":"G\u00e1vea News","article_publisher":"https:\/\/facebook.com\/gaveaNews\/","article_published_time":"2022-09-15T15:51:32+00:00","article_modified_time":"2022-09-15T15:51:35+00:00","og_image":[{"width":1162,"height":751,"url":"https:\/\/www.gaveanews.com\/wp-content\/uploads\/Logomarca-da-Conmebol.webp","type":"image\/jpeg"}],"author":"Equipe G\u00e1vea News","twitter_card":"summary_large_image","twitter_misc":{"Escrito por":"Equipe G\u00e1vea News","Est. tempo de leitura":"2 minutos"},"schema":{"@context":"https:\/\/schema.org","@graph":[{"@type":"NewsArticle","@id":"https:\/\/www.gaveanews.com\/index.php\/2022\/09\/15\/conmebol-define-carga-de-ingressos-para-flamengo-e-athletico-pr-na-libertadores\/#article","isPartOf":{"@id":"https:\/\/www.gaveanews.com\/index.php\/2022\/09\/15\/conmebol-define-carga-de-ingressos-para-flamengo-e-athletico-pr-na-libertadores\/"},"author":{"name":"Equipe G\u00e1vea News","@id":"https:\/\/www.gaveanews.com\/#\/schema\/person\/2ec14f73fb96be2caf28f91afb14749d"},"headline":"Conmebol define carga de ingressos para Flamengo e Athletico-PR na Libertadores","datePublished":"2022-09-15T15:51:32+00:00","dateModified":"2022-09-15T15:51:35+00:00","mainEntityOfPage":{"@id":"https:\/\/www.gaveanews.com\/index.php\/2022\/09\/15\/conmebol-define-carga-de-ingressos-para-flamengo-e-athletico-pr-na-libertadores\/"},"wordCount":340,"commentCount":0,"image":{"@id":"https:\/\/www.gaveanews.com\/index.php\/2022\/09\/15\/conmebol-define-carga-de-ingressos-para-flamengo-e-athletico-pr-na-libertadores\/#primaryimage"},"thumbnailUrl":"https:\/\/www.gaveanews.com\/wp-content\/uploads\/Logomarca-da-Conmebol.webp","articleSection":["Flamengo"],"inLanguage":"pt-BR","potentialAction":[{"@type":"CommentAction","name":"Comment","target":["https:\/\/www.gaveanews.com\/index.php\/2022\/09\/15\/conmebol-define-carga-de-ingressos-para-flamengo-e-athletico-pr-na-libertadores\/#respond"]}],"copyrightYear":"2022","copyrightHolder":{"@id":"https:\/\/www.gaveanews.com\/#organization"}},{"@type":"WebPage","@id":"https:\/\/www.gaveanews.com\/index.php\/2022\/09\/15\/conmebol-define-carga-de-ingressos-para-flamengo-e-athletico-pr-na-libertadores\/","url":"https:\/\/www.gaveanews.com\/index.php\/2022\/09\/15\/conmebol-define-carga-de-ingressos-para-flamengo-e-athletico-pr-na-libertadores\/","name":"Conmebol define carga de ingressos para Flamengo e Athletico-PR na Libertadores","isPartOf":{"@id":"https:\/\/www.gaveanews.com\/#website"},"primaryImageOfPage":{"@id":"https:\/\/www.gaveanews.com\/index.php\/2022\/09\/15\/conmebol-define-carga-de-ingressos-para-flamengo-e-athletico-pr-na-libertadores\/#primaryimage"},"image":{"@id":"https:\/\/www.gaveanews.com\/index.php\/2022\/09\/15\/conmebol-define-carga-de-ingressos-para-flamengo-e-athletico-pr-na-libertadores\/#primaryimage"},"thumbnailUrl":"https:\/\/www.gaveanews.com\/wp-content\/uploads\/Logomarca-da-Conmebol.webp","datePublished":"2022-09-15T15:51:32+00:00","dateModified":"2022-09-15T15:51:35+00:00","author":{"@id":"https:\/\/www.gaveanews.com\/#\/schema\/person\/2ec14f73fb96be2caf28f91afb14749d"},"breadcrumb":{"@id":"https:\/\/www.gaveanews.com\/index.php\/2022\/09\/15\/conmebol-define-carga-de-ingressos-para-flamengo-e-athletico-pr-na-libertadores\/#breadcrumb"},"inLanguage":"pt-BR","potentialAction":[{"@type":"ReadAction","target":["https:\/\/www.gaveanews.com\/index.php\/2022\/09\/15\/conmebol-define-carga-de-ingressos-para-flamengo-e-athletico-pr-na-libertadores\/"]}]},{"@type":"ImageObject","inLanguage":"pt-BR","@id":"https:\/\/www.gaveanews.com\/index.php\/2022\/09\/15\/conmebol-define-carga-de-ingressos-para-flamengo-e-athletico-pr-na-libertadores\/#primaryimage","url":"https:\/\/www.gaveanews.com\/wp-content\/uploads\/Logomarca-da-Conmebol.webp","contentUrl":"https:\/\/www.gaveanews.com\/wp-content\/uploads\/Logomarca-da-Conmebol.webp","width":1162,"height":751},{"@type":"BreadcrumbList","@id":"https:\/\/www.gaveanews.com\/index.php\/2022\/09\/15\/conmebol-define-carga-de-ingressos-para-flamengo-e-athletico-pr-na-libertadores\/#breadcrumb","itemListElement":[{"@type":"ListItem","position":1,"name":"Home","item":"https:\/\/www.gaveanews.com\/"},{"@type":"ListItem","position":2,"name":"Conmebol define carga de ingressos para Flamengo e Athletico-PR na Libertadores"}]},{"@type":"WebSite","@id":"https:\/\/www.gaveanews.com\/#website","url":"https:\/\/www.gaveanews.com\/","name":"G\u00e1vea News","description":"Veja todas as not\u00edcias sobre o Flamengo: Contrata\u00e7\u00f5es, categorias de base, resultados das partidas, tabela de classifica\u00e7\u00e3o, pr\u00f3ximos jogos!","potentialAction":[{"@type":"SearchAction","target":{"@type":"EntryPoint","urlTemplate":"https:\/\/www.gaveanews.com\/?s={search_term_string}"},"query-input":{"@type":"PropertyValueSpecification","valueRequired":true,"valueName":"search_term_string"}}],"inLanguage":"pt-BR"},{"@type":"Person","@id":"https:\/\/www.gaveanews.com\/#\/schema\/person\/2ec14f73fb96be2caf28f91afb14749d","name":"Equipe G\u00e1vea News","image":{"@type":"ImageObject","inLanguage":"pt-BR","@id":"https:\/\/www.gaveanews.com\/#\/schema\/person\/image\/","url":"https:\/\/secure.gravatar.com\/avatar\/1e1956f1facbffd3f8fa53a326721950116b3b9dc9bd44939c01180fd4a745a9?s=96&d=mm&r=g","contentUrl":"https:\/\/secure.gravatar.com\/avatar\/1e1956f1facbffd3f8fa53a326721950116b3b9dc9bd44939c01180fd4a745a9?s=96&d=mm&r=g","caption":"Equipe G\u00e1vea News"}}]}},"_links":{"self":[{"href":"https:\/\/www.gaveanews.com\/index.php\/wp-json\/wp\/v2\/posts\/87418","targetHints":{"allow":["GET"]}}],"collection":[{"href":"https:\/\/www.gaveanews.com\/index.php\/wp-json\/wp\/v2\/posts"}],"about":[{"href":"https:\/\/www.gaveanews.com\/index.php\/wp-json\/wp\/v2\/types\/post"}],"author":[{"embeddable":true,"href":"https:\/\/www.gaveanews.com\/index.php\/wp-json\/wp\/v2\/users\/1"}],"replies":[{"embeddable":true,"href":"https:\/\/www.gaveanews.com\/index.php\/wp-json\/wp\/v2\/comments?post=87418"}],"version-history":[{"count":0,"href":"https:\/\/www.gaveanews.com\/index.php\/wp-json\/wp\/v2\/posts\/87418\/revisions"}],"wp:featuredmedia":[{"embeddable":true,"href":"https:\/\/www.gaveanews.com\/index.php\/wp-json\/wp\/v2\/media\/35738"}],"wp:attachment":[{"href":"https:\/\/www.gaveanews.com\/index.php\/wp-json\/wp\/v2\/media?parent=87418"}],"wp:term":[{"taxonomy":"category","embeddable":true,"href":"https:\/\/www.gaveanews.com\/index.php\/wp-json\/wp\/v2\/categories?post=87418"},{"taxonomy":"post_tag","embeddable":true,"href":"https:\/\/www.gaveanews.com\/index.php\/wp-json\/wp\/v2\/tags?post=87418"}],"curies":[{"name":"wp","href":"https:\/\/api.w.org\/{rel}","templated":true}]}}