{"id":87428,"date":"2022-09-15T15:00:53","date_gmt":"2022-09-15T18:00:53","guid":{"rendered":"https:\/\/www.gaveanews.com\/?p=87428"},"modified":"2022-09-15T15:00:55","modified_gmt":"2022-09-15T18:00:55","slug":"flamengo-x-sao-paulo-sao-paulino-leva-filho-rubro-negro-ao-maracana-pela-primeira-vez","status":"publish","type":"post","link":"https:\/\/www.gaveanews.com\/index.php\/2022\/09\/15\/flamengo-x-sao-paulo-sao-paulino-leva-filho-rubro-negro-ao-maracana-pela-primeira-vez\/","title":{"rendered":"Flamengo x S\u00e3o Paulo: S\u00e3o paulino leva filho rubro-negro ao Maracan\u00e3 pela primeira vez"},"content":{"rendered":"\n<p>O amor entre pai e filho os fez dividir o mesmo nome, Alessandro, mas n\u00e3o a paix\u00e3o pelo mesmo clube. A semifinal da Copa do Brasil fez o pai, torcedor do S\u00e3o Paulo, levar o filho, torcedor do Flamengo, pela primeira vez ao Maracan\u00e3. E, claro, os dois desembarcaram com expectativas diferentes.<\/p>\n\n\n\n<p>Os dois fizeram parte da caravana que saiu da capital paulista \u00e0s 10h e chegaram ao est\u00e1dio pr\u00f3ximo da hora do jogo. Alessandro, de oito anos, se reconheceu como rubro-negro a partir da final da Libertadores de 2019, quando o time da G\u00e1vea bateu o River Plate, da Argentina, por 2 a 1, de virada.<\/p>\n\n\n\n<p><em>\u2014 [O Flamengo] Est\u00e1 jogando muito. \u00c9 meu time para sempre. [Virei] Em 2019, com aqueles dois gols do Gabigol<\/em>, disse o menino, que tem uma irm\u00e3 g\u00eamea, Ana J\u00falia, que torce para o clube do Morumbi.<\/p>\n\n\n\n<figure class=\"wp-block-image size-large\"><img decoding=\"async\" src=\"https:\/\/www.flaresenha.com\/wp-content\/uploads\/2022\/09\/20220915041840-cats.webp\" alt=\"\"\/><figcaption>(Foto: Reprodu\u00e7\u00e3o)<\/figcaption><\/figure>\n\n\n\n<p>O pai, inclusive, realizou um sonho do filho, em formato de presente de anivers\u00e1rio: <\/p>\n\n\n\n<p><em>\u2014 \u00c9 a primeira vez dele no Maracan\u00e3. Eu j\u00e1 vim v\u00e1rias vezes, mas ele nunca tinha vindo. Como est\u00e1 nas v\u00e9speras do anivers\u00e1rio, trouxe ele, que tinha tinha essa vontade de conhecer o est\u00e1dio, ainda mais em uma semifinal como essa<\/em>, apontou.<\/p>\n\n\n\n<p><em>\u2014 O cora\u00e7\u00e3o dele tamb\u00e9m \u00e9 um pouco S\u00e3o Paulo (risos). Ainda mais que h\u00e1 uma alian\u00e7a entre as torcidas [organizadas]<\/em>, completou.<\/p>\n\n\n\n<p>Retirado de: UOL<\/p>\n","protected":false},"excerpt":{"rendered":"<p>O amor entre pai e filho os fez dividir o mesmo nome, Alessandro, mas n\u00e3o a paix\u00e3o pelo mesmo clube. A semifinal da Copa do Brasil fez o pai, torcedor do S\u00e3o Paulo, levar o filho, torcedor do Flamengo, pela primeira vez ao Maracan\u00e3. E, claro, os dois desembarcaram com expectativas diferentes. Os dois fizeram [&hellip;]<\/p>\n","protected":false},"author":1,"featured_media":84750,"comment_status":"open","ping_status":"closed","sticky":false,"template":"","format":"standard","meta":{"footnotes":""},"categories":[1],"tags":[],"class_list":["post-87428","post","type-post","status-publish","format-standard","has-post-thumbnail","hentry","category-flamengo"],"yoast_head":"<!-- This site is optimized with the Yoast SEO Premium plugin v24.2 (Yoast SEO v26.9) - https:\/\/yoast.com\/product\/yoast-seo-premium-wordpress\/ -->\n<title>Flamengo x S\u00e3o Paulo: S\u00e3o paulino leva filho rubro-negro ao Maracan\u00e3 pela primeira vez<\/title>\n<meta name=\"robots\" content=\"index, follow, max-snippet:-1, max-image-preview:large, max-video-preview:-1\" \/>\n<link rel=\"canonical\" href=\"https:\/\/www.gaveanews.com\/index.php\/2022\/09\/15\/flamengo-x-sao-paulo-sao-paulino-leva-filho-rubro-negro-ao-maracana-pela-primeira-vez\/\" \/>\n<meta property=\"og:locale\" content=\"pt_BR\" \/>\n<meta property=\"og:type\" content=\"article\" \/>\n<meta property=\"og:title\" content=\"Flamengo x S\u00e3o Paulo: S\u00e3o paulino leva filho rubro-negro ao Maracan\u00e3 pela primeira vez\" \/>\n<meta property=\"og:description\" content=\"O amor entre pai e filho os fez dividir o mesmo nome, Alessandro, mas n\u00e3o a paix\u00e3o pelo mesmo clube. A semifinal da Copa do Brasil fez o pai, torcedor do S\u00e3o Paulo, levar o filho, torcedor do Flamengo, pela primeira vez ao Maracan\u00e3. E, claro, os dois desembarcaram com expectativas diferentes. Os dois fizeram [&hellip;]\" \/>\n<meta property=\"og:url\" content=\"https:\/\/www.gaveanews.com\/index.php\/2022\/09\/15\/flamengo-x-sao-paulo-sao-paulino-leva-filho-rubro-negro-ao-maracana-pela-primeira-vez\/\" \/>\n<meta property=\"og:site_name\" content=\"G\u00e1vea News\" \/>\n<meta property=\"article:publisher\" content=\"https:\/\/facebook.com\/gaveaNews\/\" \/>\n<meta property=\"article:published_time\" content=\"2022-09-15T18:00:53+00:00\" \/>\n<meta property=\"article:modified_time\" content=\"2022-09-15T18:00:55+00:00\" \/>\n<meta property=\"og:image\" content=\"https:\/\/www.gaveanews.com\/wp-content\/uploads\/Estadio-Maracana.webp\" \/>\n\t<meta property=\"og:image:width\" content=\"800\" \/>\n\t<meta property=\"og:image:height\" content=\"450\" \/>\n\t<meta property=\"og:image:type\" content=\"image\/jpeg\" \/>\n<meta name=\"author\" content=\"Equipe G\u00e1vea News\" \/>\n<meta name=\"twitter:card\" content=\"summary_large_image\" \/>\n<meta name=\"twitter:label1\" content=\"Escrito por\" \/>\n\t<meta name=\"twitter:data1\" content=\"Equipe G\u00e1vea News\" \/>\n\t<meta name=\"twitter:label2\" content=\"Est. tempo de leitura\" \/>\n\t<meta name=\"twitter:data2\" content=\"2 minutos\" \/>\n<script type=\"application\/ld+json\" class=\"yoast-schema-graph\">{\"@context\":\"https:\/\/schema.org\",\"@graph\":[{\"@type\":\"NewsArticle\",\"@id\":\"https:\/\/www.gaveanews.com\/index.php\/2022\/09\/15\/flamengo-x-sao-paulo-sao-paulino-leva-filho-rubro-negro-ao-maracana-pela-primeira-vez\/#article\",\"isPartOf\":{\"@id\":\"https:\/\/www.gaveanews.com\/index.php\/2022\/09\/15\/flamengo-x-sao-paulo-sao-paulino-leva-filho-rubro-negro-ao-maracana-pela-primeira-vez\/\"},\"author\":{\"name\":\"Equipe G\u00e1vea News\",\"@id\":\"https:\/\/www.gaveanews.com\/#\/schema\/person\/2ec14f73fb96be2caf28f91afb14749d\"},\"headline\":\"Flamengo x S\u00e3o Paulo: S\u00e3o paulino leva filho rubro-negro ao Maracan\u00e3 pela primeira vez\",\"datePublished\":\"2022-09-15T18:00:53+00:00\",\"dateModified\":\"2022-09-15T18:00:55+00:00\",\"mainEntityOfPage\":{\"@id\":\"https:\/\/www.gaveanews.com\/index.php\/2022\/09\/15\/flamengo-x-sao-paulo-sao-paulino-leva-filho-rubro-negro-ao-maracana-pela-primeira-vez\/\"},\"wordCount\":252,\"commentCount\":0,\"image\":{\"@id\":\"https:\/\/www.gaveanews.com\/index.php\/2022\/09\/15\/flamengo-x-sao-paulo-sao-paulino-leva-filho-rubro-negro-ao-maracana-pela-primeira-vez\/#primaryimage\"},\"thumbnailUrl\":\"https:\/\/www.gaveanews.com\/wp-content\/uploads\/Estadio-Maracana.webp\",\"articleSection\":[\"Flamengo\"],\"inLanguage\":\"pt-BR\",\"potentialAction\":[{\"@type\":\"CommentAction\",\"name\":\"Comment\",\"target\":[\"https:\/\/www.gaveanews.com\/index.php\/2022\/09\/15\/flamengo-x-sao-paulo-sao-paulino-leva-filho-rubro-negro-ao-maracana-pela-primeira-vez\/#respond\"]}],\"copyrightYear\":\"2022\",\"copyrightHolder\":{\"@id\":\"https:\/\/www.gaveanews.com\/#organization\"}},{\"@type\":\"WebPage\",\"@id\":\"https:\/\/www.gaveanews.com\/index.php\/2022\/09\/15\/flamengo-x-sao-paulo-sao-paulino-leva-filho-rubro-negro-ao-maracana-pela-primeira-vez\/\",\"url\":\"https:\/\/www.gaveanews.com\/index.php\/2022\/09\/15\/flamengo-x-sao-paulo-sao-paulino-leva-filho-rubro-negro-ao-maracana-pela-primeira-vez\/\",\"name\":\"Flamengo x S\u00e3o Paulo: S\u00e3o paulino leva filho rubro-negro ao Maracan\u00e3 pela primeira vez\",\"isPartOf\":{\"@id\":\"https:\/\/www.gaveanews.com\/#website\"},\"primaryImageOfPage\":{\"@id\":\"https:\/\/www.gaveanews.com\/index.php\/2022\/09\/15\/flamengo-x-sao-paulo-sao-paulino-leva-filho-rubro-negro-ao-maracana-pela-primeira-vez\/#primaryimage\"},\"image\":{\"@id\":\"https:\/\/www.gaveanews.com\/index.php\/2022\/09\/15\/flamengo-x-sao-paulo-sao-paulino-leva-filho-rubro-negro-ao-maracana-pela-primeira-vez\/#primaryimage\"},\"thumbnailUrl\":\"https:\/\/www.gaveanews.com\/wp-content\/uploads\/Estadio-Maracana.webp\",\"datePublished\":\"2022-09-15T18:00:53+00:00\",\"dateModified\":\"2022-09-15T18:00:55+00:00\",\"author\":{\"@id\":\"https:\/\/www.gaveanews.com\/#\/schema\/person\/2ec14f73fb96be2caf28f91afb14749d\"},\"breadcrumb\":{\"@id\":\"https:\/\/www.gaveanews.com\/index.php\/2022\/09\/15\/flamengo-x-sao-paulo-sao-paulino-leva-filho-rubro-negro-ao-maracana-pela-primeira-vez\/#breadcrumb\"},\"inLanguage\":\"pt-BR\",\"potentialAction\":[{\"@type\":\"ReadAction\",\"target\":[\"https:\/\/www.gaveanews.com\/index.php\/2022\/09\/15\/flamengo-x-sao-paulo-sao-paulino-leva-filho-rubro-negro-ao-maracana-pela-primeira-vez\/\"]}]},{\"@type\":\"ImageObject\",\"inLanguage\":\"pt-BR\",\"@id\":\"https:\/\/www.gaveanews.com\/index.php\/2022\/09\/15\/flamengo-x-sao-paulo-sao-paulino-leva-filho-rubro-negro-ao-maracana-pela-primeira-vez\/#primaryimage\",\"url\":\"https:\/\/www.gaveanews.com\/wp-content\/uploads\/Estadio-Maracana.webp\",\"contentUrl\":\"https:\/\/www.gaveanews.com\/wp-content\/uploads\/Estadio-Maracana.webp\",\"width\":800,\"height\":450,\"caption\":\"Est\u00e1dio Maracan\u00e3 (Foto: Alexandre Vidal\/Flamengo)\"},{\"@type\":\"BreadcrumbList\",\"@id\":\"https:\/\/www.gaveanews.com\/index.php\/2022\/09\/15\/flamengo-x-sao-paulo-sao-paulino-leva-filho-rubro-negro-ao-maracana-pela-primeira-vez\/#breadcrumb\",\"itemListElement\":[{\"@type\":\"ListItem\",\"position\":1,\"name\":\"Home\",\"item\":\"https:\/\/www.gaveanews.com\/\"},{\"@type\":\"ListItem\",\"position\":2,\"name\":\"Flamengo x S\u00e3o Paulo: S\u00e3o paulino leva filho rubro-negro ao Maracan\u00e3 pela primeira vez\"}]},{\"@type\":\"WebSite\",\"@id\":\"https:\/\/www.gaveanews.com\/#website\",\"url\":\"https:\/\/www.gaveanews.com\/\",\"name\":\"G\u00e1vea News\",\"description\":\"Veja todas as not\u00edcias sobre o Flamengo: Contrata\u00e7\u00f5es, categorias de base, resultados das partidas, tabela de classifica\u00e7\u00e3o, pr\u00f3ximos jogos!\",\"potentialAction\":[{\"@type\":\"SearchAction\",\"target\":{\"@type\":\"EntryPoint\",\"urlTemplate\":\"https:\/\/www.gaveanews.com\/?s={search_term_string}\"},\"query-input\":{\"@type\":\"PropertyValueSpecification\",\"valueRequired\":true,\"valueName\":\"search_term_string\"}}],\"inLanguage\":\"pt-BR\"},{\"@type\":\"Person\",\"@id\":\"https:\/\/www.gaveanews.com\/#\/schema\/person\/2ec14f73fb96be2caf28f91afb14749d\",\"name\":\"Equipe G\u00e1vea News\",\"image\":{\"@type\":\"ImageObject\",\"inLanguage\":\"pt-BR\",\"@id\":\"https:\/\/www.gaveanews.com\/#\/schema\/person\/image\/\",\"url\":\"https:\/\/secure.gravatar.com\/avatar\/1e1956f1facbffd3f8fa53a326721950116b3b9dc9bd44939c01180fd4a745a9?s=96&d=mm&r=g\",\"contentUrl\":\"https:\/\/secure.gravatar.com\/avatar\/1e1956f1facbffd3f8fa53a326721950116b3b9dc9bd44939c01180fd4a745a9?s=96&d=mm&r=g\",\"caption\":\"Equipe G\u00e1vea News\"}}]}<\/script>\n<!-- \/ Yoast SEO Premium plugin. -->","yoast_head_json":{"title":"Flamengo x S\u00e3o Paulo: S\u00e3o paulino leva filho rubro-negro ao Maracan\u00e3 pela primeira vez","robots":{"index":"index","follow":"follow","max-snippet":"max-snippet:-1","max-image-preview":"max-image-preview:large","max-video-preview":"max-video-preview:-1"},"canonical":"https:\/\/www.gaveanews.com\/index.php\/2022\/09\/15\/flamengo-x-sao-paulo-sao-paulino-leva-filho-rubro-negro-ao-maracana-pela-primeira-vez\/","og_locale":"pt_BR","og_type":"article","og_title":"Flamengo x S\u00e3o Paulo: S\u00e3o paulino leva filho rubro-negro ao Maracan\u00e3 pela primeira vez","og_description":"O amor entre pai e filho os fez dividir o mesmo nome, Alessandro, mas n\u00e3o a paix\u00e3o pelo mesmo clube. A semifinal da Copa do Brasil fez o pai, torcedor do S\u00e3o Paulo, levar o filho, torcedor do Flamengo, pela primeira vez ao Maracan\u00e3. E, claro, os dois desembarcaram com expectativas diferentes. Os dois fizeram [&hellip;]","og_url":"https:\/\/www.gaveanews.com\/index.php\/2022\/09\/15\/flamengo-x-sao-paulo-sao-paulino-leva-filho-rubro-negro-ao-maracana-pela-primeira-vez\/","og_site_name":"G\u00e1vea News","article_publisher":"https:\/\/facebook.com\/gaveaNews\/","article_published_time":"2022-09-15T18:00:53+00:00","article_modified_time":"2022-09-15T18:00:55+00:00","og_image":[{"width":800,"height":450,"url":"https:\/\/www.gaveanews.com\/wp-content\/uploads\/Estadio-Maracana.webp","type":"image\/jpeg"}],"author":"Equipe G\u00e1vea News","twitter_card":"summary_large_image","twitter_misc":{"Escrito por":"Equipe G\u00e1vea News","Est. tempo de leitura":"2 minutos"},"schema":{"@context":"https:\/\/schema.org","@graph":[{"@type":"NewsArticle","@id":"https:\/\/www.gaveanews.com\/index.php\/2022\/09\/15\/flamengo-x-sao-paulo-sao-paulino-leva-filho-rubro-negro-ao-maracana-pela-primeira-vez\/#article","isPartOf":{"@id":"https:\/\/www.gaveanews.com\/index.php\/2022\/09\/15\/flamengo-x-sao-paulo-sao-paulino-leva-filho-rubro-negro-ao-maracana-pela-primeira-vez\/"},"author":{"name":"Equipe G\u00e1vea News","@id":"https:\/\/www.gaveanews.com\/#\/schema\/person\/2ec14f73fb96be2caf28f91afb14749d"},"headline":"Flamengo x S\u00e3o Paulo: S\u00e3o paulino leva filho rubro-negro ao Maracan\u00e3 pela primeira vez","datePublished":"2022-09-15T18:00:53+00:00","dateModified":"2022-09-15T18:00:55+00:00","mainEntityOfPage":{"@id":"https:\/\/www.gaveanews.com\/index.php\/2022\/09\/15\/flamengo-x-sao-paulo-sao-paulino-leva-filho-rubro-negro-ao-maracana-pela-primeira-vez\/"},"wordCount":252,"commentCount":0,"image":{"@id":"https:\/\/www.gaveanews.com\/index.php\/2022\/09\/15\/flamengo-x-sao-paulo-sao-paulino-leva-filho-rubro-negro-ao-maracana-pela-primeira-vez\/#primaryimage"},"thumbnailUrl":"https:\/\/www.gaveanews.com\/wp-content\/uploads\/Estadio-Maracana.webp","articleSection":["Flamengo"],"inLanguage":"pt-BR","potentialAction":[{"@type":"CommentAction","name":"Comment","target":["https:\/\/www.gaveanews.com\/index.php\/2022\/09\/15\/flamengo-x-sao-paulo-sao-paulino-leva-filho-rubro-negro-ao-maracana-pela-primeira-vez\/#respond"]}],"copyrightYear":"2022","copyrightHolder":{"@id":"https:\/\/www.gaveanews.com\/#organization"}},{"@type":"WebPage","@id":"https:\/\/www.gaveanews.com\/index.php\/2022\/09\/15\/flamengo-x-sao-paulo-sao-paulino-leva-filho-rubro-negro-ao-maracana-pela-primeira-vez\/","url":"https:\/\/www.gaveanews.com\/index.php\/2022\/09\/15\/flamengo-x-sao-paulo-sao-paulino-leva-filho-rubro-negro-ao-maracana-pela-primeira-vez\/","name":"Flamengo x S\u00e3o Paulo: S\u00e3o paulino leva filho rubro-negro ao Maracan\u00e3 pela primeira vez","isPartOf":{"@id":"https:\/\/www.gaveanews.com\/#website"},"primaryImageOfPage":{"@id":"https:\/\/www.gaveanews.com\/index.php\/2022\/09\/15\/flamengo-x-sao-paulo-sao-paulino-leva-filho-rubro-negro-ao-maracana-pela-primeira-vez\/#primaryimage"},"image":{"@id":"https:\/\/www.gaveanews.com\/index.php\/2022\/09\/15\/flamengo-x-sao-paulo-sao-paulino-leva-filho-rubro-negro-ao-maracana-pela-primeira-vez\/#primaryimage"},"thumbnailUrl":"https:\/\/www.gaveanews.com\/wp-content\/uploads\/Estadio-Maracana.webp","datePublished":"2022-09-15T18:00:53+00:00","dateModified":"2022-09-15T18:00:55+00:00","author":{"@id":"https:\/\/www.gaveanews.com\/#\/schema\/person\/2ec14f73fb96be2caf28f91afb14749d"},"breadcrumb":{"@id":"https:\/\/www.gaveanews.com\/index.php\/2022\/09\/15\/flamengo-x-sao-paulo-sao-paulino-leva-filho-rubro-negro-ao-maracana-pela-primeira-vez\/#breadcrumb"},"inLanguage":"pt-BR","potentialAction":[{"@type":"ReadAction","target":["https:\/\/www.gaveanews.com\/index.php\/2022\/09\/15\/flamengo-x-sao-paulo-sao-paulino-leva-filho-rubro-negro-ao-maracana-pela-primeira-vez\/"]}]},{"@type":"ImageObject","inLanguage":"pt-BR","@id":"https:\/\/www.gaveanews.com\/index.php\/2022\/09\/15\/flamengo-x-sao-paulo-sao-paulino-leva-filho-rubro-negro-ao-maracana-pela-primeira-vez\/#primaryimage","url":"https:\/\/www.gaveanews.com\/wp-content\/uploads\/Estadio-Maracana.webp","contentUrl":"https:\/\/www.gaveanews.com\/wp-content\/uploads\/Estadio-Maracana.webp","width":800,"height":450,"caption":"Est\u00e1dio Maracan\u00e3 (Foto: Alexandre Vidal\/Flamengo)"},{"@type":"BreadcrumbList","@id":"https:\/\/www.gaveanews.com\/index.php\/2022\/09\/15\/flamengo-x-sao-paulo-sao-paulino-leva-filho-rubro-negro-ao-maracana-pela-primeira-vez\/#breadcrumb","itemListElement":[{"@type":"ListItem","position":1,"name":"Home","item":"https:\/\/www.gaveanews.com\/"},{"@type":"ListItem","position":2,"name":"Flamengo x S\u00e3o Paulo: S\u00e3o paulino leva filho rubro-negro ao Maracan\u00e3 pela primeira vez"}]},{"@type":"WebSite","@id":"https:\/\/www.gaveanews.com\/#website","url":"https:\/\/www.gaveanews.com\/","name":"G\u00e1vea News","description":"Veja todas as not\u00edcias sobre o Flamengo: Contrata\u00e7\u00f5es, categorias de base, resultados das partidas, tabela de classifica\u00e7\u00e3o, pr\u00f3ximos jogos!","potentialAction":[{"@type":"SearchAction","target":{"@type":"EntryPoint","urlTemplate":"https:\/\/www.gaveanews.com\/?s={search_term_string}"},"query-input":{"@type":"PropertyValueSpecification","valueRequired":true,"valueName":"search_term_string"}}],"inLanguage":"pt-BR"},{"@type":"Person","@id":"https:\/\/www.gaveanews.com\/#\/schema\/person\/2ec14f73fb96be2caf28f91afb14749d","name":"Equipe G\u00e1vea News","image":{"@type":"ImageObject","inLanguage":"pt-BR","@id":"https:\/\/www.gaveanews.com\/#\/schema\/person\/image\/","url":"https:\/\/secure.gravatar.com\/avatar\/1e1956f1facbffd3f8fa53a326721950116b3b9dc9bd44939c01180fd4a745a9?s=96&d=mm&r=g","contentUrl":"https:\/\/secure.gravatar.com\/avatar\/1e1956f1facbffd3f8fa53a326721950116b3b9dc9bd44939c01180fd4a745a9?s=96&d=mm&r=g","caption":"Equipe G\u00e1vea News"}}]}},"_links":{"self":[{"href":"https:\/\/www.gaveanews.com\/index.php\/wp-json\/wp\/v2\/posts\/87428","targetHints":{"allow":["GET"]}}],"collection":[{"href":"https:\/\/www.gaveanews.com\/index.php\/wp-json\/wp\/v2\/posts"}],"about":[{"href":"https:\/\/www.gaveanews.com\/index.php\/wp-json\/wp\/v2\/types\/post"}],"author":[{"embeddable":true,"href":"https:\/\/www.gaveanews.com\/index.php\/wp-json\/wp\/v2\/users\/1"}],"replies":[{"embeddable":true,"href":"https:\/\/www.gaveanews.com\/index.php\/wp-json\/wp\/v2\/comments?post=87428"}],"version-history":[{"count":0,"href":"https:\/\/www.gaveanews.com\/index.php\/wp-json\/wp\/v2\/posts\/87428\/revisions"}],"wp:featuredmedia":[{"embeddable":true,"href":"https:\/\/www.gaveanews.com\/index.php\/wp-json\/wp\/v2\/media\/84750"}],"wp:attachment":[{"href":"https:\/\/www.gaveanews.com\/index.php\/wp-json\/wp\/v2\/media?parent=87428"}],"wp:term":[{"taxonomy":"category","embeddable":true,"href":"https:\/\/www.gaveanews.com\/index.php\/wp-json\/wp\/v2\/categories?post=87428"},{"taxonomy":"post_tag","embeddable":true,"href":"https:\/\/www.gaveanews.com\/index.php\/wp-json\/wp\/v2\/tags?post=87428"}],"curies":[{"name":"wp","href":"https:\/\/api.w.org\/{rel}","templated":true}]}}