{"id":87433,"date":"2022-09-15T16:02:06","date_gmt":"2022-09-15T19:02:06","guid":{"rendered":"https:\/\/www.gaveanews.com\/?p=87433"},"modified":"2022-09-15T16:02:09","modified_gmt":"2022-09-15T19:02:09","slug":"marcos-braz-do-flamengo-promete-contratacao-bombastica-referencia-mundial","status":"publish","type":"post","link":"https:\/\/www.gaveanews.com\/index.php\/2022\/09\/15\/marcos-braz-do-flamengo-promete-contratacao-bombastica-referencia-mundial\/","title":{"rendered":"Marcos Braz, do Flamengo, promete contrata\u00e7\u00e3o bomb\u00e1stica: &#8220;Refer\u00eancia mundial&#8221;"},"content":{"rendered":"\n<p>O Flamengo voltou a vencer o S\u00e3o Paulo na \u00faltima quarta-feira (14) e se classificou para a final da Copa do Brasil. Assim, o Mais Querido garante presen\u00e7a nas decis\u00f5es dos dois principais mata-matas da temporada.<\/p>\n\n\n\n<p>Al\u00e9m dos t\u00edtulos, o Rubro-Negro tamb\u00e9m visa as premia\u00e7\u00f5es milion\u00e1rias que ser\u00e3o repassadas aos vencedores das competi\u00e7\u00f5es. Das duas copas, a que mais envia dinheiro \u00e9 a Libertadores, que premiar\u00e1 o novo campe\u00e3o com US$ 16 milh\u00f5es (pouco mais de R$ 83 milh\u00f5es na cota\u00e7\u00e3o atual).<\/p>\n\n\n\n<p>Sabendo da possibilidade de receber um alto valor da Conmebol, Marcos Braz fez proje\u00e7\u00f5es impactantes recentemente. Em declara\u00e7\u00e3o dada do Canal do Benja, o dirigente contou que o Flamengo far\u00e1 tr\u00eas grandes contrata\u00e7\u00f5es se conquistar o t\u00edtulo da Libertadores.<\/p>\n\n\n\n<p><em>&#8211; Se o Flamengo for campe\u00e3o da Libertadores, a tend\u00eancia \u00e9 que a gente traga uma contrata\u00e7\u00e3o bomb\u00e1stica para a disputa do Mundial. N\u00f3s tentaremos concretizar isso. N\u00f3s queremos trazer 3 jogadores caso o Flamengo seja campe\u00e3o da Libertadores. Um deles n\u00f3s queremos que seja a cima da m\u00e9dia e uma refer\u00eancia mundial.<\/em><\/p>\n\n\n\n<p>O clube ainda ter\u00e1 que esperar pouco mais de um m\u00eas para saber se poder\u00e1 fazer tais investimentos na pr\u00f3xima janela de transfer\u00eancias. A final da Libertadores acontecer\u00e1 no dia 29 de outubro (s\u00e1bado). O advers\u00e1rio do Meng\u00e3o nesta competi\u00e7\u00e3o ser\u00e1 o Athletico-PR, que eliminou o Palmeiras nas semifinais.<\/p>\n","protected":false},"excerpt":{"rendered":"<p>O Flamengo voltou a vencer o S\u00e3o Paulo na \u00faltima quarta-feira (14) e se classificou para a final da Copa do Brasil. Assim, o Mais Querido garante presen\u00e7a nas decis\u00f5es dos dois principais mata-matas da temporada. Al\u00e9m dos t\u00edtulos, o Rubro-Negro tamb\u00e9m visa as premia\u00e7\u00f5es milion\u00e1rias que ser\u00e3o repassadas aos vencedores das competi\u00e7\u00f5es. Das duas [&hellip;]<\/p>\n","protected":false},"author":4,"featured_media":85774,"comment_status":"open","ping_status":"closed","sticky":false,"template":"","format":"standard","meta":{"footnotes":""},"categories":[1],"tags":[],"class_list":["post-87433","post","type-post","status-publish","format-standard","has-post-thumbnail","hentry","category-flamengo"],"yoast_head":"<!-- This site is optimized with the Yoast SEO Premium plugin v24.2 (Yoast SEO v26.9) - https:\/\/yoast.com\/product\/yoast-seo-premium-wordpress\/ -->\n<title>Marcos Braz, do Flamengo, promete contrata\u00e7\u00e3o bomb\u00e1stica: &quot;Refer\u00eancia mundial&quot;<\/title>\n<meta name=\"robots\" content=\"index, follow, max-snippet:-1, max-image-preview:large, max-video-preview:-1\" \/>\n<link rel=\"canonical\" href=\"https:\/\/www.gaveanews.com\/index.php\/2022\/09\/15\/marcos-braz-do-flamengo-promete-contratacao-bombastica-referencia-mundial\/\" \/>\n<meta property=\"og:locale\" content=\"pt_BR\" \/>\n<meta property=\"og:type\" content=\"article\" \/>\n<meta property=\"og:title\" content=\"Marcos Braz, do Flamengo, promete contrata\u00e7\u00e3o bomb\u00e1stica: &quot;Refer\u00eancia mundial&quot;\" \/>\n<meta property=\"og:description\" content=\"O Flamengo voltou a vencer o S\u00e3o Paulo na \u00faltima quarta-feira (14) e se classificou para a final da Copa do Brasil. Assim, o Mais Querido garante presen\u00e7a nas decis\u00f5es dos dois principais mata-matas da temporada. Al\u00e9m dos t\u00edtulos, o Rubro-Negro tamb\u00e9m visa as premia\u00e7\u00f5es milion\u00e1rias que ser\u00e3o repassadas aos vencedores das competi\u00e7\u00f5es. Das duas [&hellip;]\" \/>\n<meta property=\"og:url\" content=\"https:\/\/www.gaveanews.com\/index.php\/2022\/09\/15\/marcos-braz-do-flamengo-promete-contratacao-bombastica-referencia-mundial\/\" \/>\n<meta property=\"og:site_name\" content=\"G\u00e1vea News\" \/>\n<meta property=\"article:publisher\" content=\"https:\/\/facebook.com\/gaveaNews\/\" \/>\n<meta property=\"article:published_time\" content=\"2022-09-15T19:02:06+00:00\" \/>\n<meta property=\"article:modified_time\" content=\"2022-09-15T19:02:09+00:00\" \/>\n<meta property=\"og:image\" content=\"https:\/\/www.gaveanews.com\/wp-content\/uploads\/Marcos-Braz-em-jogo-do-Flamengo-no-Maracana.webp\" \/>\n\t<meta property=\"og:image:width\" content=\"799\" \/>\n\t<meta property=\"og:image:height\" content=\"533\" \/>\n\t<meta property=\"og:image:type\" content=\"image\/jpeg\" \/>\n<meta name=\"author\" content=\"Let\u00edcia Gerheim\" \/>\n<meta name=\"twitter:card\" content=\"summary_large_image\" \/>\n<meta name=\"twitter:label1\" content=\"Escrito por\" \/>\n\t<meta name=\"twitter:data1\" content=\"Let\u00edcia Gerheim\" \/>\n\t<meta name=\"twitter:label2\" content=\"Est. tempo de leitura\" \/>\n\t<meta name=\"twitter:data2\" content=\"2 minutos\" \/>\n<script type=\"application\/ld+json\" class=\"yoast-schema-graph\">{\"@context\":\"https:\/\/schema.org\",\"@graph\":[{\"@type\":\"NewsArticle\",\"@id\":\"https:\/\/www.gaveanews.com\/index.php\/2022\/09\/15\/marcos-braz-do-flamengo-promete-contratacao-bombastica-referencia-mundial\/#article\",\"isPartOf\":{\"@id\":\"https:\/\/www.gaveanews.com\/index.php\/2022\/09\/15\/marcos-braz-do-flamengo-promete-contratacao-bombastica-referencia-mundial\/\"},\"author\":{\"name\":\"Let\u00edcia Gerheim\",\"@id\":\"https:\/\/www.gaveanews.com\/#\/schema\/person\/714c67050b836198af2450ba1c142a67\"},\"headline\":\"Marcos Braz, do Flamengo, promete contrata\u00e7\u00e3o bomb\u00e1stica: &#8220;Refer\u00eancia mundial&#8221;\",\"datePublished\":\"2022-09-15T19:02:06+00:00\",\"dateModified\":\"2022-09-15T19:02:09+00:00\",\"mainEntityOfPage\":{\"@id\":\"https:\/\/www.gaveanews.com\/index.php\/2022\/09\/15\/marcos-braz-do-flamengo-promete-contratacao-bombastica-referencia-mundial\/\"},\"wordCount\":264,\"commentCount\":0,\"image\":{\"@id\":\"https:\/\/www.gaveanews.com\/index.php\/2022\/09\/15\/marcos-braz-do-flamengo-promete-contratacao-bombastica-referencia-mundial\/#primaryimage\"},\"thumbnailUrl\":\"https:\/\/www.gaveanews.com\/wp-content\/uploads\/Marcos-Braz-em-jogo-do-Flamengo-no-Maracana.webp\",\"articleSection\":[\"Flamengo\"],\"inLanguage\":\"pt-BR\",\"potentialAction\":[{\"@type\":\"CommentAction\",\"name\":\"Comment\",\"target\":[\"https:\/\/www.gaveanews.com\/index.php\/2022\/09\/15\/marcos-braz-do-flamengo-promete-contratacao-bombastica-referencia-mundial\/#respond\"]}],\"copyrightYear\":\"2022\",\"copyrightHolder\":{\"@id\":\"https:\/\/www.gaveanews.com\/#organization\"}},{\"@type\":\"WebPage\",\"@id\":\"https:\/\/www.gaveanews.com\/index.php\/2022\/09\/15\/marcos-braz-do-flamengo-promete-contratacao-bombastica-referencia-mundial\/\",\"url\":\"https:\/\/www.gaveanews.com\/index.php\/2022\/09\/15\/marcos-braz-do-flamengo-promete-contratacao-bombastica-referencia-mundial\/\",\"name\":\"Marcos Braz, do Flamengo, promete contrata\u00e7\u00e3o bomb\u00e1stica: \\\"Refer\u00eancia mundial\\\"\",\"isPartOf\":{\"@id\":\"https:\/\/www.gaveanews.com\/#website\"},\"primaryImageOfPage\":{\"@id\":\"https:\/\/www.gaveanews.com\/index.php\/2022\/09\/15\/marcos-braz-do-flamengo-promete-contratacao-bombastica-referencia-mundial\/#primaryimage\"},\"image\":{\"@id\":\"https:\/\/www.gaveanews.com\/index.php\/2022\/09\/15\/marcos-braz-do-flamengo-promete-contratacao-bombastica-referencia-mundial\/#primaryimage\"},\"thumbnailUrl\":\"https:\/\/www.gaveanews.com\/wp-content\/uploads\/Marcos-Braz-em-jogo-do-Flamengo-no-Maracana.webp\",\"datePublished\":\"2022-09-15T19:02:06+00:00\",\"dateModified\":\"2022-09-15T19:02:09+00:00\",\"author\":{\"@id\":\"https:\/\/www.gaveanews.com\/#\/schema\/person\/714c67050b836198af2450ba1c142a67\"},\"breadcrumb\":{\"@id\":\"https:\/\/www.gaveanews.com\/index.php\/2022\/09\/15\/marcos-braz-do-flamengo-promete-contratacao-bombastica-referencia-mundial\/#breadcrumb\"},\"inLanguage\":\"pt-BR\",\"potentialAction\":[{\"@type\":\"ReadAction\",\"target\":[\"https:\/\/www.gaveanews.com\/index.php\/2022\/09\/15\/marcos-braz-do-flamengo-promete-contratacao-bombastica-referencia-mundial\/\"]}]},{\"@type\":\"ImageObject\",\"inLanguage\":\"pt-BR\",\"@id\":\"https:\/\/www.gaveanews.com\/index.php\/2022\/09\/15\/marcos-braz-do-flamengo-promete-contratacao-bombastica-referencia-mundial\/#primaryimage\",\"url\":\"https:\/\/www.gaveanews.com\/wp-content\/uploads\/Marcos-Braz-em-jogo-do-Flamengo-no-Maracana.webp\",\"contentUrl\":\"https:\/\/www.gaveanews.com\/wp-content\/uploads\/Marcos-Braz-em-jogo-do-Flamengo-no-Maracana.webp\",\"width\":799,\"height\":533,\"caption\":\"Marcos Braz e Fabinho em jogo do Flamengo no Maracan\u00e3 (Foto: Alexandre Vidal\/Flamengo)\"},{\"@type\":\"BreadcrumbList\",\"@id\":\"https:\/\/www.gaveanews.com\/index.php\/2022\/09\/15\/marcos-braz-do-flamengo-promete-contratacao-bombastica-referencia-mundial\/#breadcrumb\",\"itemListElement\":[{\"@type\":\"ListItem\",\"position\":1,\"name\":\"Home\",\"item\":\"https:\/\/www.gaveanews.com\/\"},{\"@type\":\"ListItem\",\"position\":2,\"name\":\"Marcos Braz, do Flamengo, promete contrata\u00e7\u00e3o bomb\u00e1stica: &#8220;Refer\u00eancia mundial&#8221;\"}]},{\"@type\":\"WebSite\",\"@id\":\"https:\/\/www.gaveanews.com\/#website\",\"url\":\"https:\/\/www.gaveanews.com\/\",\"name\":\"G\u00e1vea News\",\"description\":\"Veja todas as not\u00edcias sobre o Flamengo: Contrata\u00e7\u00f5es, categorias de base, resultados das partidas, tabela de classifica\u00e7\u00e3o, pr\u00f3ximos jogos!\",\"potentialAction\":[{\"@type\":\"SearchAction\",\"target\":{\"@type\":\"EntryPoint\",\"urlTemplate\":\"https:\/\/www.gaveanews.com\/?s={search_term_string}\"},\"query-input\":{\"@type\":\"PropertyValueSpecification\",\"valueRequired\":true,\"valueName\":\"search_term_string\"}}],\"inLanguage\":\"pt-BR\"},{\"@type\":\"Person\",\"@id\":\"https:\/\/www.gaveanews.com\/#\/schema\/person\/714c67050b836198af2450ba1c142a67\",\"name\":\"Let\u00edcia Gerheim\",\"image\":{\"@type\":\"ImageObject\",\"inLanguage\":\"pt-BR\",\"@id\":\"https:\/\/www.gaveanews.com\/#\/schema\/person\/image\/\",\"url\":\"https:\/\/secure.gravatar.com\/avatar\/60734739c50fcebfbac509e2a826ccd0ff405c019bc73aab9354f19ecad1dcb4?s=96&d=mm&r=g\",\"contentUrl\":\"https:\/\/secure.gravatar.com\/avatar\/60734739c50fcebfbac509e2a826ccd0ff405c019bc73aab9354f19ecad1dcb4?s=96&d=mm&r=g\",\"caption\":\"Let\u00edcia Gerheim\"}}]}<\/script>\n<!-- \/ Yoast SEO Premium plugin. -->","yoast_head_json":{"title":"Marcos Braz, do Flamengo, promete contrata\u00e7\u00e3o bomb\u00e1stica: \"Refer\u00eancia mundial\"","robots":{"index":"index","follow":"follow","max-snippet":"max-snippet:-1","max-image-preview":"max-image-preview:large","max-video-preview":"max-video-preview:-1"},"canonical":"https:\/\/www.gaveanews.com\/index.php\/2022\/09\/15\/marcos-braz-do-flamengo-promete-contratacao-bombastica-referencia-mundial\/","og_locale":"pt_BR","og_type":"article","og_title":"Marcos Braz, do Flamengo, promete contrata\u00e7\u00e3o bomb\u00e1stica: \"Refer\u00eancia mundial\"","og_description":"O Flamengo voltou a vencer o S\u00e3o Paulo na \u00faltima quarta-feira (14) e se classificou para a final da Copa do Brasil. Assim, o Mais Querido garante presen\u00e7a nas decis\u00f5es dos dois principais mata-matas da temporada. Al\u00e9m dos t\u00edtulos, o Rubro-Negro tamb\u00e9m visa as premia\u00e7\u00f5es milion\u00e1rias que ser\u00e3o repassadas aos vencedores das competi\u00e7\u00f5es. Das duas [&hellip;]","og_url":"https:\/\/www.gaveanews.com\/index.php\/2022\/09\/15\/marcos-braz-do-flamengo-promete-contratacao-bombastica-referencia-mundial\/","og_site_name":"G\u00e1vea News","article_publisher":"https:\/\/facebook.com\/gaveaNews\/","article_published_time":"2022-09-15T19:02:06+00:00","article_modified_time":"2022-09-15T19:02:09+00:00","og_image":[{"width":799,"height":533,"url":"https:\/\/www.gaveanews.com\/wp-content\/uploads\/Marcos-Braz-em-jogo-do-Flamengo-no-Maracana.webp","type":"image\/jpeg"}],"author":"Let\u00edcia Gerheim","twitter_card":"summary_large_image","twitter_misc":{"Escrito por":"Let\u00edcia Gerheim","Est. tempo de leitura":"2 minutos"},"schema":{"@context":"https:\/\/schema.org","@graph":[{"@type":"NewsArticle","@id":"https:\/\/www.gaveanews.com\/index.php\/2022\/09\/15\/marcos-braz-do-flamengo-promete-contratacao-bombastica-referencia-mundial\/#article","isPartOf":{"@id":"https:\/\/www.gaveanews.com\/index.php\/2022\/09\/15\/marcos-braz-do-flamengo-promete-contratacao-bombastica-referencia-mundial\/"},"author":{"name":"Let\u00edcia Gerheim","@id":"https:\/\/www.gaveanews.com\/#\/schema\/person\/714c67050b836198af2450ba1c142a67"},"headline":"Marcos Braz, do Flamengo, promete contrata\u00e7\u00e3o bomb\u00e1stica: &#8220;Refer\u00eancia mundial&#8221;","datePublished":"2022-09-15T19:02:06+00:00","dateModified":"2022-09-15T19:02:09+00:00","mainEntityOfPage":{"@id":"https:\/\/www.gaveanews.com\/index.php\/2022\/09\/15\/marcos-braz-do-flamengo-promete-contratacao-bombastica-referencia-mundial\/"},"wordCount":264,"commentCount":0,"image":{"@id":"https:\/\/www.gaveanews.com\/index.php\/2022\/09\/15\/marcos-braz-do-flamengo-promete-contratacao-bombastica-referencia-mundial\/#primaryimage"},"thumbnailUrl":"https:\/\/www.gaveanews.com\/wp-content\/uploads\/Marcos-Braz-em-jogo-do-Flamengo-no-Maracana.webp","articleSection":["Flamengo"],"inLanguage":"pt-BR","potentialAction":[{"@type":"CommentAction","name":"Comment","target":["https:\/\/www.gaveanews.com\/index.php\/2022\/09\/15\/marcos-braz-do-flamengo-promete-contratacao-bombastica-referencia-mundial\/#respond"]}],"copyrightYear":"2022","copyrightHolder":{"@id":"https:\/\/www.gaveanews.com\/#organization"}},{"@type":"WebPage","@id":"https:\/\/www.gaveanews.com\/index.php\/2022\/09\/15\/marcos-braz-do-flamengo-promete-contratacao-bombastica-referencia-mundial\/","url":"https:\/\/www.gaveanews.com\/index.php\/2022\/09\/15\/marcos-braz-do-flamengo-promete-contratacao-bombastica-referencia-mundial\/","name":"Marcos Braz, do Flamengo, promete contrata\u00e7\u00e3o bomb\u00e1stica: \"Refer\u00eancia mundial\"","isPartOf":{"@id":"https:\/\/www.gaveanews.com\/#website"},"primaryImageOfPage":{"@id":"https:\/\/www.gaveanews.com\/index.php\/2022\/09\/15\/marcos-braz-do-flamengo-promete-contratacao-bombastica-referencia-mundial\/#primaryimage"},"image":{"@id":"https:\/\/www.gaveanews.com\/index.php\/2022\/09\/15\/marcos-braz-do-flamengo-promete-contratacao-bombastica-referencia-mundial\/#primaryimage"},"thumbnailUrl":"https:\/\/www.gaveanews.com\/wp-content\/uploads\/Marcos-Braz-em-jogo-do-Flamengo-no-Maracana.webp","datePublished":"2022-09-15T19:02:06+00:00","dateModified":"2022-09-15T19:02:09+00:00","author":{"@id":"https:\/\/www.gaveanews.com\/#\/schema\/person\/714c67050b836198af2450ba1c142a67"},"breadcrumb":{"@id":"https:\/\/www.gaveanews.com\/index.php\/2022\/09\/15\/marcos-braz-do-flamengo-promete-contratacao-bombastica-referencia-mundial\/#breadcrumb"},"inLanguage":"pt-BR","potentialAction":[{"@type":"ReadAction","target":["https:\/\/www.gaveanews.com\/index.php\/2022\/09\/15\/marcos-braz-do-flamengo-promete-contratacao-bombastica-referencia-mundial\/"]}]},{"@type":"ImageObject","inLanguage":"pt-BR","@id":"https:\/\/www.gaveanews.com\/index.php\/2022\/09\/15\/marcos-braz-do-flamengo-promete-contratacao-bombastica-referencia-mundial\/#primaryimage","url":"https:\/\/www.gaveanews.com\/wp-content\/uploads\/Marcos-Braz-em-jogo-do-Flamengo-no-Maracana.webp","contentUrl":"https:\/\/www.gaveanews.com\/wp-content\/uploads\/Marcos-Braz-em-jogo-do-Flamengo-no-Maracana.webp","width":799,"height":533,"caption":"Marcos Braz e Fabinho em jogo do Flamengo no Maracan\u00e3 (Foto: Alexandre Vidal\/Flamengo)"},{"@type":"BreadcrumbList","@id":"https:\/\/www.gaveanews.com\/index.php\/2022\/09\/15\/marcos-braz-do-flamengo-promete-contratacao-bombastica-referencia-mundial\/#breadcrumb","itemListElement":[{"@type":"ListItem","position":1,"name":"Home","item":"https:\/\/www.gaveanews.com\/"},{"@type":"ListItem","position":2,"name":"Marcos Braz, do Flamengo, promete contrata\u00e7\u00e3o bomb\u00e1stica: &#8220;Refer\u00eancia mundial&#8221;"}]},{"@type":"WebSite","@id":"https:\/\/www.gaveanews.com\/#website","url":"https:\/\/www.gaveanews.com\/","name":"G\u00e1vea News","description":"Veja todas as not\u00edcias sobre o Flamengo: Contrata\u00e7\u00f5es, categorias de base, resultados das partidas, tabela de classifica\u00e7\u00e3o, pr\u00f3ximos jogos!","potentialAction":[{"@type":"SearchAction","target":{"@type":"EntryPoint","urlTemplate":"https:\/\/www.gaveanews.com\/?s={search_term_string}"},"query-input":{"@type":"PropertyValueSpecification","valueRequired":true,"valueName":"search_term_string"}}],"inLanguage":"pt-BR"},{"@type":"Person","@id":"https:\/\/www.gaveanews.com\/#\/schema\/person\/714c67050b836198af2450ba1c142a67","name":"Let\u00edcia Gerheim","image":{"@type":"ImageObject","inLanguage":"pt-BR","@id":"https:\/\/www.gaveanews.com\/#\/schema\/person\/image\/","url":"https:\/\/secure.gravatar.com\/avatar\/60734739c50fcebfbac509e2a826ccd0ff405c019bc73aab9354f19ecad1dcb4?s=96&d=mm&r=g","contentUrl":"https:\/\/secure.gravatar.com\/avatar\/60734739c50fcebfbac509e2a826ccd0ff405c019bc73aab9354f19ecad1dcb4?s=96&d=mm&r=g","caption":"Let\u00edcia Gerheim"}}]}},"_links":{"self":[{"href":"https:\/\/www.gaveanews.com\/index.php\/wp-json\/wp\/v2\/posts\/87433","targetHints":{"allow":["GET"]}}],"collection":[{"href":"https:\/\/www.gaveanews.com\/index.php\/wp-json\/wp\/v2\/posts"}],"about":[{"href":"https:\/\/www.gaveanews.com\/index.php\/wp-json\/wp\/v2\/types\/post"}],"author":[{"embeddable":true,"href":"https:\/\/www.gaveanews.com\/index.php\/wp-json\/wp\/v2\/users\/4"}],"replies":[{"embeddable":true,"href":"https:\/\/www.gaveanews.com\/index.php\/wp-json\/wp\/v2\/comments?post=87433"}],"version-history":[{"count":0,"href":"https:\/\/www.gaveanews.com\/index.php\/wp-json\/wp\/v2\/posts\/87433\/revisions"}],"wp:featuredmedia":[{"embeddable":true,"href":"https:\/\/www.gaveanews.com\/index.php\/wp-json\/wp\/v2\/media\/85774"}],"wp:attachment":[{"href":"https:\/\/www.gaveanews.com\/index.php\/wp-json\/wp\/v2\/media?parent=87433"}],"wp:term":[{"taxonomy":"category","embeddable":true,"href":"https:\/\/www.gaveanews.com\/index.php\/wp-json\/wp\/v2\/categories?post=87433"},{"taxonomy":"post_tag","embeddable":true,"href":"https:\/\/www.gaveanews.com\/index.php\/wp-json\/wp\/v2\/tags?post=87433"}],"curies":[{"name":"wp","href":"https:\/\/api.w.org\/{rel}","templated":true}]}}