{"id":87438,"date":"2022-09-15T16:36:35","date_gmt":"2022-09-15T19:36:35","guid":{"rendered":"https:\/\/www.gaveanews.com\/?p=87438"},"modified":"2022-09-15T16:44:20","modified_gmt":"2022-09-15T19:44:20","slug":"alteracao-promovida-pelo-governo-do-rio-de-janeiro-prejudica-diretamente-o-time-do-flamengo-e-o-fluminense","status":"publish","type":"post","link":"https:\/\/www.gaveanews.com\/index.php\/2022\/09\/15\/alteracao-promovida-pelo-governo-do-rio-de-janeiro-prejudica-diretamente-o-time-do-flamengo-e-o-fluminense\/","title":{"rendered":"Altera\u00e7\u00e3o promovida pelo Governo do Rio de Janeiro prejudica diretamente o time do Flamengo e o Fluminense"},"content":{"rendered":"\n<p>A Casa Civil do governo do Rio de Janeiro publicou uma errata com mudan\u00e7as no edital do Maracan\u00e3 no Di\u00e1rio Oficial desta quarta-feira. Foram feitas duas inclus\u00f5es de artigos, a altera\u00e7\u00e3o de um e a exclus\u00e3o de outro. A informa\u00e7\u00e3o foi publicada inicialmente pelo jornal \u201cO Globo\u201d.<\/p>\n\n\n\n<p>A altera\u00e7\u00e3o mais importante foi uma prejudicial a quem conseguir a concess\u00e3o do est\u00e1dio. Isso porque, no artigo 13.2.2 foi inclu\u00eddo uma obriga\u00e7\u00e3o \u00e0 quem for administrar o Maracan\u00e3 de alugar o est\u00e1dio a um outro time que n\u00e3o administra pelo mesmo valor que ele paga. O artigo diz:<\/p>\n\n\n\n<p>\u201cO futuro concession\u00e1rio dever\u00e1 estabelecer anualmente, para jogos oficiais de futebol, um pre\u00e7o certo e determinado para o aluguel do campo e custos operacionais do Quadro M\u00f3vel do Est\u00e1dio Jornalista M\u00e1rio Filho (Maracan\u00e3), valor esse que dever\u00e1 ser cobrado de forma ison\u00f4mica de qualquer um dos clubes de futebol do Estado do Rio de Janeiro com data oficial nas principais competi\u00e7\u00f5es de futebol (campeonatos brasileiros s\u00e9rie \u2018A\u2019 e \u2018B\u2019, Copa do Brasil, Copa Libertadores, Copa Sul Americana, ou qualquer outro torneio dessa natureza e envergadura que venha a ser realizado ao longo do prazo de concess\u00e3o)\u201d.<\/p>\n\n\n\n<p>Ou seja, se o Flamengo e o Fluminense conseguirem novamente a concess\u00e3o do est\u00e1dio, por exemplo, eles ser\u00e3o obrigados a alugar o Maracan\u00e3 ao Vasco ou outro clube que queira us\u00e1-lo, mesmo que os mesmos n\u00e3o administrem o est\u00e1dio. Essa decis\u00e3o \u00e9 contr\u00e1ria ao desejo dos clubes que t\u00eam interesse de conseguir a concess\u00e3o.<\/p>\n\n\n\n<p>Vale destacar que recentemente teve uma pol\u00eamica por esse mesmo motivo. O Vasco, que n\u00e3o administra o Maracan\u00e3, entrou na Justi\u00e7a para poder atuar no est\u00e1dio. Mesmo com o Flamengo e Fluminense, administradores do Maracan\u00e3, sendo contra, o cruz-maltino foi liberado a atuar.<\/p>\n\n\n\n<p>Retirado de: Di\u00e1rio do Fla<\/p>\n","protected":false},"excerpt":{"rendered":"<p>A Casa Civil do governo do Rio de Janeiro publicou uma errata com mudan\u00e7as no edital do Maracan\u00e3 no Di\u00e1rio Oficial desta quarta-feira. Foram feitas duas inclus\u00f5es de artigos, a altera\u00e7\u00e3o de um e a exclus\u00e3o de outro. A informa\u00e7\u00e3o foi publicada inicialmente pelo jornal \u201cO Globo\u201d. A altera\u00e7\u00e3o mais importante foi uma prejudicial a [&hellip;]<\/p>\n","protected":false},"author":1,"featured_media":15081,"comment_status":"open","ping_status":"closed","sticky":false,"template":"","format":"standard","meta":{"footnotes":""},"categories":[1],"tags":[],"class_list":["post-87438","post","type-post","status-publish","format-standard","has-post-thumbnail","hentry","category-flamengo"],"yoast_head":"<!-- This site is optimized with the Yoast SEO Premium plugin v24.2 (Yoast SEO v26.9) - https:\/\/yoast.com\/product\/yoast-seo-premium-wordpress\/ -->\n<title>Altera\u00e7\u00e3o promovida pelo Governo do Rio de Janeiro prejudica diretamente o time do Flamengo e o Fluminense<\/title>\n<meta name=\"robots\" content=\"index, follow, max-snippet:-1, max-image-preview:large, max-video-preview:-1\" \/>\n<link rel=\"canonical\" href=\"https:\/\/www.gaveanews.com\/index.php\/2022\/09\/15\/alteracao-promovida-pelo-governo-do-rio-de-janeiro-prejudica-diretamente-o-time-do-flamengo-e-o-fluminense\/\" \/>\n<meta property=\"og:locale\" content=\"pt_BR\" \/>\n<meta property=\"og:type\" content=\"article\" \/>\n<meta property=\"og:title\" content=\"Altera\u00e7\u00e3o promovida pelo Governo do Rio de Janeiro prejudica diretamente o time do Flamengo e o Fluminense\" \/>\n<meta property=\"og:description\" content=\"A Casa Civil do governo do Rio de Janeiro publicou uma errata com mudan\u00e7as no edital do Maracan\u00e3 no Di\u00e1rio Oficial desta quarta-feira. Foram feitas duas inclus\u00f5es de artigos, a altera\u00e7\u00e3o de um e a exclus\u00e3o de outro. A informa\u00e7\u00e3o foi publicada inicialmente pelo jornal \u201cO Globo\u201d. A altera\u00e7\u00e3o mais importante foi uma prejudicial a [&hellip;]\" \/>\n<meta property=\"og:url\" content=\"https:\/\/www.gaveanews.com\/index.php\/2022\/09\/15\/alteracao-promovida-pelo-governo-do-rio-de-janeiro-prejudica-diretamente-o-time-do-flamengo-e-o-fluminense\/\" \/>\n<meta property=\"og:site_name\" content=\"G\u00e1vea News\" \/>\n<meta property=\"article:publisher\" content=\"https:\/\/facebook.com\/gaveaNews\/\" \/>\n<meta property=\"article:published_time\" content=\"2022-09-15T19:36:35+00:00\" \/>\n<meta property=\"article:modified_time\" content=\"2022-09-15T19:44:20+00:00\" \/>\n<meta property=\"og:image\" content=\"https:\/\/www.gaveanews.com\/wp-content\/uploads\/2019\/03\/Escudo-do-Flamengo-e-exposto-proximo-a-um-dos-gols-no-gramado-do-Maracana.webp\" \/>\n\t<meta property=\"og:image:width\" content=\"1\" \/>\n\t<meta property=\"og:image:height\" content=\"1\" \/>\n\t<meta property=\"og:image:type\" content=\"image\/jpeg\" \/>\n<meta name=\"author\" content=\"Equipe G\u00e1vea News\" \/>\n<meta name=\"twitter:card\" content=\"summary_large_image\" \/>\n<meta name=\"twitter:label1\" content=\"Escrito por\" \/>\n\t<meta name=\"twitter:data1\" content=\"Equipe G\u00e1vea News\" \/>\n\t<meta name=\"twitter:label2\" content=\"Est. tempo de leitura\" \/>\n\t<meta name=\"twitter:data2\" content=\"2 minutos\" \/>\n<script type=\"application\/ld+json\" class=\"yoast-schema-graph\">{\"@context\":\"https:\/\/schema.org\",\"@graph\":[{\"@type\":\"NewsArticle\",\"@id\":\"https:\/\/www.gaveanews.com\/index.php\/2022\/09\/15\/alteracao-promovida-pelo-governo-do-rio-de-janeiro-prejudica-diretamente-o-time-do-flamengo-e-o-fluminense\/#article\",\"isPartOf\":{\"@id\":\"https:\/\/www.gaveanews.com\/index.php\/2022\/09\/15\/alteracao-promovida-pelo-governo-do-rio-de-janeiro-prejudica-diretamente-o-time-do-flamengo-e-o-fluminense\/\"},\"author\":{\"name\":\"Equipe G\u00e1vea News\",\"@id\":\"https:\/\/www.gaveanews.com\/#\/schema\/person\/2ec14f73fb96be2caf28f91afb14749d\"},\"headline\":\"Altera\u00e7\u00e3o promovida pelo Governo do Rio de Janeiro prejudica diretamente o time do Flamengo e o Fluminense\",\"datePublished\":\"2022-09-15T19:36:35+00:00\",\"dateModified\":\"2022-09-15T19:44:20+00:00\",\"mainEntityOfPage\":{\"@id\":\"https:\/\/www.gaveanews.com\/index.php\/2022\/09\/15\/alteracao-promovida-pelo-governo-do-rio-de-janeiro-prejudica-diretamente-o-time-do-flamengo-e-o-fluminense\/\"},\"wordCount\":346,\"commentCount\":0,\"image\":{\"@id\":\"https:\/\/www.gaveanews.com\/index.php\/2022\/09\/15\/alteracao-promovida-pelo-governo-do-rio-de-janeiro-prejudica-diretamente-o-time-do-flamengo-e-o-fluminense\/#primaryimage\"},\"thumbnailUrl\":\"https:\/\/www.gaveanews.com\/wp-content\/uploads\/2019\/03\/Escudo-do-Flamengo-e-exposto-proximo-a-um-dos-gols-no-gramado-do-Maracana.webp\",\"articleSection\":[\"Flamengo\"],\"inLanguage\":\"pt-BR\",\"potentialAction\":[{\"@type\":\"CommentAction\",\"name\":\"Comment\",\"target\":[\"https:\/\/www.gaveanews.com\/index.php\/2022\/09\/15\/alteracao-promovida-pelo-governo-do-rio-de-janeiro-prejudica-diretamente-o-time-do-flamengo-e-o-fluminense\/#respond\"]}],\"copyrightYear\":\"2022\",\"copyrightHolder\":{\"@id\":\"https:\/\/www.gaveanews.com\/#organization\"}},{\"@type\":\"WebPage\",\"@id\":\"https:\/\/www.gaveanews.com\/index.php\/2022\/09\/15\/alteracao-promovida-pelo-governo-do-rio-de-janeiro-prejudica-diretamente-o-time-do-flamengo-e-o-fluminense\/\",\"url\":\"https:\/\/www.gaveanews.com\/index.php\/2022\/09\/15\/alteracao-promovida-pelo-governo-do-rio-de-janeiro-prejudica-diretamente-o-time-do-flamengo-e-o-fluminense\/\",\"name\":\"Altera\u00e7\u00e3o promovida pelo Governo do Rio de Janeiro prejudica diretamente o time do Flamengo e o Fluminense\",\"isPartOf\":{\"@id\":\"https:\/\/www.gaveanews.com\/#website\"},\"primaryImageOfPage\":{\"@id\":\"https:\/\/www.gaveanews.com\/index.php\/2022\/09\/15\/alteracao-promovida-pelo-governo-do-rio-de-janeiro-prejudica-diretamente-o-time-do-flamengo-e-o-fluminense\/#primaryimage\"},\"image\":{\"@id\":\"https:\/\/www.gaveanews.com\/index.php\/2022\/09\/15\/alteracao-promovida-pelo-governo-do-rio-de-janeiro-prejudica-diretamente-o-time-do-flamengo-e-o-fluminense\/#primaryimage\"},\"thumbnailUrl\":\"https:\/\/www.gaveanews.com\/wp-content\/uploads\/2019\/03\/Escudo-do-Flamengo-e-exposto-proximo-a-um-dos-gols-no-gramado-do-Maracana.webp\",\"datePublished\":\"2022-09-15T19:36:35+00:00\",\"dateModified\":\"2022-09-15T19:44:20+00:00\",\"author\":{\"@id\":\"https:\/\/www.gaveanews.com\/#\/schema\/person\/2ec14f73fb96be2caf28f91afb14749d\"},\"breadcrumb\":{\"@id\":\"https:\/\/www.gaveanews.com\/index.php\/2022\/09\/15\/alteracao-promovida-pelo-governo-do-rio-de-janeiro-prejudica-diretamente-o-time-do-flamengo-e-o-fluminense\/#breadcrumb\"},\"inLanguage\":\"pt-BR\",\"potentialAction\":[{\"@type\":\"ReadAction\",\"target\":[\"https:\/\/www.gaveanews.com\/index.php\/2022\/09\/15\/alteracao-promovida-pelo-governo-do-rio-de-janeiro-prejudica-diretamente-o-time-do-flamengo-e-o-fluminense\/\"]}]},{\"@type\":\"ImageObject\",\"inLanguage\":\"pt-BR\",\"@id\":\"https:\/\/www.gaveanews.com\/index.php\/2022\/09\/15\/alteracao-promovida-pelo-governo-do-rio-de-janeiro-prejudica-diretamente-o-time-do-flamengo-e-o-fluminense\/#primaryimage\",\"url\":\"https:\/\/www.gaveanews.com\/wp-content\/uploads\/2019\/03\/Escudo-do-Flamengo-e-exposto-proximo-a-um-dos-gols-no-gramado-do-Maracana.webp\",\"contentUrl\":\"https:\/\/www.gaveanews.com\/wp-content\/uploads\/2019\/03\/Escudo-do-Flamengo-e-exposto-proximo-a-um-dos-gols-no-gramado-do-Maracana.webp\",\"caption\":\"Escudo do Flamengo \u00e9 exposto pr\u00f3ximo a um dos gols, no gramado do Maracan\u00e3 (Foto: Daniel Castelo Branco)\"},{\"@type\":\"BreadcrumbList\",\"@id\":\"https:\/\/www.gaveanews.com\/index.php\/2022\/09\/15\/alteracao-promovida-pelo-governo-do-rio-de-janeiro-prejudica-diretamente-o-time-do-flamengo-e-o-fluminense\/#breadcrumb\",\"itemListElement\":[{\"@type\":\"ListItem\",\"position\":1,\"name\":\"Home\",\"item\":\"https:\/\/www.gaveanews.com\/\"},{\"@type\":\"ListItem\",\"position\":2,\"name\":\"Altera\u00e7\u00e3o promovida pelo Governo do Rio de Janeiro prejudica diretamente o time do Flamengo e o Fluminense\"}]},{\"@type\":\"WebSite\",\"@id\":\"https:\/\/www.gaveanews.com\/#website\",\"url\":\"https:\/\/www.gaveanews.com\/\",\"name\":\"G\u00e1vea News\",\"description\":\"Veja todas as not\u00edcias sobre o Flamengo: Contrata\u00e7\u00f5es, categorias de base, resultados das partidas, tabela de classifica\u00e7\u00e3o, pr\u00f3ximos jogos!\",\"potentialAction\":[{\"@type\":\"SearchAction\",\"target\":{\"@type\":\"EntryPoint\",\"urlTemplate\":\"https:\/\/www.gaveanews.com\/?s={search_term_string}\"},\"query-input\":{\"@type\":\"PropertyValueSpecification\",\"valueRequired\":true,\"valueName\":\"search_term_string\"}}],\"inLanguage\":\"pt-BR\"},{\"@type\":\"Person\",\"@id\":\"https:\/\/www.gaveanews.com\/#\/schema\/person\/2ec14f73fb96be2caf28f91afb14749d\",\"name\":\"Equipe G\u00e1vea News\",\"image\":{\"@type\":\"ImageObject\",\"inLanguage\":\"pt-BR\",\"@id\":\"https:\/\/www.gaveanews.com\/#\/schema\/person\/image\/\",\"url\":\"https:\/\/secure.gravatar.com\/avatar\/1e1956f1facbffd3f8fa53a326721950116b3b9dc9bd44939c01180fd4a745a9?s=96&d=mm&r=g\",\"contentUrl\":\"https:\/\/secure.gravatar.com\/avatar\/1e1956f1facbffd3f8fa53a326721950116b3b9dc9bd44939c01180fd4a745a9?s=96&d=mm&r=g\",\"caption\":\"Equipe G\u00e1vea News\"}}]}<\/script>\n<!-- \/ Yoast SEO Premium plugin. -->","yoast_head_json":{"title":"Altera\u00e7\u00e3o promovida pelo Governo do Rio de Janeiro prejudica diretamente o time do Flamengo e o Fluminense","robots":{"index":"index","follow":"follow","max-snippet":"max-snippet:-1","max-image-preview":"max-image-preview:large","max-video-preview":"max-video-preview:-1"},"canonical":"https:\/\/www.gaveanews.com\/index.php\/2022\/09\/15\/alteracao-promovida-pelo-governo-do-rio-de-janeiro-prejudica-diretamente-o-time-do-flamengo-e-o-fluminense\/","og_locale":"pt_BR","og_type":"article","og_title":"Altera\u00e7\u00e3o promovida pelo Governo do Rio de Janeiro prejudica diretamente o time do Flamengo e o Fluminense","og_description":"A Casa Civil do governo do Rio de Janeiro publicou uma errata com mudan\u00e7as no edital do Maracan\u00e3 no Di\u00e1rio Oficial desta quarta-feira. Foram feitas duas inclus\u00f5es de artigos, a altera\u00e7\u00e3o de um e a exclus\u00e3o de outro. A informa\u00e7\u00e3o foi publicada inicialmente pelo jornal \u201cO Globo\u201d. A altera\u00e7\u00e3o mais importante foi uma prejudicial a [&hellip;]","og_url":"https:\/\/www.gaveanews.com\/index.php\/2022\/09\/15\/alteracao-promovida-pelo-governo-do-rio-de-janeiro-prejudica-diretamente-o-time-do-flamengo-e-o-fluminense\/","og_site_name":"G\u00e1vea News","article_publisher":"https:\/\/facebook.com\/gaveaNews\/","article_published_time":"2022-09-15T19:36:35+00:00","article_modified_time":"2022-09-15T19:44:20+00:00","og_image":[{"url":"https:\/\/www.gaveanews.com\/wp-content\/uploads\/2019\/03\/Escudo-do-Flamengo-e-exposto-proximo-a-um-dos-gols-no-gramado-do-Maracana.webp","width":1,"height":1,"type":"image\/jpeg"}],"author":"Equipe G\u00e1vea News","twitter_card":"summary_large_image","twitter_misc":{"Escrito por":"Equipe G\u00e1vea News","Est. tempo de leitura":"2 minutos"},"schema":{"@context":"https:\/\/schema.org","@graph":[{"@type":"NewsArticle","@id":"https:\/\/www.gaveanews.com\/index.php\/2022\/09\/15\/alteracao-promovida-pelo-governo-do-rio-de-janeiro-prejudica-diretamente-o-time-do-flamengo-e-o-fluminense\/#article","isPartOf":{"@id":"https:\/\/www.gaveanews.com\/index.php\/2022\/09\/15\/alteracao-promovida-pelo-governo-do-rio-de-janeiro-prejudica-diretamente-o-time-do-flamengo-e-o-fluminense\/"},"author":{"name":"Equipe G\u00e1vea News","@id":"https:\/\/www.gaveanews.com\/#\/schema\/person\/2ec14f73fb96be2caf28f91afb14749d"},"headline":"Altera\u00e7\u00e3o promovida pelo Governo do Rio de Janeiro prejudica diretamente o time do Flamengo e o Fluminense","datePublished":"2022-09-15T19:36:35+00:00","dateModified":"2022-09-15T19:44:20+00:00","mainEntityOfPage":{"@id":"https:\/\/www.gaveanews.com\/index.php\/2022\/09\/15\/alteracao-promovida-pelo-governo-do-rio-de-janeiro-prejudica-diretamente-o-time-do-flamengo-e-o-fluminense\/"},"wordCount":346,"commentCount":0,"image":{"@id":"https:\/\/www.gaveanews.com\/index.php\/2022\/09\/15\/alteracao-promovida-pelo-governo-do-rio-de-janeiro-prejudica-diretamente-o-time-do-flamengo-e-o-fluminense\/#primaryimage"},"thumbnailUrl":"https:\/\/www.gaveanews.com\/wp-content\/uploads\/2019\/03\/Escudo-do-Flamengo-e-exposto-proximo-a-um-dos-gols-no-gramado-do-Maracana.webp","articleSection":["Flamengo"],"inLanguage":"pt-BR","potentialAction":[{"@type":"CommentAction","name":"Comment","target":["https:\/\/www.gaveanews.com\/index.php\/2022\/09\/15\/alteracao-promovida-pelo-governo-do-rio-de-janeiro-prejudica-diretamente-o-time-do-flamengo-e-o-fluminense\/#respond"]}],"copyrightYear":"2022","copyrightHolder":{"@id":"https:\/\/www.gaveanews.com\/#organization"}},{"@type":"WebPage","@id":"https:\/\/www.gaveanews.com\/index.php\/2022\/09\/15\/alteracao-promovida-pelo-governo-do-rio-de-janeiro-prejudica-diretamente-o-time-do-flamengo-e-o-fluminense\/","url":"https:\/\/www.gaveanews.com\/index.php\/2022\/09\/15\/alteracao-promovida-pelo-governo-do-rio-de-janeiro-prejudica-diretamente-o-time-do-flamengo-e-o-fluminense\/","name":"Altera\u00e7\u00e3o promovida pelo Governo do Rio de Janeiro prejudica diretamente o time do Flamengo e o Fluminense","isPartOf":{"@id":"https:\/\/www.gaveanews.com\/#website"},"primaryImageOfPage":{"@id":"https:\/\/www.gaveanews.com\/index.php\/2022\/09\/15\/alteracao-promovida-pelo-governo-do-rio-de-janeiro-prejudica-diretamente-o-time-do-flamengo-e-o-fluminense\/#primaryimage"},"image":{"@id":"https:\/\/www.gaveanews.com\/index.php\/2022\/09\/15\/alteracao-promovida-pelo-governo-do-rio-de-janeiro-prejudica-diretamente-o-time-do-flamengo-e-o-fluminense\/#primaryimage"},"thumbnailUrl":"https:\/\/www.gaveanews.com\/wp-content\/uploads\/2019\/03\/Escudo-do-Flamengo-e-exposto-proximo-a-um-dos-gols-no-gramado-do-Maracana.webp","datePublished":"2022-09-15T19:36:35+00:00","dateModified":"2022-09-15T19:44:20+00:00","author":{"@id":"https:\/\/www.gaveanews.com\/#\/schema\/person\/2ec14f73fb96be2caf28f91afb14749d"},"breadcrumb":{"@id":"https:\/\/www.gaveanews.com\/index.php\/2022\/09\/15\/alteracao-promovida-pelo-governo-do-rio-de-janeiro-prejudica-diretamente-o-time-do-flamengo-e-o-fluminense\/#breadcrumb"},"inLanguage":"pt-BR","potentialAction":[{"@type":"ReadAction","target":["https:\/\/www.gaveanews.com\/index.php\/2022\/09\/15\/alteracao-promovida-pelo-governo-do-rio-de-janeiro-prejudica-diretamente-o-time-do-flamengo-e-o-fluminense\/"]}]},{"@type":"ImageObject","inLanguage":"pt-BR","@id":"https:\/\/www.gaveanews.com\/index.php\/2022\/09\/15\/alteracao-promovida-pelo-governo-do-rio-de-janeiro-prejudica-diretamente-o-time-do-flamengo-e-o-fluminense\/#primaryimage","url":"https:\/\/www.gaveanews.com\/wp-content\/uploads\/2019\/03\/Escudo-do-Flamengo-e-exposto-proximo-a-um-dos-gols-no-gramado-do-Maracana.webp","contentUrl":"https:\/\/www.gaveanews.com\/wp-content\/uploads\/2019\/03\/Escudo-do-Flamengo-e-exposto-proximo-a-um-dos-gols-no-gramado-do-Maracana.webp","caption":"Escudo do Flamengo \u00e9 exposto pr\u00f3ximo a um dos gols, no gramado do Maracan\u00e3 (Foto: Daniel Castelo Branco)"},{"@type":"BreadcrumbList","@id":"https:\/\/www.gaveanews.com\/index.php\/2022\/09\/15\/alteracao-promovida-pelo-governo-do-rio-de-janeiro-prejudica-diretamente-o-time-do-flamengo-e-o-fluminense\/#breadcrumb","itemListElement":[{"@type":"ListItem","position":1,"name":"Home","item":"https:\/\/www.gaveanews.com\/"},{"@type":"ListItem","position":2,"name":"Altera\u00e7\u00e3o promovida pelo Governo do Rio de Janeiro prejudica diretamente o time do Flamengo e o Fluminense"}]},{"@type":"WebSite","@id":"https:\/\/www.gaveanews.com\/#website","url":"https:\/\/www.gaveanews.com\/","name":"G\u00e1vea News","description":"Veja todas as not\u00edcias sobre o Flamengo: Contrata\u00e7\u00f5es, categorias de base, resultados das partidas, tabela de classifica\u00e7\u00e3o, pr\u00f3ximos jogos!","potentialAction":[{"@type":"SearchAction","target":{"@type":"EntryPoint","urlTemplate":"https:\/\/www.gaveanews.com\/?s={search_term_string}"},"query-input":{"@type":"PropertyValueSpecification","valueRequired":true,"valueName":"search_term_string"}}],"inLanguage":"pt-BR"},{"@type":"Person","@id":"https:\/\/www.gaveanews.com\/#\/schema\/person\/2ec14f73fb96be2caf28f91afb14749d","name":"Equipe G\u00e1vea News","image":{"@type":"ImageObject","inLanguage":"pt-BR","@id":"https:\/\/www.gaveanews.com\/#\/schema\/person\/image\/","url":"https:\/\/secure.gravatar.com\/avatar\/1e1956f1facbffd3f8fa53a326721950116b3b9dc9bd44939c01180fd4a745a9?s=96&d=mm&r=g","contentUrl":"https:\/\/secure.gravatar.com\/avatar\/1e1956f1facbffd3f8fa53a326721950116b3b9dc9bd44939c01180fd4a745a9?s=96&d=mm&r=g","caption":"Equipe G\u00e1vea News"}}]}},"_links":{"self":[{"href":"https:\/\/www.gaveanews.com\/index.php\/wp-json\/wp\/v2\/posts\/87438","targetHints":{"allow":["GET"]}}],"collection":[{"href":"https:\/\/www.gaveanews.com\/index.php\/wp-json\/wp\/v2\/posts"}],"about":[{"href":"https:\/\/www.gaveanews.com\/index.php\/wp-json\/wp\/v2\/types\/post"}],"author":[{"embeddable":true,"href":"https:\/\/www.gaveanews.com\/index.php\/wp-json\/wp\/v2\/users\/1"}],"replies":[{"embeddable":true,"href":"https:\/\/www.gaveanews.com\/index.php\/wp-json\/wp\/v2\/comments?post=87438"}],"version-history":[{"count":0,"href":"https:\/\/www.gaveanews.com\/index.php\/wp-json\/wp\/v2\/posts\/87438\/revisions"}],"wp:featuredmedia":[{"embeddable":true,"href":"https:\/\/www.gaveanews.com\/index.php\/wp-json\/wp\/v2\/media\/15081"}],"wp:attachment":[{"href":"https:\/\/www.gaveanews.com\/index.php\/wp-json\/wp\/v2\/media?parent=87438"}],"wp:term":[{"taxonomy":"category","embeddable":true,"href":"https:\/\/www.gaveanews.com\/index.php\/wp-json\/wp\/v2\/categories?post=87438"},{"taxonomy":"post_tag","embeddable":true,"href":"https:\/\/www.gaveanews.com\/index.php\/wp-json\/wp\/v2\/tags?post=87438"}],"curies":[{"name":"wp","href":"https:\/\/api.w.org\/{rel}","templated":true}]}}