{"id":87503,"date":"2022-09-16T13:16:16","date_gmt":"2022-09-16T16:16:16","guid":{"rendered":"https:\/\/www.gaveanews.com\/?p=87503"},"modified":"2022-09-16T13:16:19","modified_gmt":"2022-09-16T16:16:19","slug":"flamengo-e-dorival-junior-caminham-para-renovacao-contratual","status":"publish","type":"post","link":"https:\/\/www.gaveanews.com\/index.php\/2022\/09\/16\/flamengo-e-dorival-junior-caminham-para-renovacao-contratual\/","title":{"rendered":"Flamengo e Dorival J\u00fanior caminham para renova\u00e7\u00e3o contratual"},"content":{"rendered":"\n<p>A grande fase do Flamengo na temporada, nas finais da Libertadores e da Copa do Brasil, se deve muito a chegada de Dorival J\u00fanior. Foi ap\u00f3s a contrata\u00e7\u00e3o do treinador, que ocupou o cargo que anteriormente era de Paulo Sousa, que o Mais Querido voltou a demostrar um grande futebol. Assim, agora, a torcida quer saber: Dorival J\u00fanior vai ficar no Flamengo para a pr\u00f3xima temporada?<\/p>\n\n\n\n<p>Dorival J\u00fanior tem contrato com o Flamengo at\u00e9 o fim desta temporada. Tudo indica que o treinador renove e fique no clube carioca. Dessa forma, Marcos Braz, vice-presidente de futebol do Mais Querido, afirmou que tanto o treinador quanto o clube querem renovar o contrato.<\/p>\n\n\n\n<p>\u201cO Dorival quer ficar no Flamengo, e o Flamengo quer o Dorival continue em 2023. Isso em qualquer situa\u00e7\u00e3o, em qualquer an\u00e1lise que a gente v\u00e1 fazer. A gente quer o Dorival, e o Dorival acredito que queira o Flamengo. Em qual situa\u00e7\u00e3o a gente vai debru\u00e7ar na mesa em dezembro\u2026 a gente vai ver em dezembro. O Dorival est\u00e1 muito tranquilo, est\u00e1 muito seguro, igual o Flamengo est\u00e1 com ele\u201d, disse Marcos Braz.<\/p>\n\n\n\n<p><em>\u2014 Contratar t\u00e9cnico \u00e9 igual casamento. Voc\u00ea n\u00e3o casa para separar. Voc\u00ea n\u00e3o contrata t\u00e9cnico para mandar embora. A gente est\u00e1 num excelente momento. Acredito que o Dorival queira seguir no Flamengo, e o Flamengo quer Dorival para 2023. Se isso vai acontecer ou n\u00e3o, a gente esclarece mais na frente<\/em>, completou o dirigente.<\/p>\n\n\n\n<p>Retirado de: Jogada 10 <\/p>\n","protected":false},"excerpt":{"rendered":"<p>A grande fase do Flamengo na temporada, nas finais da Libertadores e da Copa do Brasil, se deve muito a chegada de Dorival J\u00fanior. Foi ap\u00f3s a contrata\u00e7\u00e3o do treinador, que ocupou o cargo que anteriormente era de Paulo Sousa, que o Mais Querido voltou a demostrar um grande futebol. Assim, agora, a torcida quer [&hellip;]<\/p>\n","protected":false},"author":1,"featured_media":84790,"comment_status":"open","ping_status":"closed","sticky":false,"template":"","format":"standard","meta":{"footnotes":""},"categories":[48],"tags":[],"class_list":["post-87503","post","type-post","status-publish","format-standard","has-post-thumbnail","hentry","category-negociacoes"],"yoast_head":"<!-- This site is optimized with the Yoast SEO Premium plugin v24.2 (Yoast SEO v26.9) - https:\/\/yoast.com\/product\/yoast-seo-premium-wordpress\/ -->\n<title>Flamengo e Dorival J\u00fanior caminham para renova\u00e7\u00e3o contratual<\/title>\n<meta name=\"robots\" content=\"index, follow, max-snippet:-1, max-image-preview:large, max-video-preview:-1\" \/>\n<link rel=\"canonical\" href=\"https:\/\/www.gaveanews.com\/index.php\/2022\/09\/16\/flamengo-e-dorival-junior-caminham-para-renovacao-contratual\/\" \/>\n<meta property=\"og:locale\" content=\"pt_BR\" \/>\n<meta property=\"og:type\" content=\"article\" \/>\n<meta property=\"og:title\" content=\"Flamengo e Dorival J\u00fanior caminham para renova\u00e7\u00e3o contratual\" \/>\n<meta property=\"og:description\" content=\"A grande fase do Flamengo na temporada, nas finais da Libertadores e da Copa do Brasil, se deve muito a chegada de Dorival J\u00fanior. Foi ap\u00f3s a contrata\u00e7\u00e3o do treinador, que ocupou o cargo que anteriormente era de Paulo Sousa, que o Mais Querido voltou a demostrar um grande futebol. Assim, agora, a torcida quer [&hellip;]\" \/>\n<meta property=\"og:url\" content=\"https:\/\/www.gaveanews.com\/index.php\/2022\/09\/16\/flamengo-e-dorival-junior-caminham-para-renovacao-contratual\/\" \/>\n<meta property=\"og:site_name\" content=\"G\u00e1vea News\" \/>\n<meta property=\"article:publisher\" content=\"https:\/\/facebook.com\/gaveaNews\/\" \/>\n<meta property=\"article:published_time\" content=\"2022-09-16T16:16:16+00:00\" \/>\n<meta property=\"article:modified_time\" content=\"2022-09-16T16:16:19+00:00\" \/>\n<meta property=\"og:image\" content=\"https:\/\/www.gaveanews.com\/wp-content\/uploads\/Dorival-Junior-comanda-o-Flamengo-no-Maracana.webp\" \/>\n\t<meta property=\"og:image:width\" content=\"799\" \/>\n\t<meta property=\"og:image:height\" content=\"532\" \/>\n\t<meta property=\"og:image:type\" content=\"image\/jpeg\" \/>\n<meta name=\"author\" content=\"Equipe G\u00e1vea News\" \/>\n<meta name=\"twitter:card\" content=\"summary_large_image\" \/>\n<meta name=\"twitter:label1\" content=\"Escrito por\" \/>\n\t<meta name=\"twitter:data1\" content=\"Equipe G\u00e1vea News\" \/>\n\t<meta name=\"twitter:label2\" content=\"Est. tempo de leitura\" \/>\n\t<meta name=\"twitter:data2\" content=\"2 minutos\" \/>\n<script type=\"application\/ld+json\" class=\"yoast-schema-graph\">{\"@context\":\"https:\/\/schema.org\",\"@graph\":[{\"@type\":\"NewsArticle\",\"@id\":\"https:\/\/www.gaveanews.com\/index.php\/2022\/09\/16\/flamengo-e-dorival-junior-caminham-para-renovacao-contratual\/#article\",\"isPartOf\":{\"@id\":\"https:\/\/www.gaveanews.com\/index.php\/2022\/09\/16\/flamengo-e-dorival-junior-caminham-para-renovacao-contratual\/\"},\"author\":{\"name\":\"Equipe G\u00e1vea News\",\"@id\":\"https:\/\/www.gaveanews.com\/#\/schema\/person\/2ec14f73fb96be2caf28f91afb14749d\"},\"headline\":\"Flamengo e Dorival J\u00fanior caminham para renova\u00e7\u00e3o contratual\",\"datePublished\":\"2022-09-16T16:16:16+00:00\",\"dateModified\":\"2022-09-16T16:16:19+00:00\",\"mainEntityOfPage\":{\"@id\":\"https:\/\/www.gaveanews.com\/index.php\/2022\/09\/16\/flamengo-e-dorival-junior-caminham-para-renovacao-contratual\/\"},\"wordCount\":263,\"commentCount\":0,\"image\":{\"@id\":\"https:\/\/www.gaveanews.com\/index.php\/2022\/09\/16\/flamengo-e-dorival-junior-caminham-para-renovacao-contratual\/#primaryimage\"},\"thumbnailUrl\":\"https:\/\/www.gaveanews.com\/wp-content\/uploads\/Dorival-Junior-comanda-o-Flamengo-no-Maracana.webp\",\"articleSection\":[\"Negocia\u00e7\u00f5es\"],\"inLanguage\":\"pt-BR\",\"potentialAction\":[{\"@type\":\"CommentAction\",\"name\":\"Comment\",\"target\":[\"https:\/\/www.gaveanews.com\/index.php\/2022\/09\/16\/flamengo-e-dorival-junior-caminham-para-renovacao-contratual\/#respond\"]}],\"copyrightYear\":\"2022\",\"copyrightHolder\":{\"@id\":\"https:\/\/www.gaveanews.com\/#organization\"}},{\"@type\":\"WebPage\",\"@id\":\"https:\/\/www.gaveanews.com\/index.php\/2022\/09\/16\/flamengo-e-dorival-junior-caminham-para-renovacao-contratual\/\",\"url\":\"https:\/\/www.gaveanews.com\/index.php\/2022\/09\/16\/flamengo-e-dorival-junior-caminham-para-renovacao-contratual\/\",\"name\":\"Flamengo e Dorival J\u00fanior caminham para renova\u00e7\u00e3o contratual\",\"isPartOf\":{\"@id\":\"https:\/\/www.gaveanews.com\/#website\"},\"primaryImageOfPage\":{\"@id\":\"https:\/\/www.gaveanews.com\/index.php\/2022\/09\/16\/flamengo-e-dorival-junior-caminham-para-renovacao-contratual\/#primaryimage\"},\"image\":{\"@id\":\"https:\/\/www.gaveanews.com\/index.php\/2022\/09\/16\/flamengo-e-dorival-junior-caminham-para-renovacao-contratual\/#primaryimage\"},\"thumbnailUrl\":\"https:\/\/www.gaveanews.com\/wp-content\/uploads\/Dorival-Junior-comanda-o-Flamengo-no-Maracana.webp\",\"datePublished\":\"2022-09-16T16:16:16+00:00\",\"dateModified\":\"2022-09-16T16:16:19+00:00\",\"author\":{\"@id\":\"https:\/\/www.gaveanews.com\/#\/schema\/person\/2ec14f73fb96be2caf28f91afb14749d\"},\"breadcrumb\":{\"@id\":\"https:\/\/www.gaveanews.com\/index.php\/2022\/09\/16\/flamengo-e-dorival-junior-caminham-para-renovacao-contratual\/#breadcrumb\"},\"inLanguage\":\"pt-BR\",\"potentialAction\":[{\"@type\":\"ReadAction\",\"target\":[\"https:\/\/www.gaveanews.com\/index.php\/2022\/09\/16\/flamengo-e-dorival-junior-caminham-para-renovacao-contratual\/\"]}]},{\"@type\":\"ImageObject\",\"inLanguage\":\"pt-BR\",\"@id\":\"https:\/\/www.gaveanews.com\/index.php\/2022\/09\/16\/flamengo-e-dorival-junior-caminham-para-renovacao-contratual\/#primaryimage\",\"url\":\"https:\/\/www.gaveanews.com\/wp-content\/uploads\/Dorival-Junior-comanda-o-Flamengo-no-Maracana.webp\",\"contentUrl\":\"https:\/\/www.gaveanews.com\/wp-content\/uploads\/Dorival-Junior-comanda-o-Flamengo-no-Maracana.webp\",\"width\":799,\"height\":532,\"caption\":\"Dorival J\u00fanior comanda o Flamengo no Maracan\u00e3 (Foto: Paula Reis\/Flamengo)\"},{\"@type\":\"BreadcrumbList\",\"@id\":\"https:\/\/www.gaveanews.com\/index.php\/2022\/09\/16\/flamengo-e-dorival-junior-caminham-para-renovacao-contratual\/#breadcrumb\",\"itemListElement\":[{\"@type\":\"ListItem\",\"position\":1,\"name\":\"Home\",\"item\":\"https:\/\/www.gaveanews.com\/\"},{\"@type\":\"ListItem\",\"position\":2,\"name\":\"Flamengo e Dorival J\u00fanior caminham para renova\u00e7\u00e3o contratual\"}]},{\"@type\":\"WebSite\",\"@id\":\"https:\/\/www.gaveanews.com\/#website\",\"url\":\"https:\/\/www.gaveanews.com\/\",\"name\":\"G\u00e1vea News\",\"description\":\"Veja todas as not\u00edcias sobre o Flamengo: Contrata\u00e7\u00f5es, categorias de base, resultados das partidas, tabela de classifica\u00e7\u00e3o, pr\u00f3ximos jogos!\",\"potentialAction\":[{\"@type\":\"SearchAction\",\"target\":{\"@type\":\"EntryPoint\",\"urlTemplate\":\"https:\/\/www.gaveanews.com\/?s={search_term_string}\"},\"query-input\":{\"@type\":\"PropertyValueSpecification\",\"valueRequired\":true,\"valueName\":\"search_term_string\"}}],\"inLanguage\":\"pt-BR\"},{\"@type\":\"Person\",\"@id\":\"https:\/\/www.gaveanews.com\/#\/schema\/person\/2ec14f73fb96be2caf28f91afb14749d\",\"name\":\"Equipe G\u00e1vea News\",\"image\":{\"@type\":\"ImageObject\",\"inLanguage\":\"pt-BR\",\"@id\":\"https:\/\/www.gaveanews.com\/#\/schema\/person\/image\/\",\"url\":\"https:\/\/secure.gravatar.com\/avatar\/1e1956f1facbffd3f8fa53a326721950116b3b9dc9bd44939c01180fd4a745a9?s=96&d=mm&r=g\",\"contentUrl\":\"https:\/\/secure.gravatar.com\/avatar\/1e1956f1facbffd3f8fa53a326721950116b3b9dc9bd44939c01180fd4a745a9?s=96&d=mm&r=g\",\"caption\":\"Equipe G\u00e1vea News\"}}]}<\/script>\n<!-- \/ Yoast SEO Premium plugin. -->","yoast_head_json":{"title":"Flamengo e Dorival J\u00fanior caminham para renova\u00e7\u00e3o contratual","robots":{"index":"index","follow":"follow","max-snippet":"max-snippet:-1","max-image-preview":"max-image-preview:large","max-video-preview":"max-video-preview:-1"},"canonical":"https:\/\/www.gaveanews.com\/index.php\/2022\/09\/16\/flamengo-e-dorival-junior-caminham-para-renovacao-contratual\/","og_locale":"pt_BR","og_type":"article","og_title":"Flamengo e Dorival J\u00fanior caminham para renova\u00e7\u00e3o contratual","og_description":"A grande fase do Flamengo na temporada, nas finais da Libertadores e da Copa do Brasil, se deve muito a chegada de Dorival J\u00fanior. Foi ap\u00f3s a contrata\u00e7\u00e3o do treinador, que ocupou o cargo que anteriormente era de Paulo Sousa, que o Mais Querido voltou a demostrar um grande futebol. Assim, agora, a torcida quer [&hellip;]","og_url":"https:\/\/www.gaveanews.com\/index.php\/2022\/09\/16\/flamengo-e-dorival-junior-caminham-para-renovacao-contratual\/","og_site_name":"G\u00e1vea News","article_publisher":"https:\/\/facebook.com\/gaveaNews\/","article_published_time":"2022-09-16T16:16:16+00:00","article_modified_time":"2022-09-16T16:16:19+00:00","og_image":[{"width":799,"height":532,"url":"https:\/\/www.gaveanews.com\/wp-content\/uploads\/Dorival-Junior-comanda-o-Flamengo-no-Maracana.webp","type":"image\/jpeg"}],"author":"Equipe G\u00e1vea News","twitter_card":"summary_large_image","twitter_misc":{"Escrito por":"Equipe G\u00e1vea News","Est. tempo de leitura":"2 minutos"},"schema":{"@context":"https:\/\/schema.org","@graph":[{"@type":"NewsArticle","@id":"https:\/\/www.gaveanews.com\/index.php\/2022\/09\/16\/flamengo-e-dorival-junior-caminham-para-renovacao-contratual\/#article","isPartOf":{"@id":"https:\/\/www.gaveanews.com\/index.php\/2022\/09\/16\/flamengo-e-dorival-junior-caminham-para-renovacao-contratual\/"},"author":{"name":"Equipe G\u00e1vea News","@id":"https:\/\/www.gaveanews.com\/#\/schema\/person\/2ec14f73fb96be2caf28f91afb14749d"},"headline":"Flamengo e Dorival J\u00fanior caminham para renova\u00e7\u00e3o contratual","datePublished":"2022-09-16T16:16:16+00:00","dateModified":"2022-09-16T16:16:19+00:00","mainEntityOfPage":{"@id":"https:\/\/www.gaveanews.com\/index.php\/2022\/09\/16\/flamengo-e-dorival-junior-caminham-para-renovacao-contratual\/"},"wordCount":263,"commentCount":0,"image":{"@id":"https:\/\/www.gaveanews.com\/index.php\/2022\/09\/16\/flamengo-e-dorival-junior-caminham-para-renovacao-contratual\/#primaryimage"},"thumbnailUrl":"https:\/\/www.gaveanews.com\/wp-content\/uploads\/Dorival-Junior-comanda-o-Flamengo-no-Maracana.webp","articleSection":["Negocia\u00e7\u00f5es"],"inLanguage":"pt-BR","potentialAction":[{"@type":"CommentAction","name":"Comment","target":["https:\/\/www.gaveanews.com\/index.php\/2022\/09\/16\/flamengo-e-dorival-junior-caminham-para-renovacao-contratual\/#respond"]}],"copyrightYear":"2022","copyrightHolder":{"@id":"https:\/\/www.gaveanews.com\/#organization"}},{"@type":"WebPage","@id":"https:\/\/www.gaveanews.com\/index.php\/2022\/09\/16\/flamengo-e-dorival-junior-caminham-para-renovacao-contratual\/","url":"https:\/\/www.gaveanews.com\/index.php\/2022\/09\/16\/flamengo-e-dorival-junior-caminham-para-renovacao-contratual\/","name":"Flamengo e Dorival J\u00fanior caminham para renova\u00e7\u00e3o contratual","isPartOf":{"@id":"https:\/\/www.gaveanews.com\/#website"},"primaryImageOfPage":{"@id":"https:\/\/www.gaveanews.com\/index.php\/2022\/09\/16\/flamengo-e-dorival-junior-caminham-para-renovacao-contratual\/#primaryimage"},"image":{"@id":"https:\/\/www.gaveanews.com\/index.php\/2022\/09\/16\/flamengo-e-dorival-junior-caminham-para-renovacao-contratual\/#primaryimage"},"thumbnailUrl":"https:\/\/www.gaveanews.com\/wp-content\/uploads\/Dorival-Junior-comanda-o-Flamengo-no-Maracana.webp","datePublished":"2022-09-16T16:16:16+00:00","dateModified":"2022-09-16T16:16:19+00:00","author":{"@id":"https:\/\/www.gaveanews.com\/#\/schema\/person\/2ec14f73fb96be2caf28f91afb14749d"},"breadcrumb":{"@id":"https:\/\/www.gaveanews.com\/index.php\/2022\/09\/16\/flamengo-e-dorival-junior-caminham-para-renovacao-contratual\/#breadcrumb"},"inLanguage":"pt-BR","potentialAction":[{"@type":"ReadAction","target":["https:\/\/www.gaveanews.com\/index.php\/2022\/09\/16\/flamengo-e-dorival-junior-caminham-para-renovacao-contratual\/"]}]},{"@type":"ImageObject","inLanguage":"pt-BR","@id":"https:\/\/www.gaveanews.com\/index.php\/2022\/09\/16\/flamengo-e-dorival-junior-caminham-para-renovacao-contratual\/#primaryimage","url":"https:\/\/www.gaveanews.com\/wp-content\/uploads\/Dorival-Junior-comanda-o-Flamengo-no-Maracana.webp","contentUrl":"https:\/\/www.gaveanews.com\/wp-content\/uploads\/Dorival-Junior-comanda-o-Flamengo-no-Maracana.webp","width":799,"height":532,"caption":"Dorival J\u00fanior comanda o Flamengo no Maracan\u00e3 (Foto: Paula Reis\/Flamengo)"},{"@type":"BreadcrumbList","@id":"https:\/\/www.gaveanews.com\/index.php\/2022\/09\/16\/flamengo-e-dorival-junior-caminham-para-renovacao-contratual\/#breadcrumb","itemListElement":[{"@type":"ListItem","position":1,"name":"Home","item":"https:\/\/www.gaveanews.com\/"},{"@type":"ListItem","position":2,"name":"Flamengo e Dorival J\u00fanior caminham para renova\u00e7\u00e3o contratual"}]},{"@type":"WebSite","@id":"https:\/\/www.gaveanews.com\/#website","url":"https:\/\/www.gaveanews.com\/","name":"G\u00e1vea News","description":"Veja todas as not\u00edcias sobre o Flamengo: Contrata\u00e7\u00f5es, categorias de base, resultados das partidas, tabela de classifica\u00e7\u00e3o, pr\u00f3ximos jogos!","potentialAction":[{"@type":"SearchAction","target":{"@type":"EntryPoint","urlTemplate":"https:\/\/www.gaveanews.com\/?s={search_term_string}"},"query-input":{"@type":"PropertyValueSpecification","valueRequired":true,"valueName":"search_term_string"}}],"inLanguage":"pt-BR"},{"@type":"Person","@id":"https:\/\/www.gaveanews.com\/#\/schema\/person\/2ec14f73fb96be2caf28f91afb14749d","name":"Equipe G\u00e1vea News","image":{"@type":"ImageObject","inLanguage":"pt-BR","@id":"https:\/\/www.gaveanews.com\/#\/schema\/person\/image\/","url":"https:\/\/secure.gravatar.com\/avatar\/1e1956f1facbffd3f8fa53a326721950116b3b9dc9bd44939c01180fd4a745a9?s=96&d=mm&r=g","contentUrl":"https:\/\/secure.gravatar.com\/avatar\/1e1956f1facbffd3f8fa53a326721950116b3b9dc9bd44939c01180fd4a745a9?s=96&d=mm&r=g","caption":"Equipe G\u00e1vea News"}}]}},"_links":{"self":[{"href":"https:\/\/www.gaveanews.com\/index.php\/wp-json\/wp\/v2\/posts\/87503","targetHints":{"allow":["GET"]}}],"collection":[{"href":"https:\/\/www.gaveanews.com\/index.php\/wp-json\/wp\/v2\/posts"}],"about":[{"href":"https:\/\/www.gaveanews.com\/index.php\/wp-json\/wp\/v2\/types\/post"}],"author":[{"embeddable":true,"href":"https:\/\/www.gaveanews.com\/index.php\/wp-json\/wp\/v2\/users\/1"}],"replies":[{"embeddable":true,"href":"https:\/\/www.gaveanews.com\/index.php\/wp-json\/wp\/v2\/comments?post=87503"}],"version-history":[{"count":0,"href":"https:\/\/www.gaveanews.com\/index.php\/wp-json\/wp\/v2\/posts\/87503\/revisions"}],"wp:featuredmedia":[{"embeddable":true,"href":"https:\/\/www.gaveanews.com\/index.php\/wp-json\/wp\/v2\/media\/84790"}],"wp:attachment":[{"href":"https:\/\/www.gaveanews.com\/index.php\/wp-json\/wp\/v2\/media?parent=87503"}],"wp:term":[{"taxonomy":"category","embeddable":true,"href":"https:\/\/www.gaveanews.com\/index.php\/wp-json\/wp\/v2\/categories?post=87503"},{"taxonomy":"post_tag","embeddable":true,"href":"https:\/\/www.gaveanews.com\/index.php\/wp-json\/wp\/v2\/tags?post=87503"}],"curies":[{"name":"wp","href":"https:\/\/api.w.org\/{rel}","templated":true}]}}