{"id":87522,"date":"2022-09-16T22:26:19","date_gmt":"2022-09-17T01:26:19","guid":{"rendered":"https:\/\/www.gaveanews.com\/?p=87522"},"modified":"2022-09-16T22:26:21","modified_gmt":"2022-09-17T01:26:21","slug":"novos-reforcos-diretoria-do-flamengo-ja-tem-quatro-nomes-na-mira","status":"publish","type":"post","link":"https:\/\/www.gaveanews.com\/index.php\/2022\/09\/16\/novos-reforcos-diretoria-do-flamengo-ja-tem-quatro-nomes-na-mira\/","title":{"rendered":"Novos refor\u00e7os: Diretoria do Flamengo j\u00e1 tem quatro nomes na mira"},"content":{"rendered":"\n<p>Desde a chegada de Dorival J\u00fanior, o Flamengo passou da \u00e1gua para o vinho. O comandante fez seus jogadores recuperarem a confian\u00e7a e com um ambiente mais leve, a equipe voltou a desempenhar um grande futebol.<\/p>\n\n\n\n<p>Logo o Mais Querido passou de desacreditado \u00e0 postulante aos t\u00edtulos que disputa na temporada, finalista na Libertadores e Copa do Brasil, as chances de o Flamengo conquistar t\u00edtulos s\u00e3o grandes.<\/p>\n\n\n\n<p>Os dirigentes foram muito importantes, na janela de transfer\u00eancias do futebol brasileiro conseguiram contratar Arturo Vidal, Everton Cebolinha, Erick Pulgar e Guillermo Varela. Os atletas aumentaram o leque de op\u00e7\u00f5es de Dorival.<\/p>\n\n\n\n<p>O fato de a equipe passar pela janela de transfer\u00eancias do futebol internacional sem perder nenhum dos seus principais jogadores tamb\u00e9m foi muito importante para a sequ\u00eancia do trabalho, e a diretoria j\u00e1 come\u00e7a a planejar os refor\u00e7os da pr\u00f3xima temporada.<\/p>\n\n\n\n<p>De acordo com o jornalista Jorge Nicola, pensando na pr\u00f3xima temporada, os dirigentes do Flamengo trabalham com quatro nomes no seu radar de refor\u00e7os para o rubro-negro em 2023. Entre os nomes est\u00e3o os volantes Walace, Thiago Mendes, o atacante Michael e o meia Oscar.<\/p>\n\n\n\n<p><em>\u2014 Dois nomes que est\u00e3o na pauta do Flamengo nuca sa\u00edram do radar, s\u00e3o eles Walace e Thiago Mendes. O Michael est\u00e1 louco para deixar o Al-Hilal e pode retornar ao Flamengo, principalmente se os \u00e1rabes toparem o empr\u00e9stimo. O Oscar nunca saiu da pauta do Flamengo e talvez seja ele, o atleta de n\u00edvel mundial citado pelo Marcos Braz<\/em>, disse Nicola.<\/p>\n\n\n\n<p>Retirado de: Di\u00e1rio do Fla<\/p>\n","protected":false},"excerpt":{"rendered":"<p>Desde a chegada de Dorival J\u00fanior, o Flamengo passou da \u00e1gua para o vinho. O comandante fez seus jogadores recuperarem a confian\u00e7a e com um ambiente mais leve, a equipe voltou a desempenhar um grande futebol. Logo o Mais Querido passou de desacreditado \u00e0 postulante aos t\u00edtulos que disputa na temporada, finalista na Libertadores e [&hellip;]<\/p>\n","protected":false},"author":1,"featured_media":85562,"comment_status":"open","ping_status":"closed","sticky":false,"template":"","format":"standard","meta":{"footnotes":""},"categories":[48],"tags":[],"class_list":["post-87522","post","type-post","status-publish","format-standard","has-post-thumbnail","hentry","category-negociacoes"],"yoast_head":"<!-- This site is optimized with the Yoast SEO Premium plugin v24.2 (Yoast SEO v26.9) - https:\/\/yoast.com\/product\/yoast-seo-premium-wordpress\/ -->\n<title>Novos refor\u00e7os: Diretoria do Flamengo j\u00e1 tem quatro nomes na mira<\/title>\n<meta name=\"robots\" content=\"index, follow, max-snippet:-1, max-image-preview:large, max-video-preview:-1\" \/>\n<link rel=\"canonical\" href=\"https:\/\/www.gaveanews.com\/index.php\/2022\/09\/16\/novos-reforcos-diretoria-do-flamengo-ja-tem-quatro-nomes-na-mira\/\" \/>\n<meta property=\"og:locale\" content=\"pt_BR\" \/>\n<meta property=\"og:type\" content=\"article\" \/>\n<meta property=\"og:title\" content=\"Novos refor\u00e7os: Diretoria do Flamengo j\u00e1 tem quatro nomes na mira\" \/>\n<meta property=\"og:description\" content=\"Desde a chegada de Dorival J\u00fanior, o Flamengo passou da \u00e1gua para o vinho. O comandante fez seus jogadores recuperarem a confian\u00e7a e com um ambiente mais leve, a equipe voltou a desempenhar um grande futebol. Logo o Mais Querido passou de desacreditado \u00e0 postulante aos t\u00edtulos que disputa na temporada, finalista na Libertadores e [&hellip;]\" \/>\n<meta property=\"og:url\" content=\"https:\/\/www.gaveanews.com\/index.php\/2022\/09\/16\/novos-reforcos-diretoria-do-flamengo-ja-tem-quatro-nomes-na-mira\/\" \/>\n<meta property=\"og:site_name\" content=\"G\u00e1vea News\" \/>\n<meta property=\"article:publisher\" content=\"https:\/\/facebook.com\/gaveaNews\/\" \/>\n<meta property=\"article:published_time\" content=\"2022-09-17T01:26:19+00:00\" \/>\n<meta property=\"article:modified_time\" content=\"2022-09-17T01:26:21+00:00\" \/>\n<meta property=\"og:image\" content=\"https:\/\/www.gaveanews.com\/wp-content\/uploads\/Marcos-Braz-em-entrevista-no-CT-do-Flamengo-1.webp\" \/>\n\t<meta property=\"og:image:width\" content=\"799\" \/>\n\t<meta property=\"og:image:height\" content=\"533\" \/>\n\t<meta property=\"og:image:type\" content=\"image\/jpeg\" \/>\n<meta name=\"author\" content=\"Equipe G\u00e1vea News\" \/>\n<meta name=\"twitter:card\" content=\"summary_large_image\" \/>\n<meta name=\"twitter:label1\" content=\"Escrito por\" \/>\n\t<meta name=\"twitter:data1\" content=\"Equipe G\u00e1vea News\" \/>\n\t<meta name=\"twitter:label2\" content=\"Est. tempo de leitura\" \/>\n\t<meta name=\"twitter:data2\" content=\"2 minutos\" \/>\n<script type=\"application\/ld+json\" class=\"yoast-schema-graph\">{\"@context\":\"https:\/\/schema.org\",\"@graph\":[{\"@type\":\"NewsArticle\",\"@id\":\"https:\/\/www.gaveanews.com\/index.php\/2022\/09\/16\/novos-reforcos-diretoria-do-flamengo-ja-tem-quatro-nomes-na-mira\/#article\",\"isPartOf\":{\"@id\":\"https:\/\/www.gaveanews.com\/index.php\/2022\/09\/16\/novos-reforcos-diretoria-do-flamengo-ja-tem-quatro-nomes-na-mira\/\"},\"author\":{\"name\":\"Equipe G\u00e1vea News\",\"@id\":\"https:\/\/www.gaveanews.com\/#\/schema\/person\/2ec14f73fb96be2caf28f91afb14749d\"},\"headline\":\"Novos refor\u00e7os: Diretoria do Flamengo j\u00e1 tem quatro nomes na mira\",\"datePublished\":\"2022-09-17T01:26:19+00:00\",\"dateModified\":\"2022-09-17T01:26:21+00:00\",\"mainEntityOfPage\":{\"@id\":\"https:\/\/www.gaveanews.com\/index.php\/2022\/09\/16\/novos-reforcos-diretoria-do-flamengo-ja-tem-quatro-nomes-na-mira\/\"},\"wordCount\":283,\"commentCount\":0,\"image\":{\"@id\":\"https:\/\/www.gaveanews.com\/index.php\/2022\/09\/16\/novos-reforcos-diretoria-do-flamengo-ja-tem-quatro-nomes-na-mira\/#primaryimage\"},\"thumbnailUrl\":\"https:\/\/www.gaveanews.com\/wp-content\/uploads\/Marcos-Braz-em-entrevista-no-CT-do-Flamengo-1.webp\",\"articleSection\":[\"Negocia\u00e7\u00f5es\"],\"inLanguage\":\"pt-BR\",\"potentialAction\":[{\"@type\":\"CommentAction\",\"name\":\"Comment\",\"target\":[\"https:\/\/www.gaveanews.com\/index.php\/2022\/09\/16\/novos-reforcos-diretoria-do-flamengo-ja-tem-quatro-nomes-na-mira\/#respond\"]}],\"copyrightYear\":\"2022\",\"copyrightHolder\":{\"@id\":\"https:\/\/www.gaveanews.com\/#organization\"}},{\"@type\":\"WebPage\",\"@id\":\"https:\/\/www.gaveanews.com\/index.php\/2022\/09\/16\/novos-reforcos-diretoria-do-flamengo-ja-tem-quatro-nomes-na-mira\/\",\"url\":\"https:\/\/www.gaveanews.com\/index.php\/2022\/09\/16\/novos-reforcos-diretoria-do-flamengo-ja-tem-quatro-nomes-na-mira\/\",\"name\":\"Novos refor\u00e7os: Diretoria do Flamengo j\u00e1 tem quatro nomes na mira\",\"isPartOf\":{\"@id\":\"https:\/\/www.gaveanews.com\/#website\"},\"primaryImageOfPage\":{\"@id\":\"https:\/\/www.gaveanews.com\/index.php\/2022\/09\/16\/novos-reforcos-diretoria-do-flamengo-ja-tem-quatro-nomes-na-mira\/#primaryimage\"},\"image\":{\"@id\":\"https:\/\/www.gaveanews.com\/index.php\/2022\/09\/16\/novos-reforcos-diretoria-do-flamengo-ja-tem-quatro-nomes-na-mira\/#primaryimage\"},\"thumbnailUrl\":\"https:\/\/www.gaveanews.com\/wp-content\/uploads\/Marcos-Braz-em-entrevista-no-CT-do-Flamengo-1.webp\",\"datePublished\":\"2022-09-17T01:26:19+00:00\",\"dateModified\":\"2022-09-17T01:26:21+00:00\",\"author\":{\"@id\":\"https:\/\/www.gaveanews.com\/#\/schema\/person\/2ec14f73fb96be2caf28f91afb14749d\"},\"breadcrumb\":{\"@id\":\"https:\/\/www.gaveanews.com\/index.php\/2022\/09\/16\/novos-reforcos-diretoria-do-flamengo-ja-tem-quatro-nomes-na-mira\/#breadcrumb\"},\"inLanguage\":\"pt-BR\",\"potentialAction\":[{\"@type\":\"ReadAction\",\"target\":[\"https:\/\/www.gaveanews.com\/index.php\/2022\/09\/16\/novos-reforcos-diretoria-do-flamengo-ja-tem-quatro-nomes-na-mira\/\"]}]},{\"@type\":\"ImageObject\",\"inLanguage\":\"pt-BR\",\"@id\":\"https:\/\/www.gaveanews.com\/index.php\/2022\/09\/16\/novos-reforcos-diretoria-do-flamengo-ja-tem-quatro-nomes-na-mira\/#primaryimage\",\"url\":\"https:\/\/www.gaveanews.com\/wp-content\/uploads\/Marcos-Braz-em-entrevista-no-CT-do-Flamengo-1.webp\",\"contentUrl\":\"https:\/\/www.gaveanews.com\/wp-content\/uploads\/Marcos-Braz-em-entrevista-no-CT-do-Flamengo-1.webp\",\"width\":799,\"height\":533,\"caption\":\"Marcos Braz em entrevista no CT do Flamengo (Foto: Gilvan de Souza\/Flamengo)\"},{\"@type\":\"BreadcrumbList\",\"@id\":\"https:\/\/www.gaveanews.com\/index.php\/2022\/09\/16\/novos-reforcos-diretoria-do-flamengo-ja-tem-quatro-nomes-na-mira\/#breadcrumb\",\"itemListElement\":[{\"@type\":\"ListItem\",\"position\":1,\"name\":\"Home\",\"item\":\"https:\/\/www.gaveanews.com\/\"},{\"@type\":\"ListItem\",\"position\":2,\"name\":\"Novos refor\u00e7os: Diretoria do Flamengo j\u00e1 tem quatro nomes na mira\"}]},{\"@type\":\"WebSite\",\"@id\":\"https:\/\/www.gaveanews.com\/#website\",\"url\":\"https:\/\/www.gaveanews.com\/\",\"name\":\"G\u00e1vea News\",\"description\":\"Veja todas as not\u00edcias sobre o Flamengo: Contrata\u00e7\u00f5es, categorias de base, resultados das partidas, tabela de classifica\u00e7\u00e3o, pr\u00f3ximos jogos!\",\"potentialAction\":[{\"@type\":\"SearchAction\",\"target\":{\"@type\":\"EntryPoint\",\"urlTemplate\":\"https:\/\/www.gaveanews.com\/?s={search_term_string}\"},\"query-input\":{\"@type\":\"PropertyValueSpecification\",\"valueRequired\":true,\"valueName\":\"search_term_string\"}}],\"inLanguage\":\"pt-BR\"},{\"@type\":\"Person\",\"@id\":\"https:\/\/www.gaveanews.com\/#\/schema\/person\/2ec14f73fb96be2caf28f91afb14749d\",\"name\":\"Equipe G\u00e1vea News\",\"image\":{\"@type\":\"ImageObject\",\"inLanguage\":\"pt-BR\",\"@id\":\"https:\/\/www.gaveanews.com\/#\/schema\/person\/image\/\",\"url\":\"https:\/\/secure.gravatar.com\/avatar\/1e1956f1facbffd3f8fa53a326721950116b3b9dc9bd44939c01180fd4a745a9?s=96&d=mm&r=g\",\"contentUrl\":\"https:\/\/secure.gravatar.com\/avatar\/1e1956f1facbffd3f8fa53a326721950116b3b9dc9bd44939c01180fd4a745a9?s=96&d=mm&r=g\",\"caption\":\"Equipe G\u00e1vea News\"}}]}<\/script>\n<!-- \/ Yoast SEO Premium plugin. -->","yoast_head_json":{"title":"Novos refor\u00e7os: Diretoria do Flamengo j\u00e1 tem quatro nomes na mira","robots":{"index":"index","follow":"follow","max-snippet":"max-snippet:-1","max-image-preview":"max-image-preview:large","max-video-preview":"max-video-preview:-1"},"canonical":"https:\/\/www.gaveanews.com\/index.php\/2022\/09\/16\/novos-reforcos-diretoria-do-flamengo-ja-tem-quatro-nomes-na-mira\/","og_locale":"pt_BR","og_type":"article","og_title":"Novos refor\u00e7os: Diretoria do Flamengo j\u00e1 tem quatro nomes na mira","og_description":"Desde a chegada de Dorival J\u00fanior, o Flamengo passou da \u00e1gua para o vinho. O comandante fez seus jogadores recuperarem a confian\u00e7a e com um ambiente mais leve, a equipe voltou a desempenhar um grande futebol. Logo o Mais Querido passou de desacreditado \u00e0 postulante aos t\u00edtulos que disputa na temporada, finalista na Libertadores e [&hellip;]","og_url":"https:\/\/www.gaveanews.com\/index.php\/2022\/09\/16\/novos-reforcos-diretoria-do-flamengo-ja-tem-quatro-nomes-na-mira\/","og_site_name":"G\u00e1vea News","article_publisher":"https:\/\/facebook.com\/gaveaNews\/","article_published_time":"2022-09-17T01:26:19+00:00","article_modified_time":"2022-09-17T01:26:21+00:00","og_image":[{"width":799,"height":533,"url":"https:\/\/www.gaveanews.com\/wp-content\/uploads\/Marcos-Braz-em-entrevista-no-CT-do-Flamengo-1.webp","type":"image\/jpeg"}],"author":"Equipe G\u00e1vea News","twitter_card":"summary_large_image","twitter_misc":{"Escrito por":"Equipe G\u00e1vea News","Est. tempo de leitura":"2 minutos"},"schema":{"@context":"https:\/\/schema.org","@graph":[{"@type":"NewsArticle","@id":"https:\/\/www.gaveanews.com\/index.php\/2022\/09\/16\/novos-reforcos-diretoria-do-flamengo-ja-tem-quatro-nomes-na-mira\/#article","isPartOf":{"@id":"https:\/\/www.gaveanews.com\/index.php\/2022\/09\/16\/novos-reforcos-diretoria-do-flamengo-ja-tem-quatro-nomes-na-mira\/"},"author":{"name":"Equipe G\u00e1vea News","@id":"https:\/\/www.gaveanews.com\/#\/schema\/person\/2ec14f73fb96be2caf28f91afb14749d"},"headline":"Novos refor\u00e7os: Diretoria do Flamengo j\u00e1 tem quatro nomes na mira","datePublished":"2022-09-17T01:26:19+00:00","dateModified":"2022-09-17T01:26:21+00:00","mainEntityOfPage":{"@id":"https:\/\/www.gaveanews.com\/index.php\/2022\/09\/16\/novos-reforcos-diretoria-do-flamengo-ja-tem-quatro-nomes-na-mira\/"},"wordCount":283,"commentCount":0,"image":{"@id":"https:\/\/www.gaveanews.com\/index.php\/2022\/09\/16\/novos-reforcos-diretoria-do-flamengo-ja-tem-quatro-nomes-na-mira\/#primaryimage"},"thumbnailUrl":"https:\/\/www.gaveanews.com\/wp-content\/uploads\/Marcos-Braz-em-entrevista-no-CT-do-Flamengo-1.webp","articleSection":["Negocia\u00e7\u00f5es"],"inLanguage":"pt-BR","potentialAction":[{"@type":"CommentAction","name":"Comment","target":["https:\/\/www.gaveanews.com\/index.php\/2022\/09\/16\/novos-reforcos-diretoria-do-flamengo-ja-tem-quatro-nomes-na-mira\/#respond"]}],"copyrightYear":"2022","copyrightHolder":{"@id":"https:\/\/www.gaveanews.com\/#organization"}},{"@type":"WebPage","@id":"https:\/\/www.gaveanews.com\/index.php\/2022\/09\/16\/novos-reforcos-diretoria-do-flamengo-ja-tem-quatro-nomes-na-mira\/","url":"https:\/\/www.gaveanews.com\/index.php\/2022\/09\/16\/novos-reforcos-diretoria-do-flamengo-ja-tem-quatro-nomes-na-mira\/","name":"Novos refor\u00e7os: Diretoria do Flamengo j\u00e1 tem quatro nomes na mira","isPartOf":{"@id":"https:\/\/www.gaveanews.com\/#website"},"primaryImageOfPage":{"@id":"https:\/\/www.gaveanews.com\/index.php\/2022\/09\/16\/novos-reforcos-diretoria-do-flamengo-ja-tem-quatro-nomes-na-mira\/#primaryimage"},"image":{"@id":"https:\/\/www.gaveanews.com\/index.php\/2022\/09\/16\/novos-reforcos-diretoria-do-flamengo-ja-tem-quatro-nomes-na-mira\/#primaryimage"},"thumbnailUrl":"https:\/\/www.gaveanews.com\/wp-content\/uploads\/Marcos-Braz-em-entrevista-no-CT-do-Flamengo-1.webp","datePublished":"2022-09-17T01:26:19+00:00","dateModified":"2022-09-17T01:26:21+00:00","author":{"@id":"https:\/\/www.gaveanews.com\/#\/schema\/person\/2ec14f73fb96be2caf28f91afb14749d"},"breadcrumb":{"@id":"https:\/\/www.gaveanews.com\/index.php\/2022\/09\/16\/novos-reforcos-diretoria-do-flamengo-ja-tem-quatro-nomes-na-mira\/#breadcrumb"},"inLanguage":"pt-BR","potentialAction":[{"@type":"ReadAction","target":["https:\/\/www.gaveanews.com\/index.php\/2022\/09\/16\/novos-reforcos-diretoria-do-flamengo-ja-tem-quatro-nomes-na-mira\/"]}]},{"@type":"ImageObject","inLanguage":"pt-BR","@id":"https:\/\/www.gaveanews.com\/index.php\/2022\/09\/16\/novos-reforcos-diretoria-do-flamengo-ja-tem-quatro-nomes-na-mira\/#primaryimage","url":"https:\/\/www.gaveanews.com\/wp-content\/uploads\/Marcos-Braz-em-entrevista-no-CT-do-Flamengo-1.webp","contentUrl":"https:\/\/www.gaveanews.com\/wp-content\/uploads\/Marcos-Braz-em-entrevista-no-CT-do-Flamengo-1.webp","width":799,"height":533,"caption":"Marcos Braz em entrevista no CT do Flamengo (Foto: Gilvan de Souza\/Flamengo)"},{"@type":"BreadcrumbList","@id":"https:\/\/www.gaveanews.com\/index.php\/2022\/09\/16\/novos-reforcos-diretoria-do-flamengo-ja-tem-quatro-nomes-na-mira\/#breadcrumb","itemListElement":[{"@type":"ListItem","position":1,"name":"Home","item":"https:\/\/www.gaveanews.com\/"},{"@type":"ListItem","position":2,"name":"Novos refor\u00e7os: Diretoria do Flamengo j\u00e1 tem quatro nomes na mira"}]},{"@type":"WebSite","@id":"https:\/\/www.gaveanews.com\/#website","url":"https:\/\/www.gaveanews.com\/","name":"G\u00e1vea News","description":"Veja todas as not\u00edcias sobre o Flamengo: Contrata\u00e7\u00f5es, categorias de base, resultados das partidas, tabela de classifica\u00e7\u00e3o, pr\u00f3ximos jogos!","potentialAction":[{"@type":"SearchAction","target":{"@type":"EntryPoint","urlTemplate":"https:\/\/www.gaveanews.com\/?s={search_term_string}"},"query-input":{"@type":"PropertyValueSpecification","valueRequired":true,"valueName":"search_term_string"}}],"inLanguage":"pt-BR"},{"@type":"Person","@id":"https:\/\/www.gaveanews.com\/#\/schema\/person\/2ec14f73fb96be2caf28f91afb14749d","name":"Equipe G\u00e1vea News","image":{"@type":"ImageObject","inLanguage":"pt-BR","@id":"https:\/\/www.gaveanews.com\/#\/schema\/person\/image\/","url":"https:\/\/secure.gravatar.com\/avatar\/1e1956f1facbffd3f8fa53a326721950116b3b9dc9bd44939c01180fd4a745a9?s=96&d=mm&r=g","contentUrl":"https:\/\/secure.gravatar.com\/avatar\/1e1956f1facbffd3f8fa53a326721950116b3b9dc9bd44939c01180fd4a745a9?s=96&d=mm&r=g","caption":"Equipe G\u00e1vea News"}}]}},"_links":{"self":[{"href":"https:\/\/www.gaveanews.com\/index.php\/wp-json\/wp\/v2\/posts\/87522","targetHints":{"allow":["GET"]}}],"collection":[{"href":"https:\/\/www.gaveanews.com\/index.php\/wp-json\/wp\/v2\/posts"}],"about":[{"href":"https:\/\/www.gaveanews.com\/index.php\/wp-json\/wp\/v2\/types\/post"}],"author":[{"embeddable":true,"href":"https:\/\/www.gaveanews.com\/index.php\/wp-json\/wp\/v2\/users\/1"}],"replies":[{"embeddable":true,"href":"https:\/\/www.gaveanews.com\/index.php\/wp-json\/wp\/v2\/comments?post=87522"}],"version-history":[{"count":0,"href":"https:\/\/www.gaveanews.com\/index.php\/wp-json\/wp\/v2\/posts\/87522\/revisions"}],"wp:featuredmedia":[{"embeddable":true,"href":"https:\/\/www.gaveanews.com\/index.php\/wp-json\/wp\/v2\/media\/85562"}],"wp:attachment":[{"href":"https:\/\/www.gaveanews.com\/index.php\/wp-json\/wp\/v2\/media?parent=87522"}],"wp:term":[{"taxonomy":"category","embeddable":true,"href":"https:\/\/www.gaveanews.com\/index.php\/wp-json\/wp\/v2\/categories?post=87522"},{"taxonomy":"post_tag","embeddable":true,"href":"https:\/\/www.gaveanews.com\/index.php\/wp-json\/wp\/v2\/tags?post=87522"}],"curies":[{"name":"wp","href":"https:\/\/api.w.org\/{rel}","templated":true}]}}