{"id":87524,"date":"2022-09-16T22:52:36","date_gmt":"2022-09-17T01:52:36","guid":{"rendered":"https:\/\/www.gaveanews.com\/?p=87524"},"modified":"2022-09-16T22:52:39","modified_gmt":"2022-09-17T01:52:39","slug":"video-vinicius-junior-se-pronuncia-sobre-ofensas-recebidas-na-espanha","status":"publish","type":"post","link":"https:\/\/www.gaveanews.com\/index.php\/2022\/09\/16\/video-vinicius-junior-se-pronuncia-sobre-ofensas-recebidas-na-espanha\/","title":{"rendered":"V\u00eddeo: Vinicius J\u00fanior se pronuncia sobre ofensas recebidas na Espanha"},"content":{"rendered":"\n<p>Na \u00faltima quinta-feira, durante o programa da TV espanhola \u2018El Chiringuito\u2019, o Presidente da Associa\u00e7\u00e3o Espanhola de Empres\u00e1rios de Jogadores, Pedro Bravo usou termos racistas para criticar Vinicius J\u00fanior, afirmando que o jogador deveria parar de fazer \u2018macaquices\u2019.<\/p>\n\n\n\n<p>A declara\u00e7\u00e3o rapidamente viralizou nas redes sociais, onde clubes, jogadores e Federa\u00e7\u00f5es deram todo o apoio \u00e0 Vini Jr. Vendo a repercuss\u00e3o gigante, Pedro Bravo se desculpou e afirmou ter se expressado mal.<\/p>\n\n\n\n<p>Na noite desta sexta-feira, Vinicius J\u00fanior usou suas redes sociais para se pronunciar. A cria do Flamengo foi muito feliz nas palavras afirmando que a felicidade de um preto, brasileiro na Europa incomoda muito.<\/p>\n\n\n\n<p>O atacante do Real Madrid falou sobre os seus projetos sociais que faz para ajudar as pessoas pobres, Vini Jr afirmou que n\u00e3o vai parar de bailar como sempre fez, seja no Brasil, no Bernabeu ou onde ele quiser.<\/p>\n\n\n\n<p><em>\u2014 A felicidade de um preto, brasileiro e vitorioso na Europa incomoda. Aceitem, respeitem ou surtem. N\u00e3o vou parar. Repito para voc\u00ea racista. N\u00e3o vou parar de bailar, seja no samb\u00f3dromo, no Bernab\u00e9u ou onde quer que for<\/em>, disse Vini Jr.<\/p>\n\n\n\n<p><strong>Veja abaixo o depoimento completo de Vinicius J\u00fanior:<\/strong><\/p>\n\n\n\n<figure class=\"wp-block-embed is-type-rich is-provider-twitter wp-block-embed-twitter\"><div class=\"wp-block-embed__wrapper\">\n<blockquote class=\"twitter-tweet\" data-width=\"550\" data-dnt=\"true\"><p lang=\"pt\" dir=\"ltr\">\u270a\ud83c\udfff\ud83d\udda4! Obrigado pelo apoio! Eu n\u00e3o vou parar! <a href=\"https:\/\/twitter.com\/hashtag\/BailaViniJr?src=hash&amp;ref_src=twsrc%5Etfw\">#BailaViniJr<\/a> <a href=\"https:\/\/t.co\/h3RsmwYAYw\">pic.twitter.com\/h3RsmwYAYw<\/a><\/p>&mdash; Vini Jr. (@vinijr) <a href=\"https:\/\/twitter.com\/vinijr\/status\/1570893793028874240?ref_src=twsrc%5Etfw\">September 16, 2022<\/a><\/blockquote><script async src=\"https:\/\/platform.twitter.com\/widgets.js\" charset=\"utf-8\"><\/script>\n<\/div><\/figure>\n\n\n\n<p>Retirado de: Di\u00e1rio do Fla<\/p>\n","protected":false},"excerpt":{"rendered":"<p>Na \u00faltima quinta-feira, durante o programa da TV espanhola \u2018El Chiringuito\u2019, o Presidente da Associa\u00e7\u00e3o Espanhola de Empres\u00e1rios de Jogadores, Pedro Bravo usou termos racistas para criticar Vinicius J\u00fanior, afirmando que o jogador deveria parar de fazer \u2018macaquices\u2019. A declara\u00e7\u00e3o rapidamente viralizou nas redes sociais, onde clubes, jogadores e Federa\u00e7\u00f5es deram todo o apoio \u00e0 [&hellip;]<\/p>\n","protected":false},"author":1,"featured_media":86209,"comment_status":"open","ping_status":"closed","sticky":false,"template":"","format":"standard","meta":{"footnotes":""},"categories":[40],"tags":[],"class_list":["post-87524","post","type-post","status-publish","format-standard","has-post-thumbnail","hentry","category-video"],"yoast_head":"<!-- This site is optimized with the Yoast SEO Premium plugin v24.2 (Yoast SEO v26.9) - https:\/\/yoast.com\/product\/yoast-seo-premium-wordpress\/ -->\n<title>V\u00eddeo: Vinicius J\u00fanior se pronuncia sobre ofensas recebidas na Espanha<\/title>\n<meta name=\"robots\" content=\"index, follow, max-snippet:-1, max-image-preview:large, max-video-preview:-1\" \/>\n<link rel=\"canonical\" href=\"https:\/\/www.gaveanews.com\/index.php\/2022\/09\/16\/video-vinicius-junior-se-pronuncia-sobre-ofensas-recebidas-na-espanha\/\" \/>\n<meta property=\"og:locale\" content=\"pt_BR\" \/>\n<meta property=\"og:type\" content=\"article\" \/>\n<meta property=\"og:title\" content=\"V\u00eddeo: Vinicius J\u00fanior se pronuncia sobre ofensas recebidas na Espanha\" \/>\n<meta property=\"og:description\" content=\"Na \u00faltima quinta-feira, durante o programa da TV espanhola \u2018El Chiringuito\u2019, o Presidente da Associa\u00e7\u00e3o Espanhola de Empres\u00e1rios de Jogadores, Pedro Bravo usou termos racistas para criticar Vinicius J\u00fanior, afirmando que o jogador deveria parar de fazer \u2018macaquices\u2019. A declara\u00e7\u00e3o rapidamente viralizou nas redes sociais, onde clubes, jogadores e Federa\u00e7\u00f5es deram todo o apoio \u00e0 [&hellip;]\" \/>\n<meta property=\"og:url\" content=\"https:\/\/www.gaveanews.com\/index.php\/2022\/09\/16\/video-vinicius-junior-se-pronuncia-sobre-ofensas-recebidas-na-espanha\/\" \/>\n<meta property=\"og:site_name\" content=\"G\u00e1vea News\" \/>\n<meta property=\"article:publisher\" content=\"https:\/\/facebook.com\/gaveaNews\/\" \/>\n<meta property=\"article:published_time\" content=\"2022-09-17T01:52:36+00:00\" \/>\n<meta property=\"article:modified_time\" content=\"2022-09-17T01:52:39+00:00\" \/>\n<meta property=\"og:image\" content=\"https:\/\/www.gaveanews.com\/wp-content\/uploads\/Vinicius-Junior-em-jogo-do-Real-Madrid-contra-o-Celta-de-Vigo.webp\" \/>\n\t<meta property=\"og:image:width\" content=\"900\" \/>\n\t<meta property=\"og:image:height\" content=\"506\" \/>\n\t<meta property=\"og:image:type\" content=\"image\/jpeg\" \/>\n<meta name=\"author\" content=\"Equipe G\u00e1vea News\" \/>\n<meta name=\"twitter:card\" content=\"summary_large_image\" \/>\n<meta name=\"twitter:label1\" content=\"Escrito por\" \/>\n\t<meta name=\"twitter:data1\" content=\"Equipe G\u00e1vea News\" \/>\n\t<meta name=\"twitter:label2\" content=\"Est. tempo de leitura\" \/>\n\t<meta name=\"twitter:data2\" content=\"2 minutos\" \/>\n<script type=\"application\/ld+json\" class=\"yoast-schema-graph\">{\"@context\":\"https:\/\/schema.org\",\"@graph\":[{\"@type\":\"NewsArticle\",\"@id\":\"https:\/\/www.gaveanews.com\/index.php\/2022\/09\/16\/video-vinicius-junior-se-pronuncia-sobre-ofensas-recebidas-na-espanha\/#article\",\"isPartOf\":{\"@id\":\"https:\/\/www.gaveanews.com\/index.php\/2022\/09\/16\/video-vinicius-junior-se-pronuncia-sobre-ofensas-recebidas-na-espanha\/\"},\"author\":{\"name\":\"Equipe G\u00e1vea News\",\"@id\":\"https:\/\/www.gaveanews.com\/#\/schema\/person\/2ec14f73fb96be2caf28f91afb14749d\"},\"headline\":\"V\u00eddeo: Vinicius J\u00fanior se pronuncia sobre ofensas recebidas na Espanha\",\"datePublished\":\"2022-09-17T01:52:36+00:00\",\"dateModified\":\"2022-09-17T01:52:39+00:00\",\"mainEntityOfPage\":{\"@id\":\"https:\/\/www.gaveanews.com\/index.php\/2022\/09\/16\/video-vinicius-junior-se-pronuncia-sobre-ofensas-recebidas-na-espanha\/\"},\"wordCount\":227,\"commentCount\":0,\"image\":{\"@id\":\"https:\/\/www.gaveanews.com\/index.php\/2022\/09\/16\/video-vinicius-junior-se-pronuncia-sobre-ofensas-recebidas-na-espanha\/#primaryimage\"},\"thumbnailUrl\":\"https:\/\/www.gaveanews.com\/wp-content\/uploads\/Vinicius-Junior-em-jogo-do-Real-Madrid-contra-o-Celta-de-Vigo.webp\",\"articleSection\":[\"V\u00eddeos\"],\"inLanguage\":\"pt-BR\",\"potentialAction\":[{\"@type\":\"CommentAction\",\"name\":\"Comment\",\"target\":[\"https:\/\/www.gaveanews.com\/index.php\/2022\/09\/16\/video-vinicius-junior-se-pronuncia-sobre-ofensas-recebidas-na-espanha\/#respond\"]}],\"copyrightYear\":\"2022\",\"copyrightHolder\":{\"@id\":\"https:\/\/www.gaveanews.com\/#organization\"}},{\"@type\":\"WebPage\",\"@id\":\"https:\/\/www.gaveanews.com\/index.php\/2022\/09\/16\/video-vinicius-junior-se-pronuncia-sobre-ofensas-recebidas-na-espanha\/\",\"url\":\"https:\/\/www.gaveanews.com\/index.php\/2022\/09\/16\/video-vinicius-junior-se-pronuncia-sobre-ofensas-recebidas-na-espanha\/\",\"name\":\"V\u00eddeo: Vinicius J\u00fanior se pronuncia sobre ofensas recebidas na Espanha\",\"isPartOf\":{\"@id\":\"https:\/\/www.gaveanews.com\/#website\"},\"primaryImageOfPage\":{\"@id\":\"https:\/\/www.gaveanews.com\/index.php\/2022\/09\/16\/video-vinicius-junior-se-pronuncia-sobre-ofensas-recebidas-na-espanha\/#primaryimage\"},\"image\":{\"@id\":\"https:\/\/www.gaveanews.com\/index.php\/2022\/09\/16\/video-vinicius-junior-se-pronuncia-sobre-ofensas-recebidas-na-espanha\/#primaryimage\"},\"thumbnailUrl\":\"https:\/\/www.gaveanews.com\/wp-content\/uploads\/Vinicius-Junior-em-jogo-do-Real-Madrid-contra-o-Celta-de-Vigo.webp\",\"datePublished\":\"2022-09-17T01:52:36+00:00\",\"dateModified\":\"2022-09-17T01:52:39+00:00\",\"author\":{\"@id\":\"https:\/\/www.gaveanews.com\/#\/schema\/person\/2ec14f73fb96be2caf28f91afb14749d\"},\"breadcrumb\":{\"@id\":\"https:\/\/www.gaveanews.com\/index.php\/2022\/09\/16\/video-vinicius-junior-se-pronuncia-sobre-ofensas-recebidas-na-espanha\/#breadcrumb\"},\"inLanguage\":\"pt-BR\",\"potentialAction\":[{\"@type\":\"ReadAction\",\"target\":[\"https:\/\/www.gaveanews.com\/index.php\/2022\/09\/16\/video-vinicius-junior-se-pronuncia-sobre-ofensas-recebidas-na-espanha\/\"]}]},{\"@type\":\"ImageObject\",\"inLanguage\":\"pt-BR\",\"@id\":\"https:\/\/www.gaveanews.com\/index.php\/2022\/09\/16\/video-vinicius-junior-se-pronuncia-sobre-ofensas-recebidas-na-espanha\/#primaryimage\",\"url\":\"https:\/\/www.gaveanews.com\/wp-content\/uploads\/Vinicius-Junior-em-jogo-do-Real-Madrid-contra-o-Celta-de-Vigo.webp\",\"contentUrl\":\"https:\/\/www.gaveanews.com\/wp-content\/uploads\/Vinicius-Junior-em-jogo-do-Real-Madrid-contra-o-Celta-de-Vigo.webp\",\"width\":900,\"height\":506,\"caption\":\"Vinicius Junior em jogo do Real Madrid contra o Celta de Vigo (Foto: EFE \/ Lavanderia)\"},{\"@type\":\"BreadcrumbList\",\"@id\":\"https:\/\/www.gaveanews.com\/index.php\/2022\/09\/16\/video-vinicius-junior-se-pronuncia-sobre-ofensas-recebidas-na-espanha\/#breadcrumb\",\"itemListElement\":[{\"@type\":\"ListItem\",\"position\":1,\"name\":\"Home\",\"item\":\"https:\/\/www.gaveanews.com\/\"},{\"@type\":\"ListItem\",\"position\":2,\"name\":\"V\u00eddeo: Vinicius J\u00fanior se pronuncia sobre ofensas recebidas na Espanha\"}]},{\"@type\":\"WebSite\",\"@id\":\"https:\/\/www.gaveanews.com\/#website\",\"url\":\"https:\/\/www.gaveanews.com\/\",\"name\":\"G\u00e1vea News\",\"description\":\"Veja todas as not\u00edcias sobre o Flamengo: Contrata\u00e7\u00f5es, categorias de base, resultados das partidas, tabela de classifica\u00e7\u00e3o, pr\u00f3ximos jogos!\",\"potentialAction\":[{\"@type\":\"SearchAction\",\"target\":{\"@type\":\"EntryPoint\",\"urlTemplate\":\"https:\/\/www.gaveanews.com\/?s={search_term_string}\"},\"query-input\":{\"@type\":\"PropertyValueSpecification\",\"valueRequired\":true,\"valueName\":\"search_term_string\"}}],\"inLanguage\":\"pt-BR\"},{\"@type\":\"Person\",\"@id\":\"https:\/\/www.gaveanews.com\/#\/schema\/person\/2ec14f73fb96be2caf28f91afb14749d\",\"name\":\"Equipe G\u00e1vea News\",\"image\":{\"@type\":\"ImageObject\",\"inLanguage\":\"pt-BR\",\"@id\":\"https:\/\/www.gaveanews.com\/#\/schema\/person\/image\/\",\"url\":\"https:\/\/secure.gravatar.com\/avatar\/1e1956f1facbffd3f8fa53a326721950116b3b9dc9bd44939c01180fd4a745a9?s=96&d=mm&r=g\",\"contentUrl\":\"https:\/\/secure.gravatar.com\/avatar\/1e1956f1facbffd3f8fa53a326721950116b3b9dc9bd44939c01180fd4a745a9?s=96&d=mm&r=g\",\"caption\":\"Equipe G\u00e1vea News\"}}]}<\/script>\n<!-- \/ Yoast SEO Premium plugin. -->","yoast_head_json":{"title":"V\u00eddeo: Vinicius J\u00fanior se pronuncia sobre ofensas recebidas na Espanha","robots":{"index":"index","follow":"follow","max-snippet":"max-snippet:-1","max-image-preview":"max-image-preview:large","max-video-preview":"max-video-preview:-1"},"canonical":"https:\/\/www.gaveanews.com\/index.php\/2022\/09\/16\/video-vinicius-junior-se-pronuncia-sobre-ofensas-recebidas-na-espanha\/","og_locale":"pt_BR","og_type":"article","og_title":"V\u00eddeo: Vinicius J\u00fanior se pronuncia sobre ofensas recebidas na Espanha","og_description":"Na \u00faltima quinta-feira, durante o programa da TV espanhola \u2018El Chiringuito\u2019, o Presidente da Associa\u00e7\u00e3o Espanhola de Empres\u00e1rios de Jogadores, Pedro Bravo usou termos racistas para criticar Vinicius J\u00fanior, afirmando que o jogador deveria parar de fazer \u2018macaquices\u2019. A declara\u00e7\u00e3o rapidamente viralizou nas redes sociais, onde clubes, jogadores e Federa\u00e7\u00f5es deram todo o apoio \u00e0 [&hellip;]","og_url":"https:\/\/www.gaveanews.com\/index.php\/2022\/09\/16\/video-vinicius-junior-se-pronuncia-sobre-ofensas-recebidas-na-espanha\/","og_site_name":"G\u00e1vea News","article_publisher":"https:\/\/facebook.com\/gaveaNews\/","article_published_time":"2022-09-17T01:52:36+00:00","article_modified_time":"2022-09-17T01:52:39+00:00","og_image":[{"width":900,"height":506,"url":"https:\/\/www.gaveanews.com\/wp-content\/uploads\/Vinicius-Junior-em-jogo-do-Real-Madrid-contra-o-Celta-de-Vigo.webp","type":"image\/jpeg"}],"author":"Equipe G\u00e1vea News","twitter_card":"summary_large_image","twitter_misc":{"Escrito por":"Equipe G\u00e1vea News","Est. tempo de leitura":"2 minutos"},"schema":{"@context":"https:\/\/schema.org","@graph":[{"@type":"NewsArticle","@id":"https:\/\/www.gaveanews.com\/index.php\/2022\/09\/16\/video-vinicius-junior-se-pronuncia-sobre-ofensas-recebidas-na-espanha\/#article","isPartOf":{"@id":"https:\/\/www.gaveanews.com\/index.php\/2022\/09\/16\/video-vinicius-junior-se-pronuncia-sobre-ofensas-recebidas-na-espanha\/"},"author":{"name":"Equipe G\u00e1vea News","@id":"https:\/\/www.gaveanews.com\/#\/schema\/person\/2ec14f73fb96be2caf28f91afb14749d"},"headline":"V\u00eddeo: Vinicius J\u00fanior se pronuncia sobre ofensas recebidas na Espanha","datePublished":"2022-09-17T01:52:36+00:00","dateModified":"2022-09-17T01:52:39+00:00","mainEntityOfPage":{"@id":"https:\/\/www.gaveanews.com\/index.php\/2022\/09\/16\/video-vinicius-junior-se-pronuncia-sobre-ofensas-recebidas-na-espanha\/"},"wordCount":227,"commentCount":0,"image":{"@id":"https:\/\/www.gaveanews.com\/index.php\/2022\/09\/16\/video-vinicius-junior-se-pronuncia-sobre-ofensas-recebidas-na-espanha\/#primaryimage"},"thumbnailUrl":"https:\/\/www.gaveanews.com\/wp-content\/uploads\/Vinicius-Junior-em-jogo-do-Real-Madrid-contra-o-Celta-de-Vigo.webp","articleSection":["V\u00eddeos"],"inLanguage":"pt-BR","potentialAction":[{"@type":"CommentAction","name":"Comment","target":["https:\/\/www.gaveanews.com\/index.php\/2022\/09\/16\/video-vinicius-junior-se-pronuncia-sobre-ofensas-recebidas-na-espanha\/#respond"]}],"copyrightYear":"2022","copyrightHolder":{"@id":"https:\/\/www.gaveanews.com\/#organization"}},{"@type":"WebPage","@id":"https:\/\/www.gaveanews.com\/index.php\/2022\/09\/16\/video-vinicius-junior-se-pronuncia-sobre-ofensas-recebidas-na-espanha\/","url":"https:\/\/www.gaveanews.com\/index.php\/2022\/09\/16\/video-vinicius-junior-se-pronuncia-sobre-ofensas-recebidas-na-espanha\/","name":"V\u00eddeo: Vinicius J\u00fanior se pronuncia sobre ofensas recebidas na Espanha","isPartOf":{"@id":"https:\/\/www.gaveanews.com\/#website"},"primaryImageOfPage":{"@id":"https:\/\/www.gaveanews.com\/index.php\/2022\/09\/16\/video-vinicius-junior-se-pronuncia-sobre-ofensas-recebidas-na-espanha\/#primaryimage"},"image":{"@id":"https:\/\/www.gaveanews.com\/index.php\/2022\/09\/16\/video-vinicius-junior-se-pronuncia-sobre-ofensas-recebidas-na-espanha\/#primaryimage"},"thumbnailUrl":"https:\/\/www.gaveanews.com\/wp-content\/uploads\/Vinicius-Junior-em-jogo-do-Real-Madrid-contra-o-Celta-de-Vigo.webp","datePublished":"2022-09-17T01:52:36+00:00","dateModified":"2022-09-17T01:52:39+00:00","author":{"@id":"https:\/\/www.gaveanews.com\/#\/schema\/person\/2ec14f73fb96be2caf28f91afb14749d"},"breadcrumb":{"@id":"https:\/\/www.gaveanews.com\/index.php\/2022\/09\/16\/video-vinicius-junior-se-pronuncia-sobre-ofensas-recebidas-na-espanha\/#breadcrumb"},"inLanguage":"pt-BR","potentialAction":[{"@type":"ReadAction","target":["https:\/\/www.gaveanews.com\/index.php\/2022\/09\/16\/video-vinicius-junior-se-pronuncia-sobre-ofensas-recebidas-na-espanha\/"]}]},{"@type":"ImageObject","inLanguage":"pt-BR","@id":"https:\/\/www.gaveanews.com\/index.php\/2022\/09\/16\/video-vinicius-junior-se-pronuncia-sobre-ofensas-recebidas-na-espanha\/#primaryimage","url":"https:\/\/www.gaveanews.com\/wp-content\/uploads\/Vinicius-Junior-em-jogo-do-Real-Madrid-contra-o-Celta-de-Vigo.webp","contentUrl":"https:\/\/www.gaveanews.com\/wp-content\/uploads\/Vinicius-Junior-em-jogo-do-Real-Madrid-contra-o-Celta-de-Vigo.webp","width":900,"height":506,"caption":"Vinicius Junior em jogo do Real Madrid contra o Celta de Vigo (Foto: EFE \/ Lavanderia)"},{"@type":"BreadcrumbList","@id":"https:\/\/www.gaveanews.com\/index.php\/2022\/09\/16\/video-vinicius-junior-se-pronuncia-sobre-ofensas-recebidas-na-espanha\/#breadcrumb","itemListElement":[{"@type":"ListItem","position":1,"name":"Home","item":"https:\/\/www.gaveanews.com\/"},{"@type":"ListItem","position":2,"name":"V\u00eddeo: Vinicius J\u00fanior se pronuncia sobre ofensas recebidas na Espanha"}]},{"@type":"WebSite","@id":"https:\/\/www.gaveanews.com\/#website","url":"https:\/\/www.gaveanews.com\/","name":"G\u00e1vea News","description":"Veja todas as not\u00edcias sobre o Flamengo: Contrata\u00e7\u00f5es, categorias de base, resultados das partidas, tabela de classifica\u00e7\u00e3o, pr\u00f3ximos jogos!","potentialAction":[{"@type":"SearchAction","target":{"@type":"EntryPoint","urlTemplate":"https:\/\/www.gaveanews.com\/?s={search_term_string}"},"query-input":{"@type":"PropertyValueSpecification","valueRequired":true,"valueName":"search_term_string"}}],"inLanguage":"pt-BR"},{"@type":"Person","@id":"https:\/\/www.gaveanews.com\/#\/schema\/person\/2ec14f73fb96be2caf28f91afb14749d","name":"Equipe G\u00e1vea News","image":{"@type":"ImageObject","inLanguage":"pt-BR","@id":"https:\/\/www.gaveanews.com\/#\/schema\/person\/image\/","url":"https:\/\/secure.gravatar.com\/avatar\/1e1956f1facbffd3f8fa53a326721950116b3b9dc9bd44939c01180fd4a745a9?s=96&d=mm&r=g","contentUrl":"https:\/\/secure.gravatar.com\/avatar\/1e1956f1facbffd3f8fa53a326721950116b3b9dc9bd44939c01180fd4a745a9?s=96&d=mm&r=g","caption":"Equipe G\u00e1vea News"}}]}},"_links":{"self":[{"href":"https:\/\/www.gaveanews.com\/index.php\/wp-json\/wp\/v2\/posts\/87524","targetHints":{"allow":["GET"]}}],"collection":[{"href":"https:\/\/www.gaveanews.com\/index.php\/wp-json\/wp\/v2\/posts"}],"about":[{"href":"https:\/\/www.gaveanews.com\/index.php\/wp-json\/wp\/v2\/types\/post"}],"author":[{"embeddable":true,"href":"https:\/\/www.gaveanews.com\/index.php\/wp-json\/wp\/v2\/users\/1"}],"replies":[{"embeddable":true,"href":"https:\/\/www.gaveanews.com\/index.php\/wp-json\/wp\/v2\/comments?post=87524"}],"version-history":[{"count":0,"href":"https:\/\/www.gaveanews.com\/index.php\/wp-json\/wp\/v2\/posts\/87524\/revisions"}],"wp:featuredmedia":[{"embeddable":true,"href":"https:\/\/www.gaveanews.com\/index.php\/wp-json\/wp\/v2\/media\/86209"}],"wp:attachment":[{"href":"https:\/\/www.gaveanews.com\/index.php\/wp-json\/wp\/v2\/media?parent=87524"}],"wp:term":[{"taxonomy":"category","embeddable":true,"href":"https:\/\/www.gaveanews.com\/index.php\/wp-json\/wp\/v2\/categories?post=87524"},{"taxonomy":"post_tag","embeddable":true,"href":"https:\/\/www.gaveanews.com\/index.php\/wp-json\/wp\/v2\/tags?post=87524"}],"curies":[{"name":"wp","href":"https:\/\/api.w.org\/{rel}","templated":true}]}}