{"id":87679,"date":"2022-09-19T09:25:12","date_gmt":"2022-09-19T12:25:12","guid":{"rendered":"https:\/\/www.gaveanews.com\/?p=87679"},"modified":"2024-04-06T23:21:52","modified_gmt":"2024-04-07T02:21:52","slug":"como-tite-pretende-encaixar-pedro-do-flamengo-na-selecao-de-nove-atacantes","status":"publish","type":"post","link":"https:\/\/www.gaveanews.com\/index.php\/2022\/09\/19\/como-tite-pretende-encaixar-pedro-do-flamengo-na-selecao-de-nove-atacantes\/","title":{"rendered":"Como Tite pretende encaixar Pedro, do Flamengo, na sele\u00e7\u00e3o de nove atacantes"},"content":{"rendered":"\n<p>Pedro ser\u00e1 a principal novidade da sele\u00e7\u00e3o brasileira, que se apresenta hoje para os amistosos contra Gana e Tun\u00edsia, os \u00faltimos da prepara\u00e7\u00e3o para a Copa do Mundo no Catar. Na delega\u00e7\u00e3o, que conta com nove atacantes, o t\u00e9cnico Tite indicou que usaria o centroavante na fun\u00e7\u00e3o exercida no Flamengo, mas na pr\u00e1tica a utiliza\u00e7\u00e3o no esquema da sele\u00e7\u00e3o seria um pouco diferente. De cara, traria de volta a figura de um camisa nove mais fixo, fun\u00e7\u00e3o desempenhada pela \u00faltima vez por Firmino. Pedro seria o &#8220;Fred atual&#8221;, nas palavras do treinador.<\/p>\n\n\n\n<p>Quando Tite diz que Pedro \u00e9 um &#8220;jogador terminal&#8221;, ela entende que o atacante \u00e9 o mais adiantado em campo, mas taticamente tem a fun\u00e7\u00e3o de fazer o piv\u00f4 tanto para o segundo atacante, que neste caso seria Neymar, como para os jogadores de lado do campo, chamados externos &#8211; Rafinha e Antony pela direita, Vinicius Junior, Paquet\u00e1 e Rodrygo pela esquerda. Al\u00e9m da prepara\u00e7\u00e3o das jogadas, Pedro tamb\u00e9m \u00e9 o finalizador, e seria a refer\u00eancia natural para os passes por dentro da defesa ou vindos da linha de fundo. E a comiss\u00e3o t\u00e9cnica entende que poderia jogar com Pedro e mais um centroavante contra grandes retrancas.<\/p>\n\n\n\n<p>No Flamengo de Dorival J\u00fanior, Pedro exerce esses dois pap\u00e9is de maneira distinta. Chama a defesa para tr\u00e1s, onde recebe pelo lado esquerdo as bolas de Arrascaeta, que \u00e9 quem funciona como ponta do losango do meio-campo rubro-negro, vindo de tr\u00e1s. E tamb\u00e9m combina jogadas com Gabigol, que se movimenta em m\u00faltiplas dire\u00e7\u00f5es e por dentro, e Everton Ribeiro, mais pela direita, como no gol que selou a vaga para a final da Copa do Brasil. A bola longa vinda do zagueiro David Luiz que Pedro faz o piv\u00f4 tamb\u00e9m \u00e9 um artif\u00edcio que pode ser usado na sele\u00e7\u00e3o atrav\u00e9s de Marquinhos e Thiago Silva.<\/p>\n\n\n\n<p>A quest\u00e3o principal \u00e9 se Tite dar\u00e1 oportunidade a Pedro como titular nos amistosos, ou se manter\u00e1 n\u00e3o s\u00f3 a forma de jogar, sem um atacante de refer\u00eancia fixo, mas a base do time que tem utilizado recentemente. Nos seis jogos da sele\u00e7\u00e3o em 2022, Tite deu oportunidades a Matheus Cunha contra Equador e Paraguai, ap\u00f3s boa participa\u00e7\u00e3o do centroavante na Olimp\u00edada. Mas o jogador se lesionou, e nas duas partidas seguintes, tamb\u00e9m pelas Eliminat\u00f3rias, primeiro Neymar foi usado como falso nove, contra o Chile, e em seguida Richarlison comandou o ataque diante da Bol\u00edvia.<\/p>\n\n\n\n<p>Quando Matheus Cunha atuou, Neymar n\u00e3o estava dispon\u00edvel. Tite, ent\u00e3o, usou Phillippe Coutinho na vaga de Paquet\u00e1, por dentro, com Vini Jr e Raphinha abertos, mas a sele\u00e7\u00e3o s\u00f3 empatou em 1 a 1 com o Equador. Depois, veio uma goleada sobre o Paraguai, com Cunha como refer\u00eancia novamente, os mesmos dois pontas, e Paquet\u00e1 de volta como volante, pela direita, ao lado de Fabinho, com Coutinho mantido na cria\u00e7\u00e3o pelo meio.<\/p>\n\n\n\n<p>Na volta de Neymar, contra o Chile, um novo sistema. O camisa dez atuou como falso nove, alternando com Paquet\u00e1 entre quem vinha de tr\u00e1s. Os pontas dessa vez foram Vini Jr e Antony. E o Brasil fez 4 a 0 outra vez. Coutinho substituiu Paquet\u00e1, e Richarlison entrou na vaga de Antony e passou a ser a refer\u00eancia. Richarlison voltou a exercer a fun\u00e7\u00e3o como titular diante da Bol\u00edvia, em jogo sem Neymar, suspenso. Na altitude, Paquet\u00e1 foi o meia organizador, e Antony e Coutinho jogaram abertos. Nova goleada.<\/p>\n\n\n\n<p>Em junho, nos amistosos contra Cor\u00e9ia do Sul e Jap\u00e3o, Tite repetiu as duas estrat\u00e9gias j\u00e1 conhecidas. Primeiro, com Richarlison no ataque, Neymar e Raphinha abertos, com Paquet\u00e1 por dentro, podendo alternar com Neymar as fun\u00e7\u00f5es. Venceu por 5 a 1. Depois, com Neymar de falso nove, Antony e Vini Jr nas pontas, e Paquet\u00e1 vindo de tr\u00e1s, tamb\u00e9m alternando com Neymar. O camisa 10 marcou de p\u00eanalti.<\/p>\n\n\n\n<p>Retirado de: O GLobo<\/p>\n","protected":false},"excerpt":{"rendered":"<p>Pedro ser\u00e1 a principal novidade da sele\u00e7\u00e3o brasileira, que se apresenta hoje para os amistosos contra Gana e Tun\u00edsia, os \u00faltimos da prepara\u00e7\u00e3o para a Copa do Mundo no Catar. Na delega\u00e7\u00e3o, que conta com nove atacantes, o t\u00e9cnico Tite indicou que usaria o centroavante na fun\u00e7\u00e3o exercida no Flamengo, mas na pr\u00e1tica a utiliza\u00e7\u00e3o [&hellip;]<\/p>\n","protected":false},"author":1,"featured_media":62638,"comment_status":"open","ping_status":"closed","sticky":false,"template":"","format":"standard","meta":{"footnotes":""},"categories":[1],"tags":[171],"class_list":["post-87679","post","type-post","status-publish","format-standard","has-post-thumbnail","hentry","category-flamengo","tag-adenor-leonardo-bachi-tite"],"yoast_head":"<!-- This site is optimized with the Yoast SEO Premium plugin v24.2 (Yoast SEO v26.9) - https:\/\/yoast.com\/product\/yoast-seo-premium-wordpress\/ -->\n<title>Como Tite pretende encaixar Pedro, do Flamengo, na sele\u00e7\u00e3o de nove atacantes<\/title>\n<meta name=\"robots\" content=\"index, follow, max-snippet:-1, max-image-preview:large, max-video-preview:-1\" \/>\n<link rel=\"canonical\" href=\"https:\/\/www.gaveanews.com\/index.php\/2022\/09\/19\/como-tite-pretende-encaixar-pedro-do-flamengo-na-selecao-de-nove-atacantes\/\" \/>\n<meta property=\"og:locale\" content=\"pt_BR\" \/>\n<meta property=\"og:type\" content=\"article\" \/>\n<meta property=\"og:title\" content=\"Como Tite pretende encaixar Pedro, do Flamengo, na sele\u00e7\u00e3o de nove atacantes\" \/>\n<meta property=\"og:description\" content=\"Pedro ser\u00e1 a principal novidade da sele\u00e7\u00e3o brasileira, que se apresenta hoje para os amistosos contra Gana e Tun\u00edsia, os \u00faltimos da prepara\u00e7\u00e3o para a Copa do Mundo no Catar. Na delega\u00e7\u00e3o, que conta com nove atacantes, o t\u00e9cnico Tite indicou que usaria o centroavante na fun\u00e7\u00e3o exercida no Flamengo, mas na pr\u00e1tica a utiliza\u00e7\u00e3o [&hellip;]\" \/>\n<meta property=\"og:url\" content=\"https:\/\/www.gaveanews.com\/index.php\/2022\/09\/19\/como-tite-pretende-encaixar-pedro-do-flamengo-na-selecao-de-nove-atacantes\/\" \/>\n<meta property=\"og:site_name\" content=\"G\u00e1vea News\" \/>\n<meta property=\"article:publisher\" content=\"https:\/\/facebook.com\/gaveaNews\/\" \/>\n<meta property=\"article:published_time\" content=\"2022-09-19T12:25:12+00:00\" \/>\n<meta property=\"article:modified_time\" content=\"2024-04-07T02:21:52+00:00\" \/>\n<meta property=\"og:image\" content=\"https:\/\/www.gaveanews.com\/wp-content\/uploads\/Pedro-em-acao-pela-Selecao-Olimpica.webp\" \/>\n\t<meta property=\"og:image:width\" content=\"640\" \/>\n\t<meta property=\"og:image:height\" content=\"360\" \/>\n\t<meta property=\"og:image:type\" content=\"image\/jpeg\" \/>\n<meta name=\"author\" content=\"Equipe G\u00e1vea News\" \/>\n<meta name=\"twitter:card\" content=\"summary_large_image\" \/>\n<meta name=\"twitter:label1\" content=\"Escrito por\" \/>\n\t<meta name=\"twitter:data1\" content=\"Equipe G\u00e1vea News\" \/>\n\t<meta name=\"twitter:label2\" content=\"Est. tempo de leitura\" \/>\n\t<meta name=\"twitter:data2\" content=\"4 minutos\" \/>\n<script type=\"application\/ld+json\" class=\"yoast-schema-graph\">{\"@context\":\"https:\/\/schema.org\",\"@graph\":[{\"@type\":\"NewsArticle\",\"@id\":\"https:\/\/www.gaveanews.com\/index.php\/2022\/09\/19\/como-tite-pretende-encaixar-pedro-do-flamengo-na-selecao-de-nove-atacantes\/#article\",\"isPartOf\":{\"@id\":\"https:\/\/www.gaveanews.com\/index.php\/2022\/09\/19\/como-tite-pretende-encaixar-pedro-do-flamengo-na-selecao-de-nove-atacantes\/\"},\"author\":{\"name\":\"Equipe G\u00e1vea News\",\"@id\":\"https:\/\/www.gaveanews.com\/#\/schema\/person\/2ec14f73fb96be2caf28f91afb14749d\"},\"headline\":\"Como Tite pretende encaixar Pedro, do Flamengo, na sele\u00e7\u00e3o de nove atacantes\",\"datePublished\":\"2022-09-19T12:25:12+00:00\",\"dateModified\":\"2024-04-07T02:21:52+00:00\",\"mainEntityOfPage\":{\"@id\":\"https:\/\/www.gaveanews.com\/index.php\/2022\/09\/19\/como-tite-pretende-encaixar-pedro-do-flamengo-na-selecao-de-nove-atacantes\/\"},\"wordCount\":687,\"commentCount\":0,\"image\":{\"@id\":\"https:\/\/www.gaveanews.com\/index.php\/2022\/09\/19\/como-tite-pretende-encaixar-pedro-do-flamengo-na-selecao-de-nove-atacantes\/#primaryimage\"},\"thumbnailUrl\":\"https:\/\/www.gaveanews.com\/wp-content\/uploads\/Pedro-em-acao-pela-Selecao-Olimpica.webp\",\"keywords\":[\"Adenor Leonardo Bachi\"],\"articleSection\":[\"Flamengo\"],\"inLanguage\":\"pt-BR\",\"potentialAction\":[{\"@type\":\"CommentAction\",\"name\":\"Comment\",\"target\":[\"https:\/\/www.gaveanews.com\/index.php\/2022\/09\/19\/como-tite-pretende-encaixar-pedro-do-flamengo-na-selecao-de-nove-atacantes\/#respond\"]}],\"copyrightYear\":\"2022\",\"copyrightHolder\":{\"@id\":\"https:\/\/www.gaveanews.com\/#organization\"}},{\"@type\":\"WebPage\",\"@id\":\"https:\/\/www.gaveanews.com\/index.php\/2022\/09\/19\/como-tite-pretende-encaixar-pedro-do-flamengo-na-selecao-de-nove-atacantes\/\",\"url\":\"https:\/\/www.gaveanews.com\/index.php\/2022\/09\/19\/como-tite-pretende-encaixar-pedro-do-flamengo-na-selecao-de-nove-atacantes\/\",\"name\":\"Como Tite pretende encaixar Pedro, do Flamengo, na sele\u00e7\u00e3o de nove atacantes\",\"isPartOf\":{\"@id\":\"https:\/\/www.gaveanews.com\/#website\"},\"primaryImageOfPage\":{\"@id\":\"https:\/\/www.gaveanews.com\/index.php\/2022\/09\/19\/como-tite-pretende-encaixar-pedro-do-flamengo-na-selecao-de-nove-atacantes\/#primaryimage\"},\"image\":{\"@id\":\"https:\/\/www.gaveanews.com\/index.php\/2022\/09\/19\/como-tite-pretende-encaixar-pedro-do-flamengo-na-selecao-de-nove-atacantes\/#primaryimage\"},\"thumbnailUrl\":\"https:\/\/www.gaveanews.com\/wp-content\/uploads\/Pedro-em-acao-pela-Selecao-Olimpica.webp\",\"datePublished\":\"2022-09-19T12:25:12+00:00\",\"dateModified\":\"2024-04-07T02:21:52+00:00\",\"author\":{\"@id\":\"https:\/\/www.gaveanews.com\/#\/schema\/person\/2ec14f73fb96be2caf28f91afb14749d\"},\"breadcrumb\":{\"@id\":\"https:\/\/www.gaveanews.com\/index.php\/2022\/09\/19\/como-tite-pretende-encaixar-pedro-do-flamengo-na-selecao-de-nove-atacantes\/#breadcrumb\"},\"inLanguage\":\"pt-BR\",\"potentialAction\":[{\"@type\":\"ReadAction\",\"target\":[\"https:\/\/www.gaveanews.com\/index.php\/2022\/09\/19\/como-tite-pretende-encaixar-pedro-do-flamengo-na-selecao-de-nove-atacantes\/\"]}]},{\"@type\":\"ImageObject\",\"inLanguage\":\"pt-BR\",\"@id\":\"https:\/\/www.gaveanews.com\/index.php\/2022\/09\/19\/como-tite-pretende-encaixar-pedro-do-flamengo-na-selecao-de-nove-atacantes\/#primaryimage\",\"url\":\"https:\/\/www.gaveanews.com\/wp-content\/uploads\/Pedro-em-acao-pela-Selecao-Olimpica.webp\",\"contentUrl\":\"https:\/\/www.gaveanews.com\/wp-content\/uploads\/Pedro-em-acao-pela-Selecao-Olimpica.webp\",\"width\":640,\"height\":360,\"caption\":\"Pedro em a\u00e7\u00e3o pela Sele\u00e7\u00e3o Ol\u00edmpica (Foto: Divulga\u00e7\u00e3o\/CBF)\"},{\"@type\":\"BreadcrumbList\",\"@id\":\"https:\/\/www.gaveanews.com\/index.php\/2022\/09\/19\/como-tite-pretende-encaixar-pedro-do-flamengo-na-selecao-de-nove-atacantes\/#breadcrumb\",\"itemListElement\":[{\"@type\":\"ListItem\",\"position\":1,\"name\":\"Home\",\"item\":\"https:\/\/www.gaveanews.com\/\"},{\"@type\":\"ListItem\",\"position\":2,\"name\":\"Como Tite pretende encaixar Pedro, do Flamengo, na sele\u00e7\u00e3o de nove atacantes\"}]},{\"@type\":\"WebSite\",\"@id\":\"https:\/\/www.gaveanews.com\/#website\",\"url\":\"https:\/\/www.gaveanews.com\/\",\"name\":\"G\u00e1vea News\",\"description\":\"Veja todas as not\u00edcias sobre o Flamengo: Contrata\u00e7\u00f5es, categorias de base, resultados das partidas, tabela de classifica\u00e7\u00e3o, pr\u00f3ximos jogos!\",\"potentialAction\":[{\"@type\":\"SearchAction\",\"target\":{\"@type\":\"EntryPoint\",\"urlTemplate\":\"https:\/\/www.gaveanews.com\/?s={search_term_string}\"},\"query-input\":{\"@type\":\"PropertyValueSpecification\",\"valueRequired\":true,\"valueName\":\"search_term_string\"}}],\"inLanguage\":\"pt-BR\"},{\"@type\":\"Person\",\"@id\":\"https:\/\/www.gaveanews.com\/#\/schema\/person\/2ec14f73fb96be2caf28f91afb14749d\",\"name\":\"Equipe G\u00e1vea News\",\"image\":{\"@type\":\"ImageObject\",\"inLanguage\":\"pt-BR\",\"@id\":\"https:\/\/www.gaveanews.com\/#\/schema\/person\/image\/\",\"url\":\"https:\/\/secure.gravatar.com\/avatar\/1e1956f1facbffd3f8fa53a326721950116b3b9dc9bd44939c01180fd4a745a9?s=96&d=mm&r=g\",\"contentUrl\":\"https:\/\/secure.gravatar.com\/avatar\/1e1956f1facbffd3f8fa53a326721950116b3b9dc9bd44939c01180fd4a745a9?s=96&d=mm&r=g\",\"caption\":\"Equipe G\u00e1vea News\"}}]}<\/script>\n<!-- \/ Yoast SEO Premium plugin. -->","yoast_head_json":{"title":"Como Tite pretende encaixar Pedro, do Flamengo, na sele\u00e7\u00e3o de nove atacantes","robots":{"index":"index","follow":"follow","max-snippet":"max-snippet:-1","max-image-preview":"max-image-preview:large","max-video-preview":"max-video-preview:-1"},"canonical":"https:\/\/www.gaveanews.com\/index.php\/2022\/09\/19\/como-tite-pretende-encaixar-pedro-do-flamengo-na-selecao-de-nove-atacantes\/","og_locale":"pt_BR","og_type":"article","og_title":"Como Tite pretende encaixar Pedro, do Flamengo, na sele\u00e7\u00e3o de nove atacantes","og_description":"Pedro ser\u00e1 a principal novidade da sele\u00e7\u00e3o brasileira, que se apresenta hoje para os amistosos contra Gana e Tun\u00edsia, os \u00faltimos da prepara\u00e7\u00e3o para a Copa do Mundo no Catar. Na delega\u00e7\u00e3o, que conta com nove atacantes, o t\u00e9cnico Tite indicou que usaria o centroavante na fun\u00e7\u00e3o exercida no Flamengo, mas na pr\u00e1tica a utiliza\u00e7\u00e3o [&hellip;]","og_url":"https:\/\/www.gaveanews.com\/index.php\/2022\/09\/19\/como-tite-pretende-encaixar-pedro-do-flamengo-na-selecao-de-nove-atacantes\/","og_site_name":"G\u00e1vea News","article_publisher":"https:\/\/facebook.com\/gaveaNews\/","article_published_time":"2022-09-19T12:25:12+00:00","article_modified_time":"2024-04-07T02:21:52+00:00","og_image":[{"width":640,"height":360,"url":"https:\/\/www.gaveanews.com\/wp-content\/uploads\/Pedro-em-acao-pela-Selecao-Olimpica.webp","type":"image\/jpeg"}],"author":"Equipe G\u00e1vea News","twitter_card":"summary_large_image","twitter_misc":{"Escrito por":"Equipe G\u00e1vea News","Est. tempo de leitura":"4 minutos"},"schema":{"@context":"https:\/\/schema.org","@graph":[{"@type":"NewsArticle","@id":"https:\/\/www.gaveanews.com\/index.php\/2022\/09\/19\/como-tite-pretende-encaixar-pedro-do-flamengo-na-selecao-de-nove-atacantes\/#article","isPartOf":{"@id":"https:\/\/www.gaveanews.com\/index.php\/2022\/09\/19\/como-tite-pretende-encaixar-pedro-do-flamengo-na-selecao-de-nove-atacantes\/"},"author":{"name":"Equipe G\u00e1vea News","@id":"https:\/\/www.gaveanews.com\/#\/schema\/person\/2ec14f73fb96be2caf28f91afb14749d"},"headline":"Como Tite pretende encaixar Pedro, do Flamengo, na sele\u00e7\u00e3o de nove atacantes","datePublished":"2022-09-19T12:25:12+00:00","dateModified":"2024-04-07T02:21:52+00:00","mainEntityOfPage":{"@id":"https:\/\/www.gaveanews.com\/index.php\/2022\/09\/19\/como-tite-pretende-encaixar-pedro-do-flamengo-na-selecao-de-nove-atacantes\/"},"wordCount":687,"commentCount":0,"image":{"@id":"https:\/\/www.gaveanews.com\/index.php\/2022\/09\/19\/como-tite-pretende-encaixar-pedro-do-flamengo-na-selecao-de-nove-atacantes\/#primaryimage"},"thumbnailUrl":"https:\/\/www.gaveanews.com\/wp-content\/uploads\/Pedro-em-acao-pela-Selecao-Olimpica.webp","keywords":["Adenor Leonardo Bachi"],"articleSection":["Flamengo"],"inLanguage":"pt-BR","potentialAction":[{"@type":"CommentAction","name":"Comment","target":["https:\/\/www.gaveanews.com\/index.php\/2022\/09\/19\/como-tite-pretende-encaixar-pedro-do-flamengo-na-selecao-de-nove-atacantes\/#respond"]}],"copyrightYear":"2022","copyrightHolder":{"@id":"https:\/\/www.gaveanews.com\/#organization"}},{"@type":"WebPage","@id":"https:\/\/www.gaveanews.com\/index.php\/2022\/09\/19\/como-tite-pretende-encaixar-pedro-do-flamengo-na-selecao-de-nove-atacantes\/","url":"https:\/\/www.gaveanews.com\/index.php\/2022\/09\/19\/como-tite-pretende-encaixar-pedro-do-flamengo-na-selecao-de-nove-atacantes\/","name":"Como Tite pretende encaixar Pedro, do Flamengo, na sele\u00e7\u00e3o de nove atacantes","isPartOf":{"@id":"https:\/\/www.gaveanews.com\/#website"},"primaryImageOfPage":{"@id":"https:\/\/www.gaveanews.com\/index.php\/2022\/09\/19\/como-tite-pretende-encaixar-pedro-do-flamengo-na-selecao-de-nove-atacantes\/#primaryimage"},"image":{"@id":"https:\/\/www.gaveanews.com\/index.php\/2022\/09\/19\/como-tite-pretende-encaixar-pedro-do-flamengo-na-selecao-de-nove-atacantes\/#primaryimage"},"thumbnailUrl":"https:\/\/www.gaveanews.com\/wp-content\/uploads\/Pedro-em-acao-pela-Selecao-Olimpica.webp","datePublished":"2022-09-19T12:25:12+00:00","dateModified":"2024-04-07T02:21:52+00:00","author":{"@id":"https:\/\/www.gaveanews.com\/#\/schema\/person\/2ec14f73fb96be2caf28f91afb14749d"},"breadcrumb":{"@id":"https:\/\/www.gaveanews.com\/index.php\/2022\/09\/19\/como-tite-pretende-encaixar-pedro-do-flamengo-na-selecao-de-nove-atacantes\/#breadcrumb"},"inLanguage":"pt-BR","potentialAction":[{"@type":"ReadAction","target":["https:\/\/www.gaveanews.com\/index.php\/2022\/09\/19\/como-tite-pretende-encaixar-pedro-do-flamengo-na-selecao-de-nove-atacantes\/"]}]},{"@type":"ImageObject","inLanguage":"pt-BR","@id":"https:\/\/www.gaveanews.com\/index.php\/2022\/09\/19\/como-tite-pretende-encaixar-pedro-do-flamengo-na-selecao-de-nove-atacantes\/#primaryimage","url":"https:\/\/www.gaveanews.com\/wp-content\/uploads\/Pedro-em-acao-pela-Selecao-Olimpica.webp","contentUrl":"https:\/\/www.gaveanews.com\/wp-content\/uploads\/Pedro-em-acao-pela-Selecao-Olimpica.webp","width":640,"height":360,"caption":"Pedro em a\u00e7\u00e3o pela Sele\u00e7\u00e3o Ol\u00edmpica (Foto: Divulga\u00e7\u00e3o\/CBF)"},{"@type":"BreadcrumbList","@id":"https:\/\/www.gaveanews.com\/index.php\/2022\/09\/19\/como-tite-pretende-encaixar-pedro-do-flamengo-na-selecao-de-nove-atacantes\/#breadcrumb","itemListElement":[{"@type":"ListItem","position":1,"name":"Home","item":"https:\/\/www.gaveanews.com\/"},{"@type":"ListItem","position":2,"name":"Como Tite pretende encaixar Pedro, do Flamengo, na sele\u00e7\u00e3o de nove atacantes"}]},{"@type":"WebSite","@id":"https:\/\/www.gaveanews.com\/#website","url":"https:\/\/www.gaveanews.com\/","name":"G\u00e1vea News","description":"Veja todas as not\u00edcias sobre o Flamengo: Contrata\u00e7\u00f5es, categorias de base, resultados das partidas, tabela de classifica\u00e7\u00e3o, pr\u00f3ximos jogos!","potentialAction":[{"@type":"SearchAction","target":{"@type":"EntryPoint","urlTemplate":"https:\/\/www.gaveanews.com\/?s={search_term_string}"},"query-input":{"@type":"PropertyValueSpecification","valueRequired":true,"valueName":"search_term_string"}}],"inLanguage":"pt-BR"},{"@type":"Person","@id":"https:\/\/www.gaveanews.com\/#\/schema\/person\/2ec14f73fb96be2caf28f91afb14749d","name":"Equipe G\u00e1vea News","image":{"@type":"ImageObject","inLanguage":"pt-BR","@id":"https:\/\/www.gaveanews.com\/#\/schema\/person\/image\/","url":"https:\/\/secure.gravatar.com\/avatar\/1e1956f1facbffd3f8fa53a326721950116b3b9dc9bd44939c01180fd4a745a9?s=96&d=mm&r=g","contentUrl":"https:\/\/secure.gravatar.com\/avatar\/1e1956f1facbffd3f8fa53a326721950116b3b9dc9bd44939c01180fd4a745a9?s=96&d=mm&r=g","caption":"Equipe G\u00e1vea News"}}]}},"_links":{"self":[{"href":"https:\/\/www.gaveanews.com\/index.php\/wp-json\/wp\/v2\/posts\/87679","targetHints":{"allow":["GET"]}}],"collection":[{"href":"https:\/\/www.gaveanews.com\/index.php\/wp-json\/wp\/v2\/posts"}],"about":[{"href":"https:\/\/www.gaveanews.com\/index.php\/wp-json\/wp\/v2\/types\/post"}],"author":[{"embeddable":true,"href":"https:\/\/www.gaveanews.com\/index.php\/wp-json\/wp\/v2\/users\/1"}],"replies":[{"embeddable":true,"href":"https:\/\/www.gaveanews.com\/index.php\/wp-json\/wp\/v2\/comments?post=87679"}],"version-history":[{"count":1,"href":"https:\/\/www.gaveanews.com\/index.php\/wp-json\/wp\/v2\/posts\/87679\/revisions"}],"predecessor-version":[{"id":134985,"href":"https:\/\/www.gaveanews.com\/index.php\/wp-json\/wp\/v2\/posts\/87679\/revisions\/134985"}],"wp:featuredmedia":[{"embeddable":true,"href":"https:\/\/www.gaveanews.com\/index.php\/wp-json\/wp\/v2\/media\/62638"}],"wp:attachment":[{"href":"https:\/\/www.gaveanews.com\/index.php\/wp-json\/wp\/v2\/media?parent=87679"}],"wp:term":[{"taxonomy":"category","embeddable":true,"href":"https:\/\/www.gaveanews.com\/index.php\/wp-json\/wp\/v2\/categories?post=87679"},{"taxonomy":"post_tag","embeddable":true,"href":"https:\/\/www.gaveanews.com\/index.php\/wp-json\/wp\/v2\/tags?post=87679"}],"curies":[{"name":"wp","href":"https:\/\/api.w.org\/{rel}","templated":true}]}}