{"id":87692,"date":"2022-09-19T14:34:50","date_gmt":"2022-09-19T17:34:50","guid":{"rendered":"https:\/\/www.gaveanews.com\/?p=87692"},"modified":"2022-09-19T14:34:53","modified_gmt":"2022-09-19T17:34:53","slug":"dirigente-do-flamengo-faz-cobranca-direcionada-a-laliga","status":"publish","type":"post","link":"https:\/\/www.gaveanews.com\/index.php\/2022\/09\/19\/dirigente-do-flamengo-faz-cobranca-direcionada-a-laliga\/","title":{"rendered":"Dirigente do Flamengo faz cobran\u00e7a direcionada \u00e0 LaLiga"},"content":{"rendered":"\n<p>O caso lament\u00e1vel de racismo contra Vinicius J\u00fanior continua repercutindo na m\u00eddia internacional. Ap\u00f3s a <a href=\"https:\/\/www.gaveanews.com\/index.php\/2022\/09\/16\/video-apos-comemorar-gol-com-dancinha-vini-jr-e-alvo-de-fala-racista-de-jornalista-espanhol\/\">fala do jornalista espanhol,<\/a> desta vez foi a vez da torcida de um clube da Espanha protagonizar outro absurdo.<\/p>\n\n\n\n<p>No \u00faltimo domingo (18), o Real Madrid enfrentou o Atl\u00e9tico de Madrid no Est\u00e1dio Metropolitano e foi recebido em meio a manifesta\u00e7\u00f5es hostis da torcida da casa. Nos arredores do palco do jogo, torcedores do Atleti puxaram o coro: <em>&#8220;Vinicius, voc\u00ea \u00e9 um macaco&#8221;<\/em>.<\/p>\n\n\n\n<p>Sabendo do caso, Wallim, membro do Conselho Deliberativo do Flamengo, se manifestou nas redes sociais e pediu provid\u00eancias ao Campeonato Espanhol sobre o epis\u00f3dio, que segue sem puni\u00e7\u00f5es at\u00e9 o momento.<\/p>\n\n\n\n<h2 class=\"wp-block-heading\" id=\"h-confira-a-publicacao\">Confira a publica\u00e7\u00e3o:<\/h2>\n\n\n\n<figure class=\"wp-block-embed is-type-rich is-provider-twitter wp-block-embed-twitter\"><div class=\"wp-block-embed__wrapper\">\n<blockquote class=\"twitter-tweet\" data-width=\"550\" data-dnt=\"true\"><p lang=\"pt\" dir=\"ltr\">E a\u00ed <a href=\"https:\/\/twitter.com\/LaLigaEN?ref_src=twsrc%5Etfw\">@LaLigaEN<\/a> <a href=\"https:\/\/twitter.com\/LaLigaBRA?ref_src=twsrc%5Etfw\">@LaLigaBRA<\/a> ? Sil\u00eancio? <a href=\"https:\/\/t.co\/tVQpL5u7jU\">https:\/\/t.co\/tVQpL5u7jU<\/a><\/p>&mdash; Wallim (@WallimFla) <a href=\"https:\/\/twitter.com\/WallimFla\/status\/1571653361182855168?ref_src=twsrc%5Etfw\">September 19, 2022<\/a><\/blockquote><script async src=\"https:\/\/platform.twitter.com\/widgets.js\" charset=\"utf-8\"><\/script>\n<\/div><\/figure>\n\n\n\n<p>O caso de racismo contra Vinicius J\u00fanior agitou o mundo do futebol nos \u00faltimos dias. Em diversos pa\u00edses, clubes, jogadores e demais profissionais do esporte se manifestaram em apoio ao atacante brasileiro. O atleta, inclusive, publicou um v\u00eddeo declarando que n\u00e3o ir\u00e1 mudar de comportamento em campo e n\u00e3o ser\u00e1 calado pelas atitudes racistas e xenof\u00f3bicas feitas a ele.<\/p>\n\n\n\n<h2 class=\"wp-block-heading\" id=\"h-assista-a-declaracao-de-vinicius-junior\">Assista a declara\u00e7\u00e3o de Vinicius J\u00fanior:<\/h2>\n\n\n\n<figure class=\"wp-block-embed is-type-rich is-provider-twitter wp-block-embed-twitter\"><div class=\"wp-block-embed__wrapper\">\n<blockquote class=\"twitter-tweet\" data-width=\"550\" data-dnt=\"true\"><p lang=\"pt\" dir=\"ltr\">\u270a\ud83c\udfff\ud83d\udda4! Obrigado pelo apoio! Eu n\u00e3o vou parar! <a href=\"https:\/\/twitter.com\/hashtag\/BailaViniJr?src=hash&amp;ref_src=twsrc%5Etfw\">#BailaViniJr<\/a> <a href=\"https:\/\/t.co\/h3RsmwYAYw\">pic.twitter.com\/h3RsmwYAYw<\/a><\/p>&mdash; Vini Jr. (@vinijr) <a href=\"https:\/\/twitter.com\/vinijr\/status\/1570893793028874240?ref_src=twsrc%5Etfw\">September 16, 2022<\/a><\/blockquote><script async src=\"https:\/\/platform.twitter.com\/widgets.js\" charset=\"utf-8\"><\/script>\n<\/div><\/figure>\n","protected":false},"excerpt":{"rendered":"<p>O caso lament\u00e1vel de racismo contra Vinicius J\u00fanior continua repercutindo na m\u00eddia internacional. Ap\u00f3s a fala do jornalista espanhol, desta vez foi a vez da torcida de um clube da Espanha protagonizar outro absurdo. No \u00faltimo domingo (18), o Real Madrid enfrentou o Atl\u00e9tico de Madrid no Est\u00e1dio Metropolitano e foi recebido em meio a [&hellip;]<\/p>\n","protected":false},"author":4,"featured_media":86527,"comment_status":"open","ping_status":"closed","sticky":false,"template":"","format":"standard","meta":{"footnotes":""},"categories":[1],"tags":[],"class_list":["post-87692","post","type-post","status-publish","format-standard","has-post-thumbnail","hentry","category-flamengo"],"yoast_head":"<!-- This site is optimized with the Yoast SEO Premium plugin v24.2 (Yoast SEO v26.9) - https:\/\/yoast.com\/product\/yoast-seo-premium-wordpress\/ -->\n<title>Dirigente do Flamengo faz cobran\u00e7a direcionada \u00e0 LaLiga<\/title>\n<meta name=\"robots\" content=\"index, follow, max-snippet:-1, max-image-preview:large, max-video-preview:-1\" \/>\n<link rel=\"canonical\" href=\"https:\/\/www.gaveanews.com\/index.php\/2022\/09\/19\/dirigente-do-flamengo-faz-cobranca-direcionada-a-laliga\/\" \/>\n<meta property=\"og:locale\" content=\"pt_BR\" \/>\n<meta property=\"og:type\" content=\"article\" \/>\n<meta property=\"og:title\" content=\"Dirigente do Flamengo faz cobran\u00e7a direcionada \u00e0 LaLiga\" \/>\n<meta property=\"og:description\" content=\"O caso lament\u00e1vel de racismo contra Vinicius J\u00fanior continua repercutindo na m\u00eddia internacional. Ap\u00f3s a fala do jornalista espanhol, desta vez foi a vez da torcida de um clube da Espanha protagonizar outro absurdo. No \u00faltimo domingo (18), o Real Madrid enfrentou o Atl\u00e9tico de Madrid no Est\u00e1dio Metropolitano e foi recebido em meio a [&hellip;]\" \/>\n<meta property=\"og:url\" content=\"https:\/\/www.gaveanews.com\/index.php\/2022\/09\/19\/dirigente-do-flamengo-faz-cobranca-direcionada-a-laliga\/\" \/>\n<meta property=\"og:site_name\" content=\"G\u00e1vea News\" \/>\n<meta property=\"article:publisher\" content=\"https:\/\/facebook.com\/gaveaNews\/\" \/>\n<meta property=\"article:published_time\" content=\"2022-09-19T17:34:50+00:00\" \/>\n<meta property=\"article:modified_time\" content=\"2022-09-19T17:34:53+00:00\" \/>\n<meta property=\"og:image\" content=\"https:\/\/www.gaveanews.com\/wp-content\/uploads\/Vinicius-Jr-comemora-apos-marcar-mais-um-gol-pelo-Real-Madrid.webp\" \/>\n\t<meta property=\"og:image:width\" content=\"660\" \/>\n\t<meta property=\"og:image:height\" content=\"413\" \/>\n\t<meta property=\"og:image:type\" content=\"image\/webp\" \/>\n<meta name=\"author\" content=\"Let\u00edcia Gerheim\" \/>\n<meta name=\"twitter:card\" content=\"summary_large_image\" \/>\n<meta name=\"twitter:label1\" content=\"Escrito por\" \/>\n\t<meta name=\"twitter:data1\" content=\"Let\u00edcia Gerheim\" \/>\n\t<meta name=\"twitter:label2\" content=\"Est. tempo de leitura\" \/>\n\t<meta name=\"twitter:data2\" content=\"1 minuto\" \/>\n<script type=\"application\/ld+json\" class=\"yoast-schema-graph\">{\"@context\":\"https:\/\/schema.org\",\"@graph\":[{\"@type\":\"NewsArticle\",\"@id\":\"https:\/\/www.gaveanews.com\/index.php\/2022\/09\/19\/dirigente-do-flamengo-faz-cobranca-direcionada-a-laliga\/#article\",\"isPartOf\":{\"@id\":\"https:\/\/www.gaveanews.com\/index.php\/2022\/09\/19\/dirigente-do-flamengo-faz-cobranca-direcionada-a-laliga\/\"},\"author\":{\"name\":\"Let\u00edcia Gerheim\",\"@id\":\"https:\/\/www.gaveanews.com\/#\/schema\/person\/714c67050b836198af2450ba1c142a67\"},\"headline\":\"Dirigente do Flamengo faz cobran\u00e7a direcionada \u00e0 LaLiga\",\"datePublished\":\"2022-09-19T17:34:50+00:00\",\"dateModified\":\"2022-09-19T17:34:53+00:00\",\"mainEntityOfPage\":{\"@id\":\"https:\/\/www.gaveanews.com\/index.php\/2022\/09\/19\/dirigente-do-flamengo-faz-cobranca-direcionada-a-laliga\/\"},\"wordCount\":226,\"commentCount\":0,\"image\":{\"@id\":\"https:\/\/www.gaveanews.com\/index.php\/2022\/09\/19\/dirigente-do-flamengo-faz-cobranca-direcionada-a-laliga\/#primaryimage\"},\"thumbnailUrl\":\"https:\/\/www.gaveanews.com\/wp-content\/uploads\/Vinicius-Jr-comemora-apos-marcar-mais-um-gol-pelo-Real-Madrid.webp\",\"articleSection\":[\"Flamengo\"],\"inLanguage\":\"pt-BR\",\"potentialAction\":[{\"@type\":\"CommentAction\",\"name\":\"Comment\",\"target\":[\"https:\/\/www.gaveanews.com\/index.php\/2022\/09\/19\/dirigente-do-flamengo-faz-cobranca-direcionada-a-laliga\/#respond\"]}],\"copyrightYear\":\"2022\",\"copyrightHolder\":{\"@id\":\"https:\/\/www.gaveanews.com\/#organization\"}},{\"@type\":\"WebPage\",\"@id\":\"https:\/\/www.gaveanews.com\/index.php\/2022\/09\/19\/dirigente-do-flamengo-faz-cobranca-direcionada-a-laliga\/\",\"url\":\"https:\/\/www.gaveanews.com\/index.php\/2022\/09\/19\/dirigente-do-flamengo-faz-cobranca-direcionada-a-laliga\/\",\"name\":\"Dirigente do Flamengo faz cobran\u00e7a direcionada \u00e0 LaLiga\",\"isPartOf\":{\"@id\":\"https:\/\/www.gaveanews.com\/#website\"},\"primaryImageOfPage\":{\"@id\":\"https:\/\/www.gaveanews.com\/index.php\/2022\/09\/19\/dirigente-do-flamengo-faz-cobranca-direcionada-a-laliga\/#primaryimage\"},\"image\":{\"@id\":\"https:\/\/www.gaveanews.com\/index.php\/2022\/09\/19\/dirigente-do-flamengo-faz-cobranca-direcionada-a-laliga\/#primaryimage\"},\"thumbnailUrl\":\"https:\/\/www.gaveanews.com\/wp-content\/uploads\/Vinicius-Jr-comemora-apos-marcar-mais-um-gol-pelo-Real-Madrid.webp\",\"datePublished\":\"2022-09-19T17:34:50+00:00\",\"dateModified\":\"2022-09-19T17:34:53+00:00\",\"author\":{\"@id\":\"https:\/\/www.gaveanews.com\/#\/schema\/person\/714c67050b836198af2450ba1c142a67\"},\"breadcrumb\":{\"@id\":\"https:\/\/www.gaveanews.com\/index.php\/2022\/09\/19\/dirigente-do-flamengo-faz-cobranca-direcionada-a-laliga\/#breadcrumb\"},\"inLanguage\":\"pt-BR\",\"potentialAction\":[{\"@type\":\"ReadAction\",\"target\":[\"https:\/\/www.gaveanews.com\/index.php\/2022\/09\/19\/dirigente-do-flamengo-faz-cobranca-direcionada-a-laliga\/\"]}]},{\"@type\":\"ImageObject\",\"inLanguage\":\"pt-BR\",\"@id\":\"https:\/\/www.gaveanews.com\/index.php\/2022\/09\/19\/dirigente-do-flamengo-faz-cobranca-direcionada-a-laliga\/#primaryimage\",\"url\":\"https:\/\/www.gaveanews.com\/wp-content\/uploads\/Vinicius-Jr-comemora-apos-marcar-mais-um-gol-pelo-Real-Madrid.webp\",\"contentUrl\":\"https:\/\/www.gaveanews.com\/wp-content\/uploads\/Vinicius-Jr-comemora-apos-marcar-mais-um-gol-pelo-Real-Madrid.webp\",\"width\":660,\"height\":413,\"caption\":\"Vinicius Jr comemora ap\u00f3s marcar mais um gol pelo Real Madrid (Foto: Reprodu\u00e7\u00e3o\/Real Madrid)\"},{\"@type\":\"BreadcrumbList\",\"@id\":\"https:\/\/www.gaveanews.com\/index.php\/2022\/09\/19\/dirigente-do-flamengo-faz-cobranca-direcionada-a-laliga\/#breadcrumb\",\"itemListElement\":[{\"@type\":\"ListItem\",\"position\":1,\"name\":\"Home\",\"item\":\"https:\/\/www.gaveanews.com\/\"},{\"@type\":\"ListItem\",\"position\":2,\"name\":\"Dirigente do Flamengo faz cobran\u00e7a direcionada \u00e0 LaLiga\"}]},{\"@type\":\"WebSite\",\"@id\":\"https:\/\/www.gaveanews.com\/#website\",\"url\":\"https:\/\/www.gaveanews.com\/\",\"name\":\"G\u00e1vea News\",\"description\":\"Veja todas as not\u00edcias sobre o Flamengo: Contrata\u00e7\u00f5es, categorias de base, resultados das partidas, tabela de classifica\u00e7\u00e3o, pr\u00f3ximos jogos!\",\"potentialAction\":[{\"@type\":\"SearchAction\",\"target\":{\"@type\":\"EntryPoint\",\"urlTemplate\":\"https:\/\/www.gaveanews.com\/?s={search_term_string}\"},\"query-input\":{\"@type\":\"PropertyValueSpecification\",\"valueRequired\":true,\"valueName\":\"search_term_string\"}}],\"inLanguage\":\"pt-BR\"},{\"@type\":\"Person\",\"@id\":\"https:\/\/www.gaveanews.com\/#\/schema\/person\/714c67050b836198af2450ba1c142a67\",\"name\":\"Let\u00edcia Gerheim\",\"image\":{\"@type\":\"ImageObject\",\"inLanguage\":\"pt-BR\",\"@id\":\"https:\/\/www.gaveanews.com\/#\/schema\/person\/image\/\",\"url\":\"https:\/\/secure.gravatar.com\/avatar\/60734739c50fcebfbac509e2a826ccd0ff405c019bc73aab9354f19ecad1dcb4?s=96&d=mm&r=g\",\"contentUrl\":\"https:\/\/secure.gravatar.com\/avatar\/60734739c50fcebfbac509e2a826ccd0ff405c019bc73aab9354f19ecad1dcb4?s=96&d=mm&r=g\",\"caption\":\"Let\u00edcia Gerheim\"}}]}<\/script>\n<!-- \/ Yoast SEO Premium plugin. -->","yoast_head_json":{"title":"Dirigente do Flamengo faz cobran\u00e7a direcionada \u00e0 LaLiga","robots":{"index":"index","follow":"follow","max-snippet":"max-snippet:-1","max-image-preview":"max-image-preview:large","max-video-preview":"max-video-preview:-1"},"canonical":"https:\/\/www.gaveanews.com\/index.php\/2022\/09\/19\/dirigente-do-flamengo-faz-cobranca-direcionada-a-laliga\/","og_locale":"pt_BR","og_type":"article","og_title":"Dirigente do Flamengo faz cobran\u00e7a direcionada \u00e0 LaLiga","og_description":"O caso lament\u00e1vel de racismo contra Vinicius J\u00fanior continua repercutindo na m\u00eddia internacional. Ap\u00f3s a fala do jornalista espanhol, desta vez foi a vez da torcida de um clube da Espanha protagonizar outro absurdo. No \u00faltimo domingo (18), o Real Madrid enfrentou o Atl\u00e9tico de Madrid no Est\u00e1dio Metropolitano e foi recebido em meio a [&hellip;]","og_url":"https:\/\/www.gaveanews.com\/index.php\/2022\/09\/19\/dirigente-do-flamengo-faz-cobranca-direcionada-a-laliga\/","og_site_name":"G\u00e1vea News","article_publisher":"https:\/\/facebook.com\/gaveaNews\/","article_published_time":"2022-09-19T17:34:50+00:00","article_modified_time":"2022-09-19T17:34:53+00:00","og_image":[{"width":660,"height":413,"url":"https:\/\/www.gaveanews.com\/wp-content\/uploads\/Vinicius-Jr-comemora-apos-marcar-mais-um-gol-pelo-Real-Madrid.webp","type":"image\/webp"}],"author":"Let\u00edcia Gerheim","twitter_card":"summary_large_image","twitter_misc":{"Escrito por":"Let\u00edcia Gerheim","Est. tempo de leitura":"1 minuto"},"schema":{"@context":"https:\/\/schema.org","@graph":[{"@type":"NewsArticle","@id":"https:\/\/www.gaveanews.com\/index.php\/2022\/09\/19\/dirigente-do-flamengo-faz-cobranca-direcionada-a-laliga\/#article","isPartOf":{"@id":"https:\/\/www.gaveanews.com\/index.php\/2022\/09\/19\/dirigente-do-flamengo-faz-cobranca-direcionada-a-laliga\/"},"author":{"name":"Let\u00edcia Gerheim","@id":"https:\/\/www.gaveanews.com\/#\/schema\/person\/714c67050b836198af2450ba1c142a67"},"headline":"Dirigente do Flamengo faz cobran\u00e7a direcionada \u00e0 LaLiga","datePublished":"2022-09-19T17:34:50+00:00","dateModified":"2022-09-19T17:34:53+00:00","mainEntityOfPage":{"@id":"https:\/\/www.gaveanews.com\/index.php\/2022\/09\/19\/dirigente-do-flamengo-faz-cobranca-direcionada-a-laliga\/"},"wordCount":226,"commentCount":0,"image":{"@id":"https:\/\/www.gaveanews.com\/index.php\/2022\/09\/19\/dirigente-do-flamengo-faz-cobranca-direcionada-a-laliga\/#primaryimage"},"thumbnailUrl":"https:\/\/www.gaveanews.com\/wp-content\/uploads\/Vinicius-Jr-comemora-apos-marcar-mais-um-gol-pelo-Real-Madrid.webp","articleSection":["Flamengo"],"inLanguage":"pt-BR","potentialAction":[{"@type":"CommentAction","name":"Comment","target":["https:\/\/www.gaveanews.com\/index.php\/2022\/09\/19\/dirigente-do-flamengo-faz-cobranca-direcionada-a-laliga\/#respond"]}],"copyrightYear":"2022","copyrightHolder":{"@id":"https:\/\/www.gaveanews.com\/#organization"}},{"@type":"WebPage","@id":"https:\/\/www.gaveanews.com\/index.php\/2022\/09\/19\/dirigente-do-flamengo-faz-cobranca-direcionada-a-laliga\/","url":"https:\/\/www.gaveanews.com\/index.php\/2022\/09\/19\/dirigente-do-flamengo-faz-cobranca-direcionada-a-laliga\/","name":"Dirigente do Flamengo faz cobran\u00e7a direcionada \u00e0 LaLiga","isPartOf":{"@id":"https:\/\/www.gaveanews.com\/#website"},"primaryImageOfPage":{"@id":"https:\/\/www.gaveanews.com\/index.php\/2022\/09\/19\/dirigente-do-flamengo-faz-cobranca-direcionada-a-laliga\/#primaryimage"},"image":{"@id":"https:\/\/www.gaveanews.com\/index.php\/2022\/09\/19\/dirigente-do-flamengo-faz-cobranca-direcionada-a-laliga\/#primaryimage"},"thumbnailUrl":"https:\/\/www.gaveanews.com\/wp-content\/uploads\/Vinicius-Jr-comemora-apos-marcar-mais-um-gol-pelo-Real-Madrid.webp","datePublished":"2022-09-19T17:34:50+00:00","dateModified":"2022-09-19T17:34:53+00:00","author":{"@id":"https:\/\/www.gaveanews.com\/#\/schema\/person\/714c67050b836198af2450ba1c142a67"},"breadcrumb":{"@id":"https:\/\/www.gaveanews.com\/index.php\/2022\/09\/19\/dirigente-do-flamengo-faz-cobranca-direcionada-a-laliga\/#breadcrumb"},"inLanguage":"pt-BR","potentialAction":[{"@type":"ReadAction","target":["https:\/\/www.gaveanews.com\/index.php\/2022\/09\/19\/dirigente-do-flamengo-faz-cobranca-direcionada-a-laliga\/"]}]},{"@type":"ImageObject","inLanguage":"pt-BR","@id":"https:\/\/www.gaveanews.com\/index.php\/2022\/09\/19\/dirigente-do-flamengo-faz-cobranca-direcionada-a-laliga\/#primaryimage","url":"https:\/\/www.gaveanews.com\/wp-content\/uploads\/Vinicius-Jr-comemora-apos-marcar-mais-um-gol-pelo-Real-Madrid.webp","contentUrl":"https:\/\/www.gaveanews.com\/wp-content\/uploads\/Vinicius-Jr-comemora-apos-marcar-mais-um-gol-pelo-Real-Madrid.webp","width":660,"height":413,"caption":"Vinicius Jr comemora ap\u00f3s marcar mais um gol pelo Real Madrid (Foto: Reprodu\u00e7\u00e3o\/Real Madrid)"},{"@type":"BreadcrumbList","@id":"https:\/\/www.gaveanews.com\/index.php\/2022\/09\/19\/dirigente-do-flamengo-faz-cobranca-direcionada-a-laliga\/#breadcrumb","itemListElement":[{"@type":"ListItem","position":1,"name":"Home","item":"https:\/\/www.gaveanews.com\/"},{"@type":"ListItem","position":2,"name":"Dirigente do Flamengo faz cobran\u00e7a direcionada \u00e0 LaLiga"}]},{"@type":"WebSite","@id":"https:\/\/www.gaveanews.com\/#website","url":"https:\/\/www.gaveanews.com\/","name":"G\u00e1vea News","description":"Veja todas as not\u00edcias sobre o Flamengo: Contrata\u00e7\u00f5es, categorias de base, resultados das partidas, tabela de classifica\u00e7\u00e3o, pr\u00f3ximos jogos!","potentialAction":[{"@type":"SearchAction","target":{"@type":"EntryPoint","urlTemplate":"https:\/\/www.gaveanews.com\/?s={search_term_string}"},"query-input":{"@type":"PropertyValueSpecification","valueRequired":true,"valueName":"search_term_string"}}],"inLanguage":"pt-BR"},{"@type":"Person","@id":"https:\/\/www.gaveanews.com\/#\/schema\/person\/714c67050b836198af2450ba1c142a67","name":"Let\u00edcia Gerheim","image":{"@type":"ImageObject","inLanguage":"pt-BR","@id":"https:\/\/www.gaveanews.com\/#\/schema\/person\/image\/","url":"https:\/\/secure.gravatar.com\/avatar\/60734739c50fcebfbac509e2a826ccd0ff405c019bc73aab9354f19ecad1dcb4?s=96&d=mm&r=g","contentUrl":"https:\/\/secure.gravatar.com\/avatar\/60734739c50fcebfbac509e2a826ccd0ff405c019bc73aab9354f19ecad1dcb4?s=96&d=mm&r=g","caption":"Let\u00edcia Gerheim"}}]}},"_links":{"self":[{"href":"https:\/\/www.gaveanews.com\/index.php\/wp-json\/wp\/v2\/posts\/87692","targetHints":{"allow":["GET"]}}],"collection":[{"href":"https:\/\/www.gaveanews.com\/index.php\/wp-json\/wp\/v2\/posts"}],"about":[{"href":"https:\/\/www.gaveanews.com\/index.php\/wp-json\/wp\/v2\/types\/post"}],"author":[{"embeddable":true,"href":"https:\/\/www.gaveanews.com\/index.php\/wp-json\/wp\/v2\/users\/4"}],"replies":[{"embeddable":true,"href":"https:\/\/www.gaveanews.com\/index.php\/wp-json\/wp\/v2\/comments?post=87692"}],"version-history":[{"count":0,"href":"https:\/\/www.gaveanews.com\/index.php\/wp-json\/wp\/v2\/posts\/87692\/revisions"}],"wp:featuredmedia":[{"embeddable":true,"href":"https:\/\/www.gaveanews.com\/index.php\/wp-json\/wp\/v2\/media\/86527"}],"wp:attachment":[{"href":"https:\/\/www.gaveanews.com\/index.php\/wp-json\/wp\/v2\/media?parent=87692"}],"wp:term":[{"taxonomy":"category","embeddable":true,"href":"https:\/\/www.gaveanews.com\/index.php\/wp-json\/wp\/v2\/categories?post=87692"},{"taxonomy":"post_tag","embeddable":true,"href":"https:\/\/www.gaveanews.com\/index.php\/wp-json\/wp\/v2\/tags?post=87692"}],"curies":[{"name":"wp","href":"https:\/\/api.w.org\/{rel}","templated":true}]}}