{"id":87693,"date":"2022-09-19T14:24:32","date_gmt":"2022-09-19T17:24:32","guid":{"rendered":"https:\/\/www.gaveanews.com\/?p=87693"},"modified":"2022-09-19T14:26:23","modified_gmt":"2022-09-19T17:26:23","slug":"treinador-do-real-madrid-carlo-ancelotti-exalta-vinicius-jr","status":"publish","type":"post","link":"https:\/\/www.gaveanews.com\/index.php\/2022\/09\/19\/treinador-do-real-madrid-carlo-ancelotti-exalta-vinicius-jr\/","title":{"rendered":"Treinador do Real Madrid, Carlo Ancelotti exalta Vin\u00edcius Jr"},"content":{"rendered":"\n<p>Em cl\u00e1ssico rodeado de pol\u00eamica de racismo envolvendo Vin\u00edcius Jr, o Real Madrid venceu o Atl\u00e9tico por 2 a 1, no Wanda Metropolitano, neste domingo. Nesse sentido, o Garoto do Ninho, com um futebol ousado, foi um dos destaques do clube merengue na partida. Dessa forma, Carlo Ancelotti falou sobre jogada em que o jovem atacante tenta dar uma carretilha no fim da partida.<\/p>\n\n\n\n<p><em>\u2014 Creio que n\u00e3o era o momento de dificuldade da equipe e essa bola poderia ser melhor trabalhada, mas esse \u00e9 o Vinicius. N\u00e3o posso remover o que ele \u00e9 e seu talento, porque foi isso que nos permitiu marcar o segundo gol e vencer esse cl\u00e1ssico<\/em>, disse o treinador.<\/p>\n\n\n\n<p>A jogado do segundo gol do Real Madrid surgiu atrav\u00e9s de linda arrancada de Vin\u00edcius Jr, que se livrou da marca\u00e7\u00e3o em velocidade indo em dire\u00e7\u00e3o a \u00e1rea advers\u00e1ria. O jovem ainda conseguiu realizar uma bela finaliza\u00e7\u00e3o com o bico da chuteira, mas parou na trave. Contudo, Federico Valverde aproveitou o rebote para marcar. <strong>Assista abaixo:<\/strong><\/p>\n\n\n\n<figure class=\"wp-block-embed is-type-video is-provider-youtube wp-block-embed-youtube wp-embed-aspect-16-9 wp-has-aspect-ratio\"><div class=\"wp-block-embed__wrapper\">\n<iframe loading=\"lazy\" title=\"VINI JR. E RODRYGO BAILAM DENTRO DA CASA DO ATL\u00c9TICO DE MADRID, E REAL VENCE O CL\u00c1SSICO EM LALIGA\" width=\"640\" height=\"360\" src=\"https:\/\/www.youtube.com\/embed\/LxZtzWQwUEU?feature=oembed\" frameborder=\"0\" allow=\"accelerometer; autoplay; clipboard-write; encrypted-media; gyroscope; picture-in-picture; web-share\" referrerpolicy=\"strict-origin-when-cross-origin\" allowfullscreen><\/iframe>\n<\/div><\/figure>\n\n\n\n<p>Por fim, com a vit\u00f3ria, o Real Madrid seguiu invicto na atual temporada da LaLiga. Com 18 pontos em seis partidas, a equipe merengue lidera o campeonato e se v\u00ea a dois pontos na frente do vice-l\u00edder, Barcelona. A pr\u00f3xima partida pelo Espanhol ocorrer\u00e1 no dia 2 de outubro, contra o Osasuna, no Santiago Bernab\u00e9u.<\/p>\n\n\n\n<p>Retirado de: Di\u00e1rio do Fla<\/p>\n","protected":false},"excerpt":{"rendered":"<p>Em cl\u00e1ssico rodeado de pol\u00eamica de racismo envolvendo Vin\u00edcius Jr, o Real Madrid venceu o Atl\u00e9tico por 2 a 1, no Wanda Metropolitano, neste domingo. Nesse sentido, o Garoto do Ninho, com um futebol ousado, foi um dos destaques do clube merengue na partida. Dessa forma, Carlo Ancelotti falou sobre jogada em que o jovem [&hellip;]<\/p>\n","protected":false},"author":1,"featured_media":70340,"comment_status":"open","ping_status":"closed","sticky":false,"template":"","format":"standard","meta":{"footnotes":""},"categories":[1],"tags":[],"class_list":["post-87693","post","type-post","status-publish","format-standard","has-post-thumbnail","hentry","category-flamengo"],"yoast_head":"<!-- This site is optimized with the Yoast SEO Premium plugin v24.2 (Yoast SEO v26.9) - https:\/\/yoast.com\/product\/yoast-seo-premium-wordpress\/ -->\n<title>Treinador do Real Madrid, Carlo Ancelotti exalta Vin\u00edcius Jr<\/title>\n<meta name=\"robots\" content=\"index, follow, max-snippet:-1, max-image-preview:large, max-video-preview:-1\" \/>\n<link rel=\"canonical\" href=\"https:\/\/www.gaveanews.com\/index.php\/2022\/09\/19\/treinador-do-real-madrid-carlo-ancelotti-exalta-vinicius-jr\/\" \/>\n<meta property=\"og:locale\" content=\"pt_BR\" \/>\n<meta property=\"og:type\" content=\"article\" \/>\n<meta property=\"og:title\" content=\"Treinador do Real Madrid, Carlo Ancelotti exalta Vin\u00edcius Jr\" \/>\n<meta property=\"og:description\" content=\"Em cl\u00e1ssico rodeado de pol\u00eamica de racismo envolvendo Vin\u00edcius Jr, o Real Madrid venceu o Atl\u00e9tico por 2 a 1, no Wanda Metropolitano, neste domingo. Nesse sentido, o Garoto do Ninho, com um futebol ousado, foi um dos destaques do clube merengue na partida. Dessa forma, Carlo Ancelotti falou sobre jogada em que o jovem [&hellip;]\" \/>\n<meta property=\"og:url\" content=\"https:\/\/www.gaveanews.com\/index.php\/2022\/09\/19\/treinador-do-real-madrid-carlo-ancelotti-exalta-vinicius-jr\/\" \/>\n<meta property=\"og:site_name\" content=\"G\u00e1vea News\" \/>\n<meta property=\"article:publisher\" content=\"https:\/\/facebook.com\/gaveaNews\/\" \/>\n<meta property=\"article:published_time\" content=\"2022-09-19T17:24:32+00:00\" \/>\n<meta property=\"article:modified_time\" content=\"2022-09-19T17:26:23+00:00\" \/>\n<meta property=\"og:image\" content=\"https:\/\/www.gaveanews.com\/wp-content\/uploads\/Vinicius-Junior-comemora-gol-marcado-pelo-Real-Madrid-contra-o-Shakhtar-Donetsk-na-Champions-League-2021.webp\" \/>\n\t<meta property=\"og:image:width\" content=\"1080\" \/>\n\t<meta property=\"og:image:height\" content=\"1350\" \/>\n\t<meta property=\"og:image:type\" content=\"image\/jpeg\" \/>\n<meta name=\"author\" content=\"Equipe G\u00e1vea News\" \/>\n<meta name=\"twitter:card\" content=\"summary_large_image\" \/>\n<meta name=\"twitter:label1\" content=\"Escrito por\" \/>\n\t<meta name=\"twitter:data1\" content=\"Equipe G\u00e1vea News\" \/>\n\t<meta name=\"twitter:label2\" content=\"Est. tempo de leitura\" \/>\n\t<meta name=\"twitter:data2\" content=\"2 minutos\" \/>\n<script type=\"application\/ld+json\" class=\"yoast-schema-graph\">{\"@context\":\"https:\/\/schema.org\",\"@graph\":[{\"@type\":\"NewsArticle\",\"@id\":\"https:\/\/www.gaveanews.com\/index.php\/2022\/09\/19\/treinador-do-real-madrid-carlo-ancelotti-exalta-vinicius-jr\/#article\",\"isPartOf\":{\"@id\":\"https:\/\/www.gaveanews.com\/index.php\/2022\/09\/19\/treinador-do-real-madrid-carlo-ancelotti-exalta-vinicius-jr\/\"},\"author\":{\"name\":\"Equipe G\u00e1vea News\",\"@id\":\"https:\/\/www.gaveanews.com\/#\/schema\/person\/2ec14f73fb96be2caf28f91afb14749d\"},\"headline\":\"Treinador do Real Madrid, Carlo Ancelotti exalta Vin\u00edcius Jr\",\"datePublished\":\"2022-09-19T17:24:32+00:00\",\"dateModified\":\"2022-09-19T17:26:23+00:00\",\"mainEntityOfPage\":{\"@id\":\"https:\/\/www.gaveanews.com\/index.php\/2022\/09\/19\/treinador-do-real-madrid-carlo-ancelotti-exalta-vinicius-jr\/\"},\"wordCount\":258,\"commentCount\":0,\"image\":{\"@id\":\"https:\/\/www.gaveanews.com\/index.php\/2022\/09\/19\/treinador-do-real-madrid-carlo-ancelotti-exalta-vinicius-jr\/#primaryimage\"},\"thumbnailUrl\":\"https:\/\/www.gaveanews.com\/wp-content\/uploads\/Vinicius-Junior-comemora-gol-marcado-pelo-Real-Madrid-contra-o-Shakhtar-Donetsk-na-Champions-League-2021.webp\",\"articleSection\":[\"Flamengo\"],\"inLanguage\":\"pt-BR\",\"potentialAction\":[{\"@type\":\"CommentAction\",\"name\":\"Comment\",\"target\":[\"https:\/\/www.gaveanews.com\/index.php\/2022\/09\/19\/treinador-do-real-madrid-carlo-ancelotti-exalta-vinicius-jr\/#respond\"]}],\"copyrightYear\":\"2022\",\"copyrightHolder\":{\"@id\":\"https:\/\/www.gaveanews.com\/#organization\"}},{\"@type\":\"WebPage\",\"@id\":\"https:\/\/www.gaveanews.com\/index.php\/2022\/09\/19\/treinador-do-real-madrid-carlo-ancelotti-exalta-vinicius-jr\/\",\"url\":\"https:\/\/www.gaveanews.com\/index.php\/2022\/09\/19\/treinador-do-real-madrid-carlo-ancelotti-exalta-vinicius-jr\/\",\"name\":\"Treinador do Real Madrid, Carlo Ancelotti exalta Vin\u00edcius Jr\",\"isPartOf\":{\"@id\":\"https:\/\/www.gaveanews.com\/#website\"},\"primaryImageOfPage\":{\"@id\":\"https:\/\/www.gaveanews.com\/index.php\/2022\/09\/19\/treinador-do-real-madrid-carlo-ancelotti-exalta-vinicius-jr\/#primaryimage\"},\"image\":{\"@id\":\"https:\/\/www.gaveanews.com\/index.php\/2022\/09\/19\/treinador-do-real-madrid-carlo-ancelotti-exalta-vinicius-jr\/#primaryimage\"},\"thumbnailUrl\":\"https:\/\/www.gaveanews.com\/wp-content\/uploads\/Vinicius-Junior-comemora-gol-marcado-pelo-Real-Madrid-contra-o-Shakhtar-Donetsk-na-Champions-League-2021.webp\",\"datePublished\":\"2022-09-19T17:24:32+00:00\",\"dateModified\":\"2022-09-19T17:26:23+00:00\",\"author\":{\"@id\":\"https:\/\/www.gaveanews.com\/#\/schema\/person\/2ec14f73fb96be2caf28f91afb14749d\"},\"breadcrumb\":{\"@id\":\"https:\/\/www.gaveanews.com\/index.php\/2022\/09\/19\/treinador-do-real-madrid-carlo-ancelotti-exalta-vinicius-jr\/#breadcrumb\"},\"inLanguage\":\"pt-BR\",\"potentialAction\":[{\"@type\":\"ReadAction\",\"target\":[\"https:\/\/www.gaveanews.com\/index.php\/2022\/09\/19\/treinador-do-real-madrid-carlo-ancelotti-exalta-vinicius-jr\/\"]}]},{\"@type\":\"ImageObject\",\"inLanguage\":\"pt-BR\",\"@id\":\"https:\/\/www.gaveanews.com\/index.php\/2022\/09\/19\/treinador-do-real-madrid-carlo-ancelotti-exalta-vinicius-jr\/#primaryimage\",\"url\":\"https:\/\/www.gaveanews.com\/wp-content\/uploads\/Vinicius-Junior-comemora-gol-marcado-pelo-Real-Madrid-contra-o-Shakhtar-Donetsk-na-Champions-League-2021.webp\",\"contentUrl\":\"https:\/\/www.gaveanews.com\/wp-content\/uploads\/Vinicius-Junior-comemora-gol-marcado-pelo-Real-Madrid-contra-o-Shakhtar-Donetsk-na-Champions-League-2021.webp\",\"width\":1080,\"height\":1350,\"caption\":\"Vin\u00edcius Junior comemora gol marcado pelo Real Madrid contra o Shakhtar Donetsk na Champions League 2021 (Foto: Divulga\u00e7\u00e3o\/Real Madrid)\"},{\"@type\":\"BreadcrumbList\",\"@id\":\"https:\/\/www.gaveanews.com\/index.php\/2022\/09\/19\/treinador-do-real-madrid-carlo-ancelotti-exalta-vinicius-jr\/#breadcrumb\",\"itemListElement\":[{\"@type\":\"ListItem\",\"position\":1,\"name\":\"Home\",\"item\":\"https:\/\/www.gaveanews.com\/\"},{\"@type\":\"ListItem\",\"position\":2,\"name\":\"Treinador do Real Madrid, Carlo Ancelotti exalta Vin\u00edcius Jr\"}]},{\"@type\":\"WebSite\",\"@id\":\"https:\/\/www.gaveanews.com\/#website\",\"url\":\"https:\/\/www.gaveanews.com\/\",\"name\":\"G\u00e1vea News\",\"description\":\"Veja todas as not\u00edcias sobre o Flamengo: Contrata\u00e7\u00f5es, categorias de base, resultados das partidas, tabela de classifica\u00e7\u00e3o, pr\u00f3ximos jogos!\",\"potentialAction\":[{\"@type\":\"SearchAction\",\"target\":{\"@type\":\"EntryPoint\",\"urlTemplate\":\"https:\/\/www.gaveanews.com\/?s={search_term_string}\"},\"query-input\":{\"@type\":\"PropertyValueSpecification\",\"valueRequired\":true,\"valueName\":\"search_term_string\"}}],\"inLanguage\":\"pt-BR\"},{\"@type\":\"Person\",\"@id\":\"https:\/\/www.gaveanews.com\/#\/schema\/person\/2ec14f73fb96be2caf28f91afb14749d\",\"name\":\"Equipe G\u00e1vea News\",\"image\":{\"@type\":\"ImageObject\",\"inLanguage\":\"pt-BR\",\"@id\":\"https:\/\/www.gaveanews.com\/#\/schema\/person\/image\/\",\"url\":\"https:\/\/secure.gravatar.com\/avatar\/1e1956f1facbffd3f8fa53a326721950116b3b9dc9bd44939c01180fd4a745a9?s=96&d=mm&r=g\",\"contentUrl\":\"https:\/\/secure.gravatar.com\/avatar\/1e1956f1facbffd3f8fa53a326721950116b3b9dc9bd44939c01180fd4a745a9?s=96&d=mm&r=g\",\"caption\":\"Equipe G\u00e1vea News\"}}]}<\/script>\n<!-- \/ Yoast SEO Premium plugin. -->","yoast_head_json":{"title":"Treinador do Real Madrid, Carlo Ancelotti exalta Vin\u00edcius Jr","robots":{"index":"index","follow":"follow","max-snippet":"max-snippet:-1","max-image-preview":"max-image-preview:large","max-video-preview":"max-video-preview:-1"},"canonical":"https:\/\/www.gaveanews.com\/index.php\/2022\/09\/19\/treinador-do-real-madrid-carlo-ancelotti-exalta-vinicius-jr\/","og_locale":"pt_BR","og_type":"article","og_title":"Treinador do Real Madrid, Carlo Ancelotti exalta Vin\u00edcius Jr","og_description":"Em cl\u00e1ssico rodeado de pol\u00eamica de racismo envolvendo Vin\u00edcius Jr, o Real Madrid venceu o Atl\u00e9tico por 2 a 1, no Wanda Metropolitano, neste domingo. Nesse sentido, o Garoto do Ninho, com um futebol ousado, foi um dos destaques do clube merengue na partida. Dessa forma, Carlo Ancelotti falou sobre jogada em que o jovem [&hellip;]","og_url":"https:\/\/www.gaveanews.com\/index.php\/2022\/09\/19\/treinador-do-real-madrid-carlo-ancelotti-exalta-vinicius-jr\/","og_site_name":"G\u00e1vea News","article_publisher":"https:\/\/facebook.com\/gaveaNews\/","article_published_time":"2022-09-19T17:24:32+00:00","article_modified_time":"2022-09-19T17:26:23+00:00","og_image":[{"width":1080,"height":1350,"url":"https:\/\/www.gaveanews.com\/wp-content\/uploads\/Vinicius-Junior-comemora-gol-marcado-pelo-Real-Madrid-contra-o-Shakhtar-Donetsk-na-Champions-League-2021.webp","type":"image\/jpeg"}],"author":"Equipe G\u00e1vea News","twitter_card":"summary_large_image","twitter_misc":{"Escrito por":"Equipe G\u00e1vea News","Est. tempo de leitura":"2 minutos"},"schema":{"@context":"https:\/\/schema.org","@graph":[{"@type":"NewsArticle","@id":"https:\/\/www.gaveanews.com\/index.php\/2022\/09\/19\/treinador-do-real-madrid-carlo-ancelotti-exalta-vinicius-jr\/#article","isPartOf":{"@id":"https:\/\/www.gaveanews.com\/index.php\/2022\/09\/19\/treinador-do-real-madrid-carlo-ancelotti-exalta-vinicius-jr\/"},"author":{"name":"Equipe G\u00e1vea News","@id":"https:\/\/www.gaveanews.com\/#\/schema\/person\/2ec14f73fb96be2caf28f91afb14749d"},"headline":"Treinador do Real Madrid, Carlo Ancelotti exalta Vin\u00edcius Jr","datePublished":"2022-09-19T17:24:32+00:00","dateModified":"2022-09-19T17:26:23+00:00","mainEntityOfPage":{"@id":"https:\/\/www.gaveanews.com\/index.php\/2022\/09\/19\/treinador-do-real-madrid-carlo-ancelotti-exalta-vinicius-jr\/"},"wordCount":258,"commentCount":0,"image":{"@id":"https:\/\/www.gaveanews.com\/index.php\/2022\/09\/19\/treinador-do-real-madrid-carlo-ancelotti-exalta-vinicius-jr\/#primaryimage"},"thumbnailUrl":"https:\/\/www.gaveanews.com\/wp-content\/uploads\/Vinicius-Junior-comemora-gol-marcado-pelo-Real-Madrid-contra-o-Shakhtar-Donetsk-na-Champions-League-2021.webp","articleSection":["Flamengo"],"inLanguage":"pt-BR","potentialAction":[{"@type":"CommentAction","name":"Comment","target":["https:\/\/www.gaveanews.com\/index.php\/2022\/09\/19\/treinador-do-real-madrid-carlo-ancelotti-exalta-vinicius-jr\/#respond"]}],"copyrightYear":"2022","copyrightHolder":{"@id":"https:\/\/www.gaveanews.com\/#organization"}},{"@type":"WebPage","@id":"https:\/\/www.gaveanews.com\/index.php\/2022\/09\/19\/treinador-do-real-madrid-carlo-ancelotti-exalta-vinicius-jr\/","url":"https:\/\/www.gaveanews.com\/index.php\/2022\/09\/19\/treinador-do-real-madrid-carlo-ancelotti-exalta-vinicius-jr\/","name":"Treinador do Real Madrid, Carlo Ancelotti exalta Vin\u00edcius Jr","isPartOf":{"@id":"https:\/\/www.gaveanews.com\/#website"},"primaryImageOfPage":{"@id":"https:\/\/www.gaveanews.com\/index.php\/2022\/09\/19\/treinador-do-real-madrid-carlo-ancelotti-exalta-vinicius-jr\/#primaryimage"},"image":{"@id":"https:\/\/www.gaveanews.com\/index.php\/2022\/09\/19\/treinador-do-real-madrid-carlo-ancelotti-exalta-vinicius-jr\/#primaryimage"},"thumbnailUrl":"https:\/\/www.gaveanews.com\/wp-content\/uploads\/Vinicius-Junior-comemora-gol-marcado-pelo-Real-Madrid-contra-o-Shakhtar-Donetsk-na-Champions-League-2021.webp","datePublished":"2022-09-19T17:24:32+00:00","dateModified":"2022-09-19T17:26:23+00:00","author":{"@id":"https:\/\/www.gaveanews.com\/#\/schema\/person\/2ec14f73fb96be2caf28f91afb14749d"},"breadcrumb":{"@id":"https:\/\/www.gaveanews.com\/index.php\/2022\/09\/19\/treinador-do-real-madrid-carlo-ancelotti-exalta-vinicius-jr\/#breadcrumb"},"inLanguage":"pt-BR","potentialAction":[{"@type":"ReadAction","target":["https:\/\/www.gaveanews.com\/index.php\/2022\/09\/19\/treinador-do-real-madrid-carlo-ancelotti-exalta-vinicius-jr\/"]}]},{"@type":"ImageObject","inLanguage":"pt-BR","@id":"https:\/\/www.gaveanews.com\/index.php\/2022\/09\/19\/treinador-do-real-madrid-carlo-ancelotti-exalta-vinicius-jr\/#primaryimage","url":"https:\/\/www.gaveanews.com\/wp-content\/uploads\/Vinicius-Junior-comemora-gol-marcado-pelo-Real-Madrid-contra-o-Shakhtar-Donetsk-na-Champions-League-2021.webp","contentUrl":"https:\/\/www.gaveanews.com\/wp-content\/uploads\/Vinicius-Junior-comemora-gol-marcado-pelo-Real-Madrid-contra-o-Shakhtar-Donetsk-na-Champions-League-2021.webp","width":1080,"height":1350,"caption":"Vin\u00edcius Junior comemora gol marcado pelo Real Madrid contra o Shakhtar Donetsk na Champions League 2021 (Foto: Divulga\u00e7\u00e3o\/Real Madrid)"},{"@type":"BreadcrumbList","@id":"https:\/\/www.gaveanews.com\/index.php\/2022\/09\/19\/treinador-do-real-madrid-carlo-ancelotti-exalta-vinicius-jr\/#breadcrumb","itemListElement":[{"@type":"ListItem","position":1,"name":"Home","item":"https:\/\/www.gaveanews.com\/"},{"@type":"ListItem","position":2,"name":"Treinador do Real Madrid, Carlo Ancelotti exalta Vin\u00edcius Jr"}]},{"@type":"WebSite","@id":"https:\/\/www.gaveanews.com\/#website","url":"https:\/\/www.gaveanews.com\/","name":"G\u00e1vea News","description":"Veja todas as not\u00edcias sobre o Flamengo: Contrata\u00e7\u00f5es, categorias de base, resultados das partidas, tabela de classifica\u00e7\u00e3o, pr\u00f3ximos jogos!","potentialAction":[{"@type":"SearchAction","target":{"@type":"EntryPoint","urlTemplate":"https:\/\/www.gaveanews.com\/?s={search_term_string}"},"query-input":{"@type":"PropertyValueSpecification","valueRequired":true,"valueName":"search_term_string"}}],"inLanguage":"pt-BR"},{"@type":"Person","@id":"https:\/\/www.gaveanews.com\/#\/schema\/person\/2ec14f73fb96be2caf28f91afb14749d","name":"Equipe G\u00e1vea News","image":{"@type":"ImageObject","inLanguage":"pt-BR","@id":"https:\/\/www.gaveanews.com\/#\/schema\/person\/image\/","url":"https:\/\/secure.gravatar.com\/avatar\/1e1956f1facbffd3f8fa53a326721950116b3b9dc9bd44939c01180fd4a745a9?s=96&d=mm&r=g","contentUrl":"https:\/\/secure.gravatar.com\/avatar\/1e1956f1facbffd3f8fa53a326721950116b3b9dc9bd44939c01180fd4a745a9?s=96&d=mm&r=g","caption":"Equipe G\u00e1vea News"}}]}},"_links":{"self":[{"href":"https:\/\/www.gaveanews.com\/index.php\/wp-json\/wp\/v2\/posts\/87693","targetHints":{"allow":["GET"]}}],"collection":[{"href":"https:\/\/www.gaveanews.com\/index.php\/wp-json\/wp\/v2\/posts"}],"about":[{"href":"https:\/\/www.gaveanews.com\/index.php\/wp-json\/wp\/v2\/types\/post"}],"author":[{"embeddable":true,"href":"https:\/\/www.gaveanews.com\/index.php\/wp-json\/wp\/v2\/users\/1"}],"replies":[{"embeddable":true,"href":"https:\/\/www.gaveanews.com\/index.php\/wp-json\/wp\/v2\/comments?post=87693"}],"version-history":[{"count":0,"href":"https:\/\/www.gaveanews.com\/index.php\/wp-json\/wp\/v2\/posts\/87693\/revisions"}],"wp:featuredmedia":[{"embeddable":true,"href":"https:\/\/www.gaveanews.com\/index.php\/wp-json\/wp\/v2\/media\/70340"}],"wp:attachment":[{"href":"https:\/\/www.gaveanews.com\/index.php\/wp-json\/wp\/v2\/media?parent=87693"}],"wp:term":[{"taxonomy":"category","embeddable":true,"href":"https:\/\/www.gaveanews.com\/index.php\/wp-json\/wp\/v2\/categories?post=87693"},{"taxonomy":"post_tag","embeddable":true,"href":"https:\/\/www.gaveanews.com\/index.php\/wp-json\/wp\/v2\/tags?post=87693"}],"curies":[{"name":"wp","href":"https:\/\/api.w.org\/{rel}","templated":true}]}}