{"id":87699,"date":"2022-09-19T17:40:00","date_gmt":"2022-09-19T20:40:00","guid":{"rendered":"https:\/\/www.gaveanews.com\/?p=87699"},"modified":"2022-09-19T16:11:52","modified_gmt":"2022-09-19T19:11:52","slug":"diretoria-do-flamengo-ja-possui-conversas-avancadas-com-dois-reforcos-para-2023","status":"publish","type":"post","link":"https:\/\/www.gaveanews.com\/index.php\/2022\/09\/19\/diretoria-do-flamengo-ja-possui-conversas-avancadas-com-dois-reforcos-para-2023\/","title":{"rendered":"Diretoria do Flamengo j\u00e1 possu\u00ed conversas avan\u00e7adas com dois &#8216;refor\u00e7os&#8217; para 2023"},"content":{"rendered":"\n<p>Enquanto trabalha nos preparativos para a reta final da temporada de 2022, o Flamengo tamb\u00e9m se movimenta nos bastidores para encaminhar suas primeiras contrata\u00e7\u00f5es da pr\u00f3xima janela de transfer\u00eancias.<\/p>\n\n\n\n<p>A primeira delas \u00e9 de um jogador estrangeiro para refor\u00e7ar uma das posi\u00e7\u00f5es que perder\u00e1 atletas no come\u00e7o de 2023. Com o final do contrato de Diego Alves (que n\u00e3o deve renovar com o Fla) e <a href=\"https:\/\/www.gaveanews.com\/index.php\/2022\/09\/18\/sem-espaco-no-flamengo-hugo-souza-define-onde-quer-jogar-em-2023\/\">a iminente sa\u00edda de Hugo,<\/a> o Rubro-Negro <a href=\"https:\/\/www.gaveanews.com\/index.php\/2022\/09\/18\/flamengo-tem-conversas-avancadas-para-contratar-argentino\/\">se aproxima de contratar Agust\u00edn Rossi, do Boca Juniors.<\/a><\/p>\n\n\n\n<p>O segundo acordo \u00e9 a compra de Ayrton Lucas. O lateral-esquerdo hoje atua no Fla por meio de empr\u00e9stimo junto ao Spartak Moscou, da R\u00fassia, e a inten\u00e7\u00e3o do Mais Querido \u00e9 de manter o defensor no elenco permanentemente.<\/p>\n\n\n\n<p>No contrato com os russos, Ayrton Lucas teria que ser comprado pelo Fla caso atuasse em um determinado n\u00famero de jogos. A transa\u00e7\u00e3o movimentaria 9 milh\u00f5es de euros (cerca de R$ 46 milh\u00f5es na cota\u00e7\u00e3o atual).<\/p>\n\n\n\n<p>Contudo, por ter chegado no Flamengo lesionado e acabar perdendo uma parte da temporada, o lateral-esquerdo n\u00e3o atingir\u00e1 o n\u00famero m\u00ednimo de partidas para que a compra seja obrigat\u00f3ria.<\/p>\n\n\n\n<p>Sabendo que n\u00e3o precisar\u00e1 pagar este valor ao clube russo, o Rubro-Negro come\u00e7ou a trabalhar para que ele possa ser adquirido no final do ano por um montante mais em conta. Segundo o jornalista Ven\u00ea Casagrande, o Fla e o jogador j\u00e1 chegaram em um acordo salarial e de tempo de v\u00ednculo.<\/p>\n\n\n\n<p>Aos 25 anos, Ayrton Lucas deve ter seu novo contrato v\u00e1lido por quatro temporadas (at\u00e9 2026). At\u00e9 o momento, apesar de alternar com Filipe Lu\u00eds nas partidas, o jogador j\u00e1 completou 22 jogos vestindo o Manto Sagrado, marcando dois gols e dando duas assist\u00eancias.<\/p>\n","protected":false},"excerpt":{"rendered":"<p>Enquanto trabalha nos preparativos para a reta final da temporada de 2022, o Flamengo tamb\u00e9m se movimenta nos bastidores para encaminhar suas primeiras contrata\u00e7\u00f5es da pr\u00f3xima janela de transfer\u00eancias. A primeira delas \u00e9 de um jogador estrangeiro para refor\u00e7ar uma das posi\u00e7\u00f5es que perder\u00e1 atletas no come\u00e7o de 2023. Com o final do contrato de [&hellip;]<\/p>\n","protected":false},"author":4,"featured_media":86218,"comment_status":"open","ping_status":"closed","sticky":false,"template":"","format":"standard","meta":{"footnotes":""},"categories":[1],"tags":[],"class_list":["post-87699","post","type-post","status-publish","format-standard","has-post-thumbnail","hentry","category-flamengo"],"yoast_head":"<!-- This site is optimized with the Yoast SEO Premium plugin v24.2 (Yoast SEO v26.9) - https:\/\/yoast.com\/product\/yoast-seo-premium-wordpress\/ -->\n<title>Diretoria do Flamengo j\u00e1 possu\u00ed conversas avan\u00e7adas com dois &#039;refor\u00e7os&#039; para 2023<\/title>\n<meta name=\"robots\" content=\"index, follow, max-snippet:-1, max-image-preview:large, max-video-preview:-1\" \/>\n<link rel=\"canonical\" href=\"https:\/\/www.gaveanews.com\/index.php\/2022\/09\/19\/diretoria-do-flamengo-ja-possui-conversas-avancadas-com-dois-reforcos-para-2023\/\" \/>\n<meta property=\"og:locale\" content=\"pt_BR\" \/>\n<meta property=\"og:type\" content=\"article\" \/>\n<meta property=\"og:title\" content=\"Diretoria do Flamengo j\u00e1 possu\u00ed conversas avan\u00e7adas com dois &#039;refor\u00e7os&#039; para 2023\" \/>\n<meta property=\"og:description\" content=\"Enquanto trabalha nos preparativos para a reta final da temporada de 2022, o Flamengo tamb\u00e9m se movimenta nos bastidores para encaminhar suas primeiras contrata\u00e7\u00f5es da pr\u00f3xima janela de transfer\u00eancias. A primeira delas \u00e9 de um jogador estrangeiro para refor\u00e7ar uma das posi\u00e7\u00f5es que perder\u00e1 atletas no come\u00e7o de 2023. Com o final do contrato de [&hellip;]\" \/>\n<meta property=\"og:url\" content=\"https:\/\/www.gaveanews.com\/index.php\/2022\/09\/19\/diretoria-do-flamengo-ja-possui-conversas-avancadas-com-dois-reforcos-para-2023\/\" \/>\n<meta property=\"og:site_name\" content=\"G\u00e1vea News\" \/>\n<meta property=\"article:publisher\" content=\"https:\/\/facebook.com\/gaveaNews\/\" \/>\n<meta property=\"article:published_time\" content=\"2022-09-19T20:40:00+00:00\" \/>\n<meta property=\"og:image\" content=\"https:\/\/www.gaveanews.com\/wp-content\/uploads\/Ayrton-Lucas-em-jogo-do-Flamengo-contra-o-Palmeiras.webp\" \/>\n\t<meta property=\"og:image:width\" content=\"799\" \/>\n\t<meta property=\"og:image:height\" content=\"533\" \/>\n\t<meta property=\"og:image:type\" content=\"image\/jpeg\" \/>\n<meta name=\"author\" content=\"Let\u00edcia Gerheim\" \/>\n<meta name=\"twitter:card\" content=\"summary_large_image\" \/>\n<meta name=\"twitter:label1\" content=\"Escrito por\" \/>\n\t<meta name=\"twitter:data1\" content=\"Let\u00edcia Gerheim\" \/>\n\t<meta name=\"twitter:label2\" content=\"Est. tempo de leitura\" \/>\n\t<meta name=\"twitter:data2\" content=\"2 minutos\" \/>\n<script type=\"application\/ld+json\" class=\"yoast-schema-graph\">{\"@context\":\"https:\/\/schema.org\",\"@graph\":[{\"@type\":\"NewsArticle\",\"@id\":\"https:\/\/www.gaveanews.com\/index.php\/2022\/09\/19\/diretoria-do-flamengo-ja-possui-conversas-avancadas-com-dois-reforcos-para-2023\/#article\",\"isPartOf\":{\"@id\":\"https:\/\/www.gaveanews.com\/index.php\/2022\/09\/19\/diretoria-do-flamengo-ja-possui-conversas-avancadas-com-dois-reforcos-para-2023\/\"},\"author\":{\"name\":\"Let\u00edcia Gerheim\",\"@id\":\"https:\/\/www.gaveanews.com\/#\/schema\/person\/714c67050b836198af2450ba1c142a67\"},\"headline\":\"Diretoria do Flamengo j\u00e1 possu\u00ed conversas avan\u00e7adas com dois &#8216;refor\u00e7os&#8217; para 2023\",\"datePublished\":\"2022-09-19T20:40:00+00:00\",\"mainEntityOfPage\":{\"@id\":\"https:\/\/www.gaveanews.com\/index.php\/2022\/09\/19\/diretoria-do-flamengo-ja-possui-conversas-avancadas-com-dois-reforcos-para-2023\/\"},\"wordCount\":312,\"commentCount\":0,\"image\":{\"@id\":\"https:\/\/www.gaveanews.com\/index.php\/2022\/09\/19\/diretoria-do-flamengo-ja-possui-conversas-avancadas-com-dois-reforcos-para-2023\/#primaryimage\"},\"thumbnailUrl\":\"https:\/\/www.gaveanews.com\/wp-content\/uploads\/Ayrton-Lucas-em-jogo-do-Flamengo-contra-o-Palmeiras.webp\",\"articleSection\":[\"Flamengo\"],\"inLanguage\":\"pt-BR\",\"potentialAction\":[{\"@type\":\"CommentAction\",\"name\":\"Comment\",\"target\":[\"https:\/\/www.gaveanews.com\/index.php\/2022\/09\/19\/diretoria-do-flamengo-ja-possui-conversas-avancadas-com-dois-reforcos-para-2023\/#respond\"]}],\"copyrightYear\":\"2022\",\"copyrightHolder\":{\"@id\":\"https:\/\/www.gaveanews.com\/#organization\"}},{\"@type\":\"WebPage\",\"@id\":\"https:\/\/www.gaveanews.com\/index.php\/2022\/09\/19\/diretoria-do-flamengo-ja-possui-conversas-avancadas-com-dois-reforcos-para-2023\/\",\"url\":\"https:\/\/www.gaveanews.com\/index.php\/2022\/09\/19\/diretoria-do-flamengo-ja-possui-conversas-avancadas-com-dois-reforcos-para-2023\/\",\"name\":\"Diretoria do Flamengo j\u00e1 possu\u00ed conversas avan\u00e7adas com dois 'refor\u00e7os' para 2023\",\"isPartOf\":{\"@id\":\"https:\/\/www.gaveanews.com\/#website\"},\"primaryImageOfPage\":{\"@id\":\"https:\/\/www.gaveanews.com\/index.php\/2022\/09\/19\/diretoria-do-flamengo-ja-possui-conversas-avancadas-com-dois-reforcos-para-2023\/#primaryimage\"},\"image\":{\"@id\":\"https:\/\/www.gaveanews.com\/index.php\/2022\/09\/19\/diretoria-do-flamengo-ja-possui-conversas-avancadas-com-dois-reforcos-para-2023\/#primaryimage\"},\"thumbnailUrl\":\"https:\/\/www.gaveanews.com\/wp-content\/uploads\/Ayrton-Lucas-em-jogo-do-Flamengo-contra-o-Palmeiras.webp\",\"datePublished\":\"2022-09-19T20:40:00+00:00\",\"author\":{\"@id\":\"https:\/\/www.gaveanews.com\/#\/schema\/person\/714c67050b836198af2450ba1c142a67\"},\"breadcrumb\":{\"@id\":\"https:\/\/www.gaveanews.com\/index.php\/2022\/09\/19\/diretoria-do-flamengo-ja-possui-conversas-avancadas-com-dois-reforcos-para-2023\/#breadcrumb\"},\"inLanguage\":\"pt-BR\",\"potentialAction\":[{\"@type\":\"ReadAction\",\"target\":[\"https:\/\/www.gaveanews.com\/index.php\/2022\/09\/19\/diretoria-do-flamengo-ja-possui-conversas-avancadas-com-dois-reforcos-para-2023\/\"]}]},{\"@type\":\"ImageObject\",\"inLanguage\":\"pt-BR\",\"@id\":\"https:\/\/www.gaveanews.com\/index.php\/2022\/09\/19\/diretoria-do-flamengo-ja-possui-conversas-avancadas-com-dois-reforcos-para-2023\/#primaryimage\",\"url\":\"https:\/\/www.gaveanews.com\/wp-content\/uploads\/Ayrton-Lucas-em-jogo-do-Flamengo-contra-o-Palmeiras.webp\",\"contentUrl\":\"https:\/\/www.gaveanews.com\/wp-content\/uploads\/Ayrton-Lucas-em-jogo-do-Flamengo-contra-o-Palmeiras.webp\",\"width\":799,\"height\":533,\"caption\":\"Ayrton Lucas em jogo do Flamengo contra o Palmeiras (Foto: Gilvan de Souza \/ Flamengo)\"},{\"@type\":\"BreadcrumbList\",\"@id\":\"https:\/\/www.gaveanews.com\/index.php\/2022\/09\/19\/diretoria-do-flamengo-ja-possui-conversas-avancadas-com-dois-reforcos-para-2023\/#breadcrumb\",\"itemListElement\":[{\"@type\":\"ListItem\",\"position\":1,\"name\":\"Home\",\"item\":\"https:\/\/www.gaveanews.com\/\"},{\"@type\":\"ListItem\",\"position\":2,\"name\":\"Diretoria do Flamengo j\u00e1 possu\u00ed conversas avan\u00e7adas com dois &#8216;refor\u00e7os&#8217; para 2023\"}]},{\"@type\":\"WebSite\",\"@id\":\"https:\/\/www.gaveanews.com\/#website\",\"url\":\"https:\/\/www.gaveanews.com\/\",\"name\":\"G\u00e1vea News\",\"description\":\"Veja todas as not\u00edcias sobre o Flamengo: Contrata\u00e7\u00f5es, categorias de base, resultados das partidas, tabela de classifica\u00e7\u00e3o, pr\u00f3ximos jogos!\",\"potentialAction\":[{\"@type\":\"SearchAction\",\"target\":{\"@type\":\"EntryPoint\",\"urlTemplate\":\"https:\/\/www.gaveanews.com\/?s={search_term_string}\"},\"query-input\":{\"@type\":\"PropertyValueSpecification\",\"valueRequired\":true,\"valueName\":\"search_term_string\"}}],\"inLanguage\":\"pt-BR\"},{\"@type\":\"Person\",\"@id\":\"https:\/\/www.gaveanews.com\/#\/schema\/person\/714c67050b836198af2450ba1c142a67\",\"name\":\"Let\u00edcia Gerheim\",\"image\":{\"@type\":\"ImageObject\",\"inLanguage\":\"pt-BR\",\"@id\":\"https:\/\/www.gaveanews.com\/#\/schema\/person\/image\/\",\"url\":\"https:\/\/secure.gravatar.com\/avatar\/60734739c50fcebfbac509e2a826ccd0ff405c019bc73aab9354f19ecad1dcb4?s=96&d=mm&r=g\",\"contentUrl\":\"https:\/\/secure.gravatar.com\/avatar\/60734739c50fcebfbac509e2a826ccd0ff405c019bc73aab9354f19ecad1dcb4?s=96&d=mm&r=g\",\"caption\":\"Let\u00edcia Gerheim\"}}]}<\/script>\n<!-- \/ Yoast SEO Premium plugin. -->","yoast_head_json":{"title":"Diretoria do Flamengo j\u00e1 possu\u00ed conversas avan\u00e7adas com dois 'refor\u00e7os' para 2023","robots":{"index":"index","follow":"follow","max-snippet":"max-snippet:-1","max-image-preview":"max-image-preview:large","max-video-preview":"max-video-preview:-1"},"canonical":"https:\/\/www.gaveanews.com\/index.php\/2022\/09\/19\/diretoria-do-flamengo-ja-possui-conversas-avancadas-com-dois-reforcos-para-2023\/","og_locale":"pt_BR","og_type":"article","og_title":"Diretoria do Flamengo j\u00e1 possu\u00ed conversas avan\u00e7adas com dois 'refor\u00e7os' para 2023","og_description":"Enquanto trabalha nos preparativos para a reta final da temporada de 2022, o Flamengo tamb\u00e9m se movimenta nos bastidores para encaminhar suas primeiras contrata\u00e7\u00f5es da pr\u00f3xima janela de transfer\u00eancias. A primeira delas \u00e9 de um jogador estrangeiro para refor\u00e7ar uma das posi\u00e7\u00f5es que perder\u00e1 atletas no come\u00e7o de 2023. Com o final do contrato de [&hellip;]","og_url":"https:\/\/www.gaveanews.com\/index.php\/2022\/09\/19\/diretoria-do-flamengo-ja-possui-conversas-avancadas-com-dois-reforcos-para-2023\/","og_site_name":"G\u00e1vea News","article_publisher":"https:\/\/facebook.com\/gaveaNews\/","article_published_time":"2022-09-19T20:40:00+00:00","og_image":[{"width":799,"height":533,"url":"https:\/\/www.gaveanews.com\/wp-content\/uploads\/Ayrton-Lucas-em-jogo-do-Flamengo-contra-o-Palmeiras.webp","type":"image\/jpeg"}],"author":"Let\u00edcia Gerheim","twitter_card":"summary_large_image","twitter_misc":{"Escrito por":"Let\u00edcia Gerheim","Est. tempo de leitura":"2 minutos"},"schema":{"@context":"https:\/\/schema.org","@graph":[{"@type":"NewsArticle","@id":"https:\/\/www.gaveanews.com\/index.php\/2022\/09\/19\/diretoria-do-flamengo-ja-possui-conversas-avancadas-com-dois-reforcos-para-2023\/#article","isPartOf":{"@id":"https:\/\/www.gaveanews.com\/index.php\/2022\/09\/19\/diretoria-do-flamengo-ja-possui-conversas-avancadas-com-dois-reforcos-para-2023\/"},"author":{"name":"Let\u00edcia Gerheim","@id":"https:\/\/www.gaveanews.com\/#\/schema\/person\/714c67050b836198af2450ba1c142a67"},"headline":"Diretoria do Flamengo j\u00e1 possu\u00ed conversas avan\u00e7adas com dois &#8216;refor\u00e7os&#8217; para 2023","datePublished":"2022-09-19T20:40:00+00:00","mainEntityOfPage":{"@id":"https:\/\/www.gaveanews.com\/index.php\/2022\/09\/19\/diretoria-do-flamengo-ja-possui-conversas-avancadas-com-dois-reforcos-para-2023\/"},"wordCount":312,"commentCount":0,"image":{"@id":"https:\/\/www.gaveanews.com\/index.php\/2022\/09\/19\/diretoria-do-flamengo-ja-possui-conversas-avancadas-com-dois-reforcos-para-2023\/#primaryimage"},"thumbnailUrl":"https:\/\/www.gaveanews.com\/wp-content\/uploads\/Ayrton-Lucas-em-jogo-do-Flamengo-contra-o-Palmeiras.webp","articleSection":["Flamengo"],"inLanguage":"pt-BR","potentialAction":[{"@type":"CommentAction","name":"Comment","target":["https:\/\/www.gaveanews.com\/index.php\/2022\/09\/19\/diretoria-do-flamengo-ja-possui-conversas-avancadas-com-dois-reforcos-para-2023\/#respond"]}],"copyrightYear":"2022","copyrightHolder":{"@id":"https:\/\/www.gaveanews.com\/#organization"}},{"@type":"WebPage","@id":"https:\/\/www.gaveanews.com\/index.php\/2022\/09\/19\/diretoria-do-flamengo-ja-possui-conversas-avancadas-com-dois-reforcos-para-2023\/","url":"https:\/\/www.gaveanews.com\/index.php\/2022\/09\/19\/diretoria-do-flamengo-ja-possui-conversas-avancadas-com-dois-reforcos-para-2023\/","name":"Diretoria do Flamengo j\u00e1 possu\u00ed conversas avan\u00e7adas com dois 'refor\u00e7os' para 2023","isPartOf":{"@id":"https:\/\/www.gaveanews.com\/#website"},"primaryImageOfPage":{"@id":"https:\/\/www.gaveanews.com\/index.php\/2022\/09\/19\/diretoria-do-flamengo-ja-possui-conversas-avancadas-com-dois-reforcos-para-2023\/#primaryimage"},"image":{"@id":"https:\/\/www.gaveanews.com\/index.php\/2022\/09\/19\/diretoria-do-flamengo-ja-possui-conversas-avancadas-com-dois-reforcos-para-2023\/#primaryimage"},"thumbnailUrl":"https:\/\/www.gaveanews.com\/wp-content\/uploads\/Ayrton-Lucas-em-jogo-do-Flamengo-contra-o-Palmeiras.webp","datePublished":"2022-09-19T20:40:00+00:00","author":{"@id":"https:\/\/www.gaveanews.com\/#\/schema\/person\/714c67050b836198af2450ba1c142a67"},"breadcrumb":{"@id":"https:\/\/www.gaveanews.com\/index.php\/2022\/09\/19\/diretoria-do-flamengo-ja-possui-conversas-avancadas-com-dois-reforcos-para-2023\/#breadcrumb"},"inLanguage":"pt-BR","potentialAction":[{"@type":"ReadAction","target":["https:\/\/www.gaveanews.com\/index.php\/2022\/09\/19\/diretoria-do-flamengo-ja-possui-conversas-avancadas-com-dois-reforcos-para-2023\/"]}]},{"@type":"ImageObject","inLanguage":"pt-BR","@id":"https:\/\/www.gaveanews.com\/index.php\/2022\/09\/19\/diretoria-do-flamengo-ja-possui-conversas-avancadas-com-dois-reforcos-para-2023\/#primaryimage","url":"https:\/\/www.gaveanews.com\/wp-content\/uploads\/Ayrton-Lucas-em-jogo-do-Flamengo-contra-o-Palmeiras.webp","contentUrl":"https:\/\/www.gaveanews.com\/wp-content\/uploads\/Ayrton-Lucas-em-jogo-do-Flamengo-contra-o-Palmeiras.webp","width":799,"height":533,"caption":"Ayrton Lucas em jogo do Flamengo contra o Palmeiras (Foto: Gilvan de Souza \/ Flamengo)"},{"@type":"BreadcrumbList","@id":"https:\/\/www.gaveanews.com\/index.php\/2022\/09\/19\/diretoria-do-flamengo-ja-possui-conversas-avancadas-com-dois-reforcos-para-2023\/#breadcrumb","itemListElement":[{"@type":"ListItem","position":1,"name":"Home","item":"https:\/\/www.gaveanews.com\/"},{"@type":"ListItem","position":2,"name":"Diretoria do Flamengo j\u00e1 possu\u00ed conversas avan\u00e7adas com dois &#8216;refor\u00e7os&#8217; para 2023"}]},{"@type":"WebSite","@id":"https:\/\/www.gaveanews.com\/#website","url":"https:\/\/www.gaveanews.com\/","name":"G\u00e1vea News","description":"Veja todas as not\u00edcias sobre o Flamengo: Contrata\u00e7\u00f5es, categorias de base, resultados das partidas, tabela de classifica\u00e7\u00e3o, pr\u00f3ximos jogos!","potentialAction":[{"@type":"SearchAction","target":{"@type":"EntryPoint","urlTemplate":"https:\/\/www.gaveanews.com\/?s={search_term_string}"},"query-input":{"@type":"PropertyValueSpecification","valueRequired":true,"valueName":"search_term_string"}}],"inLanguage":"pt-BR"},{"@type":"Person","@id":"https:\/\/www.gaveanews.com\/#\/schema\/person\/714c67050b836198af2450ba1c142a67","name":"Let\u00edcia Gerheim","image":{"@type":"ImageObject","inLanguage":"pt-BR","@id":"https:\/\/www.gaveanews.com\/#\/schema\/person\/image\/","url":"https:\/\/secure.gravatar.com\/avatar\/60734739c50fcebfbac509e2a826ccd0ff405c019bc73aab9354f19ecad1dcb4?s=96&d=mm&r=g","contentUrl":"https:\/\/secure.gravatar.com\/avatar\/60734739c50fcebfbac509e2a826ccd0ff405c019bc73aab9354f19ecad1dcb4?s=96&d=mm&r=g","caption":"Let\u00edcia Gerheim"}}]}},"_links":{"self":[{"href":"https:\/\/www.gaveanews.com\/index.php\/wp-json\/wp\/v2\/posts\/87699","targetHints":{"allow":["GET"]}}],"collection":[{"href":"https:\/\/www.gaveanews.com\/index.php\/wp-json\/wp\/v2\/posts"}],"about":[{"href":"https:\/\/www.gaveanews.com\/index.php\/wp-json\/wp\/v2\/types\/post"}],"author":[{"embeddable":true,"href":"https:\/\/www.gaveanews.com\/index.php\/wp-json\/wp\/v2\/users\/4"}],"replies":[{"embeddable":true,"href":"https:\/\/www.gaveanews.com\/index.php\/wp-json\/wp\/v2\/comments?post=87699"}],"version-history":[{"count":0,"href":"https:\/\/www.gaveanews.com\/index.php\/wp-json\/wp\/v2\/posts\/87699\/revisions"}],"wp:featuredmedia":[{"embeddable":true,"href":"https:\/\/www.gaveanews.com\/index.php\/wp-json\/wp\/v2\/media\/86218"}],"wp:attachment":[{"href":"https:\/\/www.gaveanews.com\/index.php\/wp-json\/wp\/v2\/media?parent=87699"}],"wp:term":[{"taxonomy":"category","embeddable":true,"href":"https:\/\/www.gaveanews.com\/index.php\/wp-json\/wp\/v2\/categories?post=87699"},{"taxonomy":"post_tag","embeddable":true,"href":"https:\/\/www.gaveanews.com\/index.php\/wp-json\/wp\/v2\/tags?post=87699"}],"curies":[{"name":"wp","href":"https:\/\/api.w.org\/{rel}","templated":true}]}}