{"id":87702,"date":"2022-09-19T15:39:47","date_gmt":"2022-09-19T18:39:47","guid":{"rendered":"https:\/\/www.gaveanews.com\/?p=87702"},"modified":"2022-09-19T15:39:49","modified_gmt":"2022-09-19T18:39:49","slug":"voa-cria-vini-jr-e-lider-em-participacoes-em-gols-do-real-madrid-na-laliga","status":"publish","type":"post","link":"https:\/\/www.gaveanews.com\/index.php\/2022\/09\/19\/voa-cria-vini-jr-e-lider-em-participacoes-em-gols-do-real-madrid-na-laliga\/","title":{"rendered":"Voa cria! Vini Jr \u00e9 l\u00edder em participa\u00e7\u00f5es em gols do Real Madrid na LaLiga"},"content":{"rendered":"\n<p>O Real Madrid tem 100% de aproveitamento na temporada e vem embalado nas competi\u00e7\u00f5es que disputa. Muito deste sucesso est\u00e1 na conta de Vinicius Junior, que mais uma vez est\u00e1 brilhando com a camisa dos Merengues. <\/p>\n\n\n\n<p>De acordo com o \u2018SofaScore\u2019, Vini \u00e9 o l\u00edder em participa\u00e7\u00f5es em gols do Real no Campeonato Espanhol, veja os n\u00fameros:<\/p>\n\n\n\n<ul class=\"wp-block-list\"><li>Jogos \u2013 6<\/li><li>Gols \u2013 4<\/li><li>Assist\u00eancia \u2013 1<\/li><li>Minutos para participar \u2013 105<\/li><li>Chutes (no gol) \u2013 12 (8)<\/li><li>Passes decisivos \u2013 11<\/li><li>Dribles certos \u2013 14<\/li><li>Nota \u2013 7.28<\/li><\/ul>\n\n\n\n<figure class=\"wp-block-image size-large\"><img decoding=\"async\" src=\"https:\/\/pbs.twimg.com\/media\/FdB5c0vXEAYbAff?format=jpg\" alt=\"\"\/><\/figure>\n\n\n\n<p>L\u00edder da competi\u00e7\u00e3o, o Real volta a campo no pr\u00f3ximo dia 2 de outubro, contra o Osasuna em casa.<\/p>\n\n\n\n<p>Retirado de: Di\u00e1rio do Fla<\/p>\n","protected":false},"excerpt":{"rendered":"<p>O Real Madrid tem 100% de aproveitamento na temporada e vem embalado nas competi\u00e7\u00f5es que disputa. Muito deste sucesso est\u00e1 na conta de Vinicius Junior, que mais uma vez est\u00e1 brilhando com a camisa dos Merengues. De acordo com o \u2018SofaScore\u2019, Vini \u00e9 o l\u00edder em participa\u00e7\u00f5es em gols do Real no Campeonato Espanhol, veja [&hellip;]<\/p>\n","protected":false},"author":1,"featured_media":86209,"comment_status":"open","ping_status":"closed","sticky":false,"template":"","format":"standard","meta":{"footnotes":""},"categories":[1],"tags":[],"class_list":["post-87702","post","type-post","status-publish","format-standard","has-post-thumbnail","hentry","category-flamengo"],"yoast_head":"<!-- This site is optimized with the Yoast SEO Premium plugin v24.2 (Yoast SEO v26.9) - https:\/\/yoast.com\/product\/yoast-seo-premium-wordpress\/ -->\n<title>Voa cria! Vini Jr \u00e9 l\u00edder em participa\u00e7\u00f5es em gols do Real Madrid na LaLiga<\/title>\n<meta name=\"robots\" content=\"index, follow, max-snippet:-1, max-image-preview:large, max-video-preview:-1\" \/>\n<link rel=\"canonical\" href=\"https:\/\/www.gaveanews.com\/index.php\/2022\/09\/19\/voa-cria-vini-jr-e-lider-em-participacoes-em-gols-do-real-madrid-na-laliga\/\" \/>\n<meta property=\"og:locale\" content=\"pt_BR\" \/>\n<meta property=\"og:type\" content=\"article\" \/>\n<meta property=\"og:title\" content=\"Voa cria! Vini Jr \u00e9 l\u00edder em participa\u00e7\u00f5es em gols do Real Madrid na LaLiga\" \/>\n<meta property=\"og:description\" content=\"O Real Madrid tem 100% de aproveitamento na temporada e vem embalado nas competi\u00e7\u00f5es que disputa. Muito deste sucesso est\u00e1 na conta de Vinicius Junior, que mais uma vez est\u00e1 brilhando com a camisa dos Merengues. De acordo com o \u2018SofaScore\u2019, Vini \u00e9 o l\u00edder em participa\u00e7\u00f5es em gols do Real no Campeonato Espanhol, veja [&hellip;]\" \/>\n<meta property=\"og:url\" content=\"https:\/\/www.gaveanews.com\/index.php\/2022\/09\/19\/voa-cria-vini-jr-e-lider-em-participacoes-em-gols-do-real-madrid-na-laliga\/\" \/>\n<meta property=\"og:site_name\" content=\"G\u00e1vea News\" \/>\n<meta property=\"article:publisher\" content=\"https:\/\/facebook.com\/gaveaNews\/\" \/>\n<meta property=\"article:published_time\" content=\"2022-09-19T18:39:47+00:00\" \/>\n<meta property=\"article:modified_time\" content=\"2022-09-19T18:39:49+00:00\" \/>\n<meta property=\"og:image\" content=\"https:\/\/www.gaveanews.com\/wp-content\/uploads\/Vinicius-Junior-em-jogo-do-Real-Madrid-contra-o-Celta-de-Vigo.webp\" \/>\n\t<meta property=\"og:image:width\" content=\"900\" \/>\n\t<meta property=\"og:image:height\" content=\"506\" \/>\n\t<meta property=\"og:image:type\" content=\"image\/jpeg\" \/>\n<meta name=\"author\" content=\"Equipe G\u00e1vea News\" \/>\n<meta name=\"twitter:card\" content=\"summary_large_image\" \/>\n<meta name=\"twitter:label1\" content=\"Escrito por\" \/>\n\t<meta name=\"twitter:data1\" content=\"Equipe G\u00e1vea News\" \/>\n\t<meta name=\"twitter:label2\" content=\"Est. tempo de leitura\" \/>\n\t<meta name=\"twitter:data2\" content=\"1 minuto\" \/>\n<script type=\"application\/ld+json\" class=\"yoast-schema-graph\">{\"@context\":\"https:\/\/schema.org\",\"@graph\":[{\"@type\":\"NewsArticle\",\"@id\":\"https:\/\/www.gaveanews.com\/index.php\/2022\/09\/19\/voa-cria-vini-jr-e-lider-em-participacoes-em-gols-do-real-madrid-na-laliga\/#article\",\"isPartOf\":{\"@id\":\"https:\/\/www.gaveanews.com\/index.php\/2022\/09\/19\/voa-cria-vini-jr-e-lider-em-participacoes-em-gols-do-real-madrid-na-laliga\/\"},\"author\":{\"name\":\"Equipe G\u00e1vea News\",\"@id\":\"https:\/\/www.gaveanews.com\/#\/schema\/person\/2ec14f73fb96be2caf28f91afb14749d\"},\"headline\":\"Voa cria! Vini Jr \u00e9 l\u00edder em participa\u00e7\u00f5es em gols do Real Madrid na LaLiga\",\"datePublished\":\"2022-09-19T18:39:47+00:00\",\"dateModified\":\"2022-09-19T18:39:49+00:00\",\"mainEntityOfPage\":{\"@id\":\"https:\/\/www.gaveanews.com\/index.php\/2022\/09\/19\/voa-cria-vini-jr-e-lider-em-participacoes-em-gols-do-real-madrid-na-laliga\/\"},\"wordCount\":117,\"commentCount\":0,\"image\":{\"@id\":\"https:\/\/www.gaveanews.com\/index.php\/2022\/09\/19\/voa-cria-vini-jr-e-lider-em-participacoes-em-gols-do-real-madrid-na-laliga\/#primaryimage\"},\"thumbnailUrl\":\"https:\/\/www.gaveanews.com\/wp-content\/uploads\/Vinicius-Junior-em-jogo-do-Real-Madrid-contra-o-Celta-de-Vigo.webp\",\"articleSection\":[\"Flamengo\"],\"inLanguage\":\"pt-BR\",\"potentialAction\":[{\"@type\":\"CommentAction\",\"name\":\"Comment\",\"target\":[\"https:\/\/www.gaveanews.com\/index.php\/2022\/09\/19\/voa-cria-vini-jr-e-lider-em-participacoes-em-gols-do-real-madrid-na-laliga\/#respond\"]}],\"copyrightYear\":\"2022\",\"copyrightHolder\":{\"@id\":\"https:\/\/www.gaveanews.com\/#organization\"}},{\"@type\":\"WebPage\",\"@id\":\"https:\/\/www.gaveanews.com\/index.php\/2022\/09\/19\/voa-cria-vini-jr-e-lider-em-participacoes-em-gols-do-real-madrid-na-laliga\/\",\"url\":\"https:\/\/www.gaveanews.com\/index.php\/2022\/09\/19\/voa-cria-vini-jr-e-lider-em-participacoes-em-gols-do-real-madrid-na-laliga\/\",\"name\":\"Voa cria! Vini Jr \u00e9 l\u00edder em participa\u00e7\u00f5es em gols do Real Madrid na LaLiga\",\"isPartOf\":{\"@id\":\"https:\/\/www.gaveanews.com\/#website\"},\"primaryImageOfPage\":{\"@id\":\"https:\/\/www.gaveanews.com\/index.php\/2022\/09\/19\/voa-cria-vini-jr-e-lider-em-participacoes-em-gols-do-real-madrid-na-laliga\/#primaryimage\"},\"image\":{\"@id\":\"https:\/\/www.gaveanews.com\/index.php\/2022\/09\/19\/voa-cria-vini-jr-e-lider-em-participacoes-em-gols-do-real-madrid-na-laliga\/#primaryimage\"},\"thumbnailUrl\":\"https:\/\/www.gaveanews.com\/wp-content\/uploads\/Vinicius-Junior-em-jogo-do-Real-Madrid-contra-o-Celta-de-Vigo.webp\",\"datePublished\":\"2022-09-19T18:39:47+00:00\",\"dateModified\":\"2022-09-19T18:39:49+00:00\",\"author\":{\"@id\":\"https:\/\/www.gaveanews.com\/#\/schema\/person\/2ec14f73fb96be2caf28f91afb14749d\"},\"breadcrumb\":{\"@id\":\"https:\/\/www.gaveanews.com\/index.php\/2022\/09\/19\/voa-cria-vini-jr-e-lider-em-participacoes-em-gols-do-real-madrid-na-laliga\/#breadcrumb\"},\"inLanguage\":\"pt-BR\",\"potentialAction\":[{\"@type\":\"ReadAction\",\"target\":[\"https:\/\/www.gaveanews.com\/index.php\/2022\/09\/19\/voa-cria-vini-jr-e-lider-em-participacoes-em-gols-do-real-madrid-na-laliga\/\"]}]},{\"@type\":\"ImageObject\",\"inLanguage\":\"pt-BR\",\"@id\":\"https:\/\/www.gaveanews.com\/index.php\/2022\/09\/19\/voa-cria-vini-jr-e-lider-em-participacoes-em-gols-do-real-madrid-na-laliga\/#primaryimage\",\"url\":\"https:\/\/www.gaveanews.com\/wp-content\/uploads\/Vinicius-Junior-em-jogo-do-Real-Madrid-contra-o-Celta-de-Vigo.webp\",\"contentUrl\":\"https:\/\/www.gaveanews.com\/wp-content\/uploads\/Vinicius-Junior-em-jogo-do-Real-Madrid-contra-o-Celta-de-Vigo.webp\",\"width\":900,\"height\":506,\"caption\":\"Vinicius Junior em jogo do Real Madrid contra o Celta de Vigo (Foto: EFE \/ Lavanderia)\"},{\"@type\":\"BreadcrumbList\",\"@id\":\"https:\/\/www.gaveanews.com\/index.php\/2022\/09\/19\/voa-cria-vini-jr-e-lider-em-participacoes-em-gols-do-real-madrid-na-laliga\/#breadcrumb\",\"itemListElement\":[{\"@type\":\"ListItem\",\"position\":1,\"name\":\"Home\",\"item\":\"https:\/\/www.gaveanews.com\/\"},{\"@type\":\"ListItem\",\"position\":2,\"name\":\"Voa cria! Vini Jr \u00e9 l\u00edder em participa\u00e7\u00f5es em gols do Real Madrid na LaLiga\"}]},{\"@type\":\"WebSite\",\"@id\":\"https:\/\/www.gaveanews.com\/#website\",\"url\":\"https:\/\/www.gaveanews.com\/\",\"name\":\"G\u00e1vea News\",\"description\":\"Veja todas as not\u00edcias sobre o Flamengo: Contrata\u00e7\u00f5es, categorias de base, resultados das partidas, tabela de classifica\u00e7\u00e3o, pr\u00f3ximos jogos!\",\"potentialAction\":[{\"@type\":\"SearchAction\",\"target\":{\"@type\":\"EntryPoint\",\"urlTemplate\":\"https:\/\/www.gaveanews.com\/?s={search_term_string}\"},\"query-input\":{\"@type\":\"PropertyValueSpecification\",\"valueRequired\":true,\"valueName\":\"search_term_string\"}}],\"inLanguage\":\"pt-BR\"},{\"@type\":\"Person\",\"@id\":\"https:\/\/www.gaveanews.com\/#\/schema\/person\/2ec14f73fb96be2caf28f91afb14749d\",\"name\":\"Equipe G\u00e1vea News\",\"image\":{\"@type\":\"ImageObject\",\"inLanguage\":\"pt-BR\",\"@id\":\"https:\/\/www.gaveanews.com\/#\/schema\/person\/image\/\",\"url\":\"https:\/\/secure.gravatar.com\/avatar\/1e1956f1facbffd3f8fa53a326721950116b3b9dc9bd44939c01180fd4a745a9?s=96&d=mm&r=g\",\"contentUrl\":\"https:\/\/secure.gravatar.com\/avatar\/1e1956f1facbffd3f8fa53a326721950116b3b9dc9bd44939c01180fd4a745a9?s=96&d=mm&r=g\",\"caption\":\"Equipe G\u00e1vea News\"}}]}<\/script>\n<!-- \/ Yoast SEO Premium plugin. -->","yoast_head_json":{"title":"Voa cria! Vini Jr \u00e9 l\u00edder em participa\u00e7\u00f5es em gols do Real Madrid na LaLiga","robots":{"index":"index","follow":"follow","max-snippet":"max-snippet:-1","max-image-preview":"max-image-preview:large","max-video-preview":"max-video-preview:-1"},"canonical":"https:\/\/www.gaveanews.com\/index.php\/2022\/09\/19\/voa-cria-vini-jr-e-lider-em-participacoes-em-gols-do-real-madrid-na-laliga\/","og_locale":"pt_BR","og_type":"article","og_title":"Voa cria! Vini Jr \u00e9 l\u00edder em participa\u00e7\u00f5es em gols do Real Madrid na LaLiga","og_description":"O Real Madrid tem 100% de aproveitamento na temporada e vem embalado nas competi\u00e7\u00f5es que disputa. Muito deste sucesso est\u00e1 na conta de Vinicius Junior, que mais uma vez est\u00e1 brilhando com a camisa dos Merengues. De acordo com o \u2018SofaScore\u2019, Vini \u00e9 o l\u00edder em participa\u00e7\u00f5es em gols do Real no Campeonato Espanhol, veja [&hellip;]","og_url":"https:\/\/www.gaveanews.com\/index.php\/2022\/09\/19\/voa-cria-vini-jr-e-lider-em-participacoes-em-gols-do-real-madrid-na-laliga\/","og_site_name":"G\u00e1vea News","article_publisher":"https:\/\/facebook.com\/gaveaNews\/","article_published_time":"2022-09-19T18:39:47+00:00","article_modified_time":"2022-09-19T18:39:49+00:00","og_image":[{"width":900,"height":506,"url":"https:\/\/www.gaveanews.com\/wp-content\/uploads\/Vinicius-Junior-em-jogo-do-Real-Madrid-contra-o-Celta-de-Vigo.webp","type":"image\/jpeg"}],"author":"Equipe G\u00e1vea News","twitter_card":"summary_large_image","twitter_misc":{"Escrito por":"Equipe G\u00e1vea News","Est. tempo de leitura":"1 minuto"},"schema":{"@context":"https:\/\/schema.org","@graph":[{"@type":"NewsArticle","@id":"https:\/\/www.gaveanews.com\/index.php\/2022\/09\/19\/voa-cria-vini-jr-e-lider-em-participacoes-em-gols-do-real-madrid-na-laliga\/#article","isPartOf":{"@id":"https:\/\/www.gaveanews.com\/index.php\/2022\/09\/19\/voa-cria-vini-jr-e-lider-em-participacoes-em-gols-do-real-madrid-na-laliga\/"},"author":{"name":"Equipe G\u00e1vea News","@id":"https:\/\/www.gaveanews.com\/#\/schema\/person\/2ec14f73fb96be2caf28f91afb14749d"},"headline":"Voa cria! Vini Jr \u00e9 l\u00edder em participa\u00e7\u00f5es em gols do Real Madrid na LaLiga","datePublished":"2022-09-19T18:39:47+00:00","dateModified":"2022-09-19T18:39:49+00:00","mainEntityOfPage":{"@id":"https:\/\/www.gaveanews.com\/index.php\/2022\/09\/19\/voa-cria-vini-jr-e-lider-em-participacoes-em-gols-do-real-madrid-na-laliga\/"},"wordCount":117,"commentCount":0,"image":{"@id":"https:\/\/www.gaveanews.com\/index.php\/2022\/09\/19\/voa-cria-vini-jr-e-lider-em-participacoes-em-gols-do-real-madrid-na-laliga\/#primaryimage"},"thumbnailUrl":"https:\/\/www.gaveanews.com\/wp-content\/uploads\/Vinicius-Junior-em-jogo-do-Real-Madrid-contra-o-Celta-de-Vigo.webp","articleSection":["Flamengo"],"inLanguage":"pt-BR","potentialAction":[{"@type":"CommentAction","name":"Comment","target":["https:\/\/www.gaveanews.com\/index.php\/2022\/09\/19\/voa-cria-vini-jr-e-lider-em-participacoes-em-gols-do-real-madrid-na-laliga\/#respond"]}],"copyrightYear":"2022","copyrightHolder":{"@id":"https:\/\/www.gaveanews.com\/#organization"}},{"@type":"WebPage","@id":"https:\/\/www.gaveanews.com\/index.php\/2022\/09\/19\/voa-cria-vini-jr-e-lider-em-participacoes-em-gols-do-real-madrid-na-laliga\/","url":"https:\/\/www.gaveanews.com\/index.php\/2022\/09\/19\/voa-cria-vini-jr-e-lider-em-participacoes-em-gols-do-real-madrid-na-laliga\/","name":"Voa cria! Vini Jr \u00e9 l\u00edder em participa\u00e7\u00f5es em gols do Real Madrid na LaLiga","isPartOf":{"@id":"https:\/\/www.gaveanews.com\/#website"},"primaryImageOfPage":{"@id":"https:\/\/www.gaveanews.com\/index.php\/2022\/09\/19\/voa-cria-vini-jr-e-lider-em-participacoes-em-gols-do-real-madrid-na-laliga\/#primaryimage"},"image":{"@id":"https:\/\/www.gaveanews.com\/index.php\/2022\/09\/19\/voa-cria-vini-jr-e-lider-em-participacoes-em-gols-do-real-madrid-na-laliga\/#primaryimage"},"thumbnailUrl":"https:\/\/www.gaveanews.com\/wp-content\/uploads\/Vinicius-Junior-em-jogo-do-Real-Madrid-contra-o-Celta-de-Vigo.webp","datePublished":"2022-09-19T18:39:47+00:00","dateModified":"2022-09-19T18:39:49+00:00","author":{"@id":"https:\/\/www.gaveanews.com\/#\/schema\/person\/2ec14f73fb96be2caf28f91afb14749d"},"breadcrumb":{"@id":"https:\/\/www.gaveanews.com\/index.php\/2022\/09\/19\/voa-cria-vini-jr-e-lider-em-participacoes-em-gols-do-real-madrid-na-laliga\/#breadcrumb"},"inLanguage":"pt-BR","potentialAction":[{"@type":"ReadAction","target":["https:\/\/www.gaveanews.com\/index.php\/2022\/09\/19\/voa-cria-vini-jr-e-lider-em-participacoes-em-gols-do-real-madrid-na-laliga\/"]}]},{"@type":"ImageObject","inLanguage":"pt-BR","@id":"https:\/\/www.gaveanews.com\/index.php\/2022\/09\/19\/voa-cria-vini-jr-e-lider-em-participacoes-em-gols-do-real-madrid-na-laliga\/#primaryimage","url":"https:\/\/www.gaveanews.com\/wp-content\/uploads\/Vinicius-Junior-em-jogo-do-Real-Madrid-contra-o-Celta-de-Vigo.webp","contentUrl":"https:\/\/www.gaveanews.com\/wp-content\/uploads\/Vinicius-Junior-em-jogo-do-Real-Madrid-contra-o-Celta-de-Vigo.webp","width":900,"height":506,"caption":"Vinicius Junior em jogo do Real Madrid contra o Celta de Vigo (Foto: EFE \/ Lavanderia)"},{"@type":"BreadcrumbList","@id":"https:\/\/www.gaveanews.com\/index.php\/2022\/09\/19\/voa-cria-vini-jr-e-lider-em-participacoes-em-gols-do-real-madrid-na-laliga\/#breadcrumb","itemListElement":[{"@type":"ListItem","position":1,"name":"Home","item":"https:\/\/www.gaveanews.com\/"},{"@type":"ListItem","position":2,"name":"Voa cria! Vini Jr \u00e9 l\u00edder em participa\u00e7\u00f5es em gols do Real Madrid na LaLiga"}]},{"@type":"WebSite","@id":"https:\/\/www.gaveanews.com\/#website","url":"https:\/\/www.gaveanews.com\/","name":"G\u00e1vea News","description":"Veja todas as not\u00edcias sobre o Flamengo: Contrata\u00e7\u00f5es, categorias de base, resultados das partidas, tabela de classifica\u00e7\u00e3o, pr\u00f3ximos jogos!","potentialAction":[{"@type":"SearchAction","target":{"@type":"EntryPoint","urlTemplate":"https:\/\/www.gaveanews.com\/?s={search_term_string}"},"query-input":{"@type":"PropertyValueSpecification","valueRequired":true,"valueName":"search_term_string"}}],"inLanguage":"pt-BR"},{"@type":"Person","@id":"https:\/\/www.gaveanews.com\/#\/schema\/person\/2ec14f73fb96be2caf28f91afb14749d","name":"Equipe G\u00e1vea News","image":{"@type":"ImageObject","inLanguage":"pt-BR","@id":"https:\/\/www.gaveanews.com\/#\/schema\/person\/image\/","url":"https:\/\/secure.gravatar.com\/avatar\/1e1956f1facbffd3f8fa53a326721950116b3b9dc9bd44939c01180fd4a745a9?s=96&d=mm&r=g","contentUrl":"https:\/\/secure.gravatar.com\/avatar\/1e1956f1facbffd3f8fa53a326721950116b3b9dc9bd44939c01180fd4a745a9?s=96&d=mm&r=g","caption":"Equipe G\u00e1vea News"}}]}},"_links":{"self":[{"href":"https:\/\/www.gaveanews.com\/index.php\/wp-json\/wp\/v2\/posts\/87702","targetHints":{"allow":["GET"]}}],"collection":[{"href":"https:\/\/www.gaveanews.com\/index.php\/wp-json\/wp\/v2\/posts"}],"about":[{"href":"https:\/\/www.gaveanews.com\/index.php\/wp-json\/wp\/v2\/types\/post"}],"author":[{"embeddable":true,"href":"https:\/\/www.gaveanews.com\/index.php\/wp-json\/wp\/v2\/users\/1"}],"replies":[{"embeddable":true,"href":"https:\/\/www.gaveanews.com\/index.php\/wp-json\/wp\/v2\/comments?post=87702"}],"version-history":[{"count":0,"href":"https:\/\/www.gaveanews.com\/index.php\/wp-json\/wp\/v2\/posts\/87702\/revisions"}],"wp:featuredmedia":[{"embeddable":true,"href":"https:\/\/www.gaveanews.com\/index.php\/wp-json\/wp\/v2\/media\/86209"}],"wp:attachment":[{"href":"https:\/\/www.gaveanews.com\/index.php\/wp-json\/wp\/v2\/media?parent=87702"}],"wp:term":[{"taxonomy":"category","embeddable":true,"href":"https:\/\/www.gaveanews.com\/index.php\/wp-json\/wp\/v2\/categories?post=87702"},{"taxonomy":"post_tag","embeddable":true,"href":"https:\/\/www.gaveanews.com\/index.php\/wp-json\/wp\/v2\/tags?post=87702"}],"curies":[{"name":"wp","href":"https:\/\/api.w.org\/{rel}","templated":true}]}}