{"id":87715,"date":"2022-09-19T21:24:58","date_gmt":"2022-09-20T00:24:58","guid":{"rendered":"https:\/\/www.gaveanews.com\/?p=87715"},"modified":"2022-09-19T21:25:00","modified_gmt":"2022-09-20T00:25:00","slug":"everton-ribeiro-e-pedro-do-flamengo-se-apresentam-a-selecao-brasileira-na-franca","status":"publish","type":"post","link":"https:\/\/www.gaveanews.com\/index.php\/2022\/09\/19\/everton-ribeiro-e-pedro-do-flamengo-se-apresentam-a-selecao-brasileira-na-franca\/","title":{"rendered":"\u00c9verton Ribeiro e Pedro, do Flamengo, se apresentam \u00e0 sele\u00e7\u00e3o brasileira na Fran\u00e7a"},"content":{"rendered":"\n<p>O meia \u00c9verton Ribeiro e o atacante Pedro, ambos do Flamengo, se apresentaram na noite dessa segunda-feira \u00e0 sele\u00e7\u00e3o brasileira, em Le Havre, na Fran\u00e7a.<\/p>\n\n\n\n<p>O grupo canarinho, que fez nessa segunda o primeiro treinamento em solo europeu, ficar\u00e1 completo na ter\u00e7a, quando \u00e9 aguardado o goleiro Weverton, do Palmeiras, \u00fanico dos 26 convocados que ainda n\u00e3o se apresentou.<\/p>\n\n\n\n<p>Essa \u00e9 a terceira convoca\u00e7\u00e3o de Pedro pela Sele\u00e7\u00e3o principal &#8211; na primeira, ele acabou cortado, por les\u00e3o. Vivendo grande momento no Flamengo, o atacante disputou apenas uma partida com a amarelinha.<\/p>\n\n\n<div class=\"wp-block-image\">\n<figure class=\"aligncenter size-large\"><img decoding=\"async\" src=\"https:\/\/s2.glbimg.com\/hvUOVRVIlOAZJAPRZxgxkQx2Mis=\/0x0:2048x1365\/984x0\/smart\/filters:strip_icc()\/i.s3.glbimg.com\/v1\/AUTH_bc8228b6673f488aa253bbcb03c80ec5\/internal_photos\/bs\/2022\/d\/B\/a3DqsCSRy8dZPo4xpGBQ\/52370053221-65cde5a354-k.webp\" alt=\"\"\/><\/figure>\n<\/div>\n\n\n<p>J\u00e1 \u00c9verton Ribeiro vem figurando nas listas de Tite, embora tivesse ficado fora das \u00faltimas duas convoca\u00e7\u00f5es. Essa foi a oitava convoca\u00e7\u00e3o do meia na era Tite &#8211; ele j\u00e1 havia sido chamado pelo t\u00e9cnico Dunga, em 2014.<\/p>\n\n\n\n<p>A Sele\u00e7\u00e3o faz nessa data Fifa os \u00faltimos dois amistosos antes da Copa do Mundo do Catar. Na sexta-feira, o Brasil encara Gana, \u00e0s 15h30 (de Bras\u00edlia), no Est\u00e1dio Oc\u00e9ane. Depois, no mesmo hor\u00e1rio na pr\u00f3xima ter\u00e7a-feira, encara a Tun\u00edsia, em Paris.<\/p>\n\n\n\n<h2 class=\"wp-block-heading\" id=\"h-confira-a-lista-de-convocados-de-tite\">Confira a lista de convocados de Tite:<\/h2>\n\n\n\n<h2 class=\"wp-block-heading\" id=\"h-goleiros\">Goleiros<\/h2>\n\n\n\n<ul class=\"wp-block-list\"><li>Alisson &#8211; Liverpool<\/li><li>Ederson &#8211; Manchester City<\/li><li>Weverton &#8211; Palmeiras<\/li><\/ul>\n\n\n\n<h2 class=\"wp-block-heading\" id=\"h-zagueiros\">Zagueiros<\/h2>\n\n\n\n<ul class=\"wp-block-list\"><li>Bremer &#8211; Juventus<\/li><li>Milit\u00e3o &#8211; Real Madrid<\/li><li>Marquinhos &#8211; PSG<\/li><li>Iba\u00f1ez &#8211; Roma<\/li><li>Thiago Silva &#8211; Chelsea<\/li><\/ul>\n\n\n\n<h2 class=\"wp-block-heading\" id=\"h-laterais\">Laterais<\/h2>\n\n\n\n<ul class=\"wp-block-list\"><li>Danilo &#8211; Juventus<\/li><li>Renan Lodi &#8211; Notthingham Forest<\/li><li>Alex Telles &#8211; Sevilla<\/li><\/ul>\n\n\n\n<h2 class=\"wp-block-heading\" id=\"h-meias\">Meias<\/h2>\n\n\n\n<ul class=\"wp-block-list\"><li>Bruno Guimar\u00e3es &#8211; Newcastle<\/li><li>Casemiro &#8211; Manchester United<\/li><li>Everton Ribeiro &#8211; Flamengo<\/li><li>Fabinho &#8211; Liverpool<\/li><li>Fred &#8211; Manchester United<\/li><li>Paquet\u00e1 &#8211; West Ham<\/li><\/ul>\n\n\n\n<h2 class=\"wp-block-heading\" id=\"h-atacantes\">Atacantes<\/h2>\n\n\n\n<ul class=\"wp-block-list\"><li>Antony &#8211; Manchester United<\/li><li>Firmino &#8211; Liverpool<\/li><li>Matheus Cunha &#8211; Atl\u00e9tico de Madrid<\/li><li>Neymar &#8211; PSG<\/li><li>Pedro &#8211; Flamengo<\/li><li>Raphinha &#8211; Barcelona<\/li><li>Richarlison &#8211; Tottenham<\/li><li>Rodrygo &#8211; Real Madrid<\/li><li>Vinicius J\u00fanior &#8211; Real Madrid<\/li><\/ul>\n\n\n\n<figure class=\"wp-block-image size-large\"><img decoding=\"async\" src=\"https:\/\/s2.glbimg.com\/_qi_Tv6saEVaSj4BJ7nbwufiZkw=\/0x0:690x1637\/984x0\/smart\/filters:strip_icc()\/i.s3.glbimg.com\/v1\/AUTH_bc8228b6673f488aa253bbcb03c80ec5\/internal_photos\/bs\/2022\/b\/Y\/5AfmOAQiCCuBlcDGeIxA\/22-09-nfo-calendario-da-selecao-copa-3-.webp\" alt=\"\"\/><\/figure>\n\n\n\n<p>Retirado de: Globo Esporte<\/p>\n","protected":false},"excerpt":{"rendered":"<p>O meia \u00c9verton Ribeiro e o atacante Pedro, ambos do Flamengo, se apresentaram na noite dessa segunda-feira \u00e0 sele\u00e7\u00e3o brasileira, em Le Havre, na Fran\u00e7a. O grupo canarinho, que fez nessa segunda o primeiro treinamento em solo europeu, ficar\u00e1 completo na ter\u00e7a, quando \u00e9 aguardado o goleiro Weverton, do Palmeiras, \u00fanico dos 26 convocados que [&hellip;]<\/p>\n","protected":false},"author":1,"featured_media":87198,"comment_status":"open","ping_status":"closed","sticky":false,"template":"","format":"standard","meta":{"footnotes":""},"categories":[1],"tags":[],"class_list":["post-87715","post","type-post","status-publish","format-standard","has-post-thumbnail","hentry","category-flamengo"],"yoast_head":"<!-- This site is optimized with the Yoast SEO Premium plugin v24.2 (Yoast SEO v26.9) - https:\/\/yoast.com\/product\/yoast-seo-premium-wordpress\/ -->\n<title>\u00c9verton Ribeiro e Pedro, do Flamengo, se apresentam \u00e0 sele\u00e7\u00e3o brasileira na Fran\u00e7a<\/title>\n<meta name=\"robots\" content=\"index, follow, max-snippet:-1, max-image-preview:large, max-video-preview:-1\" \/>\n<link rel=\"canonical\" href=\"https:\/\/www.gaveanews.com\/index.php\/2022\/09\/19\/everton-ribeiro-e-pedro-do-flamengo-se-apresentam-a-selecao-brasileira-na-franca\/\" \/>\n<meta property=\"og:locale\" content=\"pt_BR\" \/>\n<meta property=\"og:type\" content=\"article\" \/>\n<meta property=\"og:title\" content=\"\u00c9verton Ribeiro e Pedro, do Flamengo, se apresentam \u00e0 sele\u00e7\u00e3o brasileira na Fran\u00e7a\" \/>\n<meta property=\"og:description\" content=\"O meia \u00c9verton Ribeiro e o atacante Pedro, ambos do Flamengo, se apresentaram na noite dessa segunda-feira \u00e0 sele\u00e7\u00e3o brasileira, em Le Havre, na Fran\u00e7a. O grupo canarinho, que fez nessa segunda o primeiro treinamento em solo europeu, ficar\u00e1 completo na ter\u00e7a, quando \u00e9 aguardado o goleiro Weverton, do Palmeiras, \u00fanico dos 26 convocados que [&hellip;]\" \/>\n<meta property=\"og:url\" content=\"https:\/\/www.gaveanews.com\/index.php\/2022\/09\/19\/everton-ribeiro-e-pedro-do-flamengo-se-apresentam-a-selecao-brasileira-na-franca\/\" \/>\n<meta property=\"og:site_name\" content=\"G\u00e1vea News\" \/>\n<meta property=\"article:publisher\" content=\"https:\/\/facebook.com\/gaveaNews\/\" \/>\n<meta property=\"article:published_time\" content=\"2022-09-20T00:24:58+00:00\" \/>\n<meta property=\"article:modified_time\" content=\"2022-09-20T00:25:00+00:00\" \/>\n<meta property=\"og:image\" content=\"https:\/\/www.gaveanews.com\/wp-content\/uploads\/Everton-Ribeiro-no-jogo-do-Flamengo-contra-o-Goias.webp\" \/>\n\t<meta property=\"og:image:width\" content=\"799\" \/>\n\t<meta property=\"og:image:height\" content=\"533\" \/>\n\t<meta property=\"og:image:type\" content=\"image\/jpeg\" \/>\n<meta name=\"author\" content=\"Equipe G\u00e1vea News\" \/>\n<meta name=\"twitter:card\" content=\"summary_large_image\" \/>\n<meta name=\"twitter:label1\" content=\"Escrito por\" \/>\n\t<meta name=\"twitter:data1\" content=\"Equipe G\u00e1vea News\" \/>\n\t<meta name=\"twitter:label2\" content=\"Est. tempo de leitura\" \/>\n\t<meta name=\"twitter:data2\" content=\"2 minutos\" \/>\n<script type=\"application\/ld+json\" class=\"yoast-schema-graph\">{\"@context\":\"https:\/\/schema.org\",\"@graph\":[{\"@type\":\"NewsArticle\",\"@id\":\"https:\/\/www.gaveanews.com\/index.php\/2022\/09\/19\/everton-ribeiro-e-pedro-do-flamengo-se-apresentam-a-selecao-brasileira-na-franca\/#article\",\"isPartOf\":{\"@id\":\"https:\/\/www.gaveanews.com\/index.php\/2022\/09\/19\/everton-ribeiro-e-pedro-do-flamengo-se-apresentam-a-selecao-brasileira-na-franca\/\"},\"author\":{\"name\":\"Equipe G\u00e1vea News\",\"@id\":\"https:\/\/www.gaveanews.com\/#\/schema\/person\/2ec14f73fb96be2caf28f91afb14749d\"},\"headline\":\"\u00c9verton Ribeiro e Pedro, do Flamengo, se apresentam \u00e0 sele\u00e7\u00e3o brasileira na Fran\u00e7a\",\"datePublished\":\"2022-09-20T00:24:58+00:00\",\"dateModified\":\"2022-09-20T00:25:00+00:00\",\"mainEntityOfPage\":{\"@id\":\"https:\/\/www.gaveanews.com\/index.php\/2022\/09\/19\/everton-ribeiro-e-pedro-do-flamengo-se-apresentam-a-selecao-brasileira-na-franca\/\"},\"wordCount\":315,\"commentCount\":0,\"image\":{\"@id\":\"https:\/\/www.gaveanews.com\/index.php\/2022\/09\/19\/everton-ribeiro-e-pedro-do-flamengo-se-apresentam-a-selecao-brasileira-na-franca\/#primaryimage\"},\"thumbnailUrl\":\"https:\/\/www.gaveanews.com\/wp-content\/uploads\/Everton-Ribeiro-no-jogo-do-Flamengo-contra-o-Goias.webp\",\"articleSection\":[\"Flamengo\"],\"inLanguage\":\"pt-BR\",\"potentialAction\":[{\"@type\":\"CommentAction\",\"name\":\"Comment\",\"target\":[\"https:\/\/www.gaveanews.com\/index.php\/2022\/09\/19\/everton-ribeiro-e-pedro-do-flamengo-se-apresentam-a-selecao-brasileira-na-franca\/#respond\"]}],\"copyrightYear\":\"2022\",\"copyrightHolder\":{\"@id\":\"https:\/\/www.gaveanews.com\/#organization\"}},{\"@type\":\"WebPage\",\"@id\":\"https:\/\/www.gaveanews.com\/index.php\/2022\/09\/19\/everton-ribeiro-e-pedro-do-flamengo-se-apresentam-a-selecao-brasileira-na-franca\/\",\"url\":\"https:\/\/www.gaveanews.com\/index.php\/2022\/09\/19\/everton-ribeiro-e-pedro-do-flamengo-se-apresentam-a-selecao-brasileira-na-franca\/\",\"name\":\"\u00c9verton Ribeiro e Pedro, do Flamengo, se apresentam \u00e0 sele\u00e7\u00e3o brasileira na Fran\u00e7a\",\"isPartOf\":{\"@id\":\"https:\/\/www.gaveanews.com\/#website\"},\"primaryImageOfPage\":{\"@id\":\"https:\/\/www.gaveanews.com\/index.php\/2022\/09\/19\/everton-ribeiro-e-pedro-do-flamengo-se-apresentam-a-selecao-brasileira-na-franca\/#primaryimage\"},\"image\":{\"@id\":\"https:\/\/www.gaveanews.com\/index.php\/2022\/09\/19\/everton-ribeiro-e-pedro-do-flamengo-se-apresentam-a-selecao-brasileira-na-franca\/#primaryimage\"},\"thumbnailUrl\":\"https:\/\/www.gaveanews.com\/wp-content\/uploads\/Everton-Ribeiro-no-jogo-do-Flamengo-contra-o-Goias.webp\",\"datePublished\":\"2022-09-20T00:24:58+00:00\",\"dateModified\":\"2022-09-20T00:25:00+00:00\",\"author\":{\"@id\":\"https:\/\/www.gaveanews.com\/#\/schema\/person\/2ec14f73fb96be2caf28f91afb14749d\"},\"breadcrumb\":{\"@id\":\"https:\/\/www.gaveanews.com\/index.php\/2022\/09\/19\/everton-ribeiro-e-pedro-do-flamengo-se-apresentam-a-selecao-brasileira-na-franca\/#breadcrumb\"},\"inLanguage\":\"pt-BR\",\"potentialAction\":[{\"@type\":\"ReadAction\",\"target\":[\"https:\/\/www.gaveanews.com\/index.php\/2022\/09\/19\/everton-ribeiro-e-pedro-do-flamengo-se-apresentam-a-selecao-brasileira-na-franca\/\"]}]},{\"@type\":\"ImageObject\",\"inLanguage\":\"pt-BR\",\"@id\":\"https:\/\/www.gaveanews.com\/index.php\/2022\/09\/19\/everton-ribeiro-e-pedro-do-flamengo-se-apresentam-a-selecao-brasileira-na-franca\/#primaryimage\",\"url\":\"https:\/\/www.gaveanews.com\/wp-content\/uploads\/Everton-Ribeiro-no-jogo-do-Flamengo-contra-o-Goias.webp\",\"contentUrl\":\"https:\/\/www.gaveanews.com\/wp-content\/uploads\/Everton-Ribeiro-no-jogo-do-Flamengo-contra-o-Goias.webp\",\"width\":799,\"height\":533},{\"@type\":\"BreadcrumbList\",\"@id\":\"https:\/\/www.gaveanews.com\/index.php\/2022\/09\/19\/everton-ribeiro-e-pedro-do-flamengo-se-apresentam-a-selecao-brasileira-na-franca\/#breadcrumb\",\"itemListElement\":[{\"@type\":\"ListItem\",\"position\":1,\"name\":\"Home\",\"item\":\"https:\/\/www.gaveanews.com\/\"},{\"@type\":\"ListItem\",\"position\":2,\"name\":\"\u00c9verton Ribeiro e Pedro, do Flamengo, se apresentam \u00e0 sele\u00e7\u00e3o brasileira na Fran\u00e7a\"}]},{\"@type\":\"WebSite\",\"@id\":\"https:\/\/www.gaveanews.com\/#website\",\"url\":\"https:\/\/www.gaveanews.com\/\",\"name\":\"G\u00e1vea News\",\"description\":\"Veja todas as not\u00edcias sobre o Flamengo: Contrata\u00e7\u00f5es, categorias de base, resultados das partidas, tabela de classifica\u00e7\u00e3o, pr\u00f3ximos jogos!\",\"potentialAction\":[{\"@type\":\"SearchAction\",\"target\":{\"@type\":\"EntryPoint\",\"urlTemplate\":\"https:\/\/www.gaveanews.com\/?s={search_term_string}\"},\"query-input\":{\"@type\":\"PropertyValueSpecification\",\"valueRequired\":true,\"valueName\":\"search_term_string\"}}],\"inLanguage\":\"pt-BR\"},{\"@type\":\"Person\",\"@id\":\"https:\/\/www.gaveanews.com\/#\/schema\/person\/2ec14f73fb96be2caf28f91afb14749d\",\"name\":\"Equipe G\u00e1vea News\",\"image\":{\"@type\":\"ImageObject\",\"inLanguage\":\"pt-BR\",\"@id\":\"https:\/\/www.gaveanews.com\/#\/schema\/person\/image\/\",\"url\":\"https:\/\/secure.gravatar.com\/avatar\/1e1956f1facbffd3f8fa53a326721950116b3b9dc9bd44939c01180fd4a745a9?s=96&d=mm&r=g\",\"contentUrl\":\"https:\/\/secure.gravatar.com\/avatar\/1e1956f1facbffd3f8fa53a326721950116b3b9dc9bd44939c01180fd4a745a9?s=96&d=mm&r=g\",\"caption\":\"Equipe G\u00e1vea News\"}}]}<\/script>\n<!-- \/ Yoast SEO Premium plugin. -->","yoast_head_json":{"title":"\u00c9verton Ribeiro e Pedro, do Flamengo, se apresentam \u00e0 sele\u00e7\u00e3o brasileira na Fran\u00e7a","robots":{"index":"index","follow":"follow","max-snippet":"max-snippet:-1","max-image-preview":"max-image-preview:large","max-video-preview":"max-video-preview:-1"},"canonical":"https:\/\/www.gaveanews.com\/index.php\/2022\/09\/19\/everton-ribeiro-e-pedro-do-flamengo-se-apresentam-a-selecao-brasileira-na-franca\/","og_locale":"pt_BR","og_type":"article","og_title":"\u00c9verton Ribeiro e Pedro, do Flamengo, se apresentam \u00e0 sele\u00e7\u00e3o brasileira na Fran\u00e7a","og_description":"O meia \u00c9verton Ribeiro e o atacante Pedro, ambos do Flamengo, se apresentaram na noite dessa segunda-feira \u00e0 sele\u00e7\u00e3o brasileira, em Le Havre, na Fran\u00e7a. O grupo canarinho, que fez nessa segunda o primeiro treinamento em solo europeu, ficar\u00e1 completo na ter\u00e7a, quando \u00e9 aguardado o goleiro Weverton, do Palmeiras, \u00fanico dos 26 convocados que [&hellip;]","og_url":"https:\/\/www.gaveanews.com\/index.php\/2022\/09\/19\/everton-ribeiro-e-pedro-do-flamengo-se-apresentam-a-selecao-brasileira-na-franca\/","og_site_name":"G\u00e1vea News","article_publisher":"https:\/\/facebook.com\/gaveaNews\/","article_published_time":"2022-09-20T00:24:58+00:00","article_modified_time":"2022-09-20T00:25:00+00:00","og_image":[{"width":799,"height":533,"url":"https:\/\/www.gaveanews.com\/wp-content\/uploads\/Everton-Ribeiro-no-jogo-do-Flamengo-contra-o-Goias.webp","type":"image\/jpeg"}],"author":"Equipe G\u00e1vea News","twitter_card":"summary_large_image","twitter_misc":{"Escrito por":"Equipe G\u00e1vea News","Est. tempo de leitura":"2 minutos"},"schema":{"@context":"https:\/\/schema.org","@graph":[{"@type":"NewsArticle","@id":"https:\/\/www.gaveanews.com\/index.php\/2022\/09\/19\/everton-ribeiro-e-pedro-do-flamengo-se-apresentam-a-selecao-brasileira-na-franca\/#article","isPartOf":{"@id":"https:\/\/www.gaveanews.com\/index.php\/2022\/09\/19\/everton-ribeiro-e-pedro-do-flamengo-se-apresentam-a-selecao-brasileira-na-franca\/"},"author":{"name":"Equipe G\u00e1vea News","@id":"https:\/\/www.gaveanews.com\/#\/schema\/person\/2ec14f73fb96be2caf28f91afb14749d"},"headline":"\u00c9verton Ribeiro e Pedro, do Flamengo, se apresentam \u00e0 sele\u00e7\u00e3o brasileira na Fran\u00e7a","datePublished":"2022-09-20T00:24:58+00:00","dateModified":"2022-09-20T00:25:00+00:00","mainEntityOfPage":{"@id":"https:\/\/www.gaveanews.com\/index.php\/2022\/09\/19\/everton-ribeiro-e-pedro-do-flamengo-se-apresentam-a-selecao-brasileira-na-franca\/"},"wordCount":315,"commentCount":0,"image":{"@id":"https:\/\/www.gaveanews.com\/index.php\/2022\/09\/19\/everton-ribeiro-e-pedro-do-flamengo-se-apresentam-a-selecao-brasileira-na-franca\/#primaryimage"},"thumbnailUrl":"https:\/\/www.gaveanews.com\/wp-content\/uploads\/Everton-Ribeiro-no-jogo-do-Flamengo-contra-o-Goias.webp","articleSection":["Flamengo"],"inLanguage":"pt-BR","potentialAction":[{"@type":"CommentAction","name":"Comment","target":["https:\/\/www.gaveanews.com\/index.php\/2022\/09\/19\/everton-ribeiro-e-pedro-do-flamengo-se-apresentam-a-selecao-brasileira-na-franca\/#respond"]}],"copyrightYear":"2022","copyrightHolder":{"@id":"https:\/\/www.gaveanews.com\/#organization"}},{"@type":"WebPage","@id":"https:\/\/www.gaveanews.com\/index.php\/2022\/09\/19\/everton-ribeiro-e-pedro-do-flamengo-se-apresentam-a-selecao-brasileira-na-franca\/","url":"https:\/\/www.gaveanews.com\/index.php\/2022\/09\/19\/everton-ribeiro-e-pedro-do-flamengo-se-apresentam-a-selecao-brasileira-na-franca\/","name":"\u00c9verton Ribeiro e Pedro, do Flamengo, se apresentam \u00e0 sele\u00e7\u00e3o brasileira na Fran\u00e7a","isPartOf":{"@id":"https:\/\/www.gaveanews.com\/#website"},"primaryImageOfPage":{"@id":"https:\/\/www.gaveanews.com\/index.php\/2022\/09\/19\/everton-ribeiro-e-pedro-do-flamengo-se-apresentam-a-selecao-brasileira-na-franca\/#primaryimage"},"image":{"@id":"https:\/\/www.gaveanews.com\/index.php\/2022\/09\/19\/everton-ribeiro-e-pedro-do-flamengo-se-apresentam-a-selecao-brasileira-na-franca\/#primaryimage"},"thumbnailUrl":"https:\/\/www.gaveanews.com\/wp-content\/uploads\/Everton-Ribeiro-no-jogo-do-Flamengo-contra-o-Goias.webp","datePublished":"2022-09-20T00:24:58+00:00","dateModified":"2022-09-20T00:25:00+00:00","author":{"@id":"https:\/\/www.gaveanews.com\/#\/schema\/person\/2ec14f73fb96be2caf28f91afb14749d"},"breadcrumb":{"@id":"https:\/\/www.gaveanews.com\/index.php\/2022\/09\/19\/everton-ribeiro-e-pedro-do-flamengo-se-apresentam-a-selecao-brasileira-na-franca\/#breadcrumb"},"inLanguage":"pt-BR","potentialAction":[{"@type":"ReadAction","target":["https:\/\/www.gaveanews.com\/index.php\/2022\/09\/19\/everton-ribeiro-e-pedro-do-flamengo-se-apresentam-a-selecao-brasileira-na-franca\/"]}]},{"@type":"ImageObject","inLanguage":"pt-BR","@id":"https:\/\/www.gaveanews.com\/index.php\/2022\/09\/19\/everton-ribeiro-e-pedro-do-flamengo-se-apresentam-a-selecao-brasileira-na-franca\/#primaryimage","url":"https:\/\/www.gaveanews.com\/wp-content\/uploads\/Everton-Ribeiro-no-jogo-do-Flamengo-contra-o-Goias.webp","contentUrl":"https:\/\/www.gaveanews.com\/wp-content\/uploads\/Everton-Ribeiro-no-jogo-do-Flamengo-contra-o-Goias.webp","width":799,"height":533},{"@type":"BreadcrumbList","@id":"https:\/\/www.gaveanews.com\/index.php\/2022\/09\/19\/everton-ribeiro-e-pedro-do-flamengo-se-apresentam-a-selecao-brasileira-na-franca\/#breadcrumb","itemListElement":[{"@type":"ListItem","position":1,"name":"Home","item":"https:\/\/www.gaveanews.com\/"},{"@type":"ListItem","position":2,"name":"\u00c9verton Ribeiro e Pedro, do Flamengo, se apresentam \u00e0 sele\u00e7\u00e3o brasileira na Fran\u00e7a"}]},{"@type":"WebSite","@id":"https:\/\/www.gaveanews.com\/#website","url":"https:\/\/www.gaveanews.com\/","name":"G\u00e1vea News","description":"Veja todas as not\u00edcias sobre o Flamengo: Contrata\u00e7\u00f5es, categorias de base, resultados das partidas, tabela de classifica\u00e7\u00e3o, pr\u00f3ximos jogos!","potentialAction":[{"@type":"SearchAction","target":{"@type":"EntryPoint","urlTemplate":"https:\/\/www.gaveanews.com\/?s={search_term_string}"},"query-input":{"@type":"PropertyValueSpecification","valueRequired":true,"valueName":"search_term_string"}}],"inLanguage":"pt-BR"},{"@type":"Person","@id":"https:\/\/www.gaveanews.com\/#\/schema\/person\/2ec14f73fb96be2caf28f91afb14749d","name":"Equipe G\u00e1vea News","image":{"@type":"ImageObject","inLanguage":"pt-BR","@id":"https:\/\/www.gaveanews.com\/#\/schema\/person\/image\/","url":"https:\/\/secure.gravatar.com\/avatar\/1e1956f1facbffd3f8fa53a326721950116b3b9dc9bd44939c01180fd4a745a9?s=96&d=mm&r=g","contentUrl":"https:\/\/secure.gravatar.com\/avatar\/1e1956f1facbffd3f8fa53a326721950116b3b9dc9bd44939c01180fd4a745a9?s=96&d=mm&r=g","caption":"Equipe G\u00e1vea News"}}]}},"_links":{"self":[{"href":"https:\/\/www.gaveanews.com\/index.php\/wp-json\/wp\/v2\/posts\/87715","targetHints":{"allow":["GET"]}}],"collection":[{"href":"https:\/\/www.gaveanews.com\/index.php\/wp-json\/wp\/v2\/posts"}],"about":[{"href":"https:\/\/www.gaveanews.com\/index.php\/wp-json\/wp\/v2\/types\/post"}],"author":[{"embeddable":true,"href":"https:\/\/www.gaveanews.com\/index.php\/wp-json\/wp\/v2\/users\/1"}],"replies":[{"embeddable":true,"href":"https:\/\/www.gaveanews.com\/index.php\/wp-json\/wp\/v2\/comments?post=87715"}],"version-history":[{"count":0,"href":"https:\/\/www.gaveanews.com\/index.php\/wp-json\/wp\/v2\/posts\/87715\/revisions"}],"wp:featuredmedia":[{"embeddable":true,"href":"https:\/\/www.gaveanews.com\/index.php\/wp-json\/wp\/v2\/media\/87198"}],"wp:attachment":[{"href":"https:\/\/www.gaveanews.com\/index.php\/wp-json\/wp\/v2\/media?parent=87715"}],"wp:term":[{"taxonomy":"category","embeddable":true,"href":"https:\/\/www.gaveanews.com\/index.php\/wp-json\/wp\/v2\/categories?post=87715"},{"taxonomy":"post_tag","embeddable":true,"href":"https:\/\/www.gaveanews.com\/index.php\/wp-json\/wp\/v2\/tags?post=87715"}],"curies":[{"name":"wp","href":"https:\/\/api.w.org\/{rel}","templated":true}]}}