{"id":87805,"date":"2022-09-21T01:47:47","date_gmt":"2022-09-21T04:47:47","guid":{"rendered":"https:\/\/www.gaveanews.com\/?p=87805"},"modified":"2022-09-21T01:47:49","modified_gmt":"2022-09-21T04:47:49","slug":"pedro-celebra-retorno-a-selecao-e-diz-como-superou-momentos-de-baixa-no-flamengo","status":"publish","type":"post","link":"https:\/\/www.gaveanews.com\/index.php\/2022\/09\/21\/pedro-celebra-retorno-a-selecao-e-diz-como-superou-momentos-de-baixa-no-flamengo\/","title":{"rendered":"Pedro celebra retorno \u00e0 Sele\u00e7\u00e3o e diz como superou momentos de baixa no Flamengo"},"content":{"rendered":"\n<p>Convocado para os amistosos da Sele\u00e7\u00e3o Brasileira ap\u00f3s quase dois anos sem ser lembrado, o atacante Pedro comemorou seu retorno ao time de Tite. Nesta ter\u00e7a-feira, em entrevista coletiva, o jogador do Flamengo, que desembarcou na Fran\u00e7a na \u00faltima segunda, falou sobre seus momentos de baixa e explicou como conseguiu superar esta fase.<\/p>\n\n\n\n<p><em>\u2014 Muito feliz por poder voltar \u00e0 Sele\u00e7\u00e3o. Acredito que foram momentos de altos e baixos, mas eu sempre tive uma f\u00e9 dentro de mim que eu poderia voltar para c\u00e1. Ent\u00e3o essa resili\u00eancia que eu tive depois dos momentos ruins no Flamengo me fizeram ficar forte para poder voltar para a Sele\u00e7\u00e3o<\/em> &#8211; afirmou o centroavante.<\/p>\n\n\n\n<p>O camisa 21 rubro-negro tamb\u00e9m valorizou o papel de Dorival Jr., t\u00e9cnico do Flamengo, para a retomada de sua confian\u00e7a e, consequente, o retorno para a Sele\u00e7\u00e3o Brasileira.<\/p>\n\n\n\n<p><em>\u2014 A chegada do Dorival foi muito importante para mim. Ele falou que se eu jogasse eu teria chance de ir para Sele\u00e7\u00e3o. E foi muito bom eu ter contato com o Cl\u00e9ber (Xavier, auxiliar de Tite), ele falando ali com voc\u00ea, mesmo sem estar jogando muito. Isso acende que tem uma chance para voltar. Eu sempre tive dentro de mim essa chama de voltar para a Sele\u00e7\u00e3o<\/em> &#8211; destacou.<\/p>\n\n\n\n<p>Esta foi a terceira convoca\u00e7\u00e3o de Pedro na carreira, que tem apenas um jogo pela Sele\u00e7\u00e3o Brasileira (cerca de 20 minutos em campo). Em 2018, quando defendia o Fluminense, o atacante foi cortado ap\u00f3s grave les\u00e3o no joelho. Em 2020, j\u00e1 no Flamengo, atuou em duelo contra a Venezuela, pelas Eliminat\u00f3rias, mas depois foi cortado por les\u00e3o muscular.<\/p>\n\n\n\n<p><em>\u2014 A recep\u00e7\u00e3o foi muito boa. \u00c9 um grupo muito bom, todo mundo recebe muito bem, os mais velhos recebem a gente bem tamb\u00e9m. Isso \u00e9 importante para a gente, ter essa recep\u00e7\u00e3o para ficar bem aqui. A conversa com o Tite ainda n\u00e3o aconteceu, mas estou sempre \u00e0 disposi\u00e7\u00e3o para poder ajudar a Sele\u00e7\u00e3o Brasileira<\/em> &#8211; ressaltou o jogador.<\/p>\n\n\n\n<p>Em grande fase na temporada, Pedro soma 24 gols marcados pelo Flamengo no ano at\u00e9 o momento. Mesmo em alta, o centroavante sabe que conseguir espa\u00e7o no time de Tite n\u00e3o ser\u00e1 f\u00e1cil e que controlar a ansiedade \u00e9 uma miss\u00e3o para estes amistosos.<\/p>\n\n\n\n<p><em>\u2014 Acredito que ansiedade n\u00e3o entra em campo quando a gente est\u00e1 focado para dar o nosso melhor. Eu cheguei de viagem agora, mas acredito que eu estou bem para cada batalha. Ent\u00e3o entrando em campo eu tenho que estar pronto para poder servir bem a Sele\u00e7\u00e3o<\/em> &#8211; frisou Pedro, completando:<\/p>\n\n\n\n<p><em>\u2014 Tem que estar pronto para cada desafio, ent\u00e3o eu espero, sim, poder jogar, mas nos treinamentos a gente tem que estar pronto para o melhor. Seja nos treinos ou nos jogos, a gente tem que estar pronto para vestir a camisa da Sele\u00e7\u00e3o<\/em> &#8211; concluiu.<\/p>\n\n\n\n<p>Retirado de: Lance<\/p>\n","protected":false},"excerpt":{"rendered":"<p>Convocado para os amistosos da Sele\u00e7\u00e3o Brasileira ap\u00f3s quase dois anos sem ser lembrado, o atacante Pedro comemorou seu retorno ao time de Tite. Nesta ter\u00e7a-feira, em entrevista coletiva, o jogador do Flamengo, que desembarcou na Fran\u00e7a na \u00faltima segunda, falou sobre seus momentos de baixa e explicou como conseguiu superar esta fase. \u2014 Muito [&hellip;]<\/p>\n","protected":false},"author":1,"featured_media":62470,"comment_status":"open","ping_status":"closed","sticky":false,"template":"","format":"standard","meta":{"footnotes":""},"categories":[1],"tags":[],"class_list":["post-87805","post","type-post","status-publish","format-standard","has-post-thumbnail","hentry","category-flamengo"],"yoast_head":"<!-- This site is optimized with the Yoast SEO Premium plugin v24.2 (Yoast SEO v26.9) - https:\/\/yoast.com\/product\/yoast-seo-premium-wordpress\/ -->\n<title>Pedro celebra retorno \u00e0 Sele\u00e7\u00e3o e diz como superou momentos de baixa no Flamengo<\/title>\n<meta name=\"robots\" content=\"index, follow, max-snippet:-1, max-image-preview:large, max-video-preview:-1\" \/>\n<link rel=\"canonical\" href=\"https:\/\/www.gaveanews.com\/index.php\/2022\/09\/21\/pedro-celebra-retorno-a-selecao-e-diz-como-superou-momentos-de-baixa-no-flamengo\/\" \/>\n<meta property=\"og:locale\" content=\"pt_BR\" \/>\n<meta property=\"og:type\" content=\"article\" \/>\n<meta property=\"og:title\" content=\"Pedro celebra retorno \u00e0 Sele\u00e7\u00e3o e diz como superou momentos de baixa no Flamengo\" \/>\n<meta property=\"og:description\" content=\"Convocado para os amistosos da Sele\u00e7\u00e3o Brasileira ap\u00f3s quase dois anos sem ser lembrado, o atacante Pedro comemorou seu retorno ao time de Tite. Nesta ter\u00e7a-feira, em entrevista coletiva, o jogador do Flamengo, que desembarcou na Fran\u00e7a na \u00faltima segunda, falou sobre seus momentos de baixa e explicou como conseguiu superar esta fase. \u2014 Muito [&hellip;]\" \/>\n<meta property=\"og:url\" content=\"https:\/\/www.gaveanews.com\/index.php\/2022\/09\/21\/pedro-celebra-retorno-a-selecao-e-diz-como-superou-momentos-de-baixa-no-flamengo\/\" \/>\n<meta property=\"og:site_name\" content=\"G\u00e1vea News\" \/>\n<meta property=\"article:publisher\" content=\"https:\/\/facebook.com\/gaveaNews\/\" \/>\n<meta property=\"article:published_time\" content=\"2022-09-21T04:47:47+00:00\" \/>\n<meta property=\"article:modified_time\" content=\"2022-09-21T04:47:49+00:00\" \/>\n<meta property=\"og:image\" content=\"https:\/\/www.gaveanews.com\/wp-content\/uploads\/Pedro-durante-o-treinamento-do-Brasil.webp\" \/>\n\t<meta property=\"og:image:width\" content=\"984\" \/>\n\t<meta property=\"og:image:height\" content=\"656\" \/>\n\t<meta property=\"og:image:type\" content=\"image\/jpeg\" \/>\n<meta name=\"author\" content=\"Equipe G\u00e1vea News\" \/>\n<meta name=\"twitter:card\" content=\"summary_large_image\" \/>\n<meta name=\"twitter:label1\" content=\"Escrito por\" \/>\n\t<meta name=\"twitter:data1\" content=\"Equipe G\u00e1vea News\" \/>\n\t<meta name=\"twitter:label2\" content=\"Est. tempo de leitura\" \/>\n\t<meta name=\"twitter:data2\" content=\"3 minutos\" \/>\n<script type=\"application\/ld+json\" class=\"yoast-schema-graph\">{\"@context\":\"https:\/\/schema.org\",\"@graph\":[{\"@type\":\"NewsArticle\",\"@id\":\"https:\/\/www.gaveanews.com\/index.php\/2022\/09\/21\/pedro-celebra-retorno-a-selecao-e-diz-como-superou-momentos-de-baixa-no-flamengo\/#article\",\"isPartOf\":{\"@id\":\"https:\/\/www.gaveanews.com\/index.php\/2022\/09\/21\/pedro-celebra-retorno-a-selecao-e-diz-como-superou-momentos-de-baixa-no-flamengo\/\"},\"author\":{\"name\":\"Equipe G\u00e1vea News\",\"@id\":\"https:\/\/www.gaveanews.com\/#\/schema\/person\/2ec14f73fb96be2caf28f91afb14749d\"},\"headline\":\"Pedro celebra retorno \u00e0 Sele\u00e7\u00e3o e diz como superou momentos de baixa no Flamengo\",\"datePublished\":\"2022-09-21T04:47:47+00:00\",\"dateModified\":\"2022-09-21T04:47:49+00:00\",\"mainEntityOfPage\":{\"@id\":\"https:\/\/www.gaveanews.com\/index.php\/2022\/09\/21\/pedro-celebra-retorno-a-selecao-e-diz-como-superou-momentos-de-baixa-no-flamengo\/\"},\"wordCount\":505,\"commentCount\":0,\"image\":{\"@id\":\"https:\/\/www.gaveanews.com\/index.php\/2022\/09\/21\/pedro-celebra-retorno-a-selecao-e-diz-como-superou-momentos-de-baixa-no-flamengo\/#primaryimage\"},\"thumbnailUrl\":\"https:\/\/www.gaveanews.com\/wp-content\/uploads\/Pedro-durante-o-treinamento-do-Brasil.webp\",\"articleSection\":[\"Flamengo\"],\"inLanguage\":\"pt-BR\",\"potentialAction\":[{\"@type\":\"CommentAction\",\"name\":\"Comment\",\"target\":[\"https:\/\/www.gaveanews.com\/index.php\/2022\/09\/21\/pedro-celebra-retorno-a-selecao-e-diz-como-superou-momentos-de-baixa-no-flamengo\/#respond\"]}],\"copyrightYear\":\"2022\",\"copyrightHolder\":{\"@id\":\"https:\/\/www.gaveanews.com\/#organization\"}},{\"@type\":\"WebPage\",\"@id\":\"https:\/\/www.gaveanews.com\/index.php\/2022\/09\/21\/pedro-celebra-retorno-a-selecao-e-diz-como-superou-momentos-de-baixa-no-flamengo\/\",\"url\":\"https:\/\/www.gaveanews.com\/index.php\/2022\/09\/21\/pedro-celebra-retorno-a-selecao-e-diz-como-superou-momentos-de-baixa-no-flamengo\/\",\"name\":\"Pedro celebra retorno \u00e0 Sele\u00e7\u00e3o e diz como superou momentos de baixa no Flamengo\",\"isPartOf\":{\"@id\":\"https:\/\/www.gaveanews.com\/#website\"},\"primaryImageOfPage\":{\"@id\":\"https:\/\/www.gaveanews.com\/index.php\/2022\/09\/21\/pedro-celebra-retorno-a-selecao-e-diz-como-superou-momentos-de-baixa-no-flamengo\/#primaryimage\"},\"image\":{\"@id\":\"https:\/\/www.gaveanews.com\/index.php\/2022\/09\/21\/pedro-celebra-retorno-a-selecao-e-diz-como-superou-momentos-de-baixa-no-flamengo\/#primaryimage\"},\"thumbnailUrl\":\"https:\/\/www.gaveanews.com\/wp-content\/uploads\/Pedro-durante-o-treinamento-do-Brasil.webp\",\"datePublished\":\"2022-09-21T04:47:47+00:00\",\"dateModified\":\"2022-09-21T04:47:49+00:00\",\"author\":{\"@id\":\"https:\/\/www.gaveanews.com\/#\/schema\/person\/2ec14f73fb96be2caf28f91afb14749d\"},\"breadcrumb\":{\"@id\":\"https:\/\/www.gaveanews.com\/index.php\/2022\/09\/21\/pedro-celebra-retorno-a-selecao-e-diz-como-superou-momentos-de-baixa-no-flamengo\/#breadcrumb\"},\"inLanguage\":\"pt-BR\",\"potentialAction\":[{\"@type\":\"ReadAction\",\"target\":[\"https:\/\/www.gaveanews.com\/index.php\/2022\/09\/21\/pedro-celebra-retorno-a-selecao-e-diz-como-superou-momentos-de-baixa-no-flamengo\/\"]}]},{\"@type\":\"ImageObject\",\"inLanguage\":\"pt-BR\",\"@id\":\"https:\/\/www.gaveanews.com\/index.php\/2022\/09\/21\/pedro-celebra-retorno-a-selecao-e-diz-como-superou-momentos-de-baixa-no-flamengo\/#primaryimage\",\"url\":\"https:\/\/www.gaveanews.com\/wp-content\/uploads\/Pedro-durante-o-treinamento-do-Brasil.webp\",\"contentUrl\":\"https:\/\/www.gaveanews.com\/wp-content\/uploads\/Pedro-durante-o-treinamento-do-Brasil.webp\",\"width\":984,\"height\":656,\"caption\":\"Pedro durante o treinamento do Brasil (Foto: Aleksandar Djorovic\/CBF)\"},{\"@type\":\"BreadcrumbList\",\"@id\":\"https:\/\/www.gaveanews.com\/index.php\/2022\/09\/21\/pedro-celebra-retorno-a-selecao-e-diz-como-superou-momentos-de-baixa-no-flamengo\/#breadcrumb\",\"itemListElement\":[{\"@type\":\"ListItem\",\"position\":1,\"name\":\"Home\",\"item\":\"https:\/\/www.gaveanews.com\/\"},{\"@type\":\"ListItem\",\"position\":2,\"name\":\"Pedro celebra retorno \u00e0 Sele\u00e7\u00e3o e diz como superou momentos de baixa no Flamengo\"}]},{\"@type\":\"WebSite\",\"@id\":\"https:\/\/www.gaveanews.com\/#website\",\"url\":\"https:\/\/www.gaveanews.com\/\",\"name\":\"G\u00e1vea News\",\"description\":\"Veja todas as not\u00edcias sobre o Flamengo: Contrata\u00e7\u00f5es, categorias de base, resultados das partidas, tabela de classifica\u00e7\u00e3o, pr\u00f3ximos jogos!\",\"potentialAction\":[{\"@type\":\"SearchAction\",\"target\":{\"@type\":\"EntryPoint\",\"urlTemplate\":\"https:\/\/www.gaveanews.com\/?s={search_term_string}\"},\"query-input\":{\"@type\":\"PropertyValueSpecification\",\"valueRequired\":true,\"valueName\":\"search_term_string\"}}],\"inLanguage\":\"pt-BR\"},{\"@type\":\"Person\",\"@id\":\"https:\/\/www.gaveanews.com\/#\/schema\/person\/2ec14f73fb96be2caf28f91afb14749d\",\"name\":\"Equipe G\u00e1vea News\",\"image\":{\"@type\":\"ImageObject\",\"inLanguage\":\"pt-BR\",\"@id\":\"https:\/\/www.gaveanews.com\/#\/schema\/person\/image\/\",\"url\":\"https:\/\/secure.gravatar.com\/avatar\/1e1956f1facbffd3f8fa53a326721950116b3b9dc9bd44939c01180fd4a745a9?s=96&d=mm&r=g\",\"contentUrl\":\"https:\/\/secure.gravatar.com\/avatar\/1e1956f1facbffd3f8fa53a326721950116b3b9dc9bd44939c01180fd4a745a9?s=96&d=mm&r=g\",\"caption\":\"Equipe G\u00e1vea News\"}}]}<\/script>\n<!-- \/ Yoast SEO Premium plugin. -->","yoast_head_json":{"title":"Pedro celebra retorno \u00e0 Sele\u00e7\u00e3o e diz como superou momentos de baixa no Flamengo","robots":{"index":"index","follow":"follow","max-snippet":"max-snippet:-1","max-image-preview":"max-image-preview:large","max-video-preview":"max-video-preview:-1"},"canonical":"https:\/\/www.gaveanews.com\/index.php\/2022\/09\/21\/pedro-celebra-retorno-a-selecao-e-diz-como-superou-momentos-de-baixa-no-flamengo\/","og_locale":"pt_BR","og_type":"article","og_title":"Pedro celebra retorno \u00e0 Sele\u00e7\u00e3o e diz como superou momentos de baixa no Flamengo","og_description":"Convocado para os amistosos da Sele\u00e7\u00e3o Brasileira ap\u00f3s quase dois anos sem ser lembrado, o atacante Pedro comemorou seu retorno ao time de Tite. Nesta ter\u00e7a-feira, em entrevista coletiva, o jogador do Flamengo, que desembarcou na Fran\u00e7a na \u00faltima segunda, falou sobre seus momentos de baixa e explicou como conseguiu superar esta fase. \u2014 Muito [&hellip;]","og_url":"https:\/\/www.gaveanews.com\/index.php\/2022\/09\/21\/pedro-celebra-retorno-a-selecao-e-diz-como-superou-momentos-de-baixa-no-flamengo\/","og_site_name":"G\u00e1vea News","article_publisher":"https:\/\/facebook.com\/gaveaNews\/","article_published_time":"2022-09-21T04:47:47+00:00","article_modified_time":"2022-09-21T04:47:49+00:00","og_image":[{"width":984,"height":656,"url":"https:\/\/www.gaveanews.com\/wp-content\/uploads\/Pedro-durante-o-treinamento-do-Brasil.webp","type":"image\/jpeg"}],"author":"Equipe G\u00e1vea News","twitter_card":"summary_large_image","twitter_misc":{"Escrito por":"Equipe G\u00e1vea News","Est. tempo de leitura":"3 minutos"},"schema":{"@context":"https:\/\/schema.org","@graph":[{"@type":"NewsArticle","@id":"https:\/\/www.gaveanews.com\/index.php\/2022\/09\/21\/pedro-celebra-retorno-a-selecao-e-diz-como-superou-momentos-de-baixa-no-flamengo\/#article","isPartOf":{"@id":"https:\/\/www.gaveanews.com\/index.php\/2022\/09\/21\/pedro-celebra-retorno-a-selecao-e-diz-como-superou-momentos-de-baixa-no-flamengo\/"},"author":{"name":"Equipe G\u00e1vea News","@id":"https:\/\/www.gaveanews.com\/#\/schema\/person\/2ec14f73fb96be2caf28f91afb14749d"},"headline":"Pedro celebra retorno \u00e0 Sele\u00e7\u00e3o e diz como superou momentos de baixa no Flamengo","datePublished":"2022-09-21T04:47:47+00:00","dateModified":"2022-09-21T04:47:49+00:00","mainEntityOfPage":{"@id":"https:\/\/www.gaveanews.com\/index.php\/2022\/09\/21\/pedro-celebra-retorno-a-selecao-e-diz-como-superou-momentos-de-baixa-no-flamengo\/"},"wordCount":505,"commentCount":0,"image":{"@id":"https:\/\/www.gaveanews.com\/index.php\/2022\/09\/21\/pedro-celebra-retorno-a-selecao-e-diz-como-superou-momentos-de-baixa-no-flamengo\/#primaryimage"},"thumbnailUrl":"https:\/\/www.gaveanews.com\/wp-content\/uploads\/Pedro-durante-o-treinamento-do-Brasil.webp","articleSection":["Flamengo"],"inLanguage":"pt-BR","potentialAction":[{"@type":"CommentAction","name":"Comment","target":["https:\/\/www.gaveanews.com\/index.php\/2022\/09\/21\/pedro-celebra-retorno-a-selecao-e-diz-como-superou-momentos-de-baixa-no-flamengo\/#respond"]}],"copyrightYear":"2022","copyrightHolder":{"@id":"https:\/\/www.gaveanews.com\/#organization"}},{"@type":"WebPage","@id":"https:\/\/www.gaveanews.com\/index.php\/2022\/09\/21\/pedro-celebra-retorno-a-selecao-e-diz-como-superou-momentos-de-baixa-no-flamengo\/","url":"https:\/\/www.gaveanews.com\/index.php\/2022\/09\/21\/pedro-celebra-retorno-a-selecao-e-diz-como-superou-momentos-de-baixa-no-flamengo\/","name":"Pedro celebra retorno \u00e0 Sele\u00e7\u00e3o e diz como superou momentos de baixa no Flamengo","isPartOf":{"@id":"https:\/\/www.gaveanews.com\/#website"},"primaryImageOfPage":{"@id":"https:\/\/www.gaveanews.com\/index.php\/2022\/09\/21\/pedro-celebra-retorno-a-selecao-e-diz-como-superou-momentos-de-baixa-no-flamengo\/#primaryimage"},"image":{"@id":"https:\/\/www.gaveanews.com\/index.php\/2022\/09\/21\/pedro-celebra-retorno-a-selecao-e-diz-como-superou-momentos-de-baixa-no-flamengo\/#primaryimage"},"thumbnailUrl":"https:\/\/www.gaveanews.com\/wp-content\/uploads\/Pedro-durante-o-treinamento-do-Brasil.webp","datePublished":"2022-09-21T04:47:47+00:00","dateModified":"2022-09-21T04:47:49+00:00","author":{"@id":"https:\/\/www.gaveanews.com\/#\/schema\/person\/2ec14f73fb96be2caf28f91afb14749d"},"breadcrumb":{"@id":"https:\/\/www.gaveanews.com\/index.php\/2022\/09\/21\/pedro-celebra-retorno-a-selecao-e-diz-como-superou-momentos-de-baixa-no-flamengo\/#breadcrumb"},"inLanguage":"pt-BR","potentialAction":[{"@type":"ReadAction","target":["https:\/\/www.gaveanews.com\/index.php\/2022\/09\/21\/pedro-celebra-retorno-a-selecao-e-diz-como-superou-momentos-de-baixa-no-flamengo\/"]}]},{"@type":"ImageObject","inLanguage":"pt-BR","@id":"https:\/\/www.gaveanews.com\/index.php\/2022\/09\/21\/pedro-celebra-retorno-a-selecao-e-diz-como-superou-momentos-de-baixa-no-flamengo\/#primaryimage","url":"https:\/\/www.gaveanews.com\/wp-content\/uploads\/Pedro-durante-o-treinamento-do-Brasil.webp","contentUrl":"https:\/\/www.gaveanews.com\/wp-content\/uploads\/Pedro-durante-o-treinamento-do-Brasil.webp","width":984,"height":656,"caption":"Pedro durante o treinamento do Brasil (Foto: Aleksandar Djorovic\/CBF)"},{"@type":"BreadcrumbList","@id":"https:\/\/www.gaveanews.com\/index.php\/2022\/09\/21\/pedro-celebra-retorno-a-selecao-e-diz-como-superou-momentos-de-baixa-no-flamengo\/#breadcrumb","itemListElement":[{"@type":"ListItem","position":1,"name":"Home","item":"https:\/\/www.gaveanews.com\/"},{"@type":"ListItem","position":2,"name":"Pedro celebra retorno \u00e0 Sele\u00e7\u00e3o e diz como superou momentos de baixa no Flamengo"}]},{"@type":"WebSite","@id":"https:\/\/www.gaveanews.com\/#website","url":"https:\/\/www.gaveanews.com\/","name":"G\u00e1vea News","description":"Veja todas as not\u00edcias sobre o Flamengo: Contrata\u00e7\u00f5es, categorias de base, resultados das partidas, tabela de classifica\u00e7\u00e3o, pr\u00f3ximos jogos!","potentialAction":[{"@type":"SearchAction","target":{"@type":"EntryPoint","urlTemplate":"https:\/\/www.gaveanews.com\/?s={search_term_string}"},"query-input":{"@type":"PropertyValueSpecification","valueRequired":true,"valueName":"search_term_string"}}],"inLanguage":"pt-BR"},{"@type":"Person","@id":"https:\/\/www.gaveanews.com\/#\/schema\/person\/2ec14f73fb96be2caf28f91afb14749d","name":"Equipe G\u00e1vea News","image":{"@type":"ImageObject","inLanguage":"pt-BR","@id":"https:\/\/www.gaveanews.com\/#\/schema\/person\/image\/","url":"https:\/\/secure.gravatar.com\/avatar\/1e1956f1facbffd3f8fa53a326721950116b3b9dc9bd44939c01180fd4a745a9?s=96&d=mm&r=g","contentUrl":"https:\/\/secure.gravatar.com\/avatar\/1e1956f1facbffd3f8fa53a326721950116b3b9dc9bd44939c01180fd4a745a9?s=96&d=mm&r=g","caption":"Equipe G\u00e1vea News"}}]}},"_links":{"self":[{"href":"https:\/\/www.gaveanews.com\/index.php\/wp-json\/wp\/v2\/posts\/87805","targetHints":{"allow":["GET"]}}],"collection":[{"href":"https:\/\/www.gaveanews.com\/index.php\/wp-json\/wp\/v2\/posts"}],"about":[{"href":"https:\/\/www.gaveanews.com\/index.php\/wp-json\/wp\/v2\/types\/post"}],"author":[{"embeddable":true,"href":"https:\/\/www.gaveanews.com\/index.php\/wp-json\/wp\/v2\/users\/1"}],"replies":[{"embeddable":true,"href":"https:\/\/www.gaveanews.com\/index.php\/wp-json\/wp\/v2\/comments?post=87805"}],"version-history":[{"count":0,"href":"https:\/\/www.gaveanews.com\/index.php\/wp-json\/wp\/v2\/posts\/87805\/revisions"}],"wp:featuredmedia":[{"embeddable":true,"href":"https:\/\/www.gaveanews.com\/index.php\/wp-json\/wp\/v2\/media\/62470"}],"wp:attachment":[{"href":"https:\/\/www.gaveanews.com\/index.php\/wp-json\/wp\/v2\/media?parent=87805"}],"wp:term":[{"taxonomy":"category","embeddable":true,"href":"https:\/\/www.gaveanews.com\/index.php\/wp-json\/wp\/v2\/categories?post=87805"},{"taxonomy":"post_tag","embeddable":true,"href":"https:\/\/www.gaveanews.com\/index.php\/wp-json\/wp\/v2\/tags?post=87805"}],"curies":[{"name":"wp","href":"https:\/\/api.w.org\/{rel}","templated":true}]}}