{"id":87836,"date":"2022-09-22T00:36:44","date_gmt":"2022-09-22T03:36:44","guid":{"rendered":"https:\/\/www.gaveanews.com\/?p=87836"},"modified":"2022-09-22T00:36:47","modified_gmt":"2022-09-22T03:36:47","slug":"enquete-por-42-milhoes-de-euros-voce-venderia-joao-gomes-ao-real-madrid","status":"publish","type":"post","link":"https:\/\/www.gaveanews.com\/index.php\/2022\/09\/22\/enquete-por-42-milhoes-de-euros-voce-venderia-joao-gomes-ao-real-madrid\/","title":{"rendered":"Enquete: por 42 milh\u00f5es de euros, voc\u00ea venderia Jo\u00e3o Gomes ao Real Madrid?"},"content":{"rendered":"\n<p>Em alta no futebol europeu, Jo\u00e3o Gomes est\u00e1 atraindo olhares de parte dos clubes mais expressivos do mundo. Al\u00e9m de <a href=\"https:\/\/www.gaveanews.com\/index.php\/2022\/09\/20\/declaracao-de-joao-gomes-do-flamengo-ganha-destaque-na-inglaterra\/\">grandes nomes da Inglaterra,<\/a> um time em especial ganhou for\u00e7a entre os interessados na joia da base rubro-negra.<\/p>\n\n\n\n<p>Ap\u00f3s contratar destaques da base do Flamengo nos \u00faltimos anos, o Real Madrid demonstrou interesse em adquirir o jovem de 21 anos. O clube espanhol se despediu recentemente de sua refer\u00eancia no meio-campo, Casemiro &#8211; que rumou ao Manchester United -, e procura por op\u00e7\u00f5es no mercado para refor\u00e7ar seu elenco.<\/p>\n\n\n\n<p>De acordo com a m\u00eddia espanhola, a ideia do Real Madrid \u00e9 de pagar cerca de 42 milh\u00f5es de euros (pouco mais de R$ 214 milh\u00f5es na cota\u00e7\u00e3o atual) na compra do volante. O valor divide opini\u00f5es entre os torcedores do Flamengo.<\/p>\n\n\n\n<p>Por um lado, alguns acham que o valor \u00e9 bastante alto e est\u00e1 de bom tamanho levando em conta que o atleta ainda tem t\u00e9cnicas a aprimorar. Em contrapartida, uma outra parcela entende que o jogador est\u00e1 em um n\u00edvel superior ao valor mencionado e deveria ser negociado por um montante mais expressivo.<\/p>\n\n\n\n<p>Sabendo das ideias diversas dos flamenguistas sobre o tema, o <a href=\"http:\/\/gaveanews.com\">G\u00e1vea News<\/a> gostaria saber sua opini\u00e3o. Vote na enquete e explique sua vis\u00e3o em rela\u00e7\u00e3o ao assunto nos coment\u00e1rios abaixo!<\/p>\n\n\n\n<figure class=\"wp-block-embed is-type-rich is-provider-twitter wp-block-embed-twitter\"><div class=\"wp-block-embed__wrapper\">\n<blockquote class=\"twitter-tweet\" data-width=\"550\" data-dnt=\"true\"><p lang=\"pt\" dir=\"ltr\">Por 42 milh\u00f5es de euros, voc\u00ea venderia Jo\u00e3o Gomes ao Real Madrid?<\/p>&mdash; G\u00e1vea News (@GaveaNews_) <a href=\"https:\/\/twitter.com\/GaveaNews_\/status\/1572791895859806208?ref_src=twsrc%5Etfw\">September 22, 2022<\/a><\/blockquote><script async src=\"https:\/\/platform.twitter.com\/widgets.js\" charset=\"utf-8\"><\/script>\n<\/div><\/figure>\n","protected":false},"excerpt":{"rendered":"<p>Em alta no futebol europeu, Jo\u00e3o Gomes est\u00e1 atraindo olhares de parte dos clubes mais expressivos do mundo. Al\u00e9m de grandes nomes da Inglaterra, um time em especial ganhou for\u00e7a entre os interessados na joia da base rubro-negra. Ap\u00f3s contratar destaques da base do Flamengo nos \u00faltimos anos, o Real Madrid demonstrou interesse em adquirir [&hellip;]<\/p>\n","protected":false},"author":4,"featured_media":86400,"comment_status":"open","ping_status":"closed","sticky":false,"template":"","format":"standard","meta":{"footnotes":""},"categories":[47],"tags":[],"class_list":["post-87836","post","type-post","status-publish","format-standard","has-post-thumbnail","hentry","category-destaques"],"yoast_head":"<!-- This site is optimized with the Yoast SEO Premium plugin v24.2 (Yoast SEO v26.9) - https:\/\/yoast.com\/product\/yoast-seo-premium-wordpress\/ -->\n<title>Enquete: por 42 milh\u00f5es de euros, voc\u00ea venderia Jo\u00e3o Gomes ao Real Madrid?<\/title>\n<meta name=\"robots\" content=\"index, follow, max-snippet:-1, max-image-preview:large, max-video-preview:-1\" \/>\n<link rel=\"canonical\" href=\"https:\/\/www.gaveanews.com\/index.php\/2022\/09\/22\/enquete-por-42-milhoes-de-euros-voce-venderia-joao-gomes-ao-real-madrid\/\" \/>\n<meta property=\"og:locale\" content=\"pt_BR\" \/>\n<meta property=\"og:type\" content=\"article\" \/>\n<meta property=\"og:title\" content=\"Enquete: por 42 milh\u00f5es de euros, voc\u00ea venderia Jo\u00e3o Gomes ao Real Madrid?\" \/>\n<meta property=\"og:description\" content=\"Em alta no futebol europeu, Jo\u00e3o Gomes est\u00e1 atraindo olhares de parte dos clubes mais expressivos do mundo. Al\u00e9m de grandes nomes da Inglaterra, um time em especial ganhou for\u00e7a entre os interessados na joia da base rubro-negra. Ap\u00f3s contratar destaques da base do Flamengo nos \u00faltimos anos, o Real Madrid demonstrou interesse em adquirir [&hellip;]\" \/>\n<meta property=\"og:url\" content=\"https:\/\/www.gaveanews.com\/index.php\/2022\/09\/22\/enquete-por-42-milhoes-de-euros-voce-venderia-joao-gomes-ao-real-madrid\/\" \/>\n<meta property=\"og:site_name\" content=\"G\u00e1vea News\" \/>\n<meta property=\"article:publisher\" content=\"https:\/\/facebook.com\/gaveaNews\/\" \/>\n<meta property=\"article:published_time\" content=\"2022-09-22T03:36:44+00:00\" \/>\n<meta property=\"article:modified_time\" content=\"2022-09-22T03:36:47+00:00\" \/>\n<meta property=\"og:image\" content=\"https:\/\/www.gaveanews.com\/wp-content\/uploads\/Joao-Gomes-comemora-gol-marcado-pelo-Flamengo-sobre-o-Sao-Paulo.webp\" \/>\n\t<meta property=\"og:image:width\" content=\"800\" \/>\n\t<meta property=\"og:image:height\" content=\"533\" \/>\n\t<meta property=\"og:image:type\" content=\"image\/jpeg\" \/>\n<meta name=\"author\" content=\"Let\u00edcia Gerheim\" \/>\n<meta name=\"twitter:card\" content=\"summary_large_image\" \/>\n<meta name=\"twitter:label1\" content=\"Escrito por\" \/>\n\t<meta name=\"twitter:data1\" content=\"Let\u00edcia Gerheim\" \/>\n\t<meta name=\"twitter:label2\" content=\"Est. tempo de leitura\" \/>\n\t<meta name=\"twitter:data2\" content=\"2 minutos\" \/>\n<script type=\"application\/ld+json\" class=\"yoast-schema-graph\">{\"@context\":\"https:\/\/schema.org\",\"@graph\":[{\"@type\":\"NewsArticle\",\"@id\":\"https:\/\/www.gaveanews.com\/index.php\/2022\/09\/22\/enquete-por-42-milhoes-de-euros-voce-venderia-joao-gomes-ao-real-madrid\/#article\",\"isPartOf\":{\"@id\":\"https:\/\/www.gaveanews.com\/index.php\/2022\/09\/22\/enquete-por-42-milhoes-de-euros-voce-venderia-joao-gomes-ao-real-madrid\/\"},\"author\":{\"name\":\"Let\u00edcia Gerheim\",\"@id\":\"https:\/\/www.gaveanews.com\/#\/schema\/person\/714c67050b836198af2450ba1c142a67\"},\"headline\":\"Enquete: por 42 milh\u00f5es de euros, voc\u00ea venderia Jo\u00e3o Gomes ao Real Madrid?\",\"datePublished\":\"2022-09-22T03:36:44+00:00\",\"dateModified\":\"2022-09-22T03:36:47+00:00\",\"mainEntityOfPage\":{\"@id\":\"https:\/\/www.gaveanews.com\/index.php\/2022\/09\/22\/enquete-por-42-milhoes-de-euros-voce-venderia-joao-gomes-ao-real-madrid\/\"},\"wordCount\":247,\"commentCount\":0,\"image\":{\"@id\":\"https:\/\/www.gaveanews.com\/index.php\/2022\/09\/22\/enquete-por-42-milhoes-de-euros-voce-venderia-joao-gomes-ao-real-madrid\/#primaryimage\"},\"thumbnailUrl\":\"https:\/\/www.gaveanews.com\/wp-content\/uploads\/Joao-Gomes-comemora-gol-marcado-pelo-Flamengo-sobre-o-Sao-Paulo.webp\",\"articleSection\":[\"Destaques\"],\"inLanguage\":\"pt-BR\",\"potentialAction\":[{\"@type\":\"CommentAction\",\"name\":\"Comment\",\"target\":[\"https:\/\/www.gaveanews.com\/index.php\/2022\/09\/22\/enquete-por-42-milhoes-de-euros-voce-venderia-joao-gomes-ao-real-madrid\/#respond\"]}],\"copyrightYear\":\"2022\",\"copyrightHolder\":{\"@id\":\"https:\/\/www.gaveanews.com\/#organization\"}},{\"@type\":\"WebPage\",\"@id\":\"https:\/\/www.gaveanews.com\/index.php\/2022\/09\/22\/enquete-por-42-milhoes-de-euros-voce-venderia-joao-gomes-ao-real-madrid\/\",\"url\":\"https:\/\/www.gaveanews.com\/index.php\/2022\/09\/22\/enquete-por-42-milhoes-de-euros-voce-venderia-joao-gomes-ao-real-madrid\/\",\"name\":\"Enquete: por 42 milh\u00f5es de euros, voc\u00ea venderia Jo\u00e3o Gomes ao Real Madrid?\",\"isPartOf\":{\"@id\":\"https:\/\/www.gaveanews.com\/#website\"},\"primaryImageOfPage\":{\"@id\":\"https:\/\/www.gaveanews.com\/index.php\/2022\/09\/22\/enquete-por-42-milhoes-de-euros-voce-venderia-joao-gomes-ao-real-madrid\/#primaryimage\"},\"image\":{\"@id\":\"https:\/\/www.gaveanews.com\/index.php\/2022\/09\/22\/enquete-por-42-milhoes-de-euros-voce-venderia-joao-gomes-ao-real-madrid\/#primaryimage\"},\"thumbnailUrl\":\"https:\/\/www.gaveanews.com\/wp-content\/uploads\/Joao-Gomes-comemora-gol-marcado-pelo-Flamengo-sobre-o-Sao-Paulo.webp\",\"datePublished\":\"2022-09-22T03:36:44+00:00\",\"dateModified\":\"2022-09-22T03:36:47+00:00\",\"author\":{\"@id\":\"https:\/\/www.gaveanews.com\/#\/schema\/person\/714c67050b836198af2450ba1c142a67\"},\"breadcrumb\":{\"@id\":\"https:\/\/www.gaveanews.com\/index.php\/2022\/09\/22\/enquete-por-42-milhoes-de-euros-voce-venderia-joao-gomes-ao-real-madrid\/#breadcrumb\"},\"inLanguage\":\"pt-BR\",\"potentialAction\":[{\"@type\":\"ReadAction\",\"target\":[\"https:\/\/www.gaveanews.com\/index.php\/2022\/09\/22\/enquete-por-42-milhoes-de-euros-voce-venderia-joao-gomes-ao-real-madrid\/\"]}]},{\"@type\":\"ImageObject\",\"inLanguage\":\"pt-BR\",\"@id\":\"https:\/\/www.gaveanews.com\/index.php\/2022\/09\/22\/enquete-por-42-milhoes-de-euros-voce-venderia-joao-gomes-ao-real-madrid\/#primaryimage\",\"url\":\"https:\/\/www.gaveanews.com\/wp-content\/uploads\/Joao-Gomes-comemora-gol-marcado-pelo-Flamengo-sobre-o-Sao-Paulo.webp\",\"contentUrl\":\"https:\/\/www.gaveanews.com\/wp-content\/uploads\/Joao-Gomes-comemora-gol-marcado-pelo-Flamengo-sobre-o-Sao-Paulo.webp\",\"width\":800,\"height\":533,\"caption\":\"Jo\u00e3o Gomes comemora gol marcado pelo Flamengo sobre o S\u00e3o Paulo (Foto: Marcelo Cortes \/ Flamengo)\"},{\"@type\":\"BreadcrumbList\",\"@id\":\"https:\/\/www.gaveanews.com\/index.php\/2022\/09\/22\/enquete-por-42-milhoes-de-euros-voce-venderia-joao-gomes-ao-real-madrid\/#breadcrumb\",\"itemListElement\":[{\"@type\":\"ListItem\",\"position\":1,\"name\":\"Home\",\"item\":\"https:\/\/www.gaveanews.com\/\"},{\"@type\":\"ListItem\",\"position\":2,\"name\":\"Enquete: por 42 milh\u00f5es de euros, voc\u00ea venderia Jo\u00e3o Gomes ao Real Madrid?\"}]},{\"@type\":\"WebSite\",\"@id\":\"https:\/\/www.gaveanews.com\/#website\",\"url\":\"https:\/\/www.gaveanews.com\/\",\"name\":\"G\u00e1vea News\",\"description\":\"Veja todas as not\u00edcias sobre o Flamengo: Contrata\u00e7\u00f5es, categorias de base, resultados das partidas, tabela de classifica\u00e7\u00e3o, pr\u00f3ximos jogos!\",\"potentialAction\":[{\"@type\":\"SearchAction\",\"target\":{\"@type\":\"EntryPoint\",\"urlTemplate\":\"https:\/\/www.gaveanews.com\/?s={search_term_string}\"},\"query-input\":{\"@type\":\"PropertyValueSpecification\",\"valueRequired\":true,\"valueName\":\"search_term_string\"}}],\"inLanguage\":\"pt-BR\"},{\"@type\":\"Person\",\"@id\":\"https:\/\/www.gaveanews.com\/#\/schema\/person\/714c67050b836198af2450ba1c142a67\",\"name\":\"Let\u00edcia Gerheim\",\"image\":{\"@type\":\"ImageObject\",\"inLanguage\":\"pt-BR\",\"@id\":\"https:\/\/www.gaveanews.com\/#\/schema\/person\/image\/\",\"url\":\"https:\/\/secure.gravatar.com\/avatar\/60734739c50fcebfbac509e2a826ccd0ff405c019bc73aab9354f19ecad1dcb4?s=96&d=mm&r=g\",\"contentUrl\":\"https:\/\/secure.gravatar.com\/avatar\/60734739c50fcebfbac509e2a826ccd0ff405c019bc73aab9354f19ecad1dcb4?s=96&d=mm&r=g\",\"caption\":\"Let\u00edcia Gerheim\"}}]}<\/script>\n<!-- \/ Yoast SEO Premium plugin. -->","yoast_head_json":{"title":"Enquete: por 42 milh\u00f5es de euros, voc\u00ea venderia Jo\u00e3o Gomes ao Real Madrid?","robots":{"index":"index","follow":"follow","max-snippet":"max-snippet:-1","max-image-preview":"max-image-preview:large","max-video-preview":"max-video-preview:-1"},"canonical":"https:\/\/www.gaveanews.com\/index.php\/2022\/09\/22\/enquete-por-42-milhoes-de-euros-voce-venderia-joao-gomes-ao-real-madrid\/","og_locale":"pt_BR","og_type":"article","og_title":"Enquete: por 42 milh\u00f5es de euros, voc\u00ea venderia Jo\u00e3o Gomes ao Real Madrid?","og_description":"Em alta no futebol europeu, Jo\u00e3o Gomes est\u00e1 atraindo olhares de parte dos clubes mais expressivos do mundo. Al\u00e9m de grandes nomes da Inglaterra, um time em especial ganhou for\u00e7a entre os interessados na joia da base rubro-negra. Ap\u00f3s contratar destaques da base do Flamengo nos \u00faltimos anos, o Real Madrid demonstrou interesse em adquirir [&hellip;]","og_url":"https:\/\/www.gaveanews.com\/index.php\/2022\/09\/22\/enquete-por-42-milhoes-de-euros-voce-venderia-joao-gomes-ao-real-madrid\/","og_site_name":"G\u00e1vea News","article_publisher":"https:\/\/facebook.com\/gaveaNews\/","article_published_time":"2022-09-22T03:36:44+00:00","article_modified_time":"2022-09-22T03:36:47+00:00","og_image":[{"width":800,"height":533,"url":"https:\/\/www.gaveanews.com\/wp-content\/uploads\/Joao-Gomes-comemora-gol-marcado-pelo-Flamengo-sobre-o-Sao-Paulo.webp","type":"image\/jpeg"}],"author":"Let\u00edcia Gerheim","twitter_card":"summary_large_image","twitter_misc":{"Escrito por":"Let\u00edcia Gerheim","Est. tempo de leitura":"2 minutos"},"schema":{"@context":"https:\/\/schema.org","@graph":[{"@type":"NewsArticle","@id":"https:\/\/www.gaveanews.com\/index.php\/2022\/09\/22\/enquete-por-42-milhoes-de-euros-voce-venderia-joao-gomes-ao-real-madrid\/#article","isPartOf":{"@id":"https:\/\/www.gaveanews.com\/index.php\/2022\/09\/22\/enquete-por-42-milhoes-de-euros-voce-venderia-joao-gomes-ao-real-madrid\/"},"author":{"name":"Let\u00edcia Gerheim","@id":"https:\/\/www.gaveanews.com\/#\/schema\/person\/714c67050b836198af2450ba1c142a67"},"headline":"Enquete: por 42 milh\u00f5es de euros, voc\u00ea venderia Jo\u00e3o Gomes ao Real Madrid?","datePublished":"2022-09-22T03:36:44+00:00","dateModified":"2022-09-22T03:36:47+00:00","mainEntityOfPage":{"@id":"https:\/\/www.gaveanews.com\/index.php\/2022\/09\/22\/enquete-por-42-milhoes-de-euros-voce-venderia-joao-gomes-ao-real-madrid\/"},"wordCount":247,"commentCount":0,"image":{"@id":"https:\/\/www.gaveanews.com\/index.php\/2022\/09\/22\/enquete-por-42-milhoes-de-euros-voce-venderia-joao-gomes-ao-real-madrid\/#primaryimage"},"thumbnailUrl":"https:\/\/www.gaveanews.com\/wp-content\/uploads\/Joao-Gomes-comemora-gol-marcado-pelo-Flamengo-sobre-o-Sao-Paulo.webp","articleSection":["Destaques"],"inLanguage":"pt-BR","potentialAction":[{"@type":"CommentAction","name":"Comment","target":["https:\/\/www.gaveanews.com\/index.php\/2022\/09\/22\/enquete-por-42-milhoes-de-euros-voce-venderia-joao-gomes-ao-real-madrid\/#respond"]}],"copyrightYear":"2022","copyrightHolder":{"@id":"https:\/\/www.gaveanews.com\/#organization"}},{"@type":"WebPage","@id":"https:\/\/www.gaveanews.com\/index.php\/2022\/09\/22\/enquete-por-42-milhoes-de-euros-voce-venderia-joao-gomes-ao-real-madrid\/","url":"https:\/\/www.gaveanews.com\/index.php\/2022\/09\/22\/enquete-por-42-milhoes-de-euros-voce-venderia-joao-gomes-ao-real-madrid\/","name":"Enquete: por 42 milh\u00f5es de euros, voc\u00ea venderia Jo\u00e3o Gomes ao Real Madrid?","isPartOf":{"@id":"https:\/\/www.gaveanews.com\/#website"},"primaryImageOfPage":{"@id":"https:\/\/www.gaveanews.com\/index.php\/2022\/09\/22\/enquete-por-42-milhoes-de-euros-voce-venderia-joao-gomes-ao-real-madrid\/#primaryimage"},"image":{"@id":"https:\/\/www.gaveanews.com\/index.php\/2022\/09\/22\/enquete-por-42-milhoes-de-euros-voce-venderia-joao-gomes-ao-real-madrid\/#primaryimage"},"thumbnailUrl":"https:\/\/www.gaveanews.com\/wp-content\/uploads\/Joao-Gomes-comemora-gol-marcado-pelo-Flamengo-sobre-o-Sao-Paulo.webp","datePublished":"2022-09-22T03:36:44+00:00","dateModified":"2022-09-22T03:36:47+00:00","author":{"@id":"https:\/\/www.gaveanews.com\/#\/schema\/person\/714c67050b836198af2450ba1c142a67"},"breadcrumb":{"@id":"https:\/\/www.gaveanews.com\/index.php\/2022\/09\/22\/enquete-por-42-milhoes-de-euros-voce-venderia-joao-gomes-ao-real-madrid\/#breadcrumb"},"inLanguage":"pt-BR","potentialAction":[{"@type":"ReadAction","target":["https:\/\/www.gaveanews.com\/index.php\/2022\/09\/22\/enquete-por-42-milhoes-de-euros-voce-venderia-joao-gomes-ao-real-madrid\/"]}]},{"@type":"ImageObject","inLanguage":"pt-BR","@id":"https:\/\/www.gaveanews.com\/index.php\/2022\/09\/22\/enquete-por-42-milhoes-de-euros-voce-venderia-joao-gomes-ao-real-madrid\/#primaryimage","url":"https:\/\/www.gaveanews.com\/wp-content\/uploads\/Joao-Gomes-comemora-gol-marcado-pelo-Flamengo-sobre-o-Sao-Paulo.webp","contentUrl":"https:\/\/www.gaveanews.com\/wp-content\/uploads\/Joao-Gomes-comemora-gol-marcado-pelo-Flamengo-sobre-o-Sao-Paulo.webp","width":800,"height":533,"caption":"Jo\u00e3o Gomes comemora gol marcado pelo Flamengo sobre o S\u00e3o Paulo (Foto: Marcelo Cortes \/ Flamengo)"},{"@type":"BreadcrumbList","@id":"https:\/\/www.gaveanews.com\/index.php\/2022\/09\/22\/enquete-por-42-milhoes-de-euros-voce-venderia-joao-gomes-ao-real-madrid\/#breadcrumb","itemListElement":[{"@type":"ListItem","position":1,"name":"Home","item":"https:\/\/www.gaveanews.com\/"},{"@type":"ListItem","position":2,"name":"Enquete: por 42 milh\u00f5es de euros, voc\u00ea venderia Jo\u00e3o Gomes ao Real Madrid?"}]},{"@type":"WebSite","@id":"https:\/\/www.gaveanews.com\/#website","url":"https:\/\/www.gaveanews.com\/","name":"G\u00e1vea News","description":"Veja todas as not\u00edcias sobre o Flamengo: Contrata\u00e7\u00f5es, categorias de base, resultados das partidas, tabela de classifica\u00e7\u00e3o, pr\u00f3ximos jogos!","potentialAction":[{"@type":"SearchAction","target":{"@type":"EntryPoint","urlTemplate":"https:\/\/www.gaveanews.com\/?s={search_term_string}"},"query-input":{"@type":"PropertyValueSpecification","valueRequired":true,"valueName":"search_term_string"}}],"inLanguage":"pt-BR"},{"@type":"Person","@id":"https:\/\/www.gaveanews.com\/#\/schema\/person\/714c67050b836198af2450ba1c142a67","name":"Let\u00edcia Gerheim","image":{"@type":"ImageObject","inLanguage":"pt-BR","@id":"https:\/\/www.gaveanews.com\/#\/schema\/person\/image\/","url":"https:\/\/secure.gravatar.com\/avatar\/60734739c50fcebfbac509e2a826ccd0ff405c019bc73aab9354f19ecad1dcb4?s=96&d=mm&r=g","contentUrl":"https:\/\/secure.gravatar.com\/avatar\/60734739c50fcebfbac509e2a826ccd0ff405c019bc73aab9354f19ecad1dcb4?s=96&d=mm&r=g","caption":"Let\u00edcia Gerheim"}}]}},"_links":{"self":[{"href":"https:\/\/www.gaveanews.com\/index.php\/wp-json\/wp\/v2\/posts\/87836","targetHints":{"allow":["GET"]}}],"collection":[{"href":"https:\/\/www.gaveanews.com\/index.php\/wp-json\/wp\/v2\/posts"}],"about":[{"href":"https:\/\/www.gaveanews.com\/index.php\/wp-json\/wp\/v2\/types\/post"}],"author":[{"embeddable":true,"href":"https:\/\/www.gaveanews.com\/index.php\/wp-json\/wp\/v2\/users\/4"}],"replies":[{"embeddable":true,"href":"https:\/\/www.gaveanews.com\/index.php\/wp-json\/wp\/v2\/comments?post=87836"}],"version-history":[{"count":0,"href":"https:\/\/www.gaveanews.com\/index.php\/wp-json\/wp\/v2\/posts\/87836\/revisions"}],"wp:featuredmedia":[{"embeddable":true,"href":"https:\/\/www.gaveanews.com\/index.php\/wp-json\/wp\/v2\/media\/86400"}],"wp:attachment":[{"href":"https:\/\/www.gaveanews.com\/index.php\/wp-json\/wp\/v2\/media?parent=87836"}],"wp:term":[{"taxonomy":"category","embeddable":true,"href":"https:\/\/www.gaveanews.com\/index.php\/wp-json\/wp\/v2\/categories?post=87836"},{"taxonomy":"post_tag","embeddable":true,"href":"https:\/\/www.gaveanews.com\/index.php\/wp-json\/wp\/v2\/tags?post=87836"}],"curies":[{"name":"wp","href":"https:\/\/api.w.org\/{rel}","templated":true}]}}