{"id":87937,"date":"2022-09-22T18:10:00","date_gmt":"2022-09-22T21:10:00","guid":{"rendered":"https:\/\/www.gaveanews.com\/?p=87937"},"modified":"2022-09-22T16:30:27","modified_gmt":"2022-09-22T19:30:27","slug":"estilo-de-vida-e-resenha-ajudaram-arturo-vidal-a-se-adaptar-ao-flamengo","status":"publish","type":"post","link":"https:\/\/www.gaveanews.com\/index.php\/2022\/09\/22\/estilo-de-vida-e-resenha-ajudaram-arturo-vidal-a-se-adaptar-ao-flamengo\/","title":{"rendered":"Estilo de vida e resenha ajudaram Arturo Vidal a se adaptar ao Flamengo"},"content":{"rendered":"\n<p>&#8220;O Vidal \u00e9 a cara do Flamengo, \u00e9 a cara do Rio de Janeiro.&#8221; Mesmo quando o chileno e o clube ainda &#8220;namoravam&#8221; \u00e0 dist\u00e2ncia, a opini\u00e3o j\u00e1 era praticamente un\u00e2nime na Cidade Maravilhosa de que o jogador iria se adaptar e se apaixonar rapidamente pelo Rubro-Negro e pela cidade. Passados dois meses desde sua chegada, o volante tem cumprido as previs\u00f5es e, dentro e fora de campo, j\u00e1 se sente em casa no Brasil.<\/p>\n\n\n\n<p>Conhecido mundialmente pelos clubes poderosos pelos quais passou e pelo estilo exc\u00eantrico, o ex-atleta de Bayern de Munique, Barcelona, Juventus, Inter de Mil\u00e3o, entre outros, j\u00e1 \u00e9 uma figura querida no vesti\u00e1rio flamenguista. Diferentemente da grande maioria dos estrangeiros que chegam ao pa\u00eds mais t\u00edmidos e demoram a se soltar, Arturo Vidal \u00e9 &#8220;da resenha&#8221;, como costumam dizer os boleiros.<\/p>\n\n\n\n<p>T\u00e3o logo desembarcou no Ninho do Urubu, tornou-se muito pr\u00f3ximo do uruguaio Arrascaeta, at\u00e9 pela facilidade da l\u00edngua. Nas viagens, costumam sentar lado a lado. J\u00e1 o lateral direito Rodinei ficou sob suas asas e ganhou o apelido de &#8220;avi\u00f3n&#8221; pelo seu estilo de jogo de muita pot\u00eancia f\u00edsica. Os mais veteranos tamb\u00e9m o adoram, casos de David Luiz e Filipe Luis.<br>Gabigol, que possui uma personalidade forte, fez quest\u00e3o de abra\u00e7\u00e1-lo logo em sua chegada, convidando-o para uma festa em sua casa onde outros jogadores do elenco marcaram presen\u00e7a.<\/p>\n\n\n\n<p>Nos jogos, Vidal costuma orientar os mais novos e, quando est\u00e1 no banco de reservas, mostra-se sempre en\u00e9rgico, alertando os companheiros em campo e sendo quase um auxiliar do t\u00e9cnico Dorival J\u00fanior.<\/p>\n\n\n\n<p>Mesmo ainda n\u00e3o sendo considerado titular absoluto, apesar das boas atua\u00e7\u00f5es, Vidal est\u00e1 feliz vivendo o seu t\u00e3o almejado sonho de vestir a camisa rubro-negra, algo desejado h\u00e1 tempos.<\/p>\n\n\n\n<p>&#8220;O Vidal \u00e9 da resenha. O pessoal gostou dele rapidamente pelo perfil agregador que tem. J\u00e1 \u00e9 uma das principais lideran\u00e7as do grupo&#8221;, disse ao UOL Esporte um funcion\u00e1rio do Flamengo.<\/p>\n\n\n\n<h2 class=\"wp-block-heading\" id=\"h-mora-na-ex-casa-de-isla-e-distribui-camisas-aos-fas\">Mora na ex-casa de Isla e distribui camisas aos f\u00e3s<\/h2>\n\n\n\n<p>Vidal, como a maioria dos jogadores de futebol que atuam no Rio de Janeiro, escolheu o bairro da Barra da Tijuca, na Zona Oeste (RJ), como local de moradia. O apartamento onde vive \u00e9 o mesmo onde morava seu compatriota e companheiro de sele\u00e7\u00e3o chilena, Isla, hoje na Universidad Cat\u00f3lica (CHI).<\/p>\n\n\n\n<p>\u00c9 da confort\u00e1vel cobertura em frente ao mar que ele desfruta de seus momentos de lazer ao lado da esposa, a colombiana Sonia Isaza. Considerado um cara &#8220;do pov\u00e3o&#8221;, ele tamb\u00e9m bate ponto no cal\u00e7ad\u00e3o aos fins de tarde para uma caminhada, uma \u00e1gua de coco ou simplesmente para admirar o vaiv\u00e9m das ondas.<\/p>\n\n\n\n<p>Funcion\u00e1rios do quiosque &#8220;Rei do Mar&#8221;, que fica em frente ao seu condom\u00ednio, dizem que Vidal \u00e9 sempre muito sol\u00edcito com os f\u00e3s, e n\u00e3o se furta em recompens\u00e1-los.<\/p>\n\n\n\n<p>&#8220;Ele autografa direto umas camisas e joga da varanda para a galera aqui embaixo [risos]&#8221;, diz o gar\u00e7om Marcos J\u00fanior, funcion\u00e1rio do estabelecimento.<\/p>\n\n\n\n<p>Ao lado funciona o quiosque &#8220;Bar do Mico&#8221; que, por ironia do destino, possui uma bandeira do Chile junto com uma do Brasil. Apesar da grande coincid\u00eancia e disso ter despertado sua curiosidade, ela n\u00e3o foi colocada para homenage\u00e1-lo. O motivo \u00e9 que a dona do empreendimento \u00e9 chilena.<\/p>\n\n\n\n<p>&#8220;Uma vez ele veio aqui e perguntou sobre a bandeira do Chile, e a gente explicou que a dona \u00e9 chilena. Ele adorou&#8221;, revela o gar\u00e7om Leonardo Santos.<\/p>\n\n\n\n<p>Quando o UOL Esporte esteve no local ontem, havia um torcedor do Flamengo vestido com a camisa rubro-negra. Ele tomava uma cerveja e n\u00e3o sabia que Vidal morava bem ali na frente.<\/p>\n\n\n\n<p>&#8220;S\u00e9rio? O chileno do Flamengo? Caramba!&#8221;, se surpreendeu o cozinheiro Geraldo Santos, complementando:<\/p>\n\n\n\n<p>&#8220;Se ele passar aqui vou pedir para tirar uma foto. Espero que ele traga o t\u00edtulo da Libertadores e da Copa do Brasil&#8221;.<\/p>\n\n\n\n<h2 class=\"wp-block-heading\" id=\"h-futevolei-e-rock-in-rio\">Futev\u00f4lei e Rock in Rio<\/h2>\n\n\n\n<p>Logo em sua primeira semana no Rio de Janeiro, Vidal aproveitou um dia de folga para se arriscar no futev\u00f4lei em pleno fim de semana ensolarado e de praia na cidade. Sob olhares de diversos curiosos, participou com muita disposi\u00e7\u00e3o, mas deu sinais de que precisa ainda de algumas aulas de um esporte tipicamente brasileiro e que teve in\u00edcio na capital carioca.<\/p>\n\n\n\n<p>Neste m\u00eas, tamb\u00e9m marcou presen\u00e7a no Rock in Rio ao lado dos companheiros Gabigol, Arrascaeta e Everton Ribeiro ap\u00f3s o empate em 1 a 1 com o Cear\u00e1 no Maracan\u00e3. Na ocasi\u00e3o, a principal atra\u00e7\u00e3o do festival foi o canadense Justin Bieber. Ao lado da esposa Sonia, cantou e dan\u00e7ou os principais hits do fen\u00f4meno pop.<\/p>\n\n\n\n<p>Com o mesmo pique que tem demonstrado em campo, sua presen\u00e7a j\u00e1 parece praticamente certa na Sapuca\u00ed no Carnaval do ano que vem.<\/p>\n\n\n\n<p>Arturo Vidal tem contrato com o Flamengo at\u00e9 o fim de 2023.<\/p>\n\n\n\n<p>Retirado de: UOL<\/p>\n","protected":false},"excerpt":{"rendered":"<p>&#8220;O Vidal \u00e9 a cara do Flamengo, \u00e9 a cara do Rio de Janeiro.&#8221; Mesmo quando o chileno e o clube ainda &#8220;namoravam&#8221; \u00e0 dist\u00e2ncia, a opini\u00e3o j\u00e1 era praticamente un\u00e2nime na Cidade Maravilhosa de que o jogador iria se adaptar e se apaixonar rapidamente pelo Rubro-Negro e pela cidade. Passados dois meses desde sua [&hellip;]<\/p>\n","protected":false},"author":1,"featured_media":86538,"comment_status":"open","ping_status":"closed","sticky":false,"template":"","format":"standard","meta":{"footnotes":""},"categories":[1],"tags":[],"class_list":["post-87937","post","type-post","status-publish","format-standard","has-post-thumbnail","hentry","category-flamengo"],"yoast_head":"<!-- This site is optimized with the Yoast SEO Premium plugin v24.2 (Yoast SEO v26.9) - https:\/\/yoast.com\/product\/yoast-seo-premium-wordpress\/ -->\n<title>Estilo de vida e resenha ajudaram Arturo Vidal a se adaptar ao Flamengo<\/title>\n<meta name=\"robots\" content=\"index, follow, max-snippet:-1, max-image-preview:large, max-video-preview:-1\" \/>\n<link rel=\"canonical\" href=\"https:\/\/www.gaveanews.com\/index.php\/2022\/09\/22\/estilo-de-vida-e-resenha-ajudaram-arturo-vidal-a-se-adaptar-ao-flamengo\/\" \/>\n<meta property=\"og:locale\" content=\"pt_BR\" \/>\n<meta property=\"og:type\" content=\"article\" \/>\n<meta property=\"og:title\" content=\"Estilo de vida e resenha ajudaram Arturo Vidal a se adaptar ao Flamengo\" \/>\n<meta property=\"og:description\" content=\"&#8220;O Vidal \u00e9 a cara do Flamengo, \u00e9 a cara do Rio de Janeiro.&#8221; Mesmo quando o chileno e o clube ainda &#8220;namoravam&#8221; \u00e0 dist\u00e2ncia, a opini\u00e3o j\u00e1 era praticamente un\u00e2nime na Cidade Maravilhosa de que o jogador iria se adaptar e se apaixonar rapidamente pelo Rubro-Negro e pela cidade. Passados dois meses desde sua [&hellip;]\" \/>\n<meta property=\"og:url\" content=\"https:\/\/www.gaveanews.com\/index.php\/2022\/09\/22\/estilo-de-vida-e-resenha-ajudaram-arturo-vidal-a-se-adaptar-ao-flamengo\/\" \/>\n<meta property=\"og:site_name\" content=\"G\u00e1vea News\" \/>\n<meta property=\"article:publisher\" content=\"https:\/\/facebook.com\/gaveaNews\/\" \/>\n<meta property=\"article:published_time\" content=\"2022-09-22T21:10:00+00:00\" \/>\n<meta property=\"og:image\" content=\"https:\/\/www.gaveanews.com\/wp-content\/uploads\/Arturo-Vidal-em-acao-pelo-Flamengo-durante-o-jogo-contra-o-Botafogo-pelo-Campeonato-Brasileiro-de-2022.webp\" \/>\n\t<meta property=\"og:image:width\" content=\"799\" \/>\n\t<meta property=\"og:image:height\" content=\"533\" \/>\n\t<meta property=\"og:image:type\" content=\"image\/jpeg\" \/>\n<meta name=\"author\" content=\"Equipe G\u00e1vea News\" \/>\n<meta name=\"twitter:card\" content=\"summary_large_image\" \/>\n<meta name=\"twitter:label1\" content=\"Escrito por\" \/>\n\t<meta name=\"twitter:data1\" content=\"Equipe G\u00e1vea News\" \/>\n\t<meta name=\"twitter:label2\" content=\"Est. tempo de leitura\" \/>\n\t<meta name=\"twitter:data2\" content=\"5 minutos\" \/>\n<script type=\"application\/ld+json\" class=\"yoast-schema-graph\">{\"@context\":\"https:\/\/schema.org\",\"@graph\":[{\"@type\":\"NewsArticle\",\"@id\":\"https:\/\/www.gaveanews.com\/index.php\/2022\/09\/22\/estilo-de-vida-e-resenha-ajudaram-arturo-vidal-a-se-adaptar-ao-flamengo\/#article\",\"isPartOf\":{\"@id\":\"https:\/\/www.gaveanews.com\/index.php\/2022\/09\/22\/estilo-de-vida-e-resenha-ajudaram-arturo-vidal-a-se-adaptar-ao-flamengo\/\"},\"author\":{\"name\":\"Equipe G\u00e1vea News\",\"@id\":\"https:\/\/www.gaveanews.com\/#\/schema\/person\/2ec14f73fb96be2caf28f91afb14749d\"},\"headline\":\"Estilo de vida e resenha ajudaram Arturo Vidal a se adaptar ao Flamengo\",\"datePublished\":\"2022-09-22T21:10:00+00:00\",\"mainEntityOfPage\":{\"@id\":\"https:\/\/www.gaveanews.com\/index.php\/2022\/09\/22\/estilo-de-vida-e-resenha-ajudaram-arturo-vidal-a-se-adaptar-ao-flamengo\/\"},\"wordCount\":852,\"commentCount\":0,\"image\":{\"@id\":\"https:\/\/www.gaveanews.com\/index.php\/2022\/09\/22\/estilo-de-vida-e-resenha-ajudaram-arturo-vidal-a-se-adaptar-ao-flamengo\/#primaryimage\"},\"thumbnailUrl\":\"https:\/\/www.gaveanews.com\/wp-content\/uploads\/Arturo-Vidal-em-acao-pelo-Flamengo-durante-o-jogo-contra-o-Botafogo-pelo-Campeonato-Brasileiro-de-2022.webp\",\"articleSection\":[\"Flamengo\"],\"inLanguage\":\"pt-BR\",\"potentialAction\":[{\"@type\":\"CommentAction\",\"name\":\"Comment\",\"target\":[\"https:\/\/www.gaveanews.com\/index.php\/2022\/09\/22\/estilo-de-vida-e-resenha-ajudaram-arturo-vidal-a-se-adaptar-ao-flamengo\/#respond\"]}],\"copyrightYear\":\"2022\",\"copyrightHolder\":{\"@id\":\"https:\/\/www.gaveanews.com\/#organization\"}},{\"@type\":\"WebPage\",\"@id\":\"https:\/\/www.gaveanews.com\/index.php\/2022\/09\/22\/estilo-de-vida-e-resenha-ajudaram-arturo-vidal-a-se-adaptar-ao-flamengo\/\",\"url\":\"https:\/\/www.gaveanews.com\/index.php\/2022\/09\/22\/estilo-de-vida-e-resenha-ajudaram-arturo-vidal-a-se-adaptar-ao-flamengo\/\",\"name\":\"Estilo de vida e resenha ajudaram Arturo Vidal a se adaptar ao Flamengo\",\"isPartOf\":{\"@id\":\"https:\/\/www.gaveanews.com\/#website\"},\"primaryImageOfPage\":{\"@id\":\"https:\/\/www.gaveanews.com\/index.php\/2022\/09\/22\/estilo-de-vida-e-resenha-ajudaram-arturo-vidal-a-se-adaptar-ao-flamengo\/#primaryimage\"},\"image\":{\"@id\":\"https:\/\/www.gaveanews.com\/index.php\/2022\/09\/22\/estilo-de-vida-e-resenha-ajudaram-arturo-vidal-a-se-adaptar-ao-flamengo\/#primaryimage\"},\"thumbnailUrl\":\"https:\/\/www.gaveanews.com\/wp-content\/uploads\/Arturo-Vidal-em-acao-pelo-Flamengo-durante-o-jogo-contra-o-Botafogo-pelo-Campeonato-Brasileiro-de-2022.webp\",\"datePublished\":\"2022-09-22T21:10:00+00:00\",\"author\":{\"@id\":\"https:\/\/www.gaveanews.com\/#\/schema\/person\/2ec14f73fb96be2caf28f91afb14749d\"},\"breadcrumb\":{\"@id\":\"https:\/\/www.gaveanews.com\/index.php\/2022\/09\/22\/estilo-de-vida-e-resenha-ajudaram-arturo-vidal-a-se-adaptar-ao-flamengo\/#breadcrumb\"},\"inLanguage\":\"pt-BR\",\"potentialAction\":[{\"@type\":\"ReadAction\",\"target\":[\"https:\/\/www.gaveanews.com\/index.php\/2022\/09\/22\/estilo-de-vida-e-resenha-ajudaram-arturo-vidal-a-se-adaptar-ao-flamengo\/\"]}]},{\"@type\":\"ImageObject\",\"inLanguage\":\"pt-BR\",\"@id\":\"https:\/\/www.gaveanews.com\/index.php\/2022\/09\/22\/estilo-de-vida-e-resenha-ajudaram-arturo-vidal-a-se-adaptar-ao-flamengo\/#primaryimage\",\"url\":\"https:\/\/www.gaveanews.com\/wp-content\/uploads\/Arturo-Vidal-em-acao-pelo-Flamengo-durante-o-jogo-contra-o-Botafogo-pelo-Campeonato-Brasileiro-de-2022.webp\",\"contentUrl\":\"https:\/\/www.gaveanews.com\/wp-content\/uploads\/Arturo-Vidal-em-acao-pelo-Flamengo-durante-o-jogo-contra-o-Botafogo-pelo-Campeonato-Brasileiro-de-2022.webp\",\"width\":799,\"height\":533,\"caption\":\"Arturo Vidal em a\u00e7\u00e3o pelo Flamengo durante o jogo contra o Botafogo pelo Campeonato Brasileiro de 2022 (Foto: Reprodu\u00e7\u00e3o\/Flamengo)\"},{\"@type\":\"BreadcrumbList\",\"@id\":\"https:\/\/www.gaveanews.com\/index.php\/2022\/09\/22\/estilo-de-vida-e-resenha-ajudaram-arturo-vidal-a-se-adaptar-ao-flamengo\/#breadcrumb\",\"itemListElement\":[{\"@type\":\"ListItem\",\"position\":1,\"name\":\"Home\",\"item\":\"https:\/\/www.gaveanews.com\/\"},{\"@type\":\"ListItem\",\"position\":2,\"name\":\"Estilo de vida e resenha ajudaram Arturo Vidal a se adaptar ao Flamengo\"}]},{\"@type\":\"WebSite\",\"@id\":\"https:\/\/www.gaveanews.com\/#website\",\"url\":\"https:\/\/www.gaveanews.com\/\",\"name\":\"G\u00e1vea News\",\"description\":\"Veja todas as not\u00edcias sobre o Flamengo: Contrata\u00e7\u00f5es, categorias de base, resultados das partidas, tabela de classifica\u00e7\u00e3o, pr\u00f3ximos jogos!\",\"potentialAction\":[{\"@type\":\"SearchAction\",\"target\":{\"@type\":\"EntryPoint\",\"urlTemplate\":\"https:\/\/www.gaveanews.com\/?s={search_term_string}\"},\"query-input\":{\"@type\":\"PropertyValueSpecification\",\"valueRequired\":true,\"valueName\":\"search_term_string\"}}],\"inLanguage\":\"pt-BR\"},{\"@type\":\"Person\",\"@id\":\"https:\/\/www.gaveanews.com\/#\/schema\/person\/2ec14f73fb96be2caf28f91afb14749d\",\"name\":\"Equipe G\u00e1vea News\",\"image\":{\"@type\":\"ImageObject\",\"inLanguage\":\"pt-BR\",\"@id\":\"https:\/\/www.gaveanews.com\/#\/schema\/person\/image\/\",\"url\":\"https:\/\/secure.gravatar.com\/avatar\/1e1956f1facbffd3f8fa53a326721950116b3b9dc9bd44939c01180fd4a745a9?s=96&d=mm&r=g\",\"contentUrl\":\"https:\/\/secure.gravatar.com\/avatar\/1e1956f1facbffd3f8fa53a326721950116b3b9dc9bd44939c01180fd4a745a9?s=96&d=mm&r=g\",\"caption\":\"Equipe G\u00e1vea News\"}}]}<\/script>\n<!-- \/ Yoast SEO Premium plugin. -->","yoast_head_json":{"title":"Estilo de vida e resenha ajudaram Arturo Vidal a se adaptar ao Flamengo","robots":{"index":"index","follow":"follow","max-snippet":"max-snippet:-1","max-image-preview":"max-image-preview:large","max-video-preview":"max-video-preview:-1"},"canonical":"https:\/\/www.gaveanews.com\/index.php\/2022\/09\/22\/estilo-de-vida-e-resenha-ajudaram-arturo-vidal-a-se-adaptar-ao-flamengo\/","og_locale":"pt_BR","og_type":"article","og_title":"Estilo de vida e resenha ajudaram Arturo Vidal a se adaptar ao Flamengo","og_description":"&#8220;O Vidal \u00e9 a cara do Flamengo, \u00e9 a cara do Rio de Janeiro.&#8221; Mesmo quando o chileno e o clube ainda &#8220;namoravam&#8221; \u00e0 dist\u00e2ncia, a opini\u00e3o j\u00e1 era praticamente un\u00e2nime na Cidade Maravilhosa de que o jogador iria se adaptar e se apaixonar rapidamente pelo Rubro-Negro e pela cidade. Passados dois meses desde sua [&hellip;]","og_url":"https:\/\/www.gaveanews.com\/index.php\/2022\/09\/22\/estilo-de-vida-e-resenha-ajudaram-arturo-vidal-a-se-adaptar-ao-flamengo\/","og_site_name":"G\u00e1vea News","article_publisher":"https:\/\/facebook.com\/gaveaNews\/","article_published_time":"2022-09-22T21:10:00+00:00","og_image":[{"width":799,"height":533,"url":"https:\/\/www.gaveanews.com\/wp-content\/uploads\/Arturo-Vidal-em-acao-pelo-Flamengo-durante-o-jogo-contra-o-Botafogo-pelo-Campeonato-Brasileiro-de-2022.webp","type":"image\/jpeg"}],"author":"Equipe G\u00e1vea News","twitter_card":"summary_large_image","twitter_misc":{"Escrito por":"Equipe G\u00e1vea News","Est. tempo de leitura":"5 minutos"},"schema":{"@context":"https:\/\/schema.org","@graph":[{"@type":"NewsArticle","@id":"https:\/\/www.gaveanews.com\/index.php\/2022\/09\/22\/estilo-de-vida-e-resenha-ajudaram-arturo-vidal-a-se-adaptar-ao-flamengo\/#article","isPartOf":{"@id":"https:\/\/www.gaveanews.com\/index.php\/2022\/09\/22\/estilo-de-vida-e-resenha-ajudaram-arturo-vidal-a-se-adaptar-ao-flamengo\/"},"author":{"name":"Equipe G\u00e1vea News","@id":"https:\/\/www.gaveanews.com\/#\/schema\/person\/2ec14f73fb96be2caf28f91afb14749d"},"headline":"Estilo de vida e resenha ajudaram Arturo Vidal a se adaptar ao Flamengo","datePublished":"2022-09-22T21:10:00+00:00","mainEntityOfPage":{"@id":"https:\/\/www.gaveanews.com\/index.php\/2022\/09\/22\/estilo-de-vida-e-resenha-ajudaram-arturo-vidal-a-se-adaptar-ao-flamengo\/"},"wordCount":852,"commentCount":0,"image":{"@id":"https:\/\/www.gaveanews.com\/index.php\/2022\/09\/22\/estilo-de-vida-e-resenha-ajudaram-arturo-vidal-a-se-adaptar-ao-flamengo\/#primaryimage"},"thumbnailUrl":"https:\/\/www.gaveanews.com\/wp-content\/uploads\/Arturo-Vidal-em-acao-pelo-Flamengo-durante-o-jogo-contra-o-Botafogo-pelo-Campeonato-Brasileiro-de-2022.webp","articleSection":["Flamengo"],"inLanguage":"pt-BR","potentialAction":[{"@type":"CommentAction","name":"Comment","target":["https:\/\/www.gaveanews.com\/index.php\/2022\/09\/22\/estilo-de-vida-e-resenha-ajudaram-arturo-vidal-a-se-adaptar-ao-flamengo\/#respond"]}],"copyrightYear":"2022","copyrightHolder":{"@id":"https:\/\/www.gaveanews.com\/#organization"}},{"@type":"WebPage","@id":"https:\/\/www.gaveanews.com\/index.php\/2022\/09\/22\/estilo-de-vida-e-resenha-ajudaram-arturo-vidal-a-se-adaptar-ao-flamengo\/","url":"https:\/\/www.gaveanews.com\/index.php\/2022\/09\/22\/estilo-de-vida-e-resenha-ajudaram-arturo-vidal-a-se-adaptar-ao-flamengo\/","name":"Estilo de vida e resenha ajudaram Arturo Vidal a se adaptar ao Flamengo","isPartOf":{"@id":"https:\/\/www.gaveanews.com\/#website"},"primaryImageOfPage":{"@id":"https:\/\/www.gaveanews.com\/index.php\/2022\/09\/22\/estilo-de-vida-e-resenha-ajudaram-arturo-vidal-a-se-adaptar-ao-flamengo\/#primaryimage"},"image":{"@id":"https:\/\/www.gaveanews.com\/index.php\/2022\/09\/22\/estilo-de-vida-e-resenha-ajudaram-arturo-vidal-a-se-adaptar-ao-flamengo\/#primaryimage"},"thumbnailUrl":"https:\/\/www.gaveanews.com\/wp-content\/uploads\/Arturo-Vidal-em-acao-pelo-Flamengo-durante-o-jogo-contra-o-Botafogo-pelo-Campeonato-Brasileiro-de-2022.webp","datePublished":"2022-09-22T21:10:00+00:00","author":{"@id":"https:\/\/www.gaveanews.com\/#\/schema\/person\/2ec14f73fb96be2caf28f91afb14749d"},"breadcrumb":{"@id":"https:\/\/www.gaveanews.com\/index.php\/2022\/09\/22\/estilo-de-vida-e-resenha-ajudaram-arturo-vidal-a-se-adaptar-ao-flamengo\/#breadcrumb"},"inLanguage":"pt-BR","potentialAction":[{"@type":"ReadAction","target":["https:\/\/www.gaveanews.com\/index.php\/2022\/09\/22\/estilo-de-vida-e-resenha-ajudaram-arturo-vidal-a-se-adaptar-ao-flamengo\/"]}]},{"@type":"ImageObject","inLanguage":"pt-BR","@id":"https:\/\/www.gaveanews.com\/index.php\/2022\/09\/22\/estilo-de-vida-e-resenha-ajudaram-arturo-vidal-a-se-adaptar-ao-flamengo\/#primaryimage","url":"https:\/\/www.gaveanews.com\/wp-content\/uploads\/Arturo-Vidal-em-acao-pelo-Flamengo-durante-o-jogo-contra-o-Botafogo-pelo-Campeonato-Brasileiro-de-2022.webp","contentUrl":"https:\/\/www.gaveanews.com\/wp-content\/uploads\/Arturo-Vidal-em-acao-pelo-Flamengo-durante-o-jogo-contra-o-Botafogo-pelo-Campeonato-Brasileiro-de-2022.webp","width":799,"height":533,"caption":"Arturo Vidal em a\u00e7\u00e3o pelo Flamengo durante o jogo contra o Botafogo pelo Campeonato Brasileiro de 2022 (Foto: Reprodu\u00e7\u00e3o\/Flamengo)"},{"@type":"BreadcrumbList","@id":"https:\/\/www.gaveanews.com\/index.php\/2022\/09\/22\/estilo-de-vida-e-resenha-ajudaram-arturo-vidal-a-se-adaptar-ao-flamengo\/#breadcrumb","itemListElement":[{"@type":"ListItem","position":1,"name":"Home","item":"https:\/\/www.gaveanews.com\/"},{"@type":"ListItem","position":2,"name":"Estilo de vida e resenha ajudaram Arturo Vidal a se adaptar ao Flamengo"}]},{"@type":"WebSite","@id":"https:\/\/www.gaveanews.com\/#website","url":"https:\/\/www.gaveanews.com\/","name":"G\u00e1vea News","description":"Veja todas as not\u00edcias sobre o Flamengo: Contrata\u00e7\u00f5es, categorias de base, resultados das partidas, tabela de classifica\u00e7\u00e3o, pr\u00f3ximos jogos!","potentialAction":[{"@type":"SearchAction","target":{"@type":"EntryPoint","urlTemplate":"https:\/\/www.gaveanews.com\/?s={search_term_string}"},"query-input":{"@type":"PropertyValueSpecification","valueRequired":true,"valueName":"search_term_string"}}],"inLanguage":"pt-BR"},{"@type":"Person","@id":"https:\/\/www.gaveanews.com\/#\/schema\/person\/2ec14f73fb96be2caf28f91afb14749d","name":"Equipe G\u00e1vea News","image":{"@type":"ImageObject","inLanguage":"pt-BR","@id":"https:\/\/www.gaveanews.com\/#\/schema\/person\/image\/","url":"https:\/\/secure.gravatar.com\/avatar\/1e1956f1facbffd3f8fa53a326721950116b3b9dc9bd44939c01180fd4a745a9?s=96&d=mm&r=g","contentUrl":"https:\/\/secure.gravatar.com\/avatar\/1e1956f1facbffd3f8fa53a326721950116b3b9dc9bd44939c01180fd4a745a9?s=96&d=mm&r=g","caption":"Equipe G\u00e1vea News"}}]}},"_links":{"self":[{"href":"https:\/\/www.gaveanews.com\/index.php\/wp-json\/wp\/v2\/posts\/87937","targetHints":{"allow":["GET"]}}],"collection":[{"href":"https:\/\/www.gaveanews.com\/index.php\/wp-json\/wp\/v2\/posts"}],"about":[{"href":"https:\/\/www.gaveanews.com\/index.php\/wp-json\/wp\/v2\/types\/post"}],"author":[{"embeddable":true,"href":"https:\/\/www.gaveanews.com\/index.php\/wp-json\/wp\/v2\/users\/1"}],"replies":[{"embeddable":true,"href":"https:\/\/www.gaveanews.com\/index.php\/wp-json\/wp\/v2\/comments?post=87937"}],"version-history":[{"count":0,"href":"https:\/\/www.gaveanews.com\/index.php\/wp-json\/wp\/v2\/posts\/87937\/revisions"}],"wp:featuredmedia":[{"embeddable":true,"href":"https:\/\/www.gaveanews.com\/index.php\/wp-json\/wp\/v2\/media\/86538"}],"wp:attachment":[{"href":"https:\/\/www.gaveanews.com\/index.php\/wp-json\/wp\/v2\/media?parent=87937"}],"wp:term":[{"taxonomy":"category","embeddable":true,"href":"https:\/\/www.gaveanews.com\/index.php\/wp-json\/wp\/v2\/categories?post=87937"},{"taxonomy":"post_tag","embeddable":true,"href":"https:\/\/www.gaveanews.com\/index.php\/wp-json\/wp\/v2\/tags?post=87937"}],"curies":[{"name":"wp","href":"https:\/\/api.w.org\/{rel}","templated":true}]}}