{"id":88002,"date":"2022-09-24T19:20:33","date_gmt":"2022-09-24T22:20:33","guid":{"rendered":"https:\/\/www.gaveanews.com\/?p=88002"},"modified":"2022-09-24T19:20:35","modified_gmt":"2022-09-24T22:20:35","slug":"video-atacante-do-internacional-e-sincero-ao-falar-sobre-interesse-do-flamengo","status":"publish","type":"post","link":"https:\/\/www.gaveanews.com\/index.php\/2022\/09\/24\/video-atacante-do-internacional-e-sincero-ao-falar-sobre-interesse-do-flamengo\/","title":{"rendered":"V\u00eddeo: Atacante do Internacional \u00e9 sincero ao falar sobre interesse do Flamengo"},"content":{"rendered":"\n<p>Ganhando cada vez mais espa\u00e7o no Internacional, Pedro Henrique virou alvo de especula\u00e7\u00f5es envolvendo seu futuro. Segundo o jornalista Thiago Asmar, Dorival J\u00fanior indicou o nome do atleta ao Flamengo, j\u00e1 que suas caracter\u00edsticas agradam ao treinador. Por\u00e9m, o atleta foi sincero, e ao ser questionado sobre este assunto, revelou que o comandante do Rubro-Negro, assim como Rog\u00e9rio Ceni, n\u00e3o estabeleceu nenhum contato para consultar sua situa\u00e7\u00e3o.<\/p>\n\n\n\n<p>Com v\u00ednculo ativo at\u00e9 junho de 2024, Pedro Henrique s\u00f3 ir\u00e1 deixar o Internacional caso a diretoria do Colorado decida liber\u00e1-lo. Ganhando status de xod\u00f3 da torcida, o camisa 28 quer seguir na pr\u00f3xima temporada, tendo em vista o projeto do clube em alcan\u00e7ar t\u00edtulos de express\u00e3o.<\/p>\n\n\n\n<p><em>\u2014 Fico lisonjeado pelo interesse dos clubes e por tudo que o Internacional me proporciona, foi o Internacional que apostou em mim e me p\u00f4s na vitrine. Mas ningu\u00e9m me ligou. Rog\u00e9rio Ceni n\u00e3o me ligou, Dorival n\u00e3o me ligou, s\u00e3o coisas que vem externamente. Empres\u00e1rios podem comentar alguma situa\u00e7\u00e3o\u2026 nenhum dos dois me ligou. Sou muito feliz no Internacional, quis muito estar aqui. Eles sabem que estou feliz aqui<\/em>, disse ao canal de Fabiano Baldasso.<\/p>\n\n\n\n<p><em>\u2014 S\u00f3 saio do Inter se o clube n\u00e3o me quiser mais. N\u00e3o h\u00e1 porque interromper esse momento de felicidade<\/em>, completou.<\/p>\n\n\n\n<figure class=\"wp-block-embed is-type-video is-provider-youtube wp-block-embed-youtube wp-embed-aspect-16-9 wp-has-aspect-ratio\"><div class=\"wp-block-embed__wrapper\">\nhttps:\/\/youtu.be\/p6u142O6hio\n<\/div><\/figure>\n\n\n\n<h2 class=\"wp-block-heading\" id=\"h-flamengo-ou-sao-paulo\">Flamengo ou S\u00e3o Paulo<\/h2>\n\n\n\n<p>Recentemente, Carlos Belmonte, diretor de futebol do S\u00e3o Paulo, admitiu que o Tricolor gosta do futebol de Pedro Henrique. No entanto, o clube ainda n\u00e3o realizou uma aproxima\u00e7\u00e3o com o Internacional, ainda que a rela\u00e7\u00e3o seja positiva por neg\u00f3cios firmados no passado.<\/p>\n\n\n\n<p><em>\u2014 A gente acha o Pedro Henrique um jogador bem interessante, mas n\u00e3o fomos atr\u00e1s pelo fato de que neste momento estamos fazendo avalia\u00e7\u00f5es. Ele se enquadra nesse perfil dos jogadores do S\u00e3o Paulo, que fazem mais de uma fun\u00e7\u00e3o e s\u00e3o determinados. Mas, de verdade, sen\u00e3o eu falaria sem nenhum problema, n\u00e3o procuramos o jogador, o empres\u00e1rio e nem o Inter, com quem a gente tem excelente rela\u00e7\u00e3o<\/em>, afirmou ao canal de Andr\u00e9 Hernan.<\/p>\n","protected":false},"excerpt":{"rendered":"<p>Ganhando cada vez mais espa\u00e7o no Internacional, Pedro Henrique virou alvo de especula\u00e7\u00f5es envolvendo seu futuro. Segundo o jornalista Thiago Asmar, Dorival J\u00fanior indicou o nome do atleta ao Flamengo, j\u00e1 que suas caracter\u00edsticas agradam ao treinador. Por\u00e9m, o atleta foi sincero, e ao ser questionado sobre este assunto, revelou que o comandante do Rubro-Negro, [&hellip;]<\/p>\n","protected":false},"author":1,"featured_media":46957,"comment_status":"open","ping_status":"closed","sticky":false,"template":"","format":"standard","meta":{"footnotes":""},"categories":[48,40],"tags":[],"class_list":["post-88002","post","type-post","status-publish","format-standard","has-post-thumbnail","hentry","category-negociacoes","category-video"],"yoast_head":"<!-- This site is optimized with the Yoast SEO Premium plugin v24.2 (Yoast SEO v26.9) - https:\/\/yoast.com\/product\/yoast-seo-premium-wordpress\/ -->\n<title>V\u00eddeo: Atacante do Internacional \u00e9 sincero ao falar sobre interesse do Flamengo<\/title>\n<meta name=\"robots\" content=\"index, follow, max-snippet:-1, max-image-preview:large, max-video-preview:-1\" \/>\n<link rel=\"canonical\" href=\"https:\/\/www.gaveanews.com\/index.php\/2022\/09\/24\/video-atacante-do-internacional-e-sincero-ao-falar-sobre-interesse-do-flamengo\/\" \/>\n<meta property=\"og:locale\" content=\"pt_BR\" \/>\n<meta property=\"og:type\" content=\"article\" \/>\n<meta property=\"og:title\" content=\"V\u00eddeo: Atacante do Internacional \u00e9 sincero ao falar sobre interesse do Flamengo\" \/>\n<meta property=\"og:description\" content=\"Ganhando cada vez mais espa\u00e7o no Internacional, Pedro Henrique virou alvo de especula\u00e7\u00f5es envolvendo seu futuro. Segundo o jornalista Thiago Asmar, Dorival J\u00fanior indicou o nome do atleta ao Flamengo, j\u00e1 que suas caracter\u00edsticas agradam ao treinador. Por\u00e9m, o atleta foi sincero, e ao ser questionado sobre este assunto, revelou que o comandante do Rubro-Negro, [&hellip;]\" \/>\n<meta property=\"og:url\" content=\"https:\/\/www.gaveanews.com\/index.php\/2022\/09\/24\/video-atacante-do-internacional-e-sincero-ao-falar-sobre-interesse-do-flamengo\/\" \/>\n<meta property=\"og:site_name\" content=\"G\u00e1vea News\" \/>\n<meta property=\"article:publisher\" content=\"https:\/\/facebook.com\/gaveaNews\/\" \/>\n<meta property=\"article:published_time\" content=\"2022-09-24T22:20:33+00:00\" \/>\n<meta property=\"article:modified_time\" content=\"2022-09-24T22:20:35+00:00\" \/>\n<meta property=\"og:image\" content=\"https:\/\/www.gaveanews.com\/wp-content\/uploads\/Marcos-Braz-no-gramado-do-Maracana.webp\" \/>\n\t<meta property=\"og:image:width\" content=\"799\" \/>\n\t<meta property=\"og:image:height\" content=\"532\" \/>\n\t<meta property=\"og:image:type\" content=\"image\/jpeg\" \/>\n<meta name=\"author\" content=\"Equipe G\u00e1vea News\" \/>\n<meta name=\"twitter:card\" content=\"summary_large_image\" \/>\n<meta name=\"twitter:label1\" content=\"Escrito por\" \/>\n\t<meta name=\"twitter:data1\" content=\"Equipe G\u00e1vea News\" \/>\n\t<meta name=\"twitter:label2\" content=\"Est. tempo de leitura\" \/>\n\t<meta name=\"twitter:data2\" content=\"2 minutos\" \/>\n<script type=\"application\/ld+json\" class=\"yoast-schema-graph\">{\"@context\":\"https:\/\/schema.org\",\"@graph\":[{\"@type\":\"NewsArticle\",\"@id\":\"https:\/\/www.gaveanews.com\/index.php\/2022\/09\/24\/video-atacante-do-internacional-e-sincero-ao-falar-sobre-interesse-do-flamengo\/#article\",\"isPartOf\":{\"@id\":\"https:\/\/www.gaveanews.com\/index.php\/2022\/09\/24\/video-atacante-do-internacional-e-sincero-ao-falar-sobre-interesse-do-flamengo\/\"},\"author\":{\"name\":\"Equipe G\u00e1vea News\",\"@id\":\"https:\/\/www.gaveanews.com\/#\/schema\/person\/2ec14f73fb96be2caf28f91afb14749d\"},\"headline\":\"V\u00eddeo: Atacante do Internacional \u00e9 sincero ao falar sobre interesse do Flamengo\",\"datePublished\":\"2022-09-24T22:20:33+00:00\",\"dateModified\":\"2022-09-24T22:20:35+00:00\",\"mainEntityOfPage\":{\"@id\":\"https:\/\/www.gaveanews.com\/index.php\/2022\/09\/24\/video-atacante-do-internacional-e-sincero-ao-falar-sobre-interesse-do-flamengo\/\"},\"wordCount\":386,\"commentCount\":0,\"image\":{\"@id\":\"https:\/\/www.gaveanews.com\/index.php\/2022\/09\/24\/video-atacante-do-internacional-e-sincero-ao-falar-sobre-interesse-do-flamengo\/#primaryimage\"},\"thumbnailUrl\":\"https:\/\/www.gaveanews.com\/wp-content\/uploads\/Marcos-Braz-no-gramado-do-Maracana.webp\",\"articleSection\":[\"Negocia\u00e7\u00f5es\",\"V\u00eddeos\"],\"inLanguage\":\"pt-BR\",\"potentialAction\":[{\"@type\":\"CommentAction\",\"name\":\"Comment\",\"target\":[\"https:\/\/www.gaveanews.com\/index.php\/2022\/09\/24\/video-atacante-do-internacional-e-sincero-ao-falar-sobre-interesse-do-flamengo\/#respond\"]}],\"copyrightYear\":\"2022\",\"copyrightHolder\":{\"@id\":\"https:\/\/www.gaveanews.com\/#organization\"}},{\"@type\":\"WebPage\",\"@id\":\"https:\/\/www.gaveanews.com\/index.php\/2022\/09\/24\/video-atacante-do-internacional-e-sincero-ao-falar-sobre-interesse-do-flamengo\/\",\"url\":\"https:\/\/www.gaveanews.com\/index.php\/2022\/09\/24\/video-atacante-do-internacional-e-sincero-ao-falar-sobre-interesse-do-flamengo\/\",\"name\":\"V\u00eddeo: Atacante do Internacional \u00e9 sincero ao falar sobre interesse do Flamengo\",\"isPartOf\":{\"@id\":\"https:\/\/www.gaveanews.com\/#website\"},\"primaryImageOfPage\":{\"@id\":\"https:\/\/www.gaveanews.com\/index.php\/2022\/09\/24\/video-atacante-do-internacional-e-sincero-ao-falar-sobre-interesse-do-flamengo\/#primaryimage\"},\"image\":{\"@id\":\"https:\/\/www.gaveanews.com\/index.php\/2022\/09\/24\/video-atacante-do-internacional-e-sincero-ao-falar-sobre-interesse-do-flamengo\/#primaryimage\"},\"thumbnailUrl\":\"https:\/\/www.gaveanews.com\/wp-content\/uploads\/Marcos-Braz-no-gramado-do-Maracana.webp\",\"datePublished\":\"2022-09-24T22:20:33+00:00\",\"dateModified\":\"2022-09-24T22:20:35+00:00\",\"author\":{\"@id\":\"https:\/\/www.gaveanews.com\/#\/schema\/person\/2ec14f73fb96be2caf28f91afb14749d\"},\"breadcrumb\":{\"@id\":\"https:\/\/www.gaveanews.com\/index.php\/2022\/09\/24\/video-atacante-do-internacional-e-sincero-ao-falar-sobre-interesse-do-flamengo\/#breadcrumb\"},\"inLanguage\":\"pt-BR\",\"potentialAction\":[{\"@type\":\"ReadAction\",\"target\":[\"https:\/\/www.gaveanews.com\/index.php\/2022\/09\/24\/video-atacante-do-internacional-e-sincero-ao-falar-sobre-interesse-do-flamengo\/\"]}]},{\"@type\":\"ImageObject\",\"inLanguage\":\"pt-BR\",\"@id\":\"https:\/\/www.gaveanews.com\/index.php\/2022\/09\/24\/video-atacante-do-internacional-e-sincero-ao-falar-sobre-interesse-do-flamengo\/#primaryimage\",\"url\":\"https:\/\/www.gaveanews.com\/wp-content\/uploads\/Marcos-Braz-no-gramado-do-Maracana.webp\",\"contentUrl\":\"https:\/\/www.gaveanews.com\/wp-content\/uploads\/Marcos-Braz-no-gramado-do-Maracana.webp\",\"width\":799,\"height\":532,\"caption\":\"Marcos Braz no gramado do Maracan\u00e3 (Foto: Alexandre Vidal\/Flamengo)\"},{\"@type\":\"BreadcrumbList\",\"@id\":\"https:\/\/www.gaveanews.com\/index.php\/2022\/09\/24\/video-atacante-do-internacional-e-sincero-ao-falar-sobre-interesse-do-flamengo\/#breadcrumb\",\"itemListElement\":[{\"@type\":\"ListItem\",\"position\":1,\"name\":\"Home\",\"item\":\"https:\/\/www.gaveanews.com\/\"},{\"@type\":\"ListItem\",\"position\":2,\"name\":\"V\u00eddeo: Atacante do Internacional \u00e9 sincero ao falar sobre interesse do Flamengo\"}]},{\"@type\":\"WebSite\",\"@id\":\"https:\/\/www.gaveanews.com\/#website\",\"url\":\"https:\/\/www.gaveanews.com\/\",\"name\":\"G\u00e1vea News\",\"description\":\"Veja todas as not\u00edcias sobre o Flamengo: Contrata\u00e7\u00f5es, categorias de base, resultados das partidas, tabela de classifica\u00e7\u00e3o, pr\u00f3ximos jogos!\",\"potentialAction\":[{\"@type\":\"SearchAction\",\"target\":{\"@type\":\"EntryPoint\",\"urlTemplate\":\"https:\/\/www.gaveanews.com\/?s={search_term_string}\"},\"query-input\":{\"@type\":\"PropertyValueSpecification\",\"valueRequired\":true,\"valueName\":\"search_term_string\"}}],\"inLanguage\":\"pt-BR\"},{\"@type\":\"Person\",\"@id\":\"https:\/\/www.gaveanews.com\/#\/schema\/person\/2ec14f73fb96be2caf28f91afb14749d\",\"name\":\"Equipe G\u00e1vea News\",\"image\":{\"@type\":\"ImageObject\",\"inLanguage\":\"pt-BR\",\"@id\":\"https:\/\/www.gaveanews.com\/#\/schema\/person\/image\/\",\"url\":\"https:\/\/secure.gravatar.com\/avatar\/1e1956f1facbffd3f8fa53a326721950116b3b9dc9bd44939c01180fd4a745a9?s=96&d=mm&r=g\",\"contentUrl\":\"https:\/\/secure.gravatar.com\/avatar\/1e1956f1facbffd3f8fa53a326721950116b3b9dc9bd44939c01180fd4a745a9?s=96&d=mm&r=g\",\"caption\":\"Equipe G\u00e1vea News\"}}]}<\/script>\n<!-- \/ Yoast SEO Premium plugin. -->","yoast_head_json":{"title":"V\u00eddeo: Atacante do Internacional \u00e9 sincero ao falar sobre interesse do Flamengo","robots":{"index":"index","follow":"follow","max-snippet":"max-snippet:-1","max-image-preview":"max-image-preview:large","max-video-preview":"max-video-preview:-1"},"canonical":"https:\/\/www.gaveanews.com\/index.php\/2022\/09\/24\/video-atacante-do-internacional-e-sincero-ao-falar-sobre-interesse-do-flamengo\/","og_locale":"pt_BR","og_type":"article","og_title":"V\u00eddeo: Atacante do Internacional \u00e9 sincero ao falar sobre interesse do Flamengo","og_description":"Ganhando cada vez mais espa\u00e7o no Internacional, Pedro Henrique virou alvo de especula\u00e7\u00f5es envolvendo seu futuro. Segundo o jornalista Thiago Asmar, Dorival J\u00fanior indicou o nome do atleta ao Flamengo, j\u00e1 que suas caracter\u00edsticas agradam ao treinador. Por\u00e9m, o atleta foi sincero, e ao ser questionado sobre este assunto, revelou que o comandante do Rubro-Negro, [&hellip;]","og_url":"https:\/\/www.gaveanews.com\/index.php\/2022\/09\/24\/video-atacante-do-internacional-e-sincero-ao-falar-sobre-interesse-do-flamengo\/","og_site_name":"G\u00e1vea News","article_publisher":"https:\/\/facebook.com\/gaveaNews\/","article_published_time":"2022-09-24T22:20:33+00:00","article_modified_time":"2022-09-24T22:20:35+00:00","og_image":[{"width":799,"height":532,"url":"https:\/\/www.gaveanews.com\/wp-content\/uploads\/Marcos-Braz-no-gramado-do-Maracana.webp","type":"image\/jpeg"}],"author":"Equipe G\u00e1vea News","twitter_card":"summary_large_image","twitter_misc":{"Escrito por":"Equipe G\u00e1vea News","Est. tempo de leitura":"2 minutos"},"schema":{"@context":"https:\/\/schema.org","@graph":[{"@type":"NewsArticle","@id":"https:\/\/www.gaveanews.com\/index.php\/2022\/09\/24\/video-atacante-do-internacional-e-sincero-ao-falar-sobre-interesse-do-flamengo\/#article","isPartOf":{"@id":"https:\/\/www.gaveanews.com\/index.php\/2022\/09\/24\/video-atacante-do-internacional-e-sincero-ao-falar-sobre-interesse-do-flamengo\/"},"author":{"name":"Equipe G\u00e1vea News","@id":"https:\/\/www.gaveanews.com\/#\/schema\/person\/2ec14f73fb96be2caf28f91afb14749d"},"headline":"V\u00eddeo: Atacante do Internacional \u00e9 sincero ao falar sobre interesse do Flamengo","datePublished":"2022-09-24T22:20:33+00:00","dateModified":"2022-09-24T22:20:35+00:00","mainEntityOfPage":{"@id":"https:\/\/www.gaveanews.com\/index.php\/2022\/09\/24\/video-atacante-do-internacional-e-sincero-ao-falar-sobre-interesse-do-flamengo\/"},"wordCount":386,"commentCount":0,"image":{"@id":"https:\/\/www.gaveanews.com\/index.php\/2022\/09\/24\/video-atacante-do-internacional-e-sincero-ao-falar-sobre-interesse-do-flamengo\/#primaryimage"},"thumbnailUrl":"https:\/\/www.gaveanews.com\/wp-content\/uploads\/Marcos-Braz-no-gramado-do-Maracana.webp","articleSection":["Negocia\u00e7\u00f5es","V\u00eddeos"],"inLanguage":"pt-BR","potentialAction":[{"@type":"CommentAction","name":"Comment","target":["https:\/\/www.gaveanews.com\/index.php\/2022\/09\/24\/video-atacante-do-internacional-e-sincero-ao-falar-sobre-interesse-do-flamengo\/#respond"]}],"copyrightYear":"2022","copyrightHolder":{"@id":"https:\/\/www.gaveanews.com\/#organization"}},{"@type":"WebPage","@id":"https:\/\/www.gaveanews.com\/index.php\/2022\/09\/24\/video-atacante-do-internacional-e-sincero-ao-falar-sobre-interesse-do-flamengo\/","url":"https:\/\/www.gaveanews.com\/index.php\/2022\/09\/24\/video-atacante-do-internacional-e-sincero-ao-falar-sobre-interesse-do-flamengo\/","name":"V\u00eddeo: Atacante do Internacional \u00e9 sincero ao falar sobre interesse do Flamengo","isPartOf":{"@id":"https:\/\/www.gaveanews.com\/#website"},"primaryImageOfPage":{"@id":"https:\/\/www.gaveanews.com\/index.php\/2022\/09\/24\/video-atacante-do-internacional-e-sincero-ao-falar-sobre-interesse-do-flamengo\/#primaryimage"},"image":{"@id":"https:\/\/www.gaveanews.com\/index.php\/2022\/09\/24\/video-atacante-do-internacional-e-sincero-ao-falar-sobre-interesse-do-flamengo\/#primaryimage"},"thumbnailUrl":"https:\/\/www.gaveanews.com\/wp-content\/uploads\/Marcos-Braz-no-gramado-do-Maracana.webp","datePublished":"2022-09-24T22:20:33+00:00","dateModified":"2022-09-24T22:20:35+00:00","author":{"@id":"https:\/\/www.gaveanews.com\/#\/schema\/person\/2ec14f73fb96be2caf28f91afb14749d"},"breadcrumb":{"@id":"https:\/\/www.gaveanews.com\/index.php\/2022\/09\/24\/video-atacante-do-internacional-e-sincero-ao-falar-sobre-interesse-do-flamengo\/#breadcrumb"},"inLanguage":"pt-BR","potentialAction":[{"@type":"ReadAction","target":["https:\/\/www.gaveanews.com\/index.php\/2022\/09\/24\/video-atacante-do-internacional-e-sincero-ao-falar-sobre-interesse-do-flamengo\/"]}]},{"@type":"ImageObject","inLanguage":"pt-BR","@id":"https:\/\/www.gaveanews.com\/index.php\/2022\/09\/24\/video-atacante-do-internacional-e-sincero-ao-falar-sobre-interesse-do-flamengo\/#primaryimage","url":"https:\/\/www.gaveanews.com\/wp-content\/uploads\/Marcos-Braz-no-gramado-do-Maracana.webp","contentUrl":"https:\/\/www.gaveanews.com\/wp-content\/uploads\/Marcos-Braz-no-gramado-do-Maracana.webp","width":799,"height":532,"caption":"Marcos Braz no gramado do Maracan\u00e3 (Foto: Alexandre Vidal\/Flamengo)"},{"@type":"BreadcrumbList","@id":"https:\/\/www.gaveanews.com\/index.php\/2022\/09\/24\/video-atacante-do-internacional-e-sincero-ao-falar-sobre-interesse-do-flamengo\/#breadcrumb","itemListElement":[{"@type":"ListItem","position":1,"name":"Home","item":"https:\/\/www.gaveanews.com\/"},{"@type":"ListItem","position":2,"name":"V\u00eddeo: Atacante do Internacional \u00e9 sincero ao falar sobre interesse do Flamengo"}]},{"@type":"WebSite","@id":"https:\/\/www.gaveanews.com\/#website","url":"https:\/\/www.gaveanews.com\/","name":"G\u00e1vea News","description":"Veja todas as not\u00edcias sobre o Flamengo: Contrata\u00e7\u00f5es, categorias de base, resultados das partidas, tabela de classifica\u00e7\u00e3o, pr\u00f3ximos jogos!","potentialAction":[{"@type":"SearchAction","target":{"@type":"EntryPoint","urlTemplate":"https:\/\/www.gaveanews.com\/?s={search_term_string}"},"query-input":{"@type":"PropertyValueSpecification","valueRequired":true,"valueName":"search_term_string"}}],"inLanguage":"pt-BR"},{"@type":"Person","@id":"https:\/\/www.gaveanews.com\/#\/schema\/person\/2ec14f73fb96be2caf28f91afb14749d","name":"Equipe G\u00e1vea News","image":{"@type":"ImageObject","inLanguage":"pt-BR","@id":"https:\/\/www.gaveanews.com\/#\/schema\/person\/image\/","url":"https:\/\/secure.gravatar.com\/avatar\/1e1956f1facbffd3f8fa53a326721950116b3b9dc9bd44939c01180fd4a745a9?s=96&d=mm&r=g","contentUrl":"https:\/\/secure.gravatar.com\/avatar\/1e1956f1facbffd3f8fa53a326721950116b3b9dc9bd44939c01180fd4a745a9?s=96&d=mm&r=g","caption":"Equipe G\u00e1vea News"}}]}},"_links":{"self":[{"href":"https:\/\/www.gaveanews.com\/index.php\/wp-json\/wp\/v2\/posts\/88002","targetHints":{"allow":["GET"]}}],"collection":[{"href":"https:\/\/www.gaveanews.com\/index.php\/wp-json\/wp\/v2\/posts"}],"about":[{"href":"https:\/\/www.gaveanews.com\/index.php\/wp-json\/wp\/v2\/types\/post"}],"author":[{"embeddable":true,"href":"https:\/\/www.gaveanews.com\/index.php\/wp-json\/wp\/v2\/users\/1"}],"replies":[{"embeddable":true,"href":"https:\/\/www.gaveanews.com\/index.php\/wp-json\/wp\/v2\/comments?post=88002"}],"version-history":[{"count":0,"href":"https:\/\/www.gaveanews.com\/index.php\/wp-json\/wp\/v2\/posts\/88002\/revisions"}],"wp:featuredmedia":[{"embeddable":true,"href":"https:\/\/www.gaveanews.com\/index.php\/wp-json\/wp\/v2\/media\/46957"}],"wp:attachment":[{"href":"https:\/\/www.gaveanews.com\/index.php\/wp-json\/wp\/v2\/media?parent=88002"}],"wp:term":[{"taxonomy":"category","embeddable":true,"href":"https:\/\/www.gaveanews.com\/index.php\/wp-json\/wp\/v2\/categories?post=88002"},{"taxonomy":"post_tag","embeddable":true,"href":"https:\/\/www.gaveanews.com\/index.php\/wp-json\/wp\/v2\/tags?post=88002"}],"curies":[{"name":"wp","href":"https:\/\/api.w.org\/{rel}","templated":true}]}}