{"id":88005,"date":"2022-09-24T20:20:52","date_gmt":"2022-09-24T23:20:52","guid":{"rendered":"https:\/\/www.gaveanews.com\/?p=88005"},"modified":"2022-09-24T20:20:54","modified_gmt":"2022-09-24T23:20:54","slug":"sem-bruno-henrique-rodrigo-caio-pedro-everton-ribeiro-arrascaeta-varela-arturo-vidal-pulgar-marinho-e-everton-cebolinha-flamengo-tera-que-recorrer-a-base","status":"publish","type":"post","link":"https:\/\/www.gaveanews.com\/index.php\/2022\/09\/24\/sem-bruno-henrique-rodrigo-caio-pedro-everton-ribeiro-arrascaeta-varela-arturo-vidal-pulgar-marinho-e-everton-cebolinha-flamengo-tera-que-recorrer-a-base\/","title":{"rendered":"Sem Bruno Henrique, Rodrigo Caio, Pedro, Everton Ribeiro, Arrascaeta, Varela, Arturo Vidal, Pulgar, Marinho e Everton Cebolinha, Flamengo ter\u00e1 que recorrer \u00e0 base"},"content":{"rendered":"\n<p>O t\u00e9cnico Dorival J\u00fanior ter\u00e1 problemas para escalar o time diante do Fortaleza, na pr\u00f3xima quarta-feira (28), no Castel\u00e3o. Isso porque, entre convocados e suspensos, o Rubro-Negro acumula oito desfalques e, com isso, ter\u00e1 que contar com jogadores da categoria de base e rec\u00e9m-promovidos, como Victor Hugo e Matheus Fran\u00e7a, para encarar o Le\u00e3o.<\/p>\n\n\n\n<p>Pedro e Everton Ribeiro, chamados para defender o Brasil, puxam a lista dos convocados, que ainda conta com Arrascaeta e Varela, no Uruguai, e Vidal e Pulgar, no Chile. As tr\u00eas sele\u00e7\u00f5es possuem compromissos pela Data Fifa na ter\u00e7a-feira (27), v\u00e9spera do duelo contra o Fortaleza, e por isso s\u00e3o desfalques confirmados.<\/p>\n\n\n\n<p>Al\u00e9m dos convocados, Marinho e Cebolinha, que foram expulsos na derrota para o Fluminense, na \u00faltima rodada, cumprem suspens\u00e3o e nem viajam com o restante da delega\u00e7\u00e3o para o Cear\u00e1. Com isso, o Flamengo n\u00e3o perde apenas jogadores considerados titulares, como tamb\u00e9m pe\u00e7as que atuam constantemente na equipe alternativa de Dorival. Vale destacar que Bruno Henrique e Rodrigo Caio est\u00e3o no departamento m\u00e9dico e s\u00f3 v\u00e3o voltar a jogar em 2023.<\/p>\n\n\n\n<p>No ataque, por exemplo, apenas Gabigol \u00e9 op\u00e7\u00e3o. Pedro, Everton Ribeiro e Arrascaeta, que fazem parte do quarteto titular, representam suas sele\u00e7\u00f5es, enquanto Marinho e Cebolinha n\u00e3o ficam \u00e0 disposi\u00e7\u00e3o. Dessa forma, jovens como Matheus Fran\u00e7a, Victor Hugo e Mateus\u00e3o, podem fazer parte dos onze iniciais diante da equipe de Vojvoda.<\/p>\n\n\n\n<p>Os dois primeiros j\u00e1 acumulam participa\u00e7\u00f5es pelo profissional, enquanto o centroavante atuou apenas uma vez, no empate contra o Goi\u00e1s, na Serrinha. Outros nomes como Petterson, Werton e Igor Jesus devem aparecer na lista de relacionados.<\/p>\n\n\n\n<p>Apesar da car\u00eancia de op\u00e7\u00f5es do meio pra frente, Dorival poder\u00e1 contar com todos atletas da linha defensiva, al\u00e9m de Thiago Maia e Jo\u00e3o Gomes, no meio de campo. Por\u00e9m, em fun\u00e7\u00e3o da proximidade das finais da Copa do Brasil, h\u00e1 a chance do treinador optar por poupar os jogadores que pertencem ao &#8220;time das Copas&#8221;.<\/p>\n\n\n\n<p>Retirado de: UOL<\/p>\n","protected":false},"excerpt":{"rendered":"<p>O t\u00e9cnico Dorival J\u00fanior ter\u00e1 problemas para escalar o time diante do Fortaleza, na pr\u00f3xima quarta-feira (28), no Castel\u00e3o. Isso porque, entre convocados e suspensos, o Rubro-Negro acumula oito desfalques e, com isso, ter\u00e1 que contar com jogadores da categoria de base e rec\u00e9m-promovidos, como Victor Hugo e Matheus Fran\u00e7a, para encarar o Le\u00e3o. Pedro [&hellip;]<\/p>\n","protected":false},"author":1,"featured_media":87666,"comment_status":"open","ping_status":"closed","sticky":false,"template":"","format":"standard","meta":{"footnotes":""},"categories":[1],"tags":[],"class_list":["post-88005","post","type-post","status-publish","format-standard","has-post-thumbnail","hentry","category-flamengo"],"yoast_head":"<!-- This site is optimized with the Yoast SEO Premium plugin v24.2 (Yoast SEO v26.9) - https:\/\/yoast.com\/product\/yoast-seo-premium-wordpress\/ -->\n<title>Sem Bruno Henrique, Rodrigo Caio, Pedro, Everton Ribeiro, Arrascaeta, Varela, Arturo Vidal, Pulgar, Marinho e Everton Cebolinha, Flamengo ter\u00e1 que recorrer \u00e0 base<\/title>\n<meta name=\"robots\" content=\"index, follow, max-snippet:-1, max-image-preview:large, max-video-preview:-1\" \/>\n<link rel=\"canonical\" href=\"https:\/\/www.gaveanews.com\/index.php\/2022\/09\/24\/sem-bruno-henrique-rodrigo-caio-pedro-everton-ribeiro-arrascaeta-varela-arturo-vidal-pulgar-marinho-e-everton-cebolinha-flamengo-tera-que-recorrer-a-base\/\" \/>\n<meta property=\"og:locale\" content=\"pt_BR\" \/>\n<meta property=\"og:type\" content=\"article\" \/>\n<meta property=\"og:title\" content=\"Sem Bruno Henrique, Rodrigo Caio, Pedro, Everton Ribeiro, Arrascaeta, Varela, Arturo Vidal, Pulgar, Marinho e Everton Cebolinha, Flamengo ter\u00e1 que recorrer \u00e0 base\" \/>\n<meta property=\"og:description\" content=\"O t\u00e9cnico Dorival J\u00fanior ter\u00e1 problemas para escalar o time diante do Fortaleza, na pr\u00f3xima quarta-feira (28), no Castel\u00e3o. Isso porque, entre convocados e suspensos, o Rubro-Negro acumula oito desfalques e, com isso, ter\u00e1 que contar com jogadores da categoria de base e rec\u00e9m-promovidos, como Victor Hugo e Matheus Fran\u00e7a, para encarar o Le\u00e3o. Pedro [&hellip;]\" \/>\n<meta property=\"og:url\" content=\"https:\/\/www.gaveanews.com\/index.php\/2022\/09\/24\/sem-bruno-henrique-rodrigo-caio-pedro-everton-ribeiro-arrascaeta-varela-arturo-vidal-pulgar-marinho-e-everton-cebolinha-flamengo-tera-que-recorrer-a-base\/\" \/>\n<meta property=\"og:site_name\" content=\"G\u00e1vea News\" \/>\n<meta property=\"article:publisher\" content=\"https:\/\/facebook.com\/gaveaNews\/\" \/>\n<meta property=\"article:published_time\" content=\"2022-09-24T23:20:52+00:00\" \/>\n<meta property=\"article:modified_time\" content=\"2022-09-24T23:20:54+00:00\" \/>\n<meta property=\"og:image\" content=\"https:\/\/www.gaveanews.com\/wp-content\/uploads\/Cebolinha-em-acao-pelo-Flamengo-durante-o-jogo-contra-o-Fluminense-pelo-Brasileirao-de-2022.webp\" \/>\n\t<meta property=\"og:image:width\" content=\"800\" \/>\n\t<meta property=\"og:image:height\" content=\"533\" \/>\n\t<meta property=\"og:image:type\" content=\"image\/jpeg\" \/>\n<meta name=\"author\" content=\"Equipe G\u00e1vea News\" \/>\n<meta name=\"twitter:card\" content=\"summary_large_image\" \/>\n<meta name=\"twitter:label1\" content=\"Escrito por\" \/>\n\t<meta name=\"twitter:data1\" content=\"Equipe G\u00e1vea News\" \/>\n\t<meta name=\"twitter:label2\" content=\"Est. tempo de leitura\" \/>\n\t<meta name=\"twitter:data2\" content=\"2 minutos\" \/>\n<script type=\"application\/ld+json\" class=\"yoast-schema-graph\">{\"@context\":\"https:\/\/schema.org\",\"@graph\":[{\"@type\":\"NewsArticle\",\"@id\":\"https:\/\/www.gaveanews.com\/index.php\/2022\/09\/24\/sem-bruno-henrique-rodrigo-caio-pedro-everton-ribeiro-arrascaeta-varela-arturo-vidal-pulgar-marinho-e-everton-cebolinha-flamengo-tera-que-recorrer-a-base\/#article\",\"isPartOf\":{\"@id\":\"https:\/\/www.gaveanews.com\/index.php\/2022\/09\/24\/sem-bruno-henrique-rodrigo-caio-pedro-everton-ribeiro-arrascaeta-varela-arturo-vidal-pulgar-marinho-e-everton-cebolinha-flamengo-tera-que-recorrer-a-base\/\"},\"author\":{\"name\":\"Equipe G\u00e1vea News\",\"@id\":\"https:\/\/www.gaveanews.com\/#\/schema\/person\/2ec14f73fb96be2caf28f91afb14749d\"},\"headline\":\"Sem Bruno Henrique, Rodrigo Caio, Pedro, Everton Ribeiro, Arrascaeta, Varela, Arturo Vidal, Pulgar, Marinho e Everton Cebolinha, Flamengo ter\u00e1 que recorrer \u00e0 base\",\"datePublished\":\"2022-09-24T23:20:52+00:00\",\"dateModified\":\"2022-09-24T23:20:54+00:00\",\"mainEntityOfPage\":{\"@id\":\"https:\/\/www.gaveanews.com\/index.php\/2022\/09\/24\/sem-bruno-henrique-rodrigo-caio-pedro-everton-ribeiro-arrascaeta-varela-arturo-vidal-pulgar-marinho-e-everton-cebolinha-flamengo-tera-que-recorrer-a-base\/\"},\"wordCount\":375,\"commentCount\":0,\"image\":{\"@id\":\"https:\/\/www.gaveanews.com\/index.php\/2022\/09\/24\/sem-bruno-henrique-rodrigo-caio-pedro-everton-ribeiro-arrascaeta-varela-arturo-vidal-pulgar-marinho-e-everton-cebolinha-flamengo-tera-que-recorrer-a-base\/#primaryimage\"},\"thumbnailUrl\":\"https:\/\/www.gaveanews.com\/wp-content\/uploads\/Cebolinha-em-acao-pelo-Flamengo-durante-o-jogo-contra-o-Fluminense-pelo-Brasileirao-de-2022.webp\",\"articleSection\":[\"Flamengo\"],\"inLanguage\":\"pt-BR\",\"potentialAction\":[{\"@type\":\"CommentAction\",\"name\":\"Comment\",\"target\":[\"https:\/\/www.gaveanews.com\/index.php\/2022\/09\/24\/sem-bruno-henrique-rodrigo-caio-pedro-everton-ribeiro-arrascaeta-varela-arturo-vidal-pulgar-marinho-e-everton-cebolinha-flamengo-tera-que-recorrer-a-base\/#respond\"]}],\"copyrightYear\":\"2022\",\"copyrightHolder\":{\"@id\":\"https:\/\/www.gaveanews.com\/#organization\"}},{\"@type\":\"WebPage\",\"@id\":\"https:\/\/www.gaveanews.com\/index.php\/2022\/09\/24\/sem-bruno-henrique-rodrigo-caio-pedro-everton-ribeiro-arrascaeta-varela-arturo-vidal-pulgar-marinho-e-everton-cebolinha-flamengo-tera-que-recorrer-a-base\/\",\"url\":\"https:\/\/www.gaveanews.com\/index.php\/2022\/09\/24\/sem-bruno-henrique-rodrigo-caio-pedro-everton-ribeiro-arrascaeta-varela-arturo-vidal-pulgar-marinho-e-everton-cebolinha-flamengo-tera-que-recorrer-a-base\/\",\"name\":\"Sem Bruno Henrique, Rodrigo Caio, Pedro, Everton Ribeiro, Arrascaeta, Varela, Arturo Vidal, Pulgar, Marinho e Everton Cebolinha, Flamengo ter\u00e1 que recorrer \u00e0 base\",\"isPartOf\":{\"@id\":\"https:\/\/www.gaveanews.com\/#website\"},\"primaryImageOfPage\":{\"@id\":\"https:\/\/www.gaveanews.com\/index.php\/2022\/09\/24\/sem-bruno-henrique-rodrigo-caio-pedro-everton-ribeiro-arrascaeta-varela-arturo-vidal-pulgar-marinho-e-everton-cebolinha-flamengo-tera-que-recorrer-a-base\/#primaryimage\"},\"image\":{\"@id\":\"https:\/\/www.gaveanews.com\/index.php\/2022\/09\/24\/sem-bruno-henrique-rodrigo-caio-pedro-everton-ribeiro-arrascaeta-varela-arturo-vidal-pulgar-marinho-e-everton-cebolinha-flamengo-tera-que-recorrer-a-base\/#primaryimage\"},\"thumbnailUrl\":\"https:\/\/www.gaveanews.com\/wp-content\/uploads\/Cebolinha-em-acao-pelo-Flamengo-durante-o-jogo-contra-o-Fluminense-pelo-Brasileirao-de-2022.webp\",\"datePublished\":\"2022-09-24T23:20:52+00:00\",\"dateModified\":\"2022-09-24T23:20:54+00:00\",\"author\":{\"@id\":\"https:\/\/www.gaveanews.com\/#\/schema\/person\/2ec14f73fb96be2caf28f91afb14749d\"},\"breadcrumb\":{\"@id\":\"https:\/\/www.gaveanews.com\/index.php\/2022\/09\/24\/sem-bruno-henrique-rodrigo-caio-pedro-everton-ribeiro-arrascaeta-varela-arturo-vidal-pulgar-marinho-e-everton-cebolinha-flamengo-tera-que-recorrer-a-base\/#breadcrumb\"},\"inLanguage\":\"pt-BR\",\"potentialAction\":[{\"@type\":\"ReadAction\",\"target\":[\"https:\/\/www.gaveanews.com\/index.php\/2022\/09\/24\/sem-bruno-henrique-rodrigo-caio-pedro-everton-ribeiro-arrascaeta-varela-arturo-vidal-pulgar-marinho-e-everton-cebolinha-flamengo-tera-que-recorrer-a-base\/\"]}]},{\"@type\":\"ImageObject\",\"inLanguage\":\"pt-BR\",\"@id\":\"https:\/\/www.gaveanews.com\/index.php\/2022\/09\/24\/sem-bruno-henrique-rodrigo-caio-pedro-everton-ribeiro-arrascaeta-varela-arturo-vidal-pulgar-marinho-e-everton-cebolinha-flamengo-tera-que-recorrer-a-base\/#primaryimage\",\"url\":\"https:\/\/www.gaveanews.com\/wp-content\/uploads\/Cebolinha-em-acao-pelo-Flamengo-durante-o-jogo-contra-o-Fluminense-pelo-Brasileirao-de-2022.webp\",\"contentUrl\":\"https:\/\/www.gaveanews.com\/wp-content\/uploads\/Cebolinha-em-acao-pelo-Flamengo-durante-o-jogo-contra-o-Fluminense-pelo-Brasileirao-de-2022.webp\",\"width\":800,\"height\":533,\"caption\":\"Cebolinha em a\u00e7\u00e3o pelo Flamengo durante o jogo contra o Fluminense pelo Brasileir\u00e3o de 2022 (Foto: Reprodu\u00e7\u00e3o\/Flamengo)\"},{\"@type\":\"BreadcrumbList\",\"@id\":\"https:\/\/www.gaveanews.com\/index.php\/2022\/09\/24\/sem-bruno-henrique-rodrigo-caio-pedro-everton-ribeiro-arrascaeta-varela-arturo-vidal-pulgar-marinho-e-everton-cebolinha-flamengo-tera-que-recorrer-a-base\/#breadcrumb\",\"itemListElement\":[{\"@type\":\"ListItem\",\"position\":1,\"name\":\"Home\",\"item\":\"https:\/\/www.gaveanews.com\/\"},{\"@type\":\"ListItem\",\"position\":2,\"name\":\"Sem Bruno Henrique, Rodrigo Caio, Pedro, Everton Ribeiro, Arrascaeta, Varela, Arturo Vidal, Pulgar, Marinho e Everton Cebolinha, Flamengo ter\u00e1 que recorrer \u00e0 base\"}]},{\"@type\":\"WebSite\",\"@id\":\"https:\/\/www.gaveanews.com\/#website\",\"url\":\"https:\/\/www.gaveanews.com\/\",\"name\":\"G\u00e1vea News\",\"description\":\"Veja todas as not\u00edcias sobre o Flamengo: Contrata\u00e7\u00f5es, categorias de base, resultados das partidas, tabela de classifica\u00e7\u00e3o, pr\u00f3ximos jogos!\",\"potentialAction\":[{\"@type\":\"SearchAction\",\"target\":{\"@type\":\"EntryPoint\",\"urlTemplate\":\"https:\/\/www.gaveanews.com\/?s={search_term_string}\"},\"query-input\":{\"@type\":\"PropertyValueSpecification\",\"valueRequired\":true,\"valueName\":\"search_term_string\"}}],\"inLanguage\":\"pt-BR\"},{\"@type\":\"Person\",\"@id\":\"https:\/\/www.gaveanews.com\/#\/schema\/person\/2ec14f73fb96be2caf28f91afb14749d\",\"name\":\"Equipe G\u00e1vea News\",\"image\":{\"@type\":\"ImageObject\",\"inLanguage\":\"pt-BR\",\"@id\":\"https:\/\/www.gaveanews.com\/#\/schema\/person\/image\/\",\"url\":\"https:\/\/secure.gravatar.com\/avatar\/1e1956f1facbffd3f8fa53a326721950116b3b9dc9bd44939c01180fd4a745a9?s=96&d=mm&r=g\",\"contentUrl\":\"https:\/\/secure.gravatar.com\/avatar\/1e1956f1facbffd3f8fa53a326721950116b3b9dc9bd44939c01180fd4a745a9?s=96&d=mm&r=g\",\"caption\":\"Equipe G\u00e1vea News\"}}]}<\/script>\n<!-- \/ Yoast SEO Premium plugin. -->","yoast_head_json":{"title":"Sem Bruno Henrique, Rodrigo Caio, Pedro, Everton Ribeiro, Arrascaeta, Varela, Arturo Vidal, Pulgar, Marinho e Everton Cebolinha, Flamengo ter\u00e1 que recorrer \u00e0 base","robots":{"index":"index","follow":"follow","max-snippet":"max-snippet:-1","max-image-preview":"max-image-preview:large","max-video-preview":"max-video-preview:-1"},"canonical":"https:\/\/www.gaveanews.com\/index.php\/2022\/09\/24\/sem-bruno-henrique-rodrigo-caio-pedro-everton-ribeiro-arrascaeta-varela-arturo-vidal-pulgar-marinho-e-everton-cebolinha-flamengo-tera-que-recorrer-a-base\/","og_locale":"pt_BR","og_type":"article","og_title":"Sem Bruno Henrique, Rodrigo Caio, Pedro, Everton Ribeiro, Arrascaeta, Varela, Arturo Vidal, Pulgar, Marinho e Everton Cebolinha, Flamengo ter\u00e1 que recorrer \u00e0 base","og_description":"O t\u00e9cnico Dorival J\u00fanior ter\u00e1 problemas para escalar o time diante do Fortaleza, na pr\u00f3xima quarta-feira (28), no Castel\u00e3o. Isso porque, entre convocados e suspensos, o Rubro-Negro acumula oito desfalques e, com isso, ter\u00e1 que contar com jogadores da categoria de base e rec\u00e9m-promovidos, como Victor Hugo e Matheus Fran\u00e7a, para encarar o Le\u00e3o. Pedro [&hellip;]","og_url":"https:\/\/www.gaveanews.com\/index.php\/2022\/09\/24\/sem-bruno-henrique-rodrigo-caio-pedro-everton-ribeiro-arrascaeta-varela-arturo-vidal-pulgar-marinho-e-everton-cebolinha-flamengo-tera-que-recorrer-a-base\/","og_site_name":"G\u00e1vea News","article_publisher":"https:\/\/facebook.com\/gaveaNews\/","article_published_time":"2022-09-24T23:20:52+00:00","article_modified_time":"2022-09-24T23:20:54+00:00","og_image":[{"width":800,"height":533,"url":"https:\/\/www.gaveanews.com\/wp-content\/uploads\/Cebolinha-em-acao-pelo-Flamengo-durante-o-jogo-contra-o-Fluminense-pelo-Brasileirao-de-2022.webp","type":"image\/jpeg"}],"author":"Equipe G\u00e1vea News","twitter_card":"summary_large_image","twitter_misc":{"Escrito por":"Equipe G\u00e1vea News","Est. tempo de leitura":"2 minutos"},"schema":{"@context":"https:\/\/schema.org","@graph":[{"@type":"NewsArticle","@id":"https:\/\/www.gaveanews.com\/index.php\/2022\/09\/24\/sem-bruno-henrique-rodrigo-caio-pedro-everton-ribeiro-arrascaeta-varela-arturo-vidal-pulgar-marinho-e-everton-cebolinha-flamengo-tera-que-recorrer-a-base\/#article","isPartOf":{"@id":"https:\/\/www.gaveanews.com\/index.php\/2022\/09\/24\/sem-bruno-henrique-rodrigo-caio-pedro-everton-ribeiro-arrascaeta-varela-arturo-vidal-pulgar-marinho-e-everton-cebolinha-flamengo-tera-que-recorrer-a-base\/"},"author":{"name":"Equipe G\u00e1vea News","@id":"https:\/\/www.gaveanews.com\/#\/schema\/person\/2ec14f73fb96be2caf28f91afb14749d"},"headline":"Sem Bruno Henrique, Rodrigo Caio, Pedro, Everton Ribeiro, Arrascaeta, Varela, Arturo Vidal, Pulgar, Marinho e Everton Cebolinha, Flamengo ter\u00e1 que recorrer \u00e0 base","datePublished":"2022-09-24T23:20:52+00:00","dateModified":"2022-09-24T23:20:54+00:00","mainEntityOfPage":{"@id":"https:\/\/www.gaveanews.com\/index.php\/2022\/09\/24\/sem-bruno-henrique-rodrigo-caio-pedro-everton-ribeiro-arrascaeta-varela-arturo-vidal-pulgar-marinho-e-everton-cebolinha-flamengo-tera-que-recorrer-a-base\/"},"wordCount":375,"commentCount":0,"image":{"@id":"https:\/\/www.gaveanews.com\/index.php\/2022\/09\/24\/sem-bruno-henrique-rodrigo-caio-pedro-everton-ribeiro-arrascaeta-varela-arturo-vidal-pulgar-marinho-e-everton-cebolinha-flamengo-tera-que-recorrer-a-base\/#primaryimage"},"thumbnailUrl":"https:\/\/www.gaveanews.com\/wp-content\/uploads\/Cebolinha-em-acao-pelo-Flamengo-durante-o-jogo-contra-o-Fluminense-pelo-Brasileirao-de-2022.webp","articleSection":["Flamengo"],"inLanguage":"pt-BR","potentialAction":[{"@type":"CommentAction","name":"Comment","target":["https:\/\/www.gaveanews.com\/index.php\/2022\/09\/24\/sem-bruno-henrique-rodrigo-caio-pedro-everton-ribeiro-arrascaeta-varela-arturo-vidal-pulgar-marinho-e-everton-cebolinha-flamengo-tera-que-recorrer-a-base\/#respond"]}],"copyrightYear":"2022","copyrightHolder":{"@id":"https:\/\/www.gaveanews.com\/#organization"}},{"@type":"WebPage","@id":"https:\/\/www.gaveanews.com\/index.php\/2022\/09\/24\/sem-bruno-henrique-rodrigo-caio-pedro-everton-ribeiro-arrascaeta-varela-arturo-vidal-pulgar-marinho-e-everton-cebolinha-flamengo-tera-que-recorrer-a-base\/","url":"https:\/\/www.gaveanews.com\/index.php\/2022\/09\/24\/sem-bruno-henrique-rodrigo-caio-pedro-everton-ribeiro-arrascaeta-varela-arturo-vidal-pulgar-marinho-e-everton-cebolinha-flamengo-tera-que-recorrer-a-base\/","name":"Sem Bruno Henrique, Rodrigo Caio, Pedro, Everton Ribeiro, Arrascaeta, Varela, Arturo Vidal, Pulgar, Marinho e Everton Cebolinha, Flamengo ter\u00e1 que recorrer \u00e0 base","isPartOf":{"@id":"https:\/\/www.gaveanews.com\/#website"},"primaryImageOfPage":{"@id":"https:\/\/www.gaveanews.com\/index.php\/2022\/09\/24\/sem-bruno-henrique-rodrigo-caio-pedro-everton-ribeiro-arrascaeta-varela-arturo-vidal-pulgar-marinho-e-everton-cebolinha-flamengo-tera-que-recorrer-a-base\/#primaryimage"},"image":{"@id":"https:\/\/www.gaveanews.com\/index.php\/2022\/09\/24\/sem-bruno-henrique-rodrigo-caio-pedro-everton-ribeiro-arrascaeta-varela-arturo-vidal-pulgar-marinho-e-everton-cebolinha-flamengo-tera-que-recorrer-a-base\/#primaryimage"},"thumbnailUrl":"https:\/\/www.gaveanews.com\/wp-content\/uploads\/Cebolinha-em-acao-pelo-Flamengo-durante-o-jogo-contra-o-Fluminense-pelo-Brasileirao-de-2022.webp","datePublished":"2022-09-24T23:20:52+00:00","dateModified":"2022-09-24T23:20:54+00:00","author":{"@id":"https:\/\/www.gaveanews.com\/#\/schema\/person\/2ec14f73fb96be2caf28f91afb14749d"},"breadcrumb":{"@id":"https:\/\/www.gaveanews.com\/index.php\/2022\/09\/24\/sem-bruno-henrique-rodrigo-caio-pedro-everton-ribeiro-arrascaeta-varela-arturo-vidal-pulgar-marinho-e-everton-cebolinha-flamengo-tera-que-recorrer-a-base\/#breadcrumb"},"inLanguage":"pt-BR","potentialAction":[{"@type":"ReadAction","target":["https:\/\/www.gaveanews.com\/index.php\/2022\/09\/24\/sem-bruno-henrique-rodrigo-caio-pedro-everton-ribeiro-arrascaeta-varela-arturo-vidal-pulgar-marinho-e-everton-cebolinha-flamengo-tera-que-recorrer-a-base\/"]}]},{"@type":"ImageObject","inLanguage":"pt-BR","@id":"https:\/\/www.gaveanews.com\/index.php\/2022\/09\/24\/sem-bruno-henrique-rodrigo-caio-pedro-everton-ribeiro-arrascaeta-varela-arturo-vidal-pulgar-marinho-e-everton-cebolinha-flamengo-tera-que-recorrer-a-base\/#primaryimage","url":"https:\/\/www.gaveanews.com\/wp-content\/uploads\/Cebolinha-em-acao-pelo-Flamengo-durante-o-jogo-contra-o-Fluminense-pelo-Brasileirao-de-2022.webp","contentUrl":"https:\/\/www.gaveanews.com\/wp-content\/uploads\/Cebolinha-em-acao-pelo-Flamengo-durante-o-jogo-contra-o-Fluminense-pelo-Brasileirao-de-2022.webp","width":800,"height":533,"caption":"Cebolinha em a\u00e7\u00e3o pelo Flamengo durante o jogo contra o Fluminense pelo Brasileir\u00e3o de 2022 (Foto: Reprodu\u00e7\u00e3o\/Flamengo)"},{"@type":"BreadcrumbList","@id":"https:\/\/www.gaveanews.com\/index.php\/2022\/09\/24\/sem-bruno-henrique-rodrigo-caio-pedro-everton-ribeiro-arrascaeta-varela-arturo-vidal-pulgar-marinho-e-everton-cebolinha-flamengo-tera-que-recorrer-a-base\/#breadcrumb","itemListElement":[{"@type":"ListItem","position":1,"name":"Home","item":"https:\/\/www.gaveanews.com\/"},{"@type":"ListItem","position":2,"name":"Sem Bruno Henrique, Rodrigo Caio, Pedro, Everton Ribeiro, Arrascaeta, Varela, Arturo Vidal, Pulgar, Marinho e Everton Cebolinha, Flamengo ter\u00e1 que recorrer \u00e0 base"}]},{"@type":"WebSite","@id":"https:\/\/www.gaveanews.com\/#website","url":"https:\/\/www.gaveanews.com\/","name":"G\u00e1vea News","description":"Veja todas as not\u00edcias sobre o Flamengo: Contrata\u00e7\u00f5es, categorias de base, resultados das partidas, tabela de classifica\u00e7\u00e3o, pr\u00f3ximos jogos!","potentialAction":[{"@type":"SearchAction","target":{"@type":"EntryPoint","urlTemplate":"https:\/\/www.gaveanews.com\/?s={search_term_string}"},"query-input":{"@type":"PropertyValueSpecification","valueRequired":true,"valueName":"search_term_string"}}],"inLanguage":"pt-BR"},{"@type":"Person","@id":"https:\/\/www.gaveanews.com\/#\/schema\/person\/2ec14f73fb96be2caf28f91afb14749d","name":"Equipe G\u00e1vea News","image":{"@type":"ImageObject","inLanguage":"pt-BR","@id":"https:\/\/www.gaveanews.com\/#\/schema\/person\/image\/","url":"https:\/\/secure.gravatar.com\/avatar\/1e1956f1facbffd3f8fa53a326721950116b3b9dc9bd44939c01180fd4a745a9?s=96&d=mm&r=g","contentUrl":"https:\/\/secure.gravatar.com\/avatar\/1e1956f1facbffd3f8fa53a326721950116b3b9dc9bd44939c01180fd4a745a9?s=96&d=mm&r=g","caption":"Equipe G\u00e1vea News"}}]}},"_links":{"self":[{"href":"https:\/\/www.gaveanews.com\/index.php\/wp-json\/wp\/v2\/posts\/88005","targetHints":{"allow":["GET"]}}],"collection":[{"href":"https:\/\/www.gaveanews.com\/index.php\/wp-json\/wp\/v2\/posts"}],"about":[{"href":"https:\/\/www.gaveanews.com\/index.php\/wp-json\/wp\/v2\/types\/post"}],"author":[{"embeddable":true,"href":"https:\/\/www.gaveanews.com\/index.php\/wp-json\/wp\/v2\/users\/1"}],"replies":[{"embeddable":true,"href":"https:\/\/www.gaveanews.com\/index.php\/wp-json\/wp\/v2\/comments?post=88005"}],"version-history":[{"count":0,"href":"https:\/\/www.gaveanews.com\/index.php\/wp-json\/wp\/v2\/posts\/88005\/revisions"}],"wp:featuredmedia":[{"embeddable":true,"href":"https:\/\/www.gaveanews.com\/index.php\/wp-json\/wp\/v2\/media\/87666"}],"wp:attachment":[{"href":"https:\/\/www.gaveanews.com\/index.php\/wp-json\/wp\/v2\/media?parent=88005"}],"wp:term":[{"taxonomy":"category","embeddable":true,"href":"https:\/\/www.gaveanews.com\/index.php\/wp-json\/wp\/v2\/categories?post=88005"},{"taxonomy":"post_tag","embeddable":true,"href":"https:\/\/www.gaveanews.com\/index.php\/wp-json\/wp\/v2\/tags?post=88005"}],"curies":[{"name":"wp","href":"https:\/\/api.w.org\/{rel}","templated":true}]}}