{"id":88026,"date":"2022-09-25T15:55:49","date_gmt":"2022-09-25T18:55:49","guid":{"rendered":"https:\/\/www.gaveanews.com\/?p=88026"},"modified":"2022-09-25T15:55:52","modified_gmt":"2022-09-25T18:55:52","slug":"flamengo-pode-perder-o-tecnico-dorival-junior-no-final-desta-temporada-entenda","status":"publish","type":"post","link":"https:\/\/www.gaveanews.com\/index.php\/2022\/09\/25\/flamengo-pode-perder-o-tecnico-dorival-junior-no-final-desta-temporada-entenda\/","title":{"rendered":"Flamengo pode perder o t\u00e9cnico Dorival Junior no final desta temporada; entenda"},"content":{"rendered":"\n<p>A Sele\u00e7\u00e3o Brasileira est\u00e1 na Fran\u00e7a, onde faz os dois \u00faltimos amistosos antes da disputa da Copa do Mundo. Tite realiza os testes finais antes de definir os 26 jogadores que estar\u00e3o representando o Brasil no Catar.<\/p>\n\n\n\n<p>O treinador que vai para a segunda Copa do Mundo, durante diversas entrevistas que antecederam os amistosos afirmou que ap\u00f3s o Mundial vai deixar o comando da Sele\u00e7\u00e3o, finalizando o seu ciclo na Amarelinha.<\/p>\n\n\n\n<p>Ciente da vontade do t\u00e9cnico, a CBF come\u00e7a a trabalhar no mapeamento de nomes para substituir Tite no comando da Sele\u00e7\u00e3o. Representantes da entidade afirmam que n\u00e3o h\u00e1 pressa, porque ap\u00f3s a Copa, o Brasil s\u00f3 voltar\u00e1 \u00e0 campo em 2023. Mas alguns nomes ganham for\u00e7a internamente.<\/p>\n\n\n\n<p>De acordo com a jornalista Raisa Simpl\u00edcio, a CBF ainda n\u00e3o definiu um nome para comandar a Sele\u00e7\u00e3o ap\u00f3s a sa\u00edda de Tite. Mas Fernando Diniz, Dorival J\u00fanior e Abel Ferreira agradam e t\u00eam seus defensores na entidade, especialmente Diniz e Dorival.<\/p>\n\n\n\n<p>O comandante rubro-negro faz um grande trabalho \u00e0 frente do Flamengo, conseguindo fazer a equipe passar de desacreditada para postulante \u00e0 t\u00edtulos. Desde a sua chegada, o treinador conseguiu devolver o grande futebol e recuperou a temporada do Mais Querido.<\/p>\n\n\n\n<p>Retirado de: Di\u00e1rio do Fla<\/p>\n","protected":false},"excerpt":{"rendered":"<p>A Sele\u00e7\u00e3o Brasileira est\u00e1 na Fran\u00e7a, onde faz os dois \u00faltimos amistosos antes da disputa da Copa do Mundo. Tite realiza os testes finais antes de definir os 26 jogadores que estar\u00e3o representando o Brasil no Catar. O treinador que vai para a segunda Copa do Mundo, durante diversas entrevistas que antecederam os amistosos afirmou [&hellip;]<\/p>\n","protected":false},"author":1,"featured_media":86780,"comment_status":"open","ping_status":"closed","sticky":false,"template":"","format":"standard","meta":{"footnotes":""},"categories":[1],"tags":[],"class_list":["post-88026","post","type-post","status-publish","format-standard","has-post-thumbnail","hentry","category-flamengo"],"yoast_head":"<!-- This site is optimized with the Yoast SEO Premium plugin v24.2 (Yoast SEO v26.9) - https:\/\/yoast.com\/product\/yoast-seo-premium-wordpress\/ -->\n<title>Flamengo pode perder o t\u00e9cnico Dorival Junior no final desta temporada; entenda<\/title>\n<meta name=\"description\" content=\"Dorival faz um grande trabalho \u00e0 frente do Flamengo, conseguindo fazer a equipe passar de desacreditada para postulante \u00e0 t\u00edtulos.\" \/>\n<meta name=\"robots\" content=\"index, follow, max-snippet:-1, max-image-preview:large, max-video-preview:-1\" \/>\n<link rel=\"canonical\" href=\"https:\/\/www.gaveanews.com\/index.php\/2022\/09\/25\/flamengo-pode-perder-o-tecnico-dorival-junior-no-final-desta-temporada-entenda\/\" \/>\n<meta property=\"og:locale\" content=\"pt_BR\" \/>\n<meta property=\"og:type\" content=\"article\" \/>\n<meta property=\"og:title\" content=\"Flamengo pode perder o t\u00e9cnico Dorival Junior no final desta temporada; entenda\" \/>\n<meta property=\"og:description\" content=\"Dorival faz um grande trabalho \u00e0 frente do Flamengo, conseguindo fazer a equipe passar de desacreditada para postulante \u00e0 t\u00edtulos.\" \/>\n<meta property=\"og:url\" content=\"https:\/\/www.gaveanews.com\/index.php\/2022\/09\/25\/flamengo-pode-perder-o-tecnico-dorival-junior-no-final-desta-temporada-entenda\/\" \/>\n<meta property=\"og:site_name\" content=\"G\u00e1vea News\" \/>\n<meta property=\"article:publisher\" content=\"https:\/\/facebook.com\/gaveaNews\/\" \/>\n<meta property=\"article:published_time\" content=\"2022-09-25T18:55:49+00:00\" \/>\n<meta property=\"article:modified_time\" content=\"2022-09-25T18:55:52+00:00\" \/>\n<meta property=\"og:image\" content=\"https:\/\/www.gaveanews.com\/wp-content\/uploads\/Dorival-Junior-em-Velez-x-Flamengo-pela-Libertadores.webp\" \/>\n\t<meta property=\"og:image:width\" content=\"800\" \/>\n\t<meta property=\"og:image:height\" content=\"533\" \/>\n\t<meta property=\"og:image:type\" content=\"image\/jpeg\" \/>\n<meta name=\"author\" content=\"Equipe G\u00e1vea News\" \/>\n<meta name=\"twitter:card\" content=\"summary_large_image\" \/>\n<meta name=\"twitter:label1\" content=\"Escrito por\" \/>\n\t<meta name=\"twitter:data1\" content=\"Equipe G\u00e1vea News\" \/>\n\t<meta name=\"twitter:label2\" content=\"Est. tempo de leitura\" \/>\n\t<meta name=\"twitter:data2\" content=\"2 minutos\" \/>\n<script type=\"application\/ld+json\" class=\"yoast-schema-graph\">{\"@context\":\"https:\/\/schema.org\",\"@graph\":[{\"@type\":\"NewsArticle\",\"@id\":\"https:\/\/www.gaveanews.com\/index.php\/2022\/09\/25\/flamengo-pode-perder-o-tecnico-dorival-junior-no-final-desta-temporada-entenda\/#article\",\"isPartOf\":{\"@id\":\"https:\/\/www.gaveanews.com\/index.php\/2022\/09\/25\/flamengo-pode-perder-o-tecnico-dorival-junior-no-final-desta-temporada-entenda\/\"},\"author\":{\"name\":\"Equipe G\u00e1vea News\",\"@id\":\"https:\/\/www.gaveanews.com\/#\/schema\/person\/2ec14f73fb96be2caf28f91afb14749d\"},\"headline\":\"Flamengo pode perder o t\u00e9cnico Dorival Junior no final desta temporada; entenda\",\"datePublished\":\"2022-09-25T18:55:49+00:00\",\"dateModified\":\"2022-09-25T18:55:52+00:00\",\"mainEntityOfPage\":{\"@id\":\"https:\/\/www.gaveanews.com\/index.php\/2022\/09\/25\/flamengo-pode-perder-o-tecnico-dorival-junior-no-final-desta-temporada-entenda\/\"},\"wordCount\":233,\"commentCount\":0,\"image\":{\"@id\":\"https:\/\/www.gaveanews.com\/index.php\/2022\/09\/25\/flamengo-pode-perder-o-tecnico-dorival-junior-no-final-desta-temporada-entenda\/#primaryimage\"},\"thumbnailUrl\":\"https:\/\/www.gaveanews.com\/wp-content\/uploads\/Dorival-Junior-em-Velez-x-Flamengo-pela-Libertadores.webp\",\"articleSection\":[\"Flamengo\"],\"inLanguage\":\"pt-BR\",\"potentialAction\":[{\"@type\":\"CommentAction\",\"name\":\"Comment\",\"target\":[\"https:\/\/www.gaveanews.com\/index.php\/2022\/09\/25\/flamengo-pode-perder-o-tecnico-dorival-junior-no-final-desta-temporada-entenda\/#respond\"]}],\"copyrightYear\":\"2022\",\"copyrightHolder\":{\"@id\":\"https:\/\/www.gaveanews.com\/#organization\"}},{\"@type\":\"WebPage\",\"@id\":\"https:\/\/www.gaveanews.com\/index.php\/2022\/09\/25\/flamengo-pode-perder-o-tecnico-dorival-junior-no-final-desta-temporada-entenda\/\",\"url\":\"https:\/\/www.gaveanews.com\/index.php\/2022\/09\/25\/flamengo-pode-perder-o-tecnico-dorival-junior-no-final-desta-temporada-entenda\/\",\"name\":\"Flamengo pode perder o t\u00e9cnico Dorival Junior no final desta temporada; entenda\",\"isPartOf\":{\"@id\":\"https:\/\/www.gaveanews.com\/#website\"},\"primaryImageOfPage\":{\"@id\":\"https:\/\/www.gaveanews.com\/index.php\/2022\/09\/25\/flamengo-pode-perder-o-tecnico-dorival-junior-no-final-desta-temporada-entenda\/#primaryimage\"},\"image\":{\"@id\":\"https:\/\/www.gaveanews.com\/index.php\/2022\/09\/25\/flamengo-pode-perder-o-tecnico-dorival-junior-no-final-desta-temporada-entenda\/#primaryimage\"},\"thumbnailUrl\":\"https:\/\/www.gaveanews.com\/wp-content\/uploads\/Dorival-Junior-em-Velez-x-Flamengo-pela-Libertadores.webp\",\"datePublished\":\"2022-09-25T18:55:49+00:00\",\"dateModified\":\"2022-09-25T18:55:52+00:00\",\"author\":{\"@id\":\"https:\/\/www.gaveanews.com\/#\/schema\/person\/2ec14f73fb96be2caf28f91afb14749d\"},\"description\":\"Dorival faz um grande trabalho \u00e0 frente do Flamengo, conseguindo fazer a equipe passar de desacreditada para postulante \u00e0 t\u00edtulos.\",\"breadcrumb\":{\"@id\":\"https:\/\/www.gaveanews.com\/index.php\/2022\/09\/25\/flamengo-pode-perder-o-tecnico-dorival-junior-no-final-desta-temporada-entenda\/#breadcrumb\"},\"inLanguage\":\"pt-BR\",\"potentialAction\":[{\"@type\":\"ReadAction\",\"target\":[\"https:\/\/www.gaveanews.com\/index.php\/2022\/09\/25\/flamengo-pode-perder-o-tecnico-dorival-junior-no-final-desta-temporada-entenda\/\"]}]},{\"@type\":\"ImageObject\",\"inLanguage\":\"pt-BR\",\"@id\":\"https:\/\/www.gaveanews.com\/index.php\/2022\/09\/25\/flamengo-pode-perder-o-tecnico-dorival-junior-no-final-desta-temporada-entenda\/#primaryimage\",\"url\":\"https:\/\/www.gaveanews.com\/wp-content\/uploads\/Dorival-Junior-em-Velez-x-Flamengo-pela-Libertadores.webp\",\"contentUrl\":\"https:\/\/www.gaveanews.com\/wp-content\/uploads\/Dorival-Junior-em-Velez-x-Flamengo-pela-Libertadores.webp\",\"width\":800,\"height\":533,\"caption\":\"Dorival J\u00fanior em V\u00e9lez x Flamengo pela Libertadores (Foto: Marcelo Cortes\/Flamengo)\"},{\"@type\":\"BreadcrumbList\",\"@id\":\"https:\/\/www.gaveanews.com\/index.php\/2022\/09\/25\/flamengo-pode-perder-o-tecnico-dorival-junior-no-final-desta-temporada-entenda\/#breadcrumb\",\"itemListElement\":[{\"@type\":\"ListItem\",\"position\":1,\"name\":\"Home\",\"item\":\"https:\/\/www.gaveanews.com\/\"},{\"@type\":\"ListItem\",\"position\":2,\"name\":\"Flamengo pode perder o t\u00e9cnico Dorival Junior no final desta temporada; entenda\"}]},{\"@type\":\"WebSite\",\"@id\":\"https:\/\/www.gaveanews.com\/#website\",\"url\":\"https:\/\/www.gaveanews.com\/\",\"name\":\"G\u00e1vea News\",\"description\":\"Veja todas as not\u00edcias sobre o Flamengo: Contrata\u00e7\u00f5es, categorias de base, resultados das partidas, tabela de classifica\u00e7\u00e3o, pr\u00f3ximos jogos!\",\"potentialAction\":[{\"@type\":\"SearchAction\",\"target\":{\"@type\":\"EntryPoint\",\"urlTemplate\":\"https:\/\/www.gaveanews.com\/?s={search_term_string}\"},\"query-input\":{\"@type\":\"PropertyValueSpecification\",\"valueRequired\":true,\"valueName\":\"search_term_string\"}}],\"inLanguage\":\"pt-BR\"},{\"@type\":\"Person\",\"@id\":\"https:\/\/www.gaveanews.com\/#\/schema\/person\/2ec14f73fb96be2caf28f91afb14749d\",\"name\":\"Equipe G\u00e1vea News\",\"image\":{\"@type\":\"ImageObject\",\"inLanguage\":\"pt-BR\",\"@id\":\"https:\/\/www.gaveanews.com\/#\/schema\/person\/image\/\",\"url\":\"https:\/\/secure.gravatar.com\/avatar\/1e1956f1facbffd3f8fa53a326721950116b3b9dc9bd44939c01180fd4a745a9?s=96&d=mm&r=g\",\"contentUrl\":\"https:\/\/secure.gravatar.com\/avatar\/1e1956f1facbffd3f8fa53a326721950116b3b9dc9bd44939c01180fd4a745a9?s=96&d=mm&r=g\",\"caption\":\"Equipe G\u00e1vea News\"}}]}<\/script>\n<!-- \/ Yoast SEO Premium plugin. -->","yoast_head_json":{"title":"Flamengo pode perder o t\u00e9cnico Dorival Junior no final desta temporada; entenda","description":"Dorival faz um grande trabalho \u00e0 frente do Flamengo, conseguindo fazer a equipe passar de desacreditada para postulante \u00e0 t\u00edtulos.","robots":{"index":"index","follow":"follow","max-snippet":"max-snippet:-1","max-image-preview":"max-image-preview:large","max-video-preview":"max-video-preview:-1"},"canonical":"https:\/\/www.gaveanews.com\/index.php\/2022\/09\/25\/flamengo-pode-perder-o-tecnico-dorival-junior-no-final-desta-temporada-entenda\/","og_locale":"pt_BR","og_type":"article","og_title":"Flamengo pode perder o t\u00e9cnico Dorival Junior no final desta temporada; entenda","og_description":"Dorival faz um grande trabalho \u00e0 frente do Flamengo, conseguindo fazer a equipe passar de desacreditada para postulante \u00e0 t\u00edtulos.","og_url":"https:\/\/www.gaveanews.com\/index.php\/2022\/09\/25\/flamengo-pode-perder-o-tecnico-dorival-junior-no-final-desta-temporada-entenda\/","og_site_name":"G\u00e1vea News","article_publisher":"https:\/\/facebook.com\/gaveaNews\/","article_published_time":"2022-09-25T18:55:49+00:00","article_modified_time":"2022-09-25T18:55:52+00:00","og_image":[{"width":800,"height":533,"url":"https:\/\/www.gaveanews.com\/wp-content\/uploads\/Dorival-Junior-em-Velez-x-Flamengo-pela-Libertadores.webp","type":"image\/jpeg"}],"author":"Equipe G\u00e1vea News","twitter_card":"summary_large_image","twitter_misc":{"Escrito por":"Equipe G\u00e1vea News","Est. tempo de leitura":"2 minutos"},"schema":{"@context":"https:\/\/schema.org","@graph":[{"@type":"NewsArticle","@id":"https:\/\/www.gaveanews.com\/index.php\/2022\/09\/25\/flamengo-pode-perder-o-tecnico-dorival-junior-no-final-desta-temporada-entenda\/#article","isPartOf":{"@id":"https:\/\/www.gaveanews.com\/index.php\/2022\/09\/25\/flamengo-pode-perder-o-tecnico-dorival-junior-no-final-desta-temporada-entenda\/"},"author":{"name":"Equipe G\u00e1vea News","@id":"https:\/\/www.gaveanews.com\/#\/schema\/person\/2ec14f73fb96be2caf28f91afb14749d"},"headline":"Flamengo pode perder o t\u00e9cnico Dorival Junior no final desta temporada; entenda","datePublished":"2022-09-25T18:55:49+00:00","dateModified":"2022-09-25T18:55:52+00:00","mainEntityOfPage":{"@id":"https:\/\/www.gaveanews.com\/index.php\/2022\/09\/25\/flamengo-pode-perder-o-tecnico-dorival-junior-no-final-desta-temporada-entenda\/"},"wordCount":233,"commentCount":0,"image":{"@id":"https:\/\/www.gaveanews.com\/index.php\/2022\/09\/25\/flamengo-pode-perder-o-tecnico-dorival-junior-no-final-desta-temporada-entenda\/#primaryimage"},"thumbnailUrl":"https:\/\/www.gaveanews.com\/wp-content\/uploads\/Dorival-Junior-em-Velez-x-Flamengo-pela-Libertadores.webp","articleSection":["Flamengo"],"inLanguage":"pt-BR","potentialAction":[{"@type":"CommentAction","name":"Comment","target":["https:\/\/www.gaveanews.com\/index.php\/2022\/09\/25\/flamengo-pode-perder-o-tecnico-dorival-junior-no-final-desta-temporada-entenda\/#respond"]}],"copyrightYear":"2022","copyrightHolder":{"@id":"https:\/\/www.gaveanews.com\/#organization"}},{"@type":"WebPage","@id":"https:\/\/www.gaveanews.com\/index.php\/2022\/09\/25\/flamengo-pode-perder-o-tecnico-dorival-junior-no-final-desta-temporada-entenda\/","url":"https:\/\/www.gaveanews.com\/index.php\/2022\/09\/25\/flamengo-pode-perder-o-tecnico-dorival-junior-no-final-desta-temporada-entenda\/","name":"Flamengo pode perder o t\u00e9cnico Dorival Junior no final desta temporada; entenda","isPartOf":{"@id":"https:\/\/www.gaveanews.com\/#website"},"primaryImageOfPage":{"@id":"https:\/\/www.gaveanews.com\/index.php\/2022\/09\/25\/flamengo-pode-perder-o-tecnico-dorival-junior-no-final-desta-temporada-entenda\/#primaryimage"},"image":{"@id":"https:\/\/www.gaveanews.com\/index.php\/2022\/09\/25\/flamengo-pode-perder-o-tecnico-dorival-junior-no-final-desta-temporada-entenda\/#primaryimage"},"thumbnailUrl":"https:\/\/www.gaveanews.com\/wp-content\/uploads\/Dorival-Junior-em-Velez-x-Flamengo-pela-Libertadores.webp","datePublished":"2022-09-25T18:55:49+00:00","dateModified":"2022-09-25T18:55:52+00:00","author":{"@id":"https:\/\/www.gaveanews.com\/#\/schema\/person\/2ec14f73fb96be2caf28f91afb14749d"},"description":"Dorival faz um grande trabalho \u00e0 frente do Flamengo, conseguindo fazer a equipe passar de desacreditada para postulante \u00e0 t\u00edtulos.","breadcrumb":{"@id":"https:\/\/www.gaveanews.com\/index.php\/2022\/09\/25\/flamengo-pode-perder-o-tecnico-dorival-junior-no-final-desta-temporada-entenda\/#breadcrumb"},"inLanguage":"pt-BR","potentialAction":[{"@type":"ReadAction","target":["https:\/\/www.gaveanews.com\/index.php\/2022\/09\/25\/flamengo-pode-perder-o-tecnico-dorival-junior-no-final-desta-temporada-entenda\/"]}]},{"@type":"ImageObject","inLanguage":"pt-BR","@id":"https:\/\/www.gaveanews.com\/index.php\/2022\/09\/25\/flamengo-pode-perder-o-tecnico-dorival-junior-no-final-desta-temporada-entenda\/#primaryimage","url":"https:\/\/www.gaveanews.com\/wp-content\/uploads\/Dorival-Junior-em-Velez-x-Flamengo-pela-Libertadores.webp","contentUrl":"https:\/\/www.gaveanews.com\/wp-content\/uploads\/Dorival-Junior-em-Velez-x-Flamengo-pela-Libertadores.webp","width":800,"height":533,"caption":"Dorival J\u00fanior em V\u00e9lez x Flamengo pela Libertadores (Foto: Marcelo Cortes\/Flamengo)"},{"@type":"BreadcrumbList","@id":"https:\/\/www.gaveanews.com\/index.php\/2022\/09\/25\/flamengo-pode-perder-o-tecnico-dorival-junior-no-final-desta-temporada-entenda\/#breadcrumb","itemListElement":[{"@type":"ListItem","position":1,"name":"Home","item":"https:\/\/www.gaveanews.com\/"},{"@type":"ListItem","position":2,"name":"Flamengo pode perder o t\u00e9cnico Dorival Junior no final desta temporada; entenda"}]},{"@type":"WebSite","@id":"https:\/\/www.gaveanews.com\/#website","url":"https:\/\/www.gaveanews.com\/","name":"G\u00e1vea News","description":"Veja todas as not\u00edcias sobre o Flamengo: Contrata\u00e7\u00f5es, categorias de base, resultados das partidas, tabela de classifica\u00e7\u00e3o, pr\u00f3ximos jogos!","potentialAction":[{"@type":"SearchAction","target":{"@type":"EntryPoint","urlTemplate":"https:\/\/www.gaveanews.com\/?s={search_term_string}"},"query-input":{"@type":"PropertyValueSpecification","valueRequired":true,"valueName":"search_term_string"}}],"inLanguage":"pt-BR"},{"@type":"Person","@id":"https:\/\/www.gaveanews.com\/#\/schema\/person\/2ec14f73fb96be2caf28f91afb14749d","name":"Equipe G\u00e1vea News","image":{"@type":"ImageObject","inLanguage":"pt-BR","@id":"https:\/\/www.gaveanews.com\/#\/schema\/person\/image\/","url":"https:\/\/secure.gravatar.com\/avatar\/1e1956f1facbffd3f8fa53a326721950116b3b9dc9bd44939c01180fd4a745a9?s=96&d=mm&r=g","contentUrl":"https:\/\/secure.gravatar.com\/avatar\/1e1956f1facbffd3f8fa53a326721950116b3b9dc9bd44939c01180fd4a745a9?s=96&d=mm&r=g","caption":"Equipe G\u00e1vea News"}}]}},"_links":{"self":[{"href":"https:\/\/www.gaveanews.com\/index.php\/wp-json\/wp\/v2\/posts\/88026","targetHints":{"allow":["GET"]}}],"collection":[{"href":"https:\/\/www.gaveanews.com\/index.php\/wp-json\/wp\/v2\/posts"}],"about":[{"href":"https:\/\/www.gaveanews.com\/index.php\/wp-json\/wp\/v2\/types\/post"}],"author":[{"embeddable":true,"href":"https:\/\/www.gaveanews.com\/index.php\/wp-json\/wp\/v2\/users\/1"}],"replies":[{"embeddable":true,"href":"https:\/\/www.gaveanews.com\/index.php\/wp-json\/wp\/v2\/comments?post=88026"}],"version-history":[{"count":0,"href":"https:\/\/www.gaveanews.com\/index.php\/wp-json\/wp\/v2\/posts\/88026\/revisions"}],"wp:featuredmedia":[{"embeddable":true,"href":"https:\/\/www.gaveanews.com\/index.php\/wp-json\/wp\/v2\/media\/86780"}],"wp:attachment":[{"href":"https:\/\/www.gaveanews.com\/index.php\/wp-json\/wp\/v2\/media?parent=88026"}],"wp:term":[{"taxonomy":"category","embeddable":true,"href":"https:\/\/www.gaveanews.com\/index.php\/wp-json\/wp\/v2\/categories?post=88026"},{"taxonomy":"post_tag","embeddable":true,"href":"https:\/\/www.gaveanews.com\/index.php\/wp-json\/wp\/v2\/tags?post=88026"}],"curies":[{"name":"wp","href":"https:\/\/api.w.org\/{rel}","templated":true}]}}