{"id":88036,"date":"2022-09-25T20:03:55","date_gmt":"2022-09-25T23:03:55","guid":{"rendered":"https:\/\/www.gaveanews.com\/?p=88036"},"modified":"2022-09-25T20:04:31","modified_gmt":"2022-09-25T23:04:31","slug":"dorival-junior-ganha-tempo-mas-precisa-superar-quebra-cabeca-no-flamengo","status":"publish","type":"post","link":"https:\/\/www.gaveanews.com\/index.php\/2022\/09\/25\/dorival-junior-ganha-tempo-mas-precisa-superar-quebra-cabeca-no-flamengo\/","title":{"rendered":"Dorival Junior ganha tempo, mas precisa superar &#8216;quebra-cabe\u00e7a&#8217; no Flamengo"},"content":{"rendered":"\n<p>A pausa no calend\u00e1rio brasileiro para a data Fifa deu ao t\u00e9cnico Dorival J\u00fanior um per\u00edodo mais longo para treinamentos junto ao elenco do Flamengo e, ao mesmo tempo, um &#8220;quebra-cabe\u00e7a&#8221; a ser montado para o duelo com o Fortaleza, nesta quarta-feira (28), na Arena Castel\u00e3o, pelo Campeonato Brasileiro.<\/p>\n\n\n\n<p>O cen\u00e1rio atual, inclusive, pode fazer a comiss\u00e3o t\u00e9cnica mandar a campo uma equipe com uma face diferente em meio \u00e0 estrat\u00e9gia do &#8220;time das Copas&#8221; e &#8220;time dos pontos corridos&#8221;.<\/p>\n\n\n\n<p>Para o confronto com o Le\u00e3o, Dorival n\u00e3o ter\u00e1 os atacantes Everton Cebolinha e Marinho, que foram expulsos no cl\u00e1ssico com o Fluminense. Al\u00e9m disso, Everton Ribeiro e Pedro est\u00e3o com a sele\u00e7\u00e3o brasileira; Arrascaeta e Varela com a equipe uruguaia, e Vidal e Pulgar est\u00e3o \u00e0 disposi\u00e7\u00e3o do Chile.<br>Ribeiro, Pedro e Arrascaeta fazem parte da considerada equipe titular. Vidal, Cebolinha e Marinho integram o apontado como time B, mas acionados com certa const\u00e2ncia tamb\u00e9m nos mata-matas, enquanto Varela e Pulgar buscam uma sequ\u00eancia maior no clube da G\u00e1vea.<\/p>\n\n\n\n<p><em>\u2014 Meu pensamento \u00e9 manter o que temos feito. N\u00e3o abrimos m\u00e3o do campeonato. Infelizmente pode ser que nos afastemos um pouco mais por conta do resultado de hoje. \u00c9 uma realidade e temos que lidar com isso. N\u00f3s vamos entrar em campo com o esp\u00edrito de vit\u00f3ria. Contra o Fortaleza n\u00e3o teremos oito jogadores: seis convocados e dois expulsos. Precisamos nos preparar ainda mais para fazer um grande jogo e voltar com um grande resultado l\u00e1 de Fortaleza<\/em>, disse Dorival, ap\u00f3s o jogo do \u00faltimo domingo.<\/p>\n\n\n\n<p>Os jogos decisivos da Copa do Brasil, contra o Corinthians, v\u00e3o acontecer nos dias 12 e 19 de outubro, enquanto a final da Libertadores, diante do Athletico-PR, no Equador, ser\u00e1 no dia 29.<\/p>\n\n\n\n<p>At\u00e9 l\u00e1, o Rubro-Negro tem quatro compromissos pelo Brasileiro, contra Fortaleza, Red Bull Bragantino, Internacional e Cuiab\u00e1. Atualmente, o Fla est\u00e1 na quarta coloca\u00e7\u00e3o, com 45 pontos, 12 atr\u00e1s do l\u00edder Palmeiras.<\/p>\n\n\n\n<h2 class=\"wp-block-heading\" id=\"h-uruguai-segue-orientacao-do-flamengo\">Uruguai segue orienta\u00e7\u00e3o do Flamengo<\/h2>\n\n\n\n<p>Como o UOL Esporte mostrou em mat\u00e9ria publicada no \u00faltimo dia 20, o meia Arrascaeta inspira cuidados e ligou o alerta no Flamengo. O meia est\u00e1 com uma pubalgia, mas atuar\u00e1 no sacrif\u00edcio at\u00e9 o fim do ano por causa das decis\u00f5es importantes que a equipe tem pela frente nesta reta final de 2022.<\/p>\n\n\n\n<p>Apesar de toda a preocupa\u00e7\u00e3o que o clube demonstrava com a forma como ele poderia ser usado nos amistosos do Uruguai, a sele\u00e7\u00e3o Celeste seguiu as orienta\u00e7\u00f5es do departamento m\u00e9dico rubro-negro e utilizou o meia com cautela contra o Ir\u00e3, em Viena, na \u00c1ustria. Ele entrou aos 26 minutos do segundo tempo, teve uma boa participa\u00e7\u00e3o, apesar da pouca perman\u00eancia em campo, e quase fez um gola\u00e7o por cobertura. O Uruguai perdeu por 1 a 0.<\/p>\n\n\n\n<p><em>\u2014 Isso tudo \u00e9 alinhado diretamente. Tannure est\u00e1 em contato direto com todo o departamento m\u00e9dico das sele\u00e7\u00f5es. Isso foi passado. O que queremos \u00e9 evitar que percamos um jogador em um momento como esse. \u00c9 um inc\u00f4modo que ele tem e ele vai conviver com isso at\u00e9 o fim do ano. N\u00e3o tem outro caminho. Ter\u00e1 momentos que a gente precisar\u00e1 tir\u00e1-lo ou ficar fora. Ele vai para sele\u00e7\u00e3o, n\u00f3s temos que ter cuidado. Ele est\u00e1 orientado, e o pr\u00f3prio departamento m\u00e9dico do Uruguai. Chegaremos com todos eles em totais condi\u00e7\u00f5es para as datas principais<\/em>, apontou Dorival.<\/p>\n\n\n\n<h2 class=\"wp-block-heading\" id=\"h-rodrigo-caio-fora-da-temporada\">Rodrigo Caio fora da temporada<\/h2>\n\n\n\n<p>Na \u00faltima sexta-feira, o Flamengo anunciou que o zagueiro Rodrigo Caio ter\u00e1 de passar por uma artroscopia e n\u00e3o atua mais nesta temporada. O atacante Bruno Henrique trata uma les\u00e3o multiligamentar no joelho direito e tamb\u00e9m s\u00f3 deve voltar aos gramados em 2023.<\/p>\n\n\n\n<p>Retirado de: UOL<\/p>\n","protected":false},"excerpt":{"rendered":"<p>A pausa no calend\u00e1rio brasileiro para a data Fifa deu ao t\u00e9cnico Dorival J\u00fanior um per\u00edodo mais longo para treinamentos junto ao elenco do Flamengo e, ao mesmo tempo, um &#8220;quebra-cabe\u00e7a&#8221; a ser montado para o duelo com o Fortaleza, nesta quarta-feira (28), na Arena Castel\u00e3o, pelo Campeonato Brasileiro. O cen\u00e1rio atual, inclusive, pode fazer [&hellip;]<\/p>\n","protected":false},"author":1,"featured_media":85293,"comment_status":"open","ping_status":"closed","sticky":false,"template":"","format":"standard","meta":{"footnotes":""},"categories":[1],"tags":[],"class_list":["post-88036","post","type-post","status-publish","format-standard","has-post-thumbnail","hentry","category-flamengo"],"yoast_head":"<!-- This site is optimized with the Yoast SEO Premium plugin v24.2 (Yoast SEO v26.9) - https:\/\/yoast.com\/product\/yoast-seo-premium-wordpress\/ -->\n<title>Dorival Junior ganha tempo, mas precisa superar &#039;quebra-cabe\u00e7a&#039; no Flamengo<\/title>\n<meta name=\"robots\" content=\"index, follow, max-snippet:-1, max-image-preview:large, max-video-preview:-1\" \/>\n<link rel=\"canonical\" href=\"https:\/\/www.gaveanews.com\/index.php\/2022\/09\/25\/dorival-junior-ganha-tempo-mas-precisa-superar-quebra-cabeca-no-flamengo\/\" \/>\n<meta property=\"og:locale\" content=\"pt_BR\" \/>\n<meta property=\"og:type\" content=\"article\" \/>\n<meta property=\"og:title\" content=\"Dorival Junior ganha tempo, mas precisa superar &#039;quebra-cabe\u00e7a&#039; no Flamengo\" \/>\n<meta property=\"og:description\" content=\"A pausa no calend\u00e1rio brasileiro para a data Fifa deu ao t\u00e9cnico Dorival J\u00fanior um per\u00edodo mais longo para treinamentos junto ao elenco do Flamengo e, ao mesmo tempo, um &#8220;quebra-cabe\u00e7a&#8221; a ser montado para o duelo com o Fortaleza, nesta quarta-feira (28), na Arena Castel\u00e3o, pelo Campeonato Brasileiro. O cen\u00e1rio atual, inclusive, pode fazer [&hellip;]\" \/>\n<meta property=\"og:url\" content=\"https:\/\/www.gaveanews.com\/index.php\/2022\/09\/25\/dorival-junior-ganha-tempo-mas-precisa-superar-quebra-cabeca-no-flamengo\/\" \/>\n<meta property=\"og:site_name\" content=\"G\u00e1vea News\" \/>\n<meta property=\"article:publisher\" content=\"https:\/\/facebook.com\/gaveaNews\/\" \/>\n<meta property=\"article:published_time\" content=\"2022-09-25T23:03:55+00:00\" \/>\n<meta property=\"article:modified_time\" content=\"2022-09-25T23:04:31+00:00\" \/>\n<meta property=\"og:image\" content=\"https:\/\/www.gaveanews.com\/wp-content\/uploads\/Dorival-Junior-tecnico-do-Flamengo.webp\" \/>\n\t<meta property=\"og:image:width\" content=\"799\" \/>\n\t<meta property=\"og:image:height\" content=\"532\" \/>\n\t<meta property=\"og:image:type\" content=\"image\/jpeg\" \/>\n<meta name=\"author\" content=\"Equipe G\u00e1vea News\" \/>\n<meta name=\"twitter:card\" content=\"summary_large_image\" \/>\n<meta name=\"twitter:label1\" content=\"Escrito por\" \/>\n\t<meta name=\"twitter:data1\" content=\"Equipe G\u00e1vea News\" \/>\n\t<meta name=\"twitter:label2\" content=\"Est. tempo de leitura\" \/>\n\t<meta name=\"twitter:data2\" content=\"4 minutos\" \/>\n<script type=\"application\/ld+json\" class=\"yoast-schema-graph\">{\"@context\":\"https:\/\/schema.org\",\"@graph\":[{\"@type\":\"NewsArticle\",\"@id\":\"https:\/\/www.gaveanews.com\/index.php\/2022\/09\/25\/dorival-junior-ganha-tempo-mas-precisa-superar-quebra-cabeca-no-flamengo\/#article\",\"isPartOf\":{\"@id\":\"https:\/\/www.gaveanews.com\/index.php\/2022\/09\/25\/dorival-junior-ganha-tempo-mas-precisa-superar-quebra-cabeca-no-flamengo\/\"},\"author\":{\"name\":\"Equipe G\u00e1vea News\",\"@id\":\"https:\/\/www.gaveanews.com\/#\/schema\/person\/2ec14f73fb96be2caf28f91afb14749d\"},\"headline\":\"Dorival Junior ganha tempo, mas precisa superar &#8216;quebra-cabe\u00e7a&#8217; no Flamengo\",\"datePublished\":\"2022-09-25T23:03:55+00:00\",\"dateModified\":\"2022-09-25T23:04:31+00:00\",\"mainEntityOfPage\":{\"@id\":\"https:\/\/www.gaveanews.com\/index.php\/2022\/09\/25\/dorival-junior-ganha-tempo-mas-precisa-superar-quebra-cabeca-no-flamengo\/\"},\"wordCount\":653,\"commentCount\":0,\"image\":{\"@id\":\"https:\/\/www.gaveanews.com\/index.php\/2022\/09\/25\/dorival-junior-ganha-tempo-mas-precisa-superar-quebra-cabeca-no-flamengo\/#primaryimage\"},\"thumbnailUrl\":\"https:\/\/www.gaveanews.com\/wp-content\/uploads\/Dorival-Junior-tecnico-do-Flamengo.webp\",\"articleSection\":[\"Flamengo\"],\"inLanguage\":\"pt-BR\",\"potentialAction\":[{\"@type\":\"CommentAction\",\"name\":\"Comment\",\"target\":[\"https:\/\/www.gaveanews.com\/index.php\/2022\/09\/25\/dorival-junior-ganha-tempo-mas-precisa-superar-quebra-cabeca-no-flamengo\/#respond\"]}],\"copyrightYear\":\"2022\",\"copyrightHolder\":{\"@id\":\"https:\/\/www.gaveanews.com\/#organization\"}},{\"@type\":\"WebPage\",\"@id\":\"https:\/\/www.gaveanews.com\/index.php\/2022\/09\/25\/dorival-junior-ganha-tempo-mas-precisa-superar-quebra-cabeca-no-flamengo\/\",\"url\":\"https:\/\/www.gaveanews.com\/index.php\/2022\/09\/25\/dorival-junior-ganha-tempo-mas-precisa-superar-quebra-cabeca-no-flamengo\/\",\"name\":\"Dorival Junior ganha tempo, mas precisa superar 'quebra-cabe\u00e7a' no Flamengo\",\"isPartOf\":{\"@id\":\"https:\/\/www.gaveanews.com\/#website\"},\"primaryImageOfPage\":{\"@id\":\"https:\/\/www.gaveanews.com\/index.php\/2022\/09\/25\/dorival-junior-ganha-tempo-mas-precisa-superar-quebra-cabeca-no-flamengo\/#primaryimage\"},\"image\":{\"@id\":\"https:\/\/www.gaveanews.com\/index.php\/2022\/09\/25\/dorival-junior-ganha-tempo-mas-precisa-superar-quebra-cabeca-no-flamengo\/#primaryimage\"},\"thumbnailUrl\":\"https:\/\/www.gaveanews.com\/wp-content\/uploads\/Dorival-Junior-tecnico-do-Flamengo.webp\",\"datePublished\":\"2022-09-25T23:03:55+00:00\",\"dateModified\":\"2022-09-25T23:04:31+00:00\",\"author\":{\"@id\":\"https:\/\/www.gaveanews.com\/#\/schema\/person\/2ec14f73fb96be2caf28f91afb14749d\"},\"breadcrumb\":{\"@id\":\"https:\/\/www.gaveanews.com\/index.php\/2022\/09\/25\/dorival-junior-ganha-tempo-mas-precisa-superar-quebra-cabeca-no-flamengo\/#breadcrumb\"},\"inLanguage\":\"pt-BR\",\"potentialAction\":[{\"@type\":\"ReadAction\",\"target\":[\"https:\/\/www.gaveanews.com\/index.php\/2022\/09\/25\/dorival-junior-ganha-tempo-mas-precisa-superar-quebra-cabeca-no-flamengo\/\"]}]},{\"@type\":\"ImageObject\",\"inLanguage\":\"pt-BR\",\"@id\":\"https:\/\/www.gaveanews.com\/index.php\/2022\/09\/25\/dorival-junior-ganha-tempo-mas-precisa-superar-quebra-cabeca-no-flamengo\/#primaryimage\",\"url\":\"https:\/\/www.gaveanews.com\/wp-content\/uploads\/Dorival-Junior-tecnico-do-Flamengo.webp\",\"contentUrl\":\"https:\/\/www.gaveanews.com\/wp-content\/uploads\/Dorival-Junior-tecnico-do-Flamengo.webp\",\"width\":799,\"height\":532,\"caption\":\"Dorival J\u00fanior, t\u00e9cnico do Flamengo (Foto: Marcelo Cortes\/Flamengo)\"},{\"@type\":\"BreadcrumbList\",\"@id\":\"https:\/\/www.gaveanews.com\/index.php\/2022\/09\/25\/dorival-junior-ganha-tempo-mas-precisa-superar-quebra-cabeca-no-flamengo\/#breadcrumb\",\"itemListElement\":[{\"@type\":\"ListItem\",\"position\":1,\"name\":\"Home\",\"item\":\"https:\/\/www.gaveanews.com\/\"},{\"@type\":\"ListItem\",\"position\":2,\"name\":\"Dorival Junior ganha tempo, mas precisa superar &#8216;quebra-cabe\u00e7a&#8217; no Flamengo\"}]},{\"@type\":\"WebSite\",\"@id\":\"https:\/\/www.gaveanews.com\/#website\",\"url\":\"https:\/\/www.gaveanews.com\/\",\"name\":\"G\u00e1vea News\",\"description\":\"Veja todas as not\u00edcias sobre o Flamengo: Contrata\u00e7\u00f5es, categorias de base, resultados das partidas, tabela de classifica\u00e7\u00e3o, pr\u00f3ximos jogos!\",\"potentialAction\":[{\"@type\":\"SearchAction\",\"target\":{\"@type\":\"EntryPoint\",\"urlTemplate\":\"https:\/\/www.gaveanews.com\/?s={search_term_string}\"},\"query-input\":{\"@type\":\"PropertyValueSpecification\",\"valueRequired\":true,\"valueName\":\"search_term_string\"}}],\"inLanguage\":\"pt-BR\"},{\"@type\":\"Person\",\"@id\":\"https:\/\/www.gaveanews.com\/#\/schema\/person\/2ec14f73fb96be2caf28f91afb14749d\",\"name\":\"Equipe G\u00e1vea News\",\"image\":{\"@type\":\"ImageObject\",\"inLanguage\":\"pt-BR\",\"@id\":\"https:\/\/www.gaveanews.com\/#\/schema\/person\/image\/\",\"url\":\"https:\/\/secure.gravatar.com\/avatar\/1e1956f1facbffd3f8fa53a326721950116b3b9dc9bd44939c01180fd4a745a9?s=96&d=mm&r=g\",\"contentUrl\":\"https:\/\/secure.gravatar.com\/avatar\/1e1956f1facbffd3f8fa53a326721950116b3b9dc9bd44939c01180fd4a745a9?s=96&d=mm&r=g\",\"caption\":\"Equipe G\u00e1vea News\"}}]}<\/script>\n<!-- \/ Yoast SEO Premium plugin. -->","yoast_head_json":{"title":"Dorival Junior ganha tempo, mas precisa superar 'quebra-cabe\u00e7a' no Flamengo","robots":{"index":"index","follow":"follow","max-snippet":"max-snippet:-1","max-image-preview":"max-image-preview:large","max-video-preview":"max-video-preview:-1"},"canonical":"https:\/\/www.gaveanews.com\/index.php\/2022\/09\/25\/dorival-junior-ganha-tempo-mas-precisa-superar-quebra-cabeca-no-flamengo\/","og_locale":"pt_BR","og_type":"article","og_title":"Dorival Junior ganha tempo, mas precisa superar 'quebra-cabe\u00e7a' no Flamengo","og_description":"A pausa no calend\u00e1rio brasileiro para a data Fifa deu ao t\u00e9cnico Dorival J\u00fanior um per\u00edodo mais longo para treinamentos junto ao elenco do Flamengo e, ao mesmo tempo, um &#8220;quebra-cabe\u00e7a&#8221; a ser montado para o duelo com o Fortaleza, nesta quarta-feira (28), na Arena Castel\u00e3o, pelo Campeonato Brasileiro. O cen\u00e1rio atual, inclusive, pode fazer [&hellip;]","og_url":"https:\/\/www.gaveanews.com\/index.php\/2022\/09\/25\/dorival-junior-ganha-tempo-mas-precisa-superar-quebra-cabeca-no-flamengo\/","og_site_name":"G\u00e1vea News","article_publisher":"https:\/\/facebook.com\/gaveaNews\/","article_published_time":"2022-09-25T23:03:55+00:00","article_modified_time":"2022-09-25T23:04:31+00:00","og_image":[{"width":799,"height":532,"url":"https:\/\/www.gaveanews.com\/wp-content\/uploads\/Dorival-Junior-tecnico-do-Flamengo.webp","type":"image\/jpeg"}],"author":"Equipe G\u00e1vea News","twitter_card":"summary_large_image","twitter_misc":{"Escrito por":"Equipe G\u00e1vea News","Est. tempo de leitura":"4 minutos"},"schema":{"@context":"https:\/\/schema.org","@graph":[{"@type":"NewsArticle","@id":"https:\/\/www.gaveanews.com\/index.php\/2022\/09\/25\/dorival-junior-ganha-tempo-mas-precisa-superar-quebra-cabeca-no-flamengo\/#article","isPartOf":{"@id":"https:\/\/www.gaveanews.com\/index.php\/2022\/09\/25\/dorival-junior-ganha-tempo-mas-precisa-superar-quebra-cabeca-no-flamengo\/"},"author":{"name":"Equipe G\u00e1vea News","@id":"https:\/\/www.gaveanews.com\/#\/schema\/person\/2ec14f73fb96be2caf28f91afb14749d"},"headline":"Dorival Junior ganha tempo, mas precisa superar &#8216;quebra-cabe\u00e7a&#8217; no Flamengo","datePublished":"2022-09-25T23:03:55+00:00","dateModified":"2022-09-25T23:04:31+00:00","mainEntityOfPage":{"@id":"https:\/\/www.gaveanews.com\/index.php\/2022\/09\/25\/dorival-junior-ganha-tempo-mas-precisa-superar-quebra-cabeca-no-flamengo\/"},"wordCount":653,"commentCount":0,"image":{"@id":"https:\/\/www.gaveanews.com\/index.php\/2022\/09\/25\/dorival-junior-ganha-tempo-mas-precisa-superar-quebra-cabeca-no-flamengo\/#primaryimage"},"thumbnailUrl":"https:\/\/www.gaveanews.com\/wp-content\/uploads\/Dorival-Junior-tecnico-do-Flamengo.webp","articleSection":["Flamengo"],"inLanguage":"pt-BR","potentialAction":[{"@type":"CommentAction","name":"Comment","target":["https:\/\/www.gaveanews.com\/index.php\/2022\/09\/25\/dorival-junior-ganha-tempo-mas-precisa-superar-quebra-cabeca-no-flamengo\/#respond"]}],"copyrightYear":"2022","copyrightHolder":{"@id":"https:\/\/www.gaveanews.com\/#organization"}},{"@type":"WebPage","@id":"https:\/\/www.gaveanews.com\/index.php\/2022\/09\/25\/dorival-junior-ganha-tempo-mas-precisa-superar-quebra-cabeca-no-flamengo\/","url":"https:\/\/www.gaveanews.com\/index.php\/2022\/09\/25\/dorival-junior-ganha-tempo-mas-precisa-superar-quebra-cabeca-no-flamengo\/","name":"Dorival Junior ganha tempo, mas precisa superar 'quebra-cabe\u00e7a' no Flamengo","isPartOf":{"@id":"https:\/\/www.gaveanews.com\/#website"},"primaryImageOfPage":{"@id":"https:\/\/www.gaveanews.com\/index.php\/2022\/09\/25\/dorival-junior-ganha-tempo-mas-precisa-superar-quebra-cabeca-no-flamengo\/#primaryimage"},"image":{"@id":"https:\/\/www.gaveanews.com\/index.php\/2022\/09\/25\/dorival-junior-ganha-tempo-mas-precisa-superar-quebra-cabeca-no-flamengo\/#primaryimage"},"thumbnailUrl":"https:\/\/www.gaveanews.com\/wp-content\/uploads\/Dorival-Junior-tecnico-do-Flamengo.webp","datePublished":"2022-09-25T23:03:55+00:00","dateModified":"2022-09-25T23:04:31+00:00","author":{"@id":"https:\/\/www.gaveanews.com\/#\/schema\/person\/2ec14f73fb96be2caf28f91afb14749d"},"breadcrumb":{"@id":"https:\/\/www.gaveanews.com\/index.php\/2022\/09\/25\/dorival-junior-ganha-tempo-mas-precisa-superar-quebra-cabeca-no-flamengo\/#breadcrumb"},"inLanguage":"pt-BR","potentialAction":[{"@type":"ReadAction","target":["https:\/\/www.gaveanews.com\/index.php\/2022\/09\/25\/dorival-junior-ganha-tempo-mas-precisa-superar-quebra-cabeca-no-flamengo\/"]}]},{"@type":"ImageObject","inLanguage":"pt-BR","@id":"https:\/\/www.gaveanews.com\/index.php\/2022\/09\/25\/dorival-junior-ganha-tempo-mas-precisa-superar-quebra-cabeca-no-flamengo\/#primaryimage","url":"https:\/\/www.gaveanews.com\/wp-content\/uploads\/Dorival-Junior-tecnico-do-Flamengo.webp","contentUrl":"https:\/\/www.gaveanews.com\/wp-content\/uploads\/Dorival-Junior-tecnico-do-Flamengo.webp","width":799,"height":532,"caption":"Dorival J\u00fanior, t\u00e9cnico do Flamengo (Foto: Marcelo Cortes\/Flamengo)"},{"@type":"BreadcrumbList","@id":"https:\/\/www.gaveanews.com\/index.php\/2022\/09\/25\/dorival-junior-ganha-tempo-mas-precisa-superar-quebra-cabeca-no-flamengo\/#breadcrumb","itemListElement":[{"@type":"ListItem","position":1,"name":"Home","item":"https:\/\/www.gaveanews.com\/"},{"@type":"ListItem","position":2,"name":"Dorival Junior ganha tempo, mas precisa superar &#8216;quebra-cabe\u00e7a&#8217; no Flamengo"}]},{"@type":"WebSite","@id":"https:\/\/www.gaveanews.com\/#website","url":"https:\/\/www.gaveanews.com\/","name":"G\u00e1vea News","description":"Veja todas as not\u00edcias sobre o Flamengo: Contrata\u00e7\u00f5es, categorias de base, resultados das partidas, tabela de classifica\u00e7\u00e3o, pr\u00f3ximos jogos!","potentialAction":[{"@type":"SearchAction","target":{"@type":"EntryPoint","urlTemplate":"https:\/\/www.gaveanews.com\/?s={search_term_string}"},"query-input":{"@type":"PropertyValueSpecification","valueRequired":true,"valueName":"search_term_string"}}],"inLanguage":"pt-BR"},{"@type":"Person","@id":"https:\/\/www.gaveanews.com\/#\/schema\/person\/2ec14f73fb96be2caf28f91afb14749d","name":"Equipe G\u00e1vea News","image":{"@type":"ImageObject","inLanguage":"pt-BR","@id":"https:\/\/www.gaveanews.com\/#\/schema\/person\/image\/","url":"https:\/\/secure.gravatar.com\/avatar\/1e1956f1facbffd3f8fa53a326721950116b3b9dc9bd44939c01180fd4a745a9?s=96&d=mm&r=g","contentUrl":"https:\/\/secure.gravatar.com\/avatar\/1e1956f1facbffd3f8fa53a326721950116b3b9dc9bd44939c01180fd4a745a9?s=96&d=mm&r=g","caption":"Equipe G\u00e1vea News"}}]}},"_links":{"self":[{"href":"https:\/\/www.gaveanews.com\/index.php\/wp-json\/wp\/v2\/posts\/88036","targetHints":{"allow":["GET"]}}],"collection":[{"href":"https:\/\/www.gaveanews.com\/index.php\/wp-json\/wp\/v2\/posts"}],"about":[{"href":"https:\/\/www.gaveanews.com\/index.php\/wp-json\/wp\/v2\/types\/post"}],"author":[{"embeddable":true,"href":"https:\/\/www.gaveanews.com\/index.php\/wp-json\/wp\/v2\/users\/1"}],"replies":[{"embeddable":true,"href":"https:\/\/www.gaveanews.com\/index.php\/wp-json\/wp\/v2\/comments?post=88036"}],"version-history":[{"count":0,"href":"https:\/\/www.gaveanews.com\/index.php\/wp-json\/wp\/v2\/posts\/88036\/revisions"}],"wp:featuredmedia":[{"embeddable":true,"href":"https:\/\/www.gaveanews.com\/index.php\/wp-json\/wp\/v2\/media\/85293"}],"wp:attachment":[{"href":"https:\/\/www.gaveanews.com\/index.php\/wp-json\/wp\/v2\/media?parent=88036"}],"wp:term":[{"taxonomy":"category","embeddable":true,"href":"https:\/\/www.gaveanews.com\/index.php\/wp-json\/wp\/v2\/categories?post=88036"},{"taxonomy":"post_tag","embeddable":true,"href":"https:\/\/www.gaveanews.com\/index.php\/wp-json\/wp\/v2\/tags?post=88036"}],"curies":[{"name":"wp","href":"https:\/\/api.w.org\/{rel}","templated":true}]}}