{"id":88039,"date":"2022-09-25T21:20:31","date_gmt":"2022-09-26T00:20:31","guid":{"rendered":"https:\/\/www.gaveanews.com\/?p=88039"},"modified":"2022-09-25T21:20:34","modified_gmt":"2022-09-26T00:20:34","slug":"ex-flamengo-diz-que-perdeu-treino-apos-jantar-com-jorge-jesus-e-lembra-susto-que-tomou-na-casa-do-tecnico-agora-fo","status":"publish","type":"post","link":"https:\/\/www.gaveanews.com\/index.php\/2022\/09\/25\/ex-flamengo-diz-que-perdeu-treino-apos-jantar-com-jorge-jesus-e-lembra-susto-que-tomou-na-casa-do-tecnico-agora-fo\/","title":{"rendered":"Ex-Flamengo diz que perdeu treino ap\u00f3s jantar com Jorge Jesus e lembra susto que tomou na casa do t\u00e9cnico: &#8216;Agora fo***&#8217;"},"content":{"rendered":"\n<p>Atualmente no Fenerbah\u00e7e, Jorge Jesus mant\u00e9m a sua tradi\u00e7\u00e3o de trabalhar com jogadores brasileiros e, no momento, tem entre os seus comandados nomes como Gustavo Henrique e Willian Ar\u00e3o. E durante o seu per\u00edodo no futebol portugu\u00eas, n\u00e3o foi diferente.<\/p>\n\n\n\n<p>E um dos primeiros clubes que comandou na elite do futebol da &#8216;Terrinha&#8217; foi o Belenenses, antes mesmo de sua primeira passagem pelo Benfica, entre 2009 a 2015. E durante sua passagem pelo clube lisboeta, o Mister foi marcante para um brasileiro em especial.<\/p>\n\n\n\n<p>Contratado em 2006, o atacante Roma, atualmente aposentado e que inclusive j\u00e1 passou pelo Flamengo, contou uma hist\u00f3ria para l\u00e1 de c\u00f4mica envolvendo o t\u00e9cnico portugu\u00eas, que segundo ele j\u00e1 at\u00e9 o fez perder um treino no dia seguinte ap\u00f3s jantar na casa do treinador.<\/p>\n\n\n<div class=\"wp-block-image\">\n<figure class=\"aligncenter size-large\"><img decoding=\"async\" src=\"https:\/\/www.lance.com.br\/files\/main_gallery\/uploads\/2016\/11\/14\/5829ce953c62b.webp\" alt=\"\"\/><figcaption>Roma durante um treino do Flamengo (Foto: Sergio Moraes\/L!Sportpress)<\/figcaption><\/figure>\n<\/div>\n\n\n<p><em>\u2014 Eu cheguei no Belenenses e n\u00e3o conhecia quem era o Jorge Jesus. Agora, pensa em um cara chato, chato para c***. Ele tomava Gardenal (medicamento), parceiro, para n\u00e3o dormir e ficar vendo. Ele me convidou uma vez para jantar l\u00e1 na casa dele, tinha 10 televis\u00f5es, campeonato de tudo quanto \u00e9 lugar. &#8216;Quero fazer um jantar para ti&#8217;, &#8216;bora, professor&#8217;. Cheguei l\u00e1, jantamos, n\u00e3o falou nada, &#8216;bora l\u00e1 para a sala&#8217;. Quando eu vejo, 10 televis\u00f5es, &#8216;a gente vai ver todos os 10 campeonatos para voc\u00ea ver aqui e depois vou te explicar como que eu quero que voc\u00ea jogue&#8217;<\/em>, come\u00e7ou por dizer, em entrevista ao podcast Zueiragem.<\/p>\n\n\n\n<p><em>\u2014 &#8216;Agora fo***, essa \u00e9 a sobremesa?&#8221; (risos). A\u00ed eu, &#8216;Mister, quero ir dormir&#8217;. A\u00ed ele &#8216;n\u00e3o, n\u00e3o tem hora para voc\u00ea dormir, qualquer coisa te libero do treino&#8217;. Sa\u00ed de madrugada da casa dele, vendo todos aqueles jogos, e no outro dia eu n\u00e3o fui treinar, claro (risos)<\/em>, prosseguiu.<\/p>\n\n\n\n<p>E a paix\u00e3o do t\u00e9cnico portugu\u00eas pela t\u00e1tica e pelo futebol em si marcaram positivamente o ex-atacante, que lembra com carinho do per\u00edodo no Belenenses.<\/p>\n\n\n\n<p><em>\u2014 \u00c9 um cara que me ensinou muito. Tecnicamente, taticamente, foi o cara com quem eu mais aprendi. Foi (o melhor na parte t\u00e9cnica e t\u00e1tica). Era aula. Exigente, mas muito bom. Aqui no Brasil a gente n\u00e3o tem isso de treinar no dia do jogo, e o primeiro treinador que eu vi, porque ele era t\u00e3o tarado por treino e por jogo, que a gente concentrado ia para o hotel, ia para o est\u00e1dio de manh\u00e3 treinar posicionamento do time. E tudo o que ele falava ca\u00eda<\/em>, disse.<\/p>\n\n\n\n<p><em>\u2014 Esse ano chegamos na Uefa (Europa League), s\u00f3 ficamos atr\u00e1s dos tr\u00eas grandes (Benfica, Porto e Sporting), ficamos na frente do Braga, eles ficaram em 5\u00b0, e n\u00f3s em 4\u00b0. Fui vice-campe\u00e3o da Ta\u00e7a de Portugal, perdemos para o Sporting com gol do Liedson. Perdemos de 1 a 0 para l\u00e1. Fizemos uma temporada boa l\u00e1<\/em>, finalizou.<\/p>\n\n\n\n<p>Retirado de: ESPN<\/p>\n","protected":false},"excerpt":{"rendered":"<p>Atualmente no Fenerbah\u00e7e, Jorge Jesus mant\u00e9m a sua tradi\u00e7\u00e3o de trabalhar com jogadores brasileiros e, no momento, tem entre os seus comandados nomes como Gustavo Henrique e Willian Ar\u00e3o. E durante o seu per\u00edodo no futebol portugu\u00eas, n\u00e3o foi diferente. E um dos primeiros clubes que comandou na elite do futebol da &#8216;Terrinha&#8217; foi o [&hellip;]<\/p>\n","protected":false},"author":1,"featured_media":28886,"comment_status":"open","ping_status":"closed","sticky":false,"template":"","format":"standard","meta":{"footnotes":""},"categories":[1],"tags":[],"class_list":["post-88039","post","type-post","status-publish","format-standard","has-post-thumbnail","hentry","category-flamengo"],"yoast_head":"<!-- This site is optimized with the Yoast SEO Premium plugin v24.2 (Yoast SEO v26.9) - https:\/\/yoast.com\/product\/yoast-seo-premium-wordpress\/ -->\n<title>Ex-Flamengo diz que perdeu treino ap\u00f3s jantar com Jorge Jesus e lembra susto que tomou na casa do t\u00e9cnico: &#039;Agora fo***&#039;<\/title>\n<meta name=\"robots\" content=\"index, follow, max-snippet:-1, max-image-preview:large, max-video-preview:-1\" \/>\n<link rel=\"canonical\" href=\"https:\/\/www.gaveanews.com\/index.php\/2022\/09\/25\/ex-flamengo-diz-que-perdeu-treino-apos-jantar-com-jorge-jesus-e-lembra-susto-que-tomou-na-casa-do-tecnico-agora-fo\/\" \/>\n<meta property=\"og:locale\" content=\"pt_BR\" \/>\n<meta property=\"og:type\" content=\"article\" \/>\n<meta property=\"og:title\" content=\"Ex-Flamengo diz que perdeu treino ap\u00f3s jantar com Jorge Jesus e lembra susto que tomou na casa do t\u00e9cnico: &#039;Agora fo***&#039;\" \/>\n<meta property=\"og:description\" content=\"Atualmente no Fenerbah\u00e7e, Jorge Jesus mant\u00e9m a sua tradi\u00e7\u00e3o de trabalhar com jogadores brasileiros e, no momento, tem entre os seus comandados nomes como Gustavo Henrique e Willian Ar\u00e3o. E durante o seu per\u00edodo no futebol portugu\u00eas, n\u00e3o foi diferente. E um dos primeiros clubes que comandou na elite do futebol da &#8216;Terrinha&#8217; foi o [&hellip;]\" \/>\n<meta property=\"og:url\" content=\"https:\/\/www.gaveanews.com\/index.php\/2022\/09\/25\/ex-flamengo-diz-que-perdeu-treino-apos-jantar-com-jorge-jesus-e-lembra-susto-que-tomou-na-casa-do-tecnico-agora-fo\/\" \/>\n<meta property=\"og:site_name\" content=\"G\u00e1vea News\" \/>\n<meta property=\"article:publisher\" content=\"https:\/\/facebook.com\/gaveaNews\/\" \/>\n<meta property=\"article:published_time\" content=\"2022-09-26T00:20:31+00:00\" \/>\n<meta property=\"article:modified_time\" content=\"2022-09-26T00:20:34+00:00\" \/>\n<meta property=\"og:image\" content=\"https:\/\/www.gaveanews.com\/wp-content\/uploads\/Jorge-Jesus-durante-uma-partida-do-Flamengo.webp\" \/>\n\t<meta property=\"og:image:width\" content=\"900\" \/>\n\t<meta property=\"og:image:height\" content=\"600\" \/>\n\t<meta property=\"og:image:type\" content=\"image\/jpeg\" \/>\n<meta name=\"author\" content=\"Equipe G\u00e1vea News\" \/>\n<meta name=\"twitter:card\" content=\"summary_large_image\" \/>\n<meta name=\"twitter:label1\" content=\"Escrito por\" \/>\n\t<meta name=\"twitter:data1\" content=\"Equipe G\u00e1vea News\" \/>\n\t<meta name=\"twitter:label2\" content=\"Est. tempo de leitura\" \/>\n\t<meta name=\"twitter:data2\" content=\"3 minutos\" \/>\n<script type=\"application\/ld+json\" class=\"yoast-schema-graph\">{\"@context\":\"https:\/\/schema.org\",\"@graph\":[{\"@type\":\"NewsArticle\",\"@id\":\"https:\/\/www.gaveanews.com\/index.php\/2022\/09\/25\/ex-flamengo-diz-que-perdeu-treino-apos-jantar-com-jorge-jesus-e-lembra-susto-que-tomou-na-casa-do-tecnico-agora-fo\/#article\",\"isPartOf\":{\"@id\":\"https:\/\/www.gaveanews.com\/index.php\/2022\/09\/25\/ex-flamengo-diz-que-perdeu-treino-apos-jantar-com-jorge-jesus-e-lembra-susto-que-tomou-na-casa-do-tecnico-agora-fo\/\"},\"author\":{\"name\":\"Equipe G\u00e1vea News\",\"@id\":\"https:\/\/www.gaveanews.com\/#\/schema\/person\/2ec14f73fb96be2caf28f91afb14749d\"},\"headline\":\"Ex-Flamengo diz que perdeu treino ap\u00f3s jantar com Jorge Jesus e lembra susto que tomou na casa do t\u00e9cnico: &#8216;Agora fo***&#8217;\",\"datePublished\":\"2022-09-26T00:20:31+00:00\",\"dateModified\":\"2022-09-26T00:20:34+00:00\",\"mainEntityOfPage\":{\"@id\":\"https:\/\/www.gaveanews.com\/index.php\/2022\/09\/25\/ex-flamengo-diz-que-perdeu-treino-apos-jantar-com-jorge-jesus-e-lembra-susto-que-tomou-na-casa-do-tecnico-agora-fo\/\"},\"wordCount\":517,\"commentCount\":0,\"image\":{\"@id\":\"https:\/\/www.gaveanews.com\/index.php\/2022\/09\/25\/ex-flamengo-diz-que-perdeu-treino-apos-jantar-com-jorge-jesus-e-lembra-susto-que-tomou-na-casa-do-tecnico-agora-fo\/#primaryimage\"},\"thumbnailUrl\":\"https:\/\/www.gaveanews.com\/wp-content\/uploads\/Jorge-Jesus-durante-uma-partida-do-Flamengo.webp\",\"articleSection\":[\"Flamengo\"],\"inLanguage\":\"pt-BR\",\"potentialAction\":[{\"@type\":\"CommentAction\",\"name\":\"Comment\",\"target\":[\"https:\/\/www.gaveanews.com\/index.php\/2022\/09\/25\/ex-flamengo-diz-que-perdeu-treino-apos-jantar-com-jorge-jesus-e-lembra-susto-que-tomou-na-casa-do-tecnico-agora-fo\/#respond\"]}],\"copyrightYear\":\"2022\",\"copyrightHolder\":{\"@id\":\"https:\/\/www.gaveanews.com\/#organization\"}},{\"@type\":\"WebPage\",\"@id\":\"https:\/\/www.gaveanews.com\/index.php\/2022\/09\/25\/ex-flamengo-diz-que-perdeu-treino-apos-jantar-com-jorge-jesus-e-lembra-susto-que-tomou-na-casa-do-tecnico-agora-fo\/\",\"url\":\"https:\/\/www.gaveanews.com\/index.php\/2022\/09\/25\/ex-flamengo-diz-que-perdeu-treino-apos-jantar-com-jorge-jesus-e-lembra-susto-que-tomou-na-casa-do-tecnico-agora-fo\/\",\"name\":\"Ex-Flamengo diz que perdeu treino ap\u00f3s jantar com Jorge Jesus e lembra susto que tomou na casa do t\u00e9cnico: 'Agora fo***'\",\"isPartOf\":{\"@id\":\"https:\/\/www.gaveanews.com\/#website\"},\"primaryImageOfPage\":{\"@id\":\"https:\/\/www.gaveanews.com\/index.php\/2022\/09\/25\/ex-flamengo-diz-que-perdeu-treino-apos-jantar-com-jorge-jesus-e-lembra-susto-que-tomou-na-casa-do-tecnico-agora-fo\/#primaryimage\"},\"image\":{\"@id\":\"https:\/\/www.gaveanews.com\/index.php\/2022\/09\/25\/ex-flamengo-diz-que-perdeu-treino-apos-jantar-com-jorge-jesus-e-lembra-susto-que-tomou-na-casa-do-tecnico-agora-fo\/#primaryimage\"},\"thumbnailUrl\":\"https:\/\/www.gaveanews.com\/wp-content\/uploads\/Jorge-Jesus-durante-uma-partida-do-Flamengo.webp\",\"datePublished\":\"2022-09-26T00:20:31+00:00\",\"dateModified\":\"2022-09-26T00:20:34+00:00\",\"author\":{\"@id\":\"https:\/\/www.gaveanews.com\/#\/schema\/person\/2ec14f73fb96be2caf28f91afb14749d\"},\"breadcrumb\":{\"@id\":\"https:\/\/www.gaveanews.com\/index.php\/2022\/09\/25\/ex-flamengo-diz-que-perdeu-treino-apos-jantar-com-jorge-jesus-e-lembra-susto-que-tomou-na-casa-do-tecnico-agora-fo\/#breadcrumb\"},\"inLanguage\":\"pt-BR\",\"potentialAction\":[{\"@type\":\"ReadAction\",\"target\":[\"https:\/\/www.gaveanews.com\/index.php\/2022\/09\/25\/ex-flamengo-diz-que-perdeu-treino-apos-jantar-com-jorge-jesus-e-lembra-susto-que-tomou-na-casa-do-tecnico-agora-fo\/\"]}]},{\"@type\":\"ImageObject\",\"inLanguage\":\"pt-BR\",\"@id\":\"https:\/\/www.gaveanews.com\/index.php\/2022\/09\/25\/ex-flamengo-diz-que-perdeu-treino-apos-jantar-com-jorge-jesus-e-lembra-susto-que-tomou-na-casa-do-tecnico-agora-fo\/#primaryimage\",\"url\":\"https:\/\/www.gaveanews.com\/wp-content\/uploads\/Jorge-Jesus-durante-uma-partida-do-Flamengo.webp\",\"contentUrl\":\"https:\/\/www.gaveanews.com\/wp-content\/uploads\/Jorge-Jesus-durante-uma-partida-do-Flamengo.webp\",\"width\":900,\"height\":600,\"caption\":\"Jorge Jesus durante uma partida do Flamengo (Foto: Alexandre Vidal\/Flamengo)\"},{\"@type\":\"BreadcrumbList\",\"@id\":\"https:\/\/www.gaveanews.com\/index.php\/2022\/09\/25\/ex-flamengo-diz-que-perdeu-treino-apos-jantar-com-jorge-jesus-e-lembra-susto-que-tomou-na-casa-do-tecnico-agora-fo\/#breadcrumb\",\"itemListElement\":[{\"@type\":\"ListItem\",\"position\":1,\"name\":\"Home\",\"item\":\"https:\/\/www.gaveanews.com\/\"},{\"@type\":\"ListItem\",\"position\":2,\"name\":\"Ex-Flamengo diz que perdeu treino ap\u00f3s jantar com Jorge Jesus e lembra susto que tomou na casa do t\u00e9cnico: &#8216;Agora fo***&#8217;\"}]},{\"@type\":\"WebSite\",\"@id\":\"https:\/\/www.gaveanews.com\/#website\",\"url\":\"https:\/\/www.gaveanews.com\/\",\"name\":\"G\u00e1vea News\",\"description\":\"Veja todas as not\u00edcias sobre o Flamengo: Contrata\u00e7\u00f5es, categorias de base, resultados das partidas, tabela de classifica\u00e7\u00e3o, pr\u00f3ximos jogos!\",\"potentialAction\":[{\"@type\":\"SearchAction\",\"target\":{\"@type\":\"EntryPoint\",\"urlTemplate\":\"https:\/\/www.gaveanews.com\/?s={search_term_string}\"},\"query-input\":{\"@type\":\"PropertyValueSpecification\",\"valueRequired\":true,\"valueName\":\"search_term_string\"}}],\"inLanguage\":\"pt-BR\"},{\"@type\":\"Person\",\"@id\":\"https:\/\/www.gaveanews.com\/#\/schema\/person\/2ec14f73fb96be2caf28f91afb14749d\",\"name\":\"Equipe G\u00e1vea News\",\"image\":{\"@type\":\"ImageObject\",\"inLanguage\":\"pt-BR\",\"@id\":\"https:\/\/www.gaveanews.com\/#\/schema\/person\/image\/\",\"url\":\"https:\/\/secure.gravatar.com\/avatar\/1e1956f1facbffd3f8fa53a326721950116b3b9dc9bd44939c01180fd4a745a9?s=96&d=mm&r=g\",\"contentUrl\":\"https:\/\/secure.gravatar.com\/avatar\/1e1956f1facbffd3f8fa53a326721950116b3b9dc9bd44939c01180fd4a745a9?s=96&d=mm&r=g\",\"caption\":\"Equipe G\u00e1vea News\"}}]}<\/script>\n<!-- \/ Yoast SEO Premium plugin. -->","yoast_head_json":{"title":"Ex-Flamengo diz que perdeu treino ap\u00f3s jantar com Jorge Jesus e lembra susto que tomou na casa do t\u00e9cnico: 'Agora fo***'","robots":{"index":"index","follow":"follow","max-snippet":"max-snippet:-1","max-image-preview":"max-image-preview:large","max-video-preview":"max-video-preview:-1"},"canonical":"https:\/\/www.gaveanews.com\/index.php\/2022\/09\/25\/ex-flamengo-diz-que-perdeu-treino-apos-jantar-com-jorge-jesus-e-lembra-susto-que-tomou-na-casa-do-tecnico-agora-fo\/","og_locale":"pt_BR","og_type":"article","og_title":"Ex-Flamengo diz que perdeu treino ap\u00f3s jantar com Jorge Jesus e lembra susto que tomou na casa do t\u00e9cnico: 'Agora fo***'","og_description":"Atualmente no Fenerbah\u00e7e, Jorge Jesus mant\u00e9m a sua tradi\u00e7\u00e3o de trabalhar com jogadores brasileiros e, no momento, tem entre os seus comandados nomes como Gustavo Henrique e Willian Ar\u00e3o. E durante o seu per\u00edodo no futebol portugu\u00eas, n\u00e3o foi diferente. E um dos primeiros clubes que comandou na elite do futebol da &#8216;Terrinha&#8217; foi o [&hellip;]","og_url":"https:\/\/www.gaveanews.com\/index.php\/2022\/09\/25\/ex-flamengo-diz-que-perdeu-treino-apos-jantar-com-jorge-jesus-e-lembra-susto-que-tomou-na-casa-do-tecnico-agora-fo\/","og_site_name":"G\u00e1vea News","article_publisher":"https:\/\/facebook.com\/gaveaNews\/","article_published_time":"2022-09-26T00:20:31+00:00","article_modified_time":"2022-09-26T00:20:34+00:00","og_image":[{"width":900,"height":600,"url":"https:\/\/www.gaveanews.com\/wp-content\/uploads\/Jorge-Jesus-durante-uma-partida-do-Flamengo.webp","type":"image\/jpeg"}],"author":"Equipe G\u00e1vea News","twitter_card":"summary_large_image","twitter_misc":{"Escrito por":"Equipe G\u00e1vea News","Est. tempo de leitura":"3 minutos"},"schema":{"@context":"https:\/\/schema.org","@graph":[{"@type":"NewsArticle","@id":"https:\/\/www.gaveanews.com\/index.php\/2022\/09\/25\/ex-flamengo-diz-que-perdeu-treino-apos-jantar-com-jorge-jesus-e-lembra-susto-que-tomou-na-casa-do-tecnico-agora-fo\/#article","isPartOf":{"@id":"https:\/\/www.gaveanews.com\/index.php\/2022\/09\/25\/ex-flamengo-diz-que-perdeu-treino-apos-jantar-com-jorge-jesus-e-lembra-susto-que-tomou-na-casa-do-tecnico-agora-fo\/"},"author":{"name":"Equipe G\u00e1vea News","@id":"https:\/\/www.gaveanews.com\/#\/schema\/person\/2ec14f73fb96be2caf28f91afb14749d"},"headline":"Ex-Flamengo diz que perdeu treino ap\u00f3s jantar com Jorge Jesus e lembra susto que tomou na casa do t\u00e9cnico: &#8216;Agora fo***&#8217;","datePublished":"2022-09-26T00:20:31+00:00","dateModified":"2022-09-26T00:20:34+00:00","mainEntityOfPage":{"@id":"https:\/\/www.gaveanews.com\/index.php\/2022\/09\/25\/ex-flamengo-diz-que-perdeu-treino-apos-jantar-com-jorge-jesus-e-lembra-susto-que-tomou-na-casa-do-tecnico-agora-fo\/"},"wordCount":517,"commentCount":0,"image":{"@id":"https:\/\/www.gaveanews.com\/index.php\/2022\/09\/25\/ex-flamengo-diz-que-perdeu-treino-apos-jantar-com-jorge-jesus-e-lembra-susto-que-tomou-na-casa-do-tecnico-agora-fo\/#primaryimage"},"thumbnailUrl":"https:\/\/www.gaveanews.com\/wp-content\/uploads\/Jorge-Jesus-durante-uma-partida-do-Flamengo.webp","articleSection":["Flamengo"],"inLanguage":"pt-BR","potentialAction":[{"@type":"CommentAction","name":"Comment","target":["https:\/\/www.gaveanews.com\/index.php\/2022\/09\/25\/ex-flamengo-diz-que-perdeu-treino-apos-jantar-com-jorge-jesus-e-lembra-susto-que-tomou-na-casa-do-tecnico-agora-fo\/#respond"]}],"copyrightYear":"2022","copyrightHolder":{"@id":"https:\/\/www.gaveanews.com\/#organization"}},{"@type":"WebPage","@id":"https:\/\/www.gaveanews.com\/index.php\/2022\/09\/25\/ex-flamengo-diz-que-perdeu-treino-apos-jantar-com-jorge-jesus-e-lembra-susto-que-tomou-na-casa-do-tecnico-agora-fo\/","url":"https:\/\/www.gaveanews.com\/index.php\/2022\/09\/25\/ex-flamengo-diz-que-perdeu-treino-apos-jantar-com-jorge-jesus-e-lembra-susto-que-tomou-na-casa-do-tecnico-agora-fo\/","name":"Ex-Flamengo diz que perdeu treino ap\u00f3s jantar com Jorge Jesus e lembra susto que tomou na casa do t\u00e9cnico: 'Agora fo***'","isPartOf":{"@id":"https:\/\/www.gaveanews.com\/#website"},"primaryImageOfPage":{"@id":"https:\/\/www.gaveanews.com\/index.php\/2022\/09\/25\/ex-flamengo-diz-que-perdeu-treino-apos-jantar-com-jorge-jesus-e-lembra-susto-que-tomou-na-casa-do-tecnico-agora-fo\/#primaryimage"},"image":{"@id":"https:\/\/www.gaveanews.com\/index.php\/2022\/09\/25\/ex-flamengo-diz-que-perdeu-treino-apos-jantar-com-jorge-jesus-e-lembra-susto-que-tomou-na-casa-do-tecnico-agora-fo\/#primaryimage"},"thumbnailUrl":"https:\/\/www.gaveanews.com\/wp-content\/uploads\/Jorge-Jesus-durante-uma-partida-do-Flamengo.webp","datePublished":"2022-09-26T00:20:31+00:00","dateModified":"2022-09-26T00:20:34+00:00","author":{"@id":"https:\/\/www.gaveanews.com\/#\/schema\/person\/2ec14f73fb96be2caf28f91afb14749d"},"breadcrumb":{"@id":"https:\/\/www.gaveanews.com\/index.php\/2022\/09\/25\/ex-flamengo-diz-que-perdeu-treino-apos-jantar-com-jorge-jesus-e-lembra-susto-que-tomou-na-casa-do-tecnico-agora-fo\/#breadcrumb"},"inLanguage":"pt-BR","potentialAction":[{"@type":"ReadAction","target":["https:\/\/www.gaveanews.com\/index.php\/2022\/09\/25\/ex-flamengo-diz-que-perdeu-treino-apos-jantar-com-jorge-jesus-e-lembra-susto-que-tomou-na-casa-do-tecnico-agora-fo\/"]}]},{"@type":"ImageObject","inLanguage":"pt-BR","@id":"https:\/\/www.gaveanews.com\/index.php\/2022\/09\/25\/ex-flamengo-diz-que-perdeu-treino-apos-jantar-com-jorge-jesus-e-lembra-susto-que-tomou-na-casa-do-tecnico-agora-fo\/#primaryimage","url":"https:\/\/www.gaveanews.com\/wp-content\/uploads\/Jorge-Jesus-durante-uma-partida-do-Flamengo.webp","contentUrl":"https:\/\/www.gaveanews.com\/wp-content\/uploads\/Jorge-Jesus-durante-uma-partida-do-Flamengo.webp","width":900,"height":600,"caption":"Jorge Jesus durante uma partida do Flamengo (Foto: Alexandre Vidal\/Flamengo)"},{"@type":"BreadcrumbList","@id":"https:\/\/www.gaveanews.com\/index.php\/2022\/09\/25\/ex-flamengo-diz-que-perdeu-treino-apos-jantar-com-jorge-jesus-e-lembra-susto-que-tomou-na-casa-do-tecnico-agora-fo\/#breadcrumb","itemListElement":[{"@type":"ListItem","position":1,"name":"Home","item":"https:\/\/www.gaveanews.com\/"},{"@type":"ListItem","position":2,"name":"Ex-Flamengo diz que perdeu treino ap\u00f3s jantar com Jorge Jesus e lembra susto que tomou na casa do t\u00e9cnico: &#8216;Agora fo***&#8217;"}]},{"@type":"WebSite","@id":"https:\/\/www.gaveanews.com\/#website","url":"https:\/\/www.gaveanews.com\/","name":"G\u00e1vea News","description":"Veja todas as not\u00edcias sobre o Flamengo: Contrata\u00e7\u00f5es, categorias de base, resultados das partidas, tabela de classifica\u00e7\u00e3o, pr\u00f3ximos jogos!","potentialAction":[{"@type":"SearchAction","target":{"@type":"EntryPoint","urlTemplate":"https:\/\/www.gaveanews.com\/?s={search_term_string}"},"query-input":{"@type":"PropertyValueSpecification","valueRequired":true,"valueName":"search_term_string"}}],"inLanguage":"pt-BR"},{"@type":"Person","@id":"https:\/\/www.gaveanews.com\/#\/schema\/person\/2ec14f73fb96be2caf28f91afb14749d","name":"Equipe G\u00e1vea News","image":{"@type":"ImageObject","inLanguage":"pt-BR","@id":"https:\/\/www.gaveanews.com\/#\/schema\/person\/image\/","url":"https:\/\/secure.gravatar.com\/avatar\/1e1956f1facbffd3f8fa53a326721950116b3b9dc9bd44939c01180fd4a745a9?s=96&d=mm&r=g","contentUrl":"https:\/\/secure.gravatar.com\/avatar\/1e1956f1facbffd3f8fa53a326721950116b3b9dc9bd44939c01180fd4a745a9?s=96&d=mm&r=g","caption":"Equipe G\u00e1vea News"}}]}},"_links":{"self":[{"href":"https:\/\/www.gaveanews.com\/index.php\/wp-json\/wp\/v2\/posts\/88039","targetHints":{"allow":["GET"]}}],"collection":[{"href":"https:\/\/www.gaveanews.com\/index.php\/wp-json\/wp\/v2\/posts"}],"about":[{"href":"https:\/\/www.gaveanews.com\/index.php\/wp-json\/wp\/v2\/types\/post"}],"author":[{"embeddable":true,"href":"https:\/\/www.gaveanews.com\/index.php\/wp-json\/wp\/v2\/users\/1"}],"replies":[{"embeddable":true,"href":"https:\/\/www.gaveanews.com\/index.php\/wp-json\/wp\/v2\/comments?post=88039"}],"version-history":[{"count":0,"href":"https:\/\/www.gaveanews.com\/index.php\/wp-json\/wp\/v2\/posts\/88039\/revisions"}],"wp:featuredmedia":[{"embeddable":true,"href":"https:\/\/www.gaveanews.com\/index.php\/wp-json\/wp\/v2\/media\/28886"}],"wp:attachment":[{"href":"https:\/\/www.gaveanews.com\/index.php\/wp-json\/wp\/v2\/media?parent=88039"}],"wp:term":[{"taxonomy":"category","embeddable":true,"href":"https:\/\/www.gaveanews.com\/index.php\/wp-json\/wp\/v2\/categories?post=88039"},{"taxonomy":"post_tag","embeddable":true,"href":"https:\/\/www.gaveanews.com\/index.php\/wp-json\/wp\/v2\/tags?post=88039"}],"curies":[{"name":"wp","href":"https:\/\/api.w.org\/{rel}","templated":true}]}}