{"id":88069,"date":"2022-09-26T11:24:20","date_gmt":"2022-09-26T14:24:20","guid":{"rendered":"https:\/\/www.gaveanews.com\/?p=88069"},"modified":"2022-09-26T11:24:23","modified_gmt":"2022-09-26T14:24:23","slug":"flamengo-x-athletico-pr-cidade-da-final-da-libertadores-vive-onda-de-violencia","status":"publish","type":"post","link":"https:\/\/www.gaveanews.com\/index.php\/2022\/09\/26\/flamengo-x-athletico-pr-cidade-da-final-da-libertadores-vive-onda-de-violencia\/","title":{"rendered":"Flamengo x Athletico-PR: cidade da final da Libertadores vive onda de viol\u00eancia"},"content":{"rendered":"\n<p>A escolha pelo palco da final da Libertadores foi feita antes mesmo de a edi\u00e7\u00e3o de 2022 come\u00e7ar. O local definido pela Conmebol para receber a decis\u00e3o da Libertadores \u00e9 o Est\u00e1dio Monumental de Guayaquil, no Equador.<\/p>\n\n\n\n<p>Recentemente, a entidade visitou o est\u00e1dio para avaliar as condi\u00e7\u00f5es para receber o evento. Depois de uma s\u00e9rie de exig\u00eancias por melhoras no local, foi decidido que a final seria mantida em Guayaquil.<\/p>\n\n\n\n<p>Desta vez, o problema n\u00e3o est\u00e1 relacionado a quest\u00f5es dos port\u00f5es para dentro do est\u00e1dio, mas fora dele. De acordo com o jornal <em>&#8220;Lance&#8221;<\/em>, a cidade que sediar\u00e1 o confronto vive um momento conturbado.<\/p>\n\n\n\n<p>A informa\u00e7\u00e3o \u00e9 de que h\u00e1 uma onda de muita viol\u00eancia, principalmente pelo narcotr\u00e1fico do pa\u00eds. A situa\u00e7\u00e3o fez o Governo do Equador decretar estado de exce\u00e7\u00e3o at\u00e9 o dia 14 de outubro. O caso foi comentado pelo jornalista Luigi Marchelle, da TV Ecuavisa.<\/p>\n\n\n\n<p><em>\u2014 H\u00e1 uma crescente onda de inseguran\u00e7a em diferentes \u00e1reas, incluindo roubos, extors\u00f5es e assassinatos. Lamentavelmente, h\u00e1 v\u00edtimas colaterais, incluindo crian\u00e7as. Nos \u00faltimos meses, houve um aumento de atentados com explosivos. Tudo levou as autoridades a decretarem o estado de exce\u00e7\u00e3o, buscando minimizar os crimes.<\/em><\/p>\n\n\n\n<p>Apesar do caos, a decis\u00e3o por realizar a final da Libertadores em Guayaquil foi mantida pela Conmebol. A decis\u00e3o do torneio continental est\u00e1 marcada para o dia 29 de outubro, \u00e0s 17h (hor\u00e1rio de Bras\u00edlia).<\/p>\n","protected":false},"excerpt":{"rendered":"<p>A escolha pelo palco da final da Libertadores foi feita antes mesmo de a edi\u00e7\u00e3o de 2022 come\u00e7ar. O local definido pela Conmebol para receber a decis\u00e3o da Libertadores \u00e9 o Est\u00e1dio Monumental de Guayaquil, no Equador. Recentemente, a entidade visitou o est\u00e1dio para avaliar as condi\u00e7\u00f5es para receber o evento. Depois de uma s\u00e9rie [&hellip;]<\/p>\n","protected":false},"author":4,"featured_media":85420,"comment_status":"open","ping_status":"closed","sticky":false,"template":"","format":"standard","meta":{"footnotes":""},"categories":[1],"tags":[],"class_list":["post-88069","post","type-post","status-publish","format-standard","has-post-thumbnail","hentry","category-flamengo"],"yoast_head":"<!-- This site is optimized with the Yoast SEO Premium plugin v24.2 (Yoast SEO v26.9) - https:\/\/yoast.com\/product\/yoast-seo-premium-wordpress\/ -->\n<title>Flamengo x Athletico-PR: cidade da final da Libertadores vive onda de viol\u00eancia<\/title>\n<meta name=\"robots\" content=\"index, follow, max-snippet:-1, max-image-preview:large, max-video-preview:-1\" \/>\n<link rel=\"canonical\" href=\"https:\/\/www.gaveanews.com\/index.php\/2022\/09\/26\/flamengo-x-athletico-pr-cidade-da-final-da-libertadores-vive-onda-de-violencia\/\" \/>\n<meta property=\"og:locale\" content=\"pt_BR\" \/>\n<meta property=\"og:type\" content=\"article\" \/>\n<meta property=\"og:title\" content=\"Flamengo x Athletico-PR: cidade da final da Libertadores vive onda de viol\u00eancia\" \/>\n<meta property=\"og:description\" content=\"A escolha pelo palco da final da Libertadores foi feita antes mesmo de a edi\u00e7\u00e3o de 2022 come\u00e7ar. O local definido pela Conmebol para receber a decis\u00e3o da Libertadores \u00e9 o Est\u00e1dio Monumental de Guayaquil, no Equador. Recentemente, a entidade visitou o est\u00e1dio para avaliar as condi\u00e7\u00f5es para receber o evento. Depois de uma s\u00e9rie [&hellip;]\" \/>\n<meta property=\"og:url\" content=\"https:\/\/www.gaveanews.com\/index.php\/2022\/09\/26\/flamengo-x-athletico-pr-cidade-da-final-da-libertadores-vive-onda-de-violencia\/\" \/>\n<meta property=\"og:site_name\" content=\"G\u00e1vea News\" \/>\n<meta property=\"article:publisher\" content=\"https:\/\/facebook.com\/gaveaNews\/\" \/>\n<meta property=\"article:published_time\" content=\"2022-09-26T14:24:20+00:00\" \/>\n<meta property=\"article:modified_time\" content=\"2022-09-26T14:24:23+00:00\" \/>\n<meta property=\"og:image\" content=\"https:\/\/www.gaveanews.com\/wp-content\/uploads\/Maracana-antes-de-jogo-do-Flamengo-pela-Libertadores.webp\" \/>\n\t<meta property=\"og:image:width\" content=\"800\" \/>\n\t<meta property=\"og:image:height\" content=\"532\" \/>\n\t<meta property=\"og:image:type\" content=\"image\/jpeg\" \/>\n<meta name=\"author\" content=\"Let\u00edcia Gerheim\" \/>\n<meta name=\"twitter:card\" content=\"summary_large_image\" \/>\n<meta name=\"twitter:label1\" content=\"Escrito por\" \/>\n\t<meta name=\"twitter:data1\" content=\"Let\u00edcia Gerheim\" \/>\n\t<meta name=\"twitter:label2\" content=\"Est. tempo de leitura\" \/>\n\t<meta name=\"twitter:data2\" content=\"2 minutos\" \/>\n<script type=\"application\/ld+json\" class=\"yoast-schema-graph\">{\"@context\":\"https:\/\/schema.org\",\"@graph\":[{\"@type\":\"NewsArticle\",\"@id\":\"https:\/\/www.gaveanews.com\/index.php\/2022\/09\/26\/flamengo-x-athletico-pr-cidade-da-final-da-libertadores-vive-onda-de-violencia\/#article\",\"isPartOf\":{\"@id\":\"https:\/\/www.gaveanews.com\/index.php\/2022\/09\/26\/flamengo-x-athletico-pr-cidade-da-final-da-libertadores-vive-onda-de-violencia\/\"},\"author\":{\"name\":\"Let\u00edcia Gerheim\",\"@id\":\"https:\/\/www.gaveanews.com\/#\/schema\/person\/714c67050b836198af2450ba1c142a67\"},\"headline\":\"Flamengo x Athletico-PR: cidade da final da Libertadores vive onda de viol\u00eancia\",\"datePublished\":\"2022-09-26T14:24:20+00:00\",\"dateModified\":\"2022-09-26T14:24:23+00:00\",\"mainEntityOfPage\":{\"@id\":\"https:\/\/www.gaveanews.com\/index.php\/2022\/09\/26\/flamengo-x-athletico-pr-cidade-da-final-da-libertadores-vive-onda-de-violencia\/\"},\"wordCount\":262,\"commentCount\":0,\"image\":{\"@id\":\"https:\/\/www.gaveanews.com\/index.php\/2022\/09\/26\/flamengo-x-athletico-pr-cidade-da-final-da-libertadores-vive-onda-de-violencia\/#primaryimage\"},\"thumbnailUrl\":\"https:\/\/www.gaveanews.com\/wp-content\/uploads\/Maracana-antes-de-jogo-do-Flamengo-pela-Libertadores.webp\",\"articleSection\":[\"Flamengo\"],\"inLanguage\":\"pt-BR\",\"potentialAction\":[{\"@type\":\"CommentAction\",\"name\":\"Comment\",\"target\":[\"https:\/\/www.gaveanews.com\/index.php\/2022\/09\/26\/flamengo-x-athletico-pr-cidade-da-final-da-libertadores-vive-onda-de-violencia\/#respond\"]}],\"copyrightYear\":\"2022\",\"copyrightHolder\":{\"@id\":\"https:\/\/www.gaveanews.com\/#organization\"}},{\"@type\":\"WebPage\",\"@id\":\"https:\/\/www.gaveanews.com\/index.php\/2022\/09\/26\/flamengo-x-athletico-pr-cidade-da-final-da-libertadores-vive-onda-de-violencia\/\",\"url\":\"https:\/\/www.gaveanews.com\/index.php\/2022\/09\/26\/flamengo-x-athletico-pr-cidade-da-final-da-libertadores-vive-onda-de-violencia\/\",\"name\":\"Flamengo x Athletico-PR: cidade da final da Libertadores vive onda de viol\u00eancia\",\"isPartOf\":{\"@id\":\"https:\/\/www.gaveanews.com\/#website\"},\"primaryImageOfPage\":{\"@id\":\"https:\/\/www.gaveanews.com\/index.php\/2022\/09\/26\/flamengo-x-athletico-pr-cidade-da-final-da-libertadores-vive-onda-de-violencia\/#primaryimage\"},\"image\":{\"@id\":\"https:\/\/www.gaveanews.com\/index.php\/2022\/09\/26\/flamengo-x-athletico-pr-cidade-da-final-da-libertadores-vive-onda-de-violencia\/#primaryimage\"},\"thumbnailUrl\":\"https:\/\/www.gaveanews.com\/wp-content\/uploads\/Maracana-antes-de-jogo-do-Flamengo-pela-Libertadores.webp\",\"datePublished\":\"2022-09-26T14:24:20+00:00\",\"dateModified\":\"2022-09-26T14:24:23+00:00\",\"author\":{\"@id\":\"https:\/\/www.gaveanews.com\/#\/schema\/person\/714c67050b836198af2450ba1c142a67\"},\"breadcrumb\":{\"@id\":\"https:\/\/www.gaveanews.com\/index.php\/2022\/09\/26\/flamengo-x-athletico-pr-cidade-da-final-da-libertadores-vive-onda-de-violencia\/#breadcrumb\"},\"inLanguage\":\"pt-BR\",\"potentialAction\":[{\"@type\":\"ReadAction\",\"target\":[\"https:\/\/www.gaveanews.com\/index.php\/2022\/09\/26\/flamengo-x-athletico-pr-cidade-da-final-da-libertadores-vive-onda-de-violencia\/\"]}]},{\"@type\":\"ImageObject\",\"inLanguage\":\"pt-BR\",\"@id\":\"https:\/\/www.gaveanews.com\/index.php\/2022\/09\/26\/flamengo-x-athletico-pr-cidade-da-final-da-libertadores-vive-onda-de-violencia\/#primaryimage\",\"url\":\"https:\/\/www.gaveanews.com\/wp-content\/uploads\/Maracana-antes-de-jogo-do-Flamengo-pela-Libertadores.webp\",\"contentUrl\":\"https:\/\/www.gaveanews.com\/wp-content\/uploads\/Maracana-antes-de-jogo-do-Flamengo-pela-Libertadores.webp\",\"width\":800,\"height\":532,\"caption\":\"Maracan\u00e3 antes de jogo do Flamengo pela Libertadores (Foto: Paula Reis\/Flamengo)\"},{\"@type\":\"BreadcrumbList\",\"@id\":\"https:\/\/www.gaveanews.com\/index.php\/2022\/09\/26\/flamengo-x-athletico-pr-cidade-da-final-da-libertadores-vive-onda-de-violencia\/#breadcrumb\",\"itemListElement\":[{\"@type\":\"ListItem\",\"position\":1,\"name\":\"Home\",\"item\":\"https:\/\/www.gaveanews.com\/\"},{\"@type\":\"ListItem\",\"position\":2,\"name\":\"Flamengo x Athletico-PR: cidade da final da Libertadores vive onda de viol\u00eancia\"}]},{\"@type\":\"WebSite\",\"@id\":\"https:\/\/www.gaveanews.com\/#website\",\"url\":\"https:\/\/www.gaveanews.com\/\",\"name\":\"G\u00e1vea News\",\"description\":\"Veja todas as not\u00edcias sobre o Flamengo: Contrata\u00e7\u00f5es, categorias de base, resultados das partidas, tabela de classifica\u00e7\u00e3o, pr\u00f3ximos jogos!\",\"potentialAction\":[{\"@type\":\"SearchAction\",\"target\":{\"@type\":\"EntryPoint\",\"urlTemplate\":\"https:\/\/www.gaveanews.com\/?s={search_term_string}\"},\"query-input\":{\"@type\":\"PropertyValueSpecification\",\"valueRequired\":true,\"valueName\":\"search_term_string\"}}],\"inLanguage\":\"pt-BR\"},{\"@type\":\"Person\",\"@id\":\"https:\/\/www.gaveanews.com\/#\/schema\/person\/714c67050b836198af2450ba1c142a67\",\"name\":\"Let\u00edcia Gerheim\",\"image\":{\"@type\":\"ImageObject\",\"inLanguage\":\"pt-BR\",\"@id\":\"https:\/\/www.gaveanews.com\/#\/schema\/person\/image\/\",\"url\":\"https:\/\/secure.gravatar.com\/avatar\/60734739c50fcebfbac509e2a826ccd0ff405c019bc73aab9354f19ecad1dcb4?s=96&d=mm&r=g\",\"contentUrl\":\"https:\/\/secure.gravatar.com\/avatar\/60734739c50fcebfbac509e2a826ccd0ff405c019bc73aab9354f19ecad1dcb4?s=96&d=mm&r=g\",\"caption\":\"Let\u00edcia Gerheim\"}}]}<\/script>\n<!-- \/ Yoast SEO Premium plugin. -->","yoast_head_json":{"title":"Flamengo x Athletico-PR: cidade da final da Libertadores vive onda de viol\u00eancia","robots":{"index":"index","follow":"follow","max-snippet":"max-snippet:-1","max-image-preview":"max-image-preview:large","max-video-preview":"max-video-preview:-1"},"canonical":"https:\/\/www.gaveanews.com\/index.php\/2022\/09\/26\/flamengo-x-athletico-pr-cidade-da-final-da-libertadores-vive-onda-de-violencia\/","og_locale":"pt_BR","og_type":"article","og_title":"Flamengo x Athletico-PR: cidade da final da Libertadores vive onda de viol\u00eancia","og_description":"A escolha pelo palco da final da Libertadores foi feita antes mesmo de a edi\u00e7\u00e3o de 2022 come\u00e7ar. O local definido pela Conmebol para receber a decis\u00e3o da Libertadores \u00e9 o Est\u00e1dio Monumental de Guayaquil, no Equador. Recentemente, a entidade visitou o est\u00e1dio para avaliar as condi\u00e7\u00f5es para receber o evento. Depois de uma s\u00e9rie [&hellip;]","og_url":"https:\/\/www.gaveanews.com\/index.php\/2022\/09\/26\/flamengo-x-athletico-pr-cidade-da-final-da-libertadores-vive-onda-de-violencia\/","og_site_name":"G\u00e1vea News","article_publisher":"https:\/\/facebook.com\/gaveaNews\/","article_published_time":"2022-09-26T14:24:20+00:00","article_modified_time":"2022-09-26T14:24:23+00:00","og_image":[{"width":800,"height":532,"url":"https:\/\/www.gaveanews.com\/wp-content\/uploads\/Maracana-antes-de-jogo-do-Flamengo-pela-Libertadores.webp","type":"image\/jpeg"}],"author":"Let\u00edcia Gerheim","twitter_card":"summary_large_image","twitter_misc":{"Escrito por":"Let\u00edcia Gerheim","Est. tempo de leitura":"2 minutos"},"schema":{"@context":"https:\/\/schema.org","@graph":[{"@type":"NewsArticle","@id":"https:\/\/www.gaveanews.com\/index.php\/2022\/09\/26\/flamengo-x-athletico-pr-cidade-da-final-da-libertadores-vive-onda-de-violencia\/#article","isPartOf":{"@id":"https:\/\/www.gaveanews.com\/index.php\/2022\/09\/26\/flamengo-x-athletico-pr-cidade-da-final-da-libertadores-vive-onda-de-violencia\/"},"author":{"name":"Let\u00edcia Gerheim","@id":"https:\/\/www.gaveanews.com\/#\/schema\/person\/714c67050b836198af2450ba1c142a67"},"headline":"Flamengo x Athletico-PR: cidade da final da Libertadores vive onda de viol\u00eancia","datePublished":"2022-09-26T14:24:20+00:00","dateModified":"2022-09-26T14:24:23+00:00","mainEntityOfPage":{"@id":"https:\/\/www.gaveanews.com\/index.php\/2022\/09\/26\/flamengo-x-athletico-pr-cidade-da-final-da-libertadores-vive-onda-de-violencia\/"},"wordCount":262,"commentCount":0,"image":{"@id":"https:\/\/www.gaveanews.com\/index.php\/2022\/09\/26\/flamengo-x-athletico-pr-cidade-da-final-da-libertadores-vive-onda-de-violencia\/#primaryimage"},"thumbnailUrl":"https:\/\/www.gaveanews.com\/wp-content\/uploads\/Maracana-antes-de-jogo-do-Flamengo-pela-Libertadores.webp","articleSection":["Flamengo"],"inLanguage":"pt-BR","potentialAction":[{"@type":"CommentAction","name":"Comment","target":["https:\/\/www.gaveanews.com\/index.php\/2022\/09\/26\/flamengo-x-athletico-pr-cidade-da-final-da-libertadores-vive-onda-de-violencia\/#respond"]}],"copyrightYear":"2022","copyrightHolder":{"@id":"https:\/\/www.gaveanews.com\/#organization"}},{"@type":"WebPage","@id":"https:\/\/www.gaveanews.com\/index.php\/2022\/09\/26\/flamengo-x-athletico-pr-cidade-da-final-da-libertadores-vive-onda-de-violencia\/","url":"https:\/\/www.gaveanews.com\/index.php\/2022\/09\/26\/flamengo-x-athletico-pr-cidade-da-final-da-libertadores-vive-onda-de-violencia\/","name":"Flamengo x Athletico-PR: cidade da final da Libertadores vive onda de viol\u00eancia","isPartOf":{"@id":"https:\/\/www.gaveanews.com\/#website"},"primaryImageOfPage":{"@id":"https:\/\/www.gaveanews.com\/index.php\/2022\/09\/26\/flamengo-x-athletico-pr-cidade-da-final-da-libertadores-vive-onda-de-violencia\/#primaryimage"},"image":{"@id":"https:\/\/www.gaveanews.com\/index.php\/2022\/09\/26\/flamengo-x-athletico-pr-cidade-da-final-da-libertadores-vive-onda-de-violencia\/#primaryimage"},"thumbnailUrl":"https:\/\/www.gaveanews.com\/wp-content\/uploads\/Maracana-antes-de-jogo-do-Flamengo-pela-Libertadores.webp","datePublished":"2022-09-26T14:24:20+00:00","dateModified":"2022-09-26T14:24:23+00:00","author":{"@id":"https:\/\/www.gaveanews.com\/#\/schema\/person\/714c67050b836198af2450ba1c142a67"},"breadcrumb":{"@id":"https:\/\/www.gaveanews.com\/index.php\/2022\/09\/26\/flamengo-x-athletico-pr-cidade-da-final-da-libertadores-vive-onda-de-violencia\/#breadcrumb"},"inLanguage":"pt-BR","potentialAction":[{"@type":"ReadAction","target":["https:\/\/www.gaveanews.com\/index.php\/2022\/09\/26\/flamengo-x-athletico-pr-cidade-da-final-da-libertadores-vive-onda-de-violencia\/"]}]},{"@type":"ImageObject","inLanguage":"pt-BR","@id":"https:\/\/www.gaveanews.com\/index.php\/2022\/09\/26\/flamengo-x-athletico-pr-cidade-da-final-da-libertadores-vive-onda-de-violencia\/#primaryimage","url":"https:\/\/www.gaveanews.com\/wp-content\/uploads\/Maracana-antes-de-jogo-do-Flamengo-pela-Libertadores.webp","contentUrl":"https:\/\/www.gaveanews.com\/wp-content\/uploads\/Maracana-antes-de-jogo-do-Flamengo-pela-Libertadores.webp","width":800,"height":532,"caption":"Maracan\u00e3 antes de jogo do Flamengo pela Libertadores (Foto: Paula Reis\/Flamengo)"},{"@type":"BreadcrumbList","@id":"https:\/\/www.gaveanews.com\/index.php\/2022\/09\/26\/flamengo-x-athletico-pr-cidade-da-final-da-libertadores-vive-onda-de-violencia\/#breadcrumb","itemListElement":[{"@type":"ListItem","position":1,"name":"Home","item":"https:\/\/www.gaveanews.com\/"},{"@type":"ListItem","position":2,"name":"Flamengo x Athletico-PR: cidade da final da Libertadores vive onda de viol\u00eancia"}]},{"@type":"WebSite","@id":"https:\/\/www.gaveanews.com\/#website","url":"https:\/\/www.gaveanews.com\/","name":"G\u00e1vea News","description":"Veja todas as not\u00edcias sobre o Flamengo: Contrata\u00e7\u00f5es, categorias de base, resultados das partidas, tabela de classifica\u00e7\u00e3o, pr\u00f3ximos jogos!","potentialAction":[{"@type":"SearchAction","target":{"@type":"EntryPoint","urlTemplate":"https:\/\/www.gaveanews.com\/?s={search_term_string}"},"query-input":{"@type":"PropertyValueSpecification","valueRequired":true,"valueName":"search_term_string"}}],"inLanguage":"pt-BR"},{"@type":"Person","@id":"https:\/\/www.gaveanews.com\/#\/schema\/person\/714c67050b836198af2450ba1c142a67","name":"Let\u00edcia Gerheim","image":{"@type":"ImageObject","inLanguage":"pt-BR","@id":"https:\/\/www.gaveanews.com\/#\/schema\/person\/image\/","url":"https:\/\/secure.gravatar.com\/avatar\/60734739c50fcebfbac509e2a826ccd0ff405c019bc73aab9354f19ecad1dcb4?s=96&d=mm&r=g","contentUrl":"https:\/\/secure.gravatar.com\/avatar\/60734739c50fcebfbac509e2a826ccd0ff405c019bc73aab9354f19ecad1dcb4?s=96&d=mm&r=g","caption":"Let\u00edcia Gerheim"}}]}},"_links":{"self":[{"href":"https:\/\/www.gaveanews.com\/index.php\/wp-json\/wp\/v2\/posts\/88069","targetHints":{"allow":["GET"]}}],"collection":[{"href":"https:\/\/www.gaveanews.com\/index.php\/wp-json\/wp\/v2\/posts"}],"about":[{"href":"https:\/\/www.gaveanews.com\/index.php\/wp-json\/wp\/v2\/types\/post"}],"author":[{"embeddable":true,"href":"https:\/\/www.gaveanews.com\/index.php\/wp-json\/wp\/v2\/users\/4"}],"replies":[{"embeddable":true,"href":"https:\/\/www.gaveanews.com\/index.php\/wp-json\/wp\/v2\/comments?post=88069"}],"version-history":[{"count":0,"href":"https:\/\/www.gaveanews.com\/index.php\/wp-json\/wp\/v2\/posts\/88069\/revisions"}],"wp:featuredmedia":[{"embeddable":true,"href":"https:\/\/www.gaveanews.com\/index.php\/wp-json\/wp\/v2\/media\/85420"}],"wp:attachment":[{"href":"https:\/\/www.gaveanews.com\/index.php\/wp-json\/wp\/v2\/media?parent=88069"}],"wp:term":[{"taxonomy":"category","embeddable":true,"href":"https:\/\/www.gaveanews.com\/index.php\/wp-json\/wp\/v2\/categories?post=88069"},{"taxonomy":"post_tag","embeddable":true,"href":"https:\/\/www.gaveanews.com\/index.php\/wp-json\/wp\/v2\/tags?post=88069"}],"curies":[{"name":"wp","href":"https:\/\/api.w.org\/{rel}","templated":true}]}}