{"id":88113,"date":"2022-09-26T19:21:35","date_gmt":"2022-09-26T22:21:35","guid":{"rendered":"https:\/\/www.gaveanews.com\/?p=88113"},"modified":"2022-09-26T19:21:35","modified_gmt":"2022-09-26T22:21:35","slug":"ex-atacante-do-flamengo-hernane-brocador-fala-sobre-as-finais-da-copa-do-brasil-e-da-libertadores","status":"publish","type":"post","link":"https:\/\/www.gaveanews.com\/index.php\/2022\/09\/26\/ex-atacante-do-flamengo-hernane-brocador-fala-sobre-as-finais-da-copa-do-brasil-e-da-libertadores\/","title":{"rendered":"Ex-atacante do Flamengo, Hernane Brocador fala sobre as finais da Copa do Brasil e da Libertadores"},"content":{"rendered":"<p>O atacante Hernane Brocador v\u00ea o Flamengo com uma &#8220;grande vantagem&#8221; para a final da Libertadores, contra o Athletico. Em entrevista ao &#8220;ge&#8221;, o ex-jogador do Fla destacou que o Rubro-Negro Carioca n\u00e3o se intimida de enfrentar qualquer time tanto dentro ou fora de casa. Al\u00e9m disso, ele disse que o Furac\u00e3o n\u00e3o tem experi\u00eancia de atuar longe da Arena da Baixada.<\/p>\n<p><em>\u2014 A Libertadores, teoricamente, \u00e9 mais f\u00e1cil para o Flamengo hoje. O Flamengo n\u00e3o se intimida de jogar com time nenhum dentro ou fora de casa. Agora a Libertadores \u00e9 decidida em jogo \u00fanico, e o Athletico n\u00e3o tem experi\u00eancia de jogar longe do gramado deles, onde todas as equipes sentem bastante quando v\u00e3o jogar l\u00e1. \u00c9 n\u00edtido isso. Ent\u00e3o, vejo Flamengo com uma grande vantagem na Libertadores por esse jogo fora do estado (Curitiba)<\/em>, disse Hernane.<\/p>\n<p>Hernane, vale lembrar, foi um dos principais jogadores do Rubro-Negro em 2013. Al\u00e9m de marcar 36 gols naquela temporada, ele ajudou o Flamengo a vencer a Copa do Brasil. Neste ano, o Fla est\u00e1 mais uma vez na final da competi\u00e7\u00e3o, e o atacante tamb\u00e9m mostrou confian\u00e7a na conquista deste t\u00edtulo.<\/p>\n<p><em>\u2014 E na Copa do Brasil tamb\u00e9m vem muito forte. O Flamengo bateu na trave algumas vezes, mas creio que Flamengo est\u00e1 bem forte para esses dois t\u00edtulos<\/em>, analisou o jogador.<\/p>\n<p>Em tempo: a decis\u00e3o da Libertadores acontece no Est\u00e1dio Monumental de Guayaquil, \u00e0s 17h (de Bras\u00edlia), no dia 29 de outubro. J\u00e1 as finais da Copa do Brasil acontecem em dois jogos, nos dias 12 e 19 de outubro, ambos \u00e0s 21h45 &#8211; o confronto de ida ser\u00e1 na Neo Qu\u00edmica Arena, enquanto o da volta ser\u00e1 no Maracan\u00e3.<\/p>\n<p>Retirado de: O Dia<\/p>\n","protected":false},"excerpt":{"rendered":"<p>O atacante Hernane Brocador v\u00ea o Flamengo com uma &#8220;grande vantagem&#8221; para a final da Libertadores, contra o Athletico. Em entrevista ao &#8220;ge&#8221;, o ex-jogador do Fla destacou que o Rubro-Negro Carioca n\u00e3o se intimida de enfrentar qualquer time tanto dentro ou fora de casa. Al\u00e9m disso, ele disse que o Furac\u00e3o n\u00e3o tem experi\u00eancia [&hellip;]<\/p>\n","protected":false},"author":1,"featured_media":27722,"comment_status":"open","ping_status":"closed","sticky":false,"template":"","format":"standard","meta":{"footnotes":""},"categories":[1],"tags":[],"class_list":["post-88113","post","type-post","status-publish","format-standard","has-post-thumbnail","hentry","category-flamengo"],"yoast_head":"<!-- This site is optimized with the Yoast SEO Premium plugin v24.2 (Yoast SEO v26.9) - https:\/\/yoast.com\/product\/yoast-seo-premium-wordpress\/ -->\n<title>Ex-atacante do Flamengo, Hernane Brocador fala sobre as finais da Copa do Brasil e da Libertadores<\/title>\n<meta name=\"robots\" content=\"index, follow, max-snippet:-1, max-image-preview:large, max-video-preview:-1\" \/>\n<link rel=\"canonical\" href=\"https:\/\/www.gaveanews.com\/index.php\/2022\/09\/26\/ex-atacante-do-flamengo-hernane-brocador-fala-sobre-as-finais-da-copa-do-brasil-e-da-libertadores\/\" \/>\n<meta property=\"og:locale\" content=\"pt_BR\" \/>\n<meta property=\"og:type\" content=\"article\" \/>\n<meta property=\"og:title\" content=\"Ex-atacante do Flamengo, Hernane Brocador fala sobre as finais da Copa do Brasil e da Libertadores\" \/>\n<meta property=\"og:description\" content=\"O atacante Hernane Brocador v\u00ea o Flamengo com uma &#8220;grande vantagem&#8221; para a final da Libertadores, contra o Athletico. Em entrevista ao &#8220;ge&#8221;, o ex-jogador do Fla destacou que o Rubro-Negro Carioca n\u00e3o se intimida de enfrentar qualquer time tanto dentro ou fora de casa. Al\u00e9m disso, ele disse que o Furac\u00e3o n\u00e3o tem experi\u00eancia [&hellip;]\" \/>\n<meta property=\"og:url\" content=\"https:\/\/www.gaveanews.com\/index.php\/2022\/09\/26\/ex-atacante-do-flamengo-hernane-brocador-fala-sobre-as-finais-da-copa-do-brasil-e-da-libertadores\/\" \/>\n<meta property=\"og:site_name\" content=\"G\u00e1vea News\" \/>\n<meta property=\"article:publisher\" content=\"https:\/\/facebook.com\/gaveaNews\/\" \/>\n<meta property=\"article:published_time\" content=\"2022-09-26T22:21:35+00:00\" \/>\n<meta property=\"og:image\" content=\"https:\/\/www.gaveanews.com\/wp-content\/uploads\/Hernane-Brocador-em-acao-pelo-Flamengo.webp\" \/>\n\t<meta property=\"og:image:width\" content=\"1\" \/>\n\t<meta property=\"og:image:height\" content=\"1\" \/>\n\t<meta property=\"og:image:type\" content=\"image\/jpeg\" \/>\n<meta name=\"author\" content=\"Equipe G\u00e1vea News\" \/>\n<meta name=\"twitter:card\" content=\"summary_large_image\" \/>\n<meta name=\"twitter:label1\" content=\"Escrito por\" \/>\n\t<meta name=\"twitter:data1\" content=\"Equipe G\u00e1vea News\" \/>\n\t<meta name=\"twitter:label2\" content=\"Est. tempo de leitura\" \/>\n\t<meta name=\"twitter:data2\" content=\"2 minutos\" \/>\n<script type=\"application\/ld+json\" class=\"yoast-schema-graph\">{\"@context\":\"https:\/\/schema.org\",\"@graph\":[{\"@type\":\"NewsArticle\",\"@id\":\"https:\/\/www.gaveanews.com\/index.php\/2022\/09\/26\/ex-atacante-do-flamengo-hernane-brocador-fala-sobre-as-finais-da-copa-do-brasil-e-da-libertadores\/#article\",\"isPartOf\":{\"@id\":\"https:\/\/www.gaveanews.com\/index.php\/2022\/09\/26\/ex-atacante-do-flamengo-hernane-brocador-fala-sobre-as-finais-da-copa-do-brasil-e-da-libertadores\/\"},\"author\":{\"name\":\"Equipe G\u00e1vea News\",\"@id\":\"https:\/\/www.gaveanews.com\/#\/schema\/person\/2ec14f73fb96be2caf28f91afb14749d\"},\"headline\":\"Ex-atacante do Flamengo, Hernane Brocador fala sobre as finais da Copa do Brasil e da Libertadores\",\"datePublished\":\"2022-09-26T22:21:35+00:00\",\"mainEntityOfPage\":{\"@id\":\"https:\/\/www.gaveanews.com\/index.php\/2022\/09\/26\/ex-atacante-do-flamengo-hernane-brocador-fala-sobre-as-finais-da-copa-do-brasil-e-da-libertadores\/\"},\"wordCount\":313,\"commentCount\":0,\"image\":{\"@id\":\"https:\/\/www.gaveanews.com\/index.php\/2022\/09\/26\/ex-atacante-do-flamengo-hernane-brocador-fala-sobre-as-finais-da-copa-do-brasil-e-da-libertadores\/#primaryimage\"},\"thumbnailUrl\":\"https:\/\/www.gaveanews.com\/wp-content\/uploads\/Hernane-Brocador-em-acao-pelo-Flamengo.webp\",\"articleSection\":[\"Flamengo\"],\"inLanguage\":\"pt-BR\",\"potentialAction\":[{\"@type\":\"CommentAction\",\"name\":\"Comment\",\"target\":[\"https:\/\/www.gaveanews.com\/index.php\/2022\/09\/26\/ex-atacante-do-flamengo-hernane-brocador-fala-sobre-as-finais-da-copa-do-brasil-e-da-libertadores\/#respond\"]}],\"copyrightYear\":\"2022\",\"copyrightHolder\":{\"@id\":\"https:\/\/www.gaveanews.com\/#organization\"}},{\"@type\":\"WebPage\",\"@id\":\"https:\/\/www.gaveanews.com\/index.php\/2022\/09\/26\/ex-atacante-do-flamengo-hernane-brocador-fala-sobre-as-finais-da-copa-do-brasil-e-da-libertadores\/\",\"url\":\"https:\/\/www.gaveanews.com\/index.php\/2022\/09\/26\/ex-atacante-do-flamengo-hernane-brocador-fala-sobre-as-finais-da-copa-do-brasil-e-da-libertadores\/\",\"name\":\"Ex-atacante do Flamengo, Hernane Brocador fala sobre as finais da Copa do Brasil e da Libertadores\",\"isPartOf\":{\"@id\":\"https:\/\/www.gaveanews.com\/#website\"},\"primaryImageOfPage\":{\"@id\":\"https:\/\/www.gaveanews.com\/index.php\/2022\/09\/26\/ex-atacante-do-flamengo-hernane-brocador-fala-sobre-as-finais-da-copa-do-brasil-e-da-libertadores\/#primaryimage\"},\"image\":{\"@id\":\"https:\/\/www.gaveanews.com\/index.php\/2022\/09\/26\/ex-atacante-do-flamengo-hernane-brocador-fala-sobre-as-finais-da-copa-do-brasil-e-da-libertadores\/#primaryimage\"},\"thumbnailUrl\":\"https:\/\/www.gaveanews.com\/wp-content\/uploads\/Hernane-Brocador-em-acao-pelo-Flamengo.webp\",\"datePublished\":\"2022-09-26T22:21:35+00:00\",\"author\":{\"@id\":\"https:\/\/www.gaveanews.com\/#\/schema\/person\/2ec14f73fb96be2caf28f91afb14749d\"},\"breadcrumb\":{\"@id\":\"https:\/\/www.gaveanews.com\/index.php\/2022\/09\/26\/ex-atacante-do-flamengo-hernane-brocador-fala-sobre-as-finais-da-copa-do-brasil-e-da-libertadores\/#breadcrumb\"},\"inLanguage\":\"pt-BR\",\"potentialAction\":[{\"@type\":\"ReadAction\",\"target\":[\"https:\/\/www.gaveanews.com\/index.php\/2022\/09\/26\/ex-atacante-do-flamengo-hernane-brocador-fala-sobre-as-finais-da-copa-do-brasil-e-da-libertadores\/\"]}]},{\"@type\":\"ImageObject\",\"inLanguage\":\"pt-BR\",\"@id\":\"https:\/\/www.gaveanews.com\/index.php\/2022\/09\/26\/ex-atacante-do-flamengo-hernane-brocador-fala-sobre-as-finais-da-copa-do-brasil-e-da-libertadores\/#primaryimage\",\"url\":\"https:\/\/www.gaveanews.com\/wp-content\/uploads\/Hernane-Brocador-em-acao-pelo-Flamengo.webp\",\"contentUrl\":\"https:\/\/www.gaveanews.com\/wp-content\/uploads\/Hernane-Brocador-em-acao-pelo-Flamengo.webp\",\"caption\":\"Hernane Brocador em a\u00e7\u00e3o pelo Flamengo (Foto: Ivo Gonzalez\/Ag\u00eancia O Globo)\"},{\"@type\":\"BreadcrumbList\",\"@id\":\"https:\/\/www.gaveanews.com\/index.php\/2022\/09\/26\/ex-atacante-do-flamengo-hernane-brocador-fala-sobre-as-finais-da-copa-do-brasil-e-da-libertadores\/#breadcrumb\",\"itemListElement\":[{\"@type\":\"ListItem\",\"position\":1,\"name\":\"Home\",\"item\":\"https:\/\/www.gaveanews.com\/\"},{\"@type\":\"ListItem\",\"position\":2,\"name\":\"Ex-atacante do Flamengo, Hernane Brocador fala sobre as finais da Copa do Brasil e da Libertadores\"}]},{\"@type\":\"WebSite\",\"@id\":\"https:\/\/www.gaveanews.com\/#website\",\"url\":\"https:\/\/www.gaveanews.com\/\",\"name\":\"G\u00e1vea News\",\"description\":\"Veja todas as not\u00edcias sobre o Flamengo: Contrata\u00e7\u00f5es, categorias de base, resultados das partidas, tabela de classifica\u00e7\u00e3o, pr\u00f3ximos jogos!\",\"potentialAction\":[{\"@type\":\"SearchAction\",\"target\":{\"@type\":\"EntryPoint\",\"urlTemplate\":\"https:\/\/www.gaveanews.com\/?s={search_term_string}\"},\"query-input\":{\"@type\":\"PropertyValueSpecification\",\"valueRequired\":true,\"valueName\":\"search_term_string\"}}],\"inLanguage\":\"pt-BR\"},{\"@type\":\"Person\",\"@id\":\"https:\/\/www.gaveanews.com\/#\/schema\/person\/2ec14f73fb96be2caf28f91afb14749d\",\"name\":\"Equipe G\u00e1vea News\",\"image\":{\"@type\":\"ImageObject\",\"inLanguage\":\"pt-BR\",\"@id\":\"https:\/\/www.gaveanews.com\/#\/schema\/person\/image\/\",\"url\":\"https:\/\/secure.gravatar.com\/avatar\/1e1956f1facbffd3f8fa53a326721950116b3b9dc9bd44939c01180fd4a745a9?s=96&d=mm&r=g\",\"contentUrl\":\"https:\/\/secure.gravatar.com\/avatar\/1e1956f1facbffd3f8fa53a326721950116b3b9dc9bd44939c01180fd4a745a9?s=96&d=mm&r=g\",\"caption\":\"Equipe G\u00e1vea News\"}}]}<\/script>\n<!-- \/ Yoast SEO Premium plugin. -->","yoast_head_json":{"title":"Ex-atacante do Flamengo, Hernane Brocador fala sobre as finais da Copa do Brasil e da Libertadores","robots":{"index":"index","follow":"follow","max-snippet":"max-snippet:-1","max-image-preview":"max-image-preview:large","max-video-preview":"max-video-preview:-1"},"canonical":"https:\/\/www.gaveanews.com\/index.php\/2022\/09\/26\/ex-atacante-do-flamengo-hernane-brocador-fala-sobre-as-finais-da-copa-do-brasil-e-da-libertadores\/","og_locale":"pt_BR","og_type":"article","og_title":"Ex-atacante do Flamengo, Hernane Brocador fala sobre as finais da Copa do Brasil e da Libertadores","og_description":"O atacante Hernane Brocador v\u00ea o Flamengo com uma &#8220;grande vantagem&#8221; para a final da Libertadores, contra o Athletico. Em entrevista ao &#8220;ge&#8221;, o ex-jogador do Fla destacou que o Rubro-Negro Carioca n\u00e3o se intimida de enfrentar qualquer time tanto dentro ou fora de casa. Al\u00e9m disso, ele disse que o Furac\u00e3o n\u00e3o tem experi\u00eancia [&hellip;]","og_url":"https:\/\/www.gaveanews.com\/index.php\/2022\/09\/26\/ex-atacante-do-flamengo-hernane-brocador-fala-sobre-as-finais-da-copa-do-brasil-e-da-libertadores\/","og_site_name":"G\u00e1vea News","article_publisher":"https:\/\/facebook.com\/gaveaNews\/","article_published_time":"2022-09-26T22:21:35+00:00","og_image":[{"url":"https:\/\/www.gaveanews.com\/wp-content\/uploads\/Hernane-Brocador-em-acao-pelo-Flamengo.webp","width":1,"height":1,"type":"image\/jpeg"}],"author":"Equipe G\u00e1vea News","twitter_card":"summary_large_image","twitter_misc":{"Escrito por":"Equipe G\u00e1vea News","Est. tempo de leitura":"2 minutos"},"schema":{"@context":"https:\/\/schema.org","@graph":[{"@type":"NewsArticle","@id":"https:\/\/www.gaveanews.com\/index.php\/2022\/09\/26\/ex-atacante-do-flamengo-hernane-brocador-fala-sobre-as-finais-da-copa-do-brasil-e-da-libertadores\/#article","isPartOf":{"@id":"https:\/\/www.gaveanews.com\/index.php\/2022\/09\/26\/ex-atacante-do-flamengo-hernane-brocador-fala-sobre-as-finais-da-copa-do-brasil-e-da-libertadores\/"},"author":{"name":"Equipe G\u00e1vea News","@id":"https:\/\/www.gaveanews.com\/#\/schema\/person\/2ec14f73fb96be2caf28f91afb14749d"},"headline":"Ex-atacante do Flamengo, Hernane Brocador fala sobre as finais da Copa do Brasil e da Libertadores","datePublished":"2022-09-26T22:21:35+00:00","mainEntityOfPage":{"@id":"https:\/\/www.gaveanews.com\/index.php\/2022\/09\/26\/ex-atacante-do-flamengo-hernane-brocador-fala-sobre-as-finais-da-copa-do-brasil-e-da-libertadores\/"},"wordCount":313,"commentCount":0,"image":{"@id":"https:\/\/www.gaveanews.com\/index.php\/2022\/09\/26\/ex-atacante-do-flamengo-hernane-brocador-fala-sobre-as-finais-da-copa-do-brasil-e-da-libertadores\/#primaryimage"},"thumbnailUrl":"https:\/\/www.gaveanews.com\/wp-content\/uploads\/Hernane-Brocador-em-acao-pelo-Flamengo.webp","articleSection":["Flamengo"],"inLanguage":"pt-BR","potentialAction":[{"@type":"CommentAction","name":"Comment","target":["https:\/\/www.gaveanews.com\/index.php\/2022\/09\/26\/ex-atacante-do-flamengo-hernane-brocador-fala-sobre-as-finais-da-copa-do-brasil-e-da-libertadores\/#respond"]}],"copyrightYear":"2022","copyrightHolder":{"@id":"https:\/\/www.gaveanews.com\/#organization"}},{"@type":"WebPage","@id":"https:\/\/www.gaveanews.com\/index.php\/2022\/09\/26\/ex-atacante-do-flamengo-hernane-brocador-fala-sobre-as-finais-da-copa-do-brasil-e-da-libertadores\/","url":"https:\/\/www.gaveanews.com\/index.php\/2022\/09\/26\/ex-atacante-do-flamengo-hernane-brocador-fala-sobre-as-finais-da-copa-do-brasil-e-da-libertadores\/","name":"Ex-atacante do Flamengo, Hernane Brocador fala sobre as finais da Copa do Brasil e da Libertadores","isPartOf":{"@id":"https:\/\/www.gaveanews.com\/#website"},"primaryImageOfPage":{"@id":"https:\/\/www.gaveanews.com\/index.php\/2022\/09\/26\/ex-atacante-do-flamengo-hernane-brocador-fala-sobre-as-finais-da-copa-do-brasil-e-da-libertadores\/#primaryimage"},"image":{"@id":"https:\/\/www.gaveanews.com\/index.php\/2022\/09\/26\/ex-atacante-do-flamengo-hernane-brocador-fala-sobre-as-finais-da-copa-do-brasil-e-da-libertadores\/#primaryimage"},"thumbnailUrl":"https:\/\/www.gaveanews.com\/wp-content\/uploads\/Hernane-Brocador-em-acao-pelo-Flamengo.webp","datePublished":"2022-09-26T22:21:35+00:00","author":{"@id":"https:\/\/www.gaveanews.com\/#\/schema\/person\/2ec14f73fb96be2caf28f91afb14749d"},"breadcrumb":{"@id":"https:\/\/www.gaveanews.com\/index.php\/2022\/09\/26\/ex-atacante-do-flamengo-hernane-brocador-fala-sobre-as-finais-da-copa-do-brasil-e-da-libertadores\/#breadcrumb"},"inLanguage":"pt-BR","potentialAction":[{"@type":"ReadAction","target":["https:\/\/www.gaveanews.com\/index.php\/2022\/09\/26\/ex-atacante-do-flamengo-hernane-brocador-fala-sobre-as-finais-da-copa-do-brasil-e-da-libertadores\/"]}]},{"@type":"ImageObject","inLanguage":"pt-BR","@id":"https:\/\/www.gaveanews.com\/index.php\/2022\/09\/26\/ex-atacante-do-flamengo-hernane-brocador-fala-sobre-as-finais-da-copa-do-brasil-e-da-libertadores\/#primaryimage","url":"https:\/\/www.gaveanews.com\/wp-content\/uploads\/Hernane-Brocador-em-acao-pelo-Flamengo.webp","contentUrl":"https:\/\/www.gaveanews.com\/wp-content\/uploads\/Hernane-Brocador-em-acao-pelo-Flamengo.webp","caption":"Hernane Brocador em a\u00e7\u00e3o pelo Flamengo (Foto: Ivo Gonzalez\/Ag\u00eancia O Globo)"},{"@type":"BreadcrumbList","@id":"https:\/\/www.gaveanews.com\/index.php\/2022\/09\/26\/ex-atacante-do-flamengo-hernane-brocador-fala-sobre-as-finais-da-copa-do-brasil-e-da-libertadores\/#breadcrumb","itemListElement":[{"@type":"ListItem","position":1,"name":"Home","item":"https:\/\/www.gaveanews.com\/"},{"@type":"ListItem","position":2,"name":"Ex-atacante do Flamengo, Hernane Brocador fala sobre as finais da Copa do Brasil e da Libertadores"}]},{"@type":"WebSite","@id":"https:\/\/www.gaveanews.com\/#website","url":"https:\/\/www.gaveanews.com\/","name":"G\u00e1vea News","description":"Veja todas as not\u00edcias sobre o Flamengo: Contrata\u00e7\u00f5es, categorias de base, resultados das partidas, tabela de classifica\u00e7\u00e3o, pr\u00f3ximos jogos!","potentialAction":[{"@type":"SearchAction","target":{"@type":"EntryPoint","urlTemplate":"https:\/\/www.gaveanews.com\/?s={search_term_string}"},"query-input":{"@type":"PropertyValueSpecification","valueRequired":true,"valueName":"search_term_string"}}],"inLanguage":"pt-BR"},{"@type":"Person","@id":"https:\/\/www.gaveanews.com\/#\/schema\/person\/2ec14f73fb96be2caf28f91afb14749d","name":"Equipe G\u00e1vea News","image":{"@type":"ImageObject","inLanguage":"pt-BR","@id":"https:\/\/www.gaveanews.com\/#\/schema\/person\/image\/","url":"https:\/\/secure.gravatar.com\/avatar\/1e1956f1facbffd3f8fa53a326721950116b3b9dc9bd44939c01180fd4a745a9?s=96&d=mm&r=g","contentUrl":"https:\/\/secure.gravatar.com\/avatar\/1e1956f1facbffd3f8fa53a326721950116b3b9dc9bd44939c01180fd4a745a9?s=96&d=mm&r=g","caption":"Equipe G\u00e1vea News"}}]}},"_links":{"self":[{"href":"https:\/\/www.gaveanews.com\/index.php\/wp-json\/wp\/v2\/posts\/88113","targetHints":{"allow":["GET"]}}],"collection":[{"href":"https:\/\/www.gaveanews.com\/index.php\/wp-json\/wp\/v2\/posts"}],"about":[{"href":"https:\/\/www.gaveanews.com\/index.php\/wp-json\/wp\/v2\/types\/post"}],"author":[{"embeddable":true,"href":"https:\/\/www.gaveanews.com\/index.php\/wp-json\/wp\/v2\/users\/1"}],"replies":[{"embeddable":true,"href":"https:\/\/www.gaveanews.com\/index.php\/wp-json\/wp\/v2\/comments?post=88113"}],"version-history":[{"count":0,"href":"https:\/\/www.gaveanews.com\/index.php\/wp-json\/wp\/v2\/posts\/88113\/revisions"}],"wp:featuredmedia":[{"embeddable":true,"href":"https:\/\/www.gaveanews.com\/index.php\/wp-json\/wp\/v2\/media\/27722"}],"wp:attachment":[{"href":"https:\/\/www.gaveanews.com\/index.php\/wp-json\/wp\/v2\/media?parent=88113"}],"wp:term":[{"taxonomy":"category","embeddable":true,"href":"https:\/\/www.gaveanews.com\/index.php\/wp-json\/wp\/v2\/categories?post=88113"},{"taxonomy":"post_tag","embeddable":true,"href":"https:\/\/www.gaveanews.com\/index.php\/wp-json\/wp\/v2\/tags?post=88113"}],"curies":[{"name":"wp","href":"https:\/\/api.w.org\/{rel}","templated":true}]}}