{"id":88118,"date":"2022-09-26T21:09:26","date_gmt":"2022-09-27T00:09:26","guid":{"rendered":"https:\/\/www.gaveanews.com\/?p=88118"},"modified":"2022-09-26T21:09:26","modified_gmt":"2022-09-27T00:09:26","slug":"diego-ribas-lembra-quando-julio-cesar-destruiu-jogador-do-flamengo-em-conversa-inusitada-e-deixou-outros-sem-reacao","status":"publish","type":"post","link":"https:\/\/www.gaveanews.com\/index.php\/2022\/09\/26\/diego-ribas-lembra-quando-julio-cesar-destruiu-jogador-do-flamengo-em-conversa-inusitada-e-deixou-outros-sem-reacao\/","title":{"rendered":"Diego Ribas lembra quando J\u00falio C\u00e9sar &#8216;destruiu&#8217; jogador do Flamengo em conversa inusitada e deixou outros sem rea\u00e7\u00e3o"},"content":{"rendered":"<p>Diego Ribas \u00e9 um dos l\u00edderes do atual elenco do Flamengo e tem sua passagem pela equipe marcada pelas conquistas e pelo que viveu com alguns jogadores hist\u00f3ricos do clube.<\/p>\n<p>Um deles foi J\u00falio C\u00e9sar. Sobre o per\u00edodo em que conviveu com o ex-goleiro, durante os primeiros meses de 2018, o camisa 10 comentou sobre um momento em um jantar em que J\u00falio \u2018destruiu\u2019 um atacante da equipe.<\/p>\n<p><em>\u2014 Teve um epis\u00f3dio que est\u00e1vamos na mesa, eu, Juan, o J\u00falio e um cara, que na \u00e9poca estava de atacante, n\u00e3o vou falar o nome. O J\u00falio chegou e falou assim: &#8216;estava vendo o jogo agora e parece que tu n\u00e3o entende as jogadas&#8217;. Eu e Juan comendo, ficamos olhando um para a cara do outro. &#8216;O cara vai fazer o passe parra voc\u00ea aqui, a jogada est\u00e1 desenhando por aqui, voc\u00ea corre para c\u00e1, voc\u00ea faz o contr\u00e1rio da jogada, por que voc\u00ea faz isso?&#8217;. Ele perguntou s\u00e9rio, curioso, n\u00e3o foi dando risada.<\/em><\/p>\n<p><em>\u2014 Eu e Juan sem gra\u00e7a, a\u00ed o cara: &#8216;n\u00e3o, \u00e9 que eu pensei que a bola ia para o outro lado&#8217;, a\u00ed ele &#8216;ah, t\u00e1&#8230;&#8217; e voltou a comer, nem percebeu que destruiu o cara<\/em>, comentou Diego em entrevista ao PodCast \u2018Fala Bras\u00f3lho\u2019 do Canal Desimpedidos.<\/p>\n<p>Ap\u00f3s contar a hist\u00f3ria com J\u00falio C\u00e9sar, Diego definiu ex-goleiro em apenas uma palavra e preferiu ser direto.<\/p>\n<p><em>\u2014 Autenticidade. O J\u00falio \u00e9 espetacular. Falei com ele no anivers\u00e1rio dele. \u00c9 um cara aut\u00eantico, divertido e fala uns absurdos que voc\u00ea fica: &#8216;n\u00e3o acredito que esse cara falou isso&#8217; (risos). \u00c9 um cara com quem sempre me dei bem. Chora, d\u00e1 risada, se emociona, mas \u00e9 humano. Voc\u00ea v\u00ea que o cara \u00e9 muito legal<\/em>.<\/p>\n<p>Assim como aconteceu com J\u00falio C\u00e9sar no in\u00edcio de 2018, Diego Ribas vive atualmente seus \u00faltimos meses com a camisa do Flamengo. O meia j\u00e1 anunciou anteriormente que 2022 \u00e9 o \u00faltimo ano em que estar\u00e1 defendendo o clube carioca e que a equipe ser\u00e1 a \u00faltima equipe no Brasil que ir\u00e1 jogar.<\/p>\n<p>Retirado de: ESPM<\/p>\n","protected":false},"excerpt":{"rendered":"<p>Diego Ribas \u00e9 um dos l\u00edderes do atual elenco do Flamengo e tem sua passagem pela equipe marcada pelas conquistas e pelo que viveu com alguns jogadores hist\u00f3ricos do clube. Um deles foi J\u00falio C\u00e9sar. Sobre o per\u00edodo em que conviveu com o ex-goleiro, durante os primeiros meses de 2018, o camisa 10 comentou sobre [&hellip;]<\/p>\n","protected":false},"author":1,"featured_media":84964,"comment_status":"open","ping_status":"closed","sticky":false,"template":"","format":"standard","meta":{"footnotes":""},"categories":[1],"tags":[],"class_list":["post-88118","post","type-post","status-publish","format-standard","has-post-thumbnail","hentry","category-flamengo"],"yoast_head":"<!-- This site is optimized with the Yoast SEO Premium plugin v24.2 (Yoast SEO v26.9) - https:\/\/yoast.com\/product\/yoast-seo-premium-wordpress\/ -->\n<title>Diego Ribas lembra quando J\u00falio C\u00e9sar &#039;destruiu&#039; jogador do Flamengo em conversa inusitada e deixou outros sem rea\u00e7\u00e3o<\/title>\n<meta name=\"robots\" content=\"index, follow, max-snippet:-1, max-image-preview:large, max-video-preview:-1\" \/>\n<link rel=\"canonical\" href=\"https:\/\/www.gaveanews.com\/index.php\/2022\/09\/26\/diego-ribas-lembra-quando-julio-cesar-destruiu-jogador-do-flamengo-em-conversa-inusitada-e-deixou-outros-sem-reacao\/\" \/>\n<meta property=\"og:locale\" content=\"pt_BR\" \/>\n<meta property=\"og:type\" content=\"article\" \/>\n<meta property=\"og:title\" content=\"Diego Ribas lembra quando J\u00falio C\u00e9sar &#039;destruiu&#039; jogador do Flamengo em conversa inusitada e deixou outros sem rea\u00e7\u00e3o\" \/>\n<meta property=\"og:description\" content=\"Diego Ribas \u00e9 um dos l\u00edderes do atual elenco do Flamengo e tem sua passagem pela equipe marcada pelas conquistas e pelo que viveu com alguns jogadores hist\u00f3ricos do clube. Um deles foi J\u00falio C\u00e9sar. Sobre o per\u00edodo em que conviveu com o ex-goleiro, durante os primeiros meses de 2018, o camisa 10 comentou sobre [&hellip;]\" \/>\n<meta property=\"og:url\" content=\"https:\/\/www.gaveanews.com\/index.php\/2022\/09\/26\/diego-ribas-lembra-quando-julio-cesar-destruiu-jogador-do-flamengo-em-conversa-inusitada-e-deixou-outros-sem-reacao\/\" \/>\n<meta property=\"og:site_name\" content=\"G\u00e1vea News\" \/>\n<meta property=\"article:publisher\" content=\"https:\/\/facebook.com\/gaveaNews\/\" \/>\n<meta property=\"article:published_time\" content=\"2022-09-27T00:09:26+00:00\" \/>\n<meta property=\"og:image\" content=\"https:\/\/www.gaveanews.com\/wp-content\/uploads\/Diego-Ribas-concede-entrevista-coletiva-no-Ninho-do-Urubu.webp\" \/>\n\t<meta property=\"og:image:width\" content=\"1000\" \/>\n\t<meta property=\"og:image:height\" content=\"666\" \/>\n\t<meta property=\"og:image:type\" content=\"image\/webp\" \/>\n<meta name=\"author\" content=\"Equipe G\u00e1vea News\" \/>\n<meta name=\"twitter:card\" content=\"summary_large_image\" \/>\n<meta name=\"twitter:label1\" content=\"Escrito por\" \/>\n\t<meta name=\"twitter:data1\" content=\"Equipe G\u00e1vea News\" \/>\n\t<meta name=\"twitter:label2\" content=\"Est. tempo de leitura\" \/>\n\t<meta name=\"twitter:data2\" content=\"2 minutos\" \/>\n<script type=\"application\/ld+json\" class=\"yoast-schema-graph\">{\"@context\":\"https:\/\/schema.org\",\"@graph\":[{\"@type\":\"NewsArticle\",\"@id\":\"https:\/\/www.gaveanews.com\/index.php\/2022\/09\/26\/diego-ribas-lembra-quando-julio-cesar-destruiu-jogador-do-flamengo-em-conversa-inusitada-e-deixou-outros-sem-reacao\/#article\",\"isPartOf\":{\"@id\":\"https:\/\/www.gaveanews.com\/index.php\/2022\/09\/26\/diego-ribas-lembra-quando-julio-cesar-destruiu-jogador-do-flamengo-em-conversa-inusitada-e-deixou-outros-sem-reacao\/\"},\"author\":{\"name\":\"Equipe G\u00e1vea News\",\"@id\":\"https:\/\/www.gaveanews.com\/#\/schema\/person\/2ec14f73fb96be2caf28f91afb14749d\"},\"headline\":\"Diego Ribas lembra quando J\u00falio C\u00e9sar &#8216;destruiu&#8217; jogador do Flamengo em conversa inusitada e deixou outros sem rea\u00e7\u00e3o\",\"datePublished\":\"2022-09-27T00:09:26+00:00\",\"mainEntityOfPage\":{\"@id\":\"https:\/\/www.gaveanews.com\/index.php\/2022\/09\/26\/diego-ribas-lembra-quando-julio-cesar-destruiu-jogador-do-flamengo-em-conversa-inusitada-e-deixou-outros-sem-reacao\/\"},\"wordCount\":376,\"commentCount\":0,\"image\":{\"@id\":\"https:\/\/www.gaveanews.com\/index.php\/2022\/09\/26\/diego-ribas-lembra-quando-julio-cesar-destruiu-jogador-do-flamengo-em-conversa-inusitada-e-deixou-outros-sem-reacao\/#primaryimage\"},\"thumbnailUrl\":\"https:\/\/www.gaveanews.com\/wp-content\/uploads\/Diego-Ribas-concede-entrevista-coletiva-no-Ninho-do-Urubu.webp\",\"articleSection\":[\"Flamengo\"],\"inLanguage\":\"pt-BR\",\"potentialAction\":[{\"@type\":\"CommentAction\",\"name\":\"Comment\",\"target\":[\"https:\/\/www.gaveanews.com\/index.php\/2022\/09\/26\/diego-ribas-lembra-quando-julio-cesar-destruiu-jogador-do-flamengo-em-conversa-inusitada-e-deixou-outros-sem-reacao\/#respond\"]}],\"copyrightYear\":\"2022\",\"copyrightHolder\":{\"@id\":\"https:\/\/www.gaveanews.com\/#organization\"}},{\"@type\":\"WebPage\",\"@id\":\"https:\/\/www.gaveanews.com\/index.php\/2022\/09\/26\/diego-ribas-lembra-quando-julio-cesar-destruiu-jogador-do-flamengo-em-conversa-inusitada-e-deixou-outros-sem-reacao\/\",\"url\":\"https:\/\/www.gaveanews.com\/index.php\/2022\/09\/26\/diego-ribas-lembra-quando-julio-cesar-destruiu-jogador-do-flamengo-em-conversa-inusitada-e-deixou-outros-sem-reacao\/\",\"name\":\"Diego Ribas lembra quando J\u00falio C\u00e9sar 'destruiu' jogador do Flamengo em conversa inusitada e deixou outros sem rea\u00e7\u00e3o\",\"isPartOf\":{\"@id\":\"https:\/\/www.gaveanews.com\/#website\"},\"primaryImageOfPage\":{\"@id\":\"https:\/\/www.gaveanews.com\/index.php\/2022\/09\/26\/diego-ribas-lembra-quando-julio-cesar-destruiu-jogador-do-flamengo-em-conversa-inusitada-e-deixou-outros-sem-reacao\/#primaryimage\"},\"image\":{\"@id\":\"https:\/\/www.gaveanews.com\/index.php\/2022\/09\/26\/diego-ribas-lembra-quando-julio-cesar-destruiu-jogador-do-flamengo-em-conversa-inusitada-e-deixou-outros-sem-reacao\/#primaryimage\"},\"thumbnailUrl\":\"https:\/\/www.gaveanews.com\/wp-content\/uploads\/Diego-Ribas-concede-entrevista-coletiva-no-Ninho-do-Urubu.webp\",\"datePublished\":\"2022-09-27T00:09:26+00:00\",\"author\":{\"@id\":\"https:\/\/www.gaveanews.com\/#\/schema\/person\/2ec14f73fb96be2caf28f91afb14749d\"},\"breadcrumb\":{\"@id\":\"https:\/\/www.gaveanews.com\/index.php\/2022\/09\/26\/diego-ribas-lembra-quando-julio-cesar-destruiu-jogador-do-flamengo-em-conversa-inusitada-e-deixou-outros-sem-reacao\/#breadcrumb\"},\"inLanguage\":\"pt-BR\",\"potentialAction\":[{\"@type\":\"ReadAction\",\"target\":[\"https:\/\/www.gaveanews.com\/index.php\/2022\/09\/26\/diego-ribas-lembra-quando-julio-cesar-destruiu-jogador-do-flamengo-em-conversa-inusitada-e-deixou-outros-sem-reacao\/\"]}]},{\"@type\":\"ImageObject\",\"inLanguage\":\"pt-BR\",\"@id\":\"https:\/\/www.gaveanews.com\/index.php\/2022\/09\/26\/diego-ribas-lembra-quando-julio-cesar-destruiu-jogador-do-flamengo-em-conversa-inusitada-e-deixou-outros-sem-reacao\/#primaryimage\",\"url\":\"https:\/\/www.gaveanews.com\/wp-content\/uploads\/Diego-Ribas-concede-entrevista-coletiva-no-Ninho-do-Urubu.webp\",\"contentUrl\":\"https:\/\/www.gaveanews.com\/wp-content\/uploads\/Diego-Ribas-concede-entrevista-coletiva-no-Ninho-do-Urubu.webp\",\"width\":1000,\"height\":666,\"caption\":\"Diego Ribas concede entrevista coletiva no Ninho do Urubu (Foto: Marcelo Cortes\/Flamengo)\"},{\"@type\":\"BreadcrumbList\",\"@id\":\"https:\/\/www.gaveanews.com\/index.php\/2022\/09\/26\/diego-ribas-lembra-quando-julio-cesar-destruiu-jogador-do-flamengo-em-conversa-inusitada-e-deixou-outros-sem-reacao\/#breadcrumb\",\"itemListElement\":[{\"@type\":\"ListItem\",\"position\":1,\"name\":\"Home\",\"item\":\"https:\/\/www.gaveanews.com\/\"},{\"@type\":\"ListItem\",\"position\":2,\"name\":\"Diego Ribas lembra quando J\u00falio C\u00e9sar &#8216;destruiu&#8217; jogador do Flamengo em conversa inusitada e deixou outros sem rea\u00e7\u00e3o\"}]},{\"@type\":\"WebSite\",\"@id\":\"https:\/\/www.gaveanews.com\/#website\",\"url\":\"https:\/\/www.gaveanews.com\/\",\"name\":\"G\u00e1vea News\",\"description\":\"Veja todas as not\u00edcias sobre o Flamengo: Contrata\u00e7\u00f5es, categorias de base, resultados das partidas, tabela de classifica\u00e7\u00e3o, pr\u00f3ximos jogos!\",\"potentialAction\":[{\"@type\":\"SearchAction\",\"target\":{\"@type\":\"EntryPoint\",\"urlTemplate\":\"https:\/\/www.gaveanews.com\/?s={search_term_string}\"},\"query-input\":{\"@type\":\"PropertyValueSpecification\",\"valueRequired\":true,\"valueName\":\"search_term_string\"}}],\"inLanguage\":\"pt-BR\"},{\"@type\":\"Person\",\"@id\":\"https:\/\/www.gaveanews.com\/#\/schema\/person\/2ec14f73fb96be2caf28f91afb14749d\",\"name\":\"Equipe G\u00e1vea News\",\"image\":{\"@type\":\"ImageObject\",\"inLanguage\":\"pt-BR\",\"@id\":\"https:\/\/www.gaveanews.com\/#\/schema\/person\/image\/\",\"url\":\"https:\/\/secure.gravatar.com\/avatar\/1e1956f1facbffd3f8fa53a326721950116b3b9dc9bd44939c01180fd4a745a9?s=96&d=mm&r=g\",\"contentUrl\":\"https:\/\/secure.gravatar.com\/avatar\/1e1956f1facbffd3f8fa53a326721950116b3b9dc9bd44939c01180fd4a745a9?s=96&d=mm&r=g\",\"caption\":\"Equipe G\u00e1vea News\"}}]}<\/script>\n<!-- \/ Yoast SEO Premium plugin. -->","yoast_head_json":{"title":"Diego Ribas lembra quando J\u00falio C\u00e9sar 'destruiu' jogador do Flamengo em conversa inusitada e deixou outros sem rea\u00e7\u00e3o","robots":{"index":"index","follow":"follow","max-snippet":"max-snippet:-1","max-image-preview":"max-image-preview:large","max-video-preview":"max-video-preview:-1"},"canonical":"https:\/\/www.gaveanews.com\/index.php\/2022\/09\/26\/diego-ribas-lembra-quando-julio-cesar-destruiu-jogador-do-flamengo-em-conversa-inusitada-e-deixou-outros-sem-reacao\/","og_locale":"pt_BR","og_type":"article","og_title":"Diego Ribas lembra quando J\u00falio C\u00e9sar 'destruiu' jogador do Flamengo em conversa inusitada e deixou outros sem rea\u00e7\u00e3o","og_description":"Diego Ribas \u00e9 um dos l\u00edderes do atual elenco do Flamengo e tem sua passagem pela equipe marcada pelas conquistas e pelo que viveu com alguns jogadores hist\u00f3ricos do clube. Um deles foi J\u00falio C\u00e9sar. Sobre o per\u00edodo em que conviveu com o ex-goleiro, durante os primeiros meses de 2018, o camisa 10 comentou sobre [&hellip;]","og_url":"https:\/\/www.gaveanews.com\/index.php\/2022\/09\/26\/diego-ribas-lembra-quando-julio-cesar-destruiu-jogador-do-flamengo-em-conversa-inusitada-e-deixou-outros-sem-reacao\/","og_site_name":"G\u00e1vea News","article_publisher":"https:\/\/facebook.com\/gaveaNews\/","article_published_time":"2022-09-27T00:09:26+00:00","og_image":[{"width":1000,"height":666,"url":"https:\/\/www.gaveanews.com\/wp-content\/uploads\/Diego-Ribas-concede-entrevista-coletiva-no-Ninho-do-Urubu.webp","type":"image\/webp"}],"author":"Equipe G\u00e1vea News","twitter_card":"summary_large_image","twitter_misc":{"Escrito por":"Equipe G\u00e1vea News","Est. tempo de leitura":"2 minutos"},"schema":{"@context":"https:\/\/schema.org","@graph":[{"@type":"NewsArticle","@id":"https:\/\/www.gaveanews.com\/index.php\/2022\/09\/26\/diego-ribas-lembra-quando-julio-cesar-destruiu-jogador-do-flamengo-em-conversa-inusitada-e-deixou-outros-sem-reacao\/#article","isPartOf":{"@id":"https:\/\/www.gaveanews.com\/index.php\/2022\/09\/26\/diego-ribas-lembra-quando-julio-cesar-destruiu-jogador-do-flamengo-em-conversa-inusitada-e-deixou-outros-sem-reacao\/"},"author":{"name":"Equipe G\u00e1vea News","@id":"https:\/\/www.gaveanews.com\/#\/schema\/person\/2ec14f73fb96be2caf28f91afb14749d"},"headline":"Diego Ribas lembra quando J\u00falio C\u00e9sar &#8216;destruiu&#8217; jogador do Flamengo em conversa inusitada e deixou outros sem rea\u00e7\u00e3o","datePublished":"2022-09-27T00:09:26+00:00","mainEntityOfPage":{"@id":"https:\/\/www.gaveanews.com\/index.php\/2022\/09\/26\/diego-ribas-lembra-quando-julio-cesar-destruiu-jogador-do-flamengo-em-conversa-inusitada-e-deixou-outros-sem-reacao\/"},"wordCount":376,"commentCount":0,"image":{"@id":"https:\/\/www.gaveanews.com\/index.php\/2022\/09\/26\/diego-ribas-lembra-quando-julio-cesar-destruiu-jogador-do-flamengo-em-conversa-inusitada-e-deixou-outros-sem-reacao\/#primaryimage"},"thumbnailUrl":"https:\/\/www.gaveanews.com\/wp-content\/uploads\/Diego-Ribas-concede-entrevista-coletiva-no-Ninho-do-Urubu.webp","articleSection":["Flamengo"],"inLanguage":"pt-BR","potentialAction":[{"@type":"CommentAction","name":"Comment","target":["https:\/\/www.gaveanews.com\/index.php\/2022\/09\/26\/diego-ribas-lembra-quando-julio-cesar-destruiu-jogador-do-flamengo-em-conversa-inusitada-e-deixou-outros-sem-reacao\/#respond"]}],"copyrightYear":"2022","copyrightHolder":{"@id":"https:\/\/www.gaveanews.com\/#organization"}},{"@type":"WebPage","@id":"https:\/\/www.gaveanews.com\/index.php\/2022\/09\/26\/diego-ribas-lembra-quando-julio-cesar-destruiu-jogador-do-flamengo-em-conversa-inusitada-e-deixou-outros-sem-reacao\/","url":"https:\/\/www.gaveanews.com\/index.php\/2022\/09\/26\/diego-ribas-lembra-quando-julio-cesar-destruiu-jogador-do-flamengo-em-conversa-inusitada-e-deixou-outros-sem-reacao\/","name":"Diego Ribas lembra quando J\u00falio C\u00e9sar 'destruiu' jogador do Flamengo em conversa inusitada e deixou outros sem rea\u00e7\u00e3o","isPartOf":{"@id":"https:\/\/www.gaveanews.com\/#website"},"primaryImageOfPage":{"@id":"https:\/\/www.gaveanews.com\/index.php\/2022\/09\/26\/diego-ribas-lembra-quando-julio-cesar-destruiu-jogador-do-flamengo-em-conversa-inusitada-e-deixou-outros-sem-reacao\/#primaryimage"},"image":{"@id":"https:\/\/www.gaveanews.com\/index.php\/2022\/09\/26\/diego-ribas-lembra-quando-julio-cesar-destruiu-jogador-do-flamengo-em-conversa-inusitada-e-deixou-outros-sem-reacao\/#primaryimage"},"thumbnailUrl":"https:\/\/www.gaveanews.com\/wp-content\/uploads\/Diego-Ribas-concede-entrevista-coletiva-no-Ninho-do-Urubu.webp","datePublished":"2022-09-27T00:09:26+00:00","author":{"@id":"https:\/\/www.gaveanews.com\/#\/schema\/person\/2ec14f73fb96be2caf28f91afb14749d"},"breadcrumb":{"@id":"https:\/\/www.gaveanews.com\/index.php\/2022\/09\/26\/diego-ribas-lembra-quando-julio-cesar-destruiu-jogador-do-flamengo-em-conversa-inusitada-e-deixou-outros-sem-reacao\/#breadcrumb"},"inLanguage":"pt-BR","potentialAction":[{"@type":"ReadAction","target":["https:\/\/www.gaveanews.com\/index.php\/2022\/09\/26\/diego-ribas-lembra-quando-julio-cesar-destruiu-jogador-do-flamengo-em-conversa-inusitada-e-deixou-outros-sem-reacao\/"]}]},{"@type":"ImageObject","inLanguage":"pt-BR","@id":"https:\/\/www.gaveanews.com\/index.php\/2022\/09\/26\/diego-ribas-lembra-quando-julio-cesar-destruiu-jogador-do-flamengo-em-conversa-inusitada-e-deixou-outros-sem-reacao\/#primaryimage","url":"https:\/\/www.gaveanews.com\/wp-content\/uploads\/Diego-Ribas-concede-entrevista-coletiva-no-Ninho-do-Urubu.webp","contentUrl":"https:\/\/www.gaveanews.com\/wp-content\/uploads\/Diego-Ribas-concede-entrevista-coletiva-no-Ninho-do-Urubu.webp","width":1000,"height":666,"caption":"Diego Ribas concede entrevista coletiva no Ninho do Urubu (Foto: Marcelo Cortes\/Flamengo)"},{"@type":"BreadcrumbList","@id":"https:\/\/www.gaveanews.com\/index.php\/2022\/09\/26\/diego-ribas-lembra-quando-julio-cesar-destruiu-jogador-do-flamengo-em-conversa-inusitada-e-deixou-outros-sem-reacao\/#breadcrumb","itemListElement":[{"@type":"ListItem","position":1,"name":"Home","item":"https:\/\/www.gaveanews.com\/"},{"@type":"ListItem","position":2,"name":"Diego Ribas lembra quando J\u00falio C\u00e9sar &#8216;destruiu&#8217; jogador do Flamengo em conversa inusitada e deixou outros sem rea\u00e7\u00e3o"}]},{"@type":"WebSite","@id":"https:\/\/www.gaveanews.com\/#website","url":"https:\/\/www.gaveanews.com\/","name":"G\u00e1vea News","description":"Veja todas as not\u00edcias sobre o Flamengo: Contrata\u00e7\u00f5es, categorias de base, resultados das partidas, tabela de classifica\u00e7\u00e3o, pr\u00f3ximos jogos!","potentialAction":[{"@type":"SearchAction","target":{"@type":"EntryPoint","urlTemplate":"https:\/\/www.gaveanews.com\/?s={search_term_string}"},"query-input":{"@type":"PropertyValueSpecification","valueRequired":true,"valueName":"search_term_string"}}],"inLanguage":"pt-BR"},{"@type":"Person","@id":"https:\/\/www.gaveanews.com\/#\/schema\/person\/2ec14f73fb96be2caf28f91afb14749d","name":"Equipe G\u00e1vea News","image":{"@type":"ImageObject","inLanguage":"pt-BR","@id":"https:\/\/www.gaveanews.com\/#\/schema\/person\/image\/","url":"https:\/\/secure.gravatar.com\/avatar\/1e1956f1facbffd3f8fa53a326721950116b3b9dc9bd44939c01180fd4a745a9?s=96&d=mm&r=g","contentUrl":"https:\/\/secure.gravatar.com\/avatar\/1e1956f1facbffd3f8fa53a326721950116b3b9dc9bd44939c01180fd4a745a9?s=96&d=mm&r=g","caption":"Equipe G\u00e1vea News"}}]}},"_links":{"self":[{"href":"https:\/\/www.gaveanews.com\/index.php\/wp-json\/wp\/v2\/posts\/88118","targetHints":{"allow":["GET"]}}],"collection":[{"href":"https:\/\/www.gaveanews.com\/index.php\/wp-json\/wp\/v2\/posts"}],"about":[{"href":"https:\/\/www.gaveanews.com\/index.php\/wp-json\/wp\/v2\/types\/post"}],"author":[{"embeddable":true,"href":"https:\/\/www.gaveanews.com\/index.php\/wp-json\/wp\/v2\/users\/1"}],"replies":[{"embeddable":true,"href":"https:\/\/www.gaveanews.com\/index.php\/wp-json\/wp\/v2\/comments?post=88118"}],"version-history":[{"count":0,"href":"https:\/\/www.gaveanews.com\/index.php\/wp-json\/wp\/v2\/posts\/88118\/revisions"}],"wp:featuredmedia":[{"embeddable":true,"href":"https:\/\/www.gaveanews.com\/index.php\/wp-json\/wp\/v2\/media\/84964"}],"wp:attachment":[{"href":"https:\/\/www.gaveanews.com\/index.php\/wp-json\/wp\/v2\/media?parent=88118"}],"wp:term":[{"taxonomy":"category","embeddable":true,"href":"https:\/\/www.gaveanews.com\/index.php\/wp-json\/wp\/v2\/categories?post=88118"},{"taxonomy":"post_tag","embeddable":true,"href":"https:\/\/www.gaveanews.com\/index.php\/wp-json\/wp\/v2\/tags?post=88118"}],"curies":[{"name":"wp","href":"https:\/\/api.w.org\/{rel}","templated":true}]}}