{"id":88120,"date":"2022-09-26T22:09:27","date_gmt":"2022-09-27T01:09:27","guid":{"rendered":"https:\/\/www.gaveanews.com\/?p=88120"},"modified":"2022-09-26T22:09:27","modified_gmt":"2022-09-27T01:09:27","slug":"flamengo-e-staff-de-gabigol-se-manifestam-sobre-noticias-de-uma-possivel-saida-para-o-fenerbahce","status":"publish","type":"post","link":"https:\/\/www.gaveanews.com\/index.php\/2022\/09\/26\/flamengo-e-staff-de-gabigol-se-manifestam-sobre-noticias-de-uma-possivel-saida-para-o-fenerbahce\/","title":{"rendered":"Flamengo e staff de Gabigol se manifestam sobre not\u00edcias de uma poss\u00edvel sa\u00edda para o Fenerbah\u00e7e"},"content":{"rendered":"<p>Um dos principais \u00eddolo da hist\u00f3ria do Flamengo, Gabigol teve seu nome ventilado no Fenerbah\u00e7e no \u00faltimo fim de semana. No entanto, apesar disso, de acordo com informa\u00e7\u00f5es do jornalista Jorge Nicola, o staff do atacante e o pr\u00f3prio clube carioca negaram o interesse do clube turco no artilheiro.<\/p>\n<p>A informa\u00e7\u00e3o do suposto desejo da equipe de Jorge Jesus foi dada pelo jornal turco &#8220;Fanatik&#8221;. O Fenerbah\u00e7e estaria preparando uma proposta de 33 milh\u00f5es de euros (cerca de R$ 168 milh\u00f5es na cota\u00e7\u00e3o atual) para contratar o artilheiro na janela de janeiro de 2023.<\/p>\n<p>O desejo do clube turco teria a ver com Jorge Jesus. O treinador do Fenerbah\u00e7e n\u00e3o est\u00e1 satisfeito com os atacantes que possui no atual elenco e deseja refor\u00e7os. Gabigol foi comandado pelo portugu\u00eas no Flamengo em 2019 e 2020 e viveu no per\u00edodo do Mister o seu melhor momento no Rubro-Negro.<\/p>\n<p>A pedido de Jorge Jesus dois jogadores que estavam no Flamengo j\u00e1 foram contratados pelo Fernabah\u00e7e. O zagueiro Gustavo Henrique, que foi emprestado pelo Rubro-Negro, com op\u00e7\u00e3o de compra e o volante Willian Ar\u00e3o que foi negociado em definitivo.<\/p>\n<p>Gabigol chegou ao Flamengo em 2019 e em pouco tempo se tornou um grande \u00eddolo do clube carioca. No total, o atacante conquistou uma Libertadores, dois Brasileiros, duas Supercopas do Brasil, uma Recopa Sul-Americana e tr\u00eas Campeonatos Cariocas.<\/p>\n<p>Retirado de: O Dia<\/p>\n","protected":false},"excerpt":{"rendered":"<p>Um dos principais \u00eddolo da hist\u00f3ria do Flamengo, Gabigol teve seu nome ventilado no Fenerbah\u00e7e no \u00faltimo fim de semana. No entanto, apesar disso, de acordo com informa\u00e7\u00f5es do jornalista Jorge Nicola, o staff do atacante e o pr\u00f3prio clube carioca negaram o interesse do clube turco no artilheiro. A informa\u00e7\u00e3o do suposto desejo da [&hellip;]<\/p>\n","protected":false},"author":1,"featured_media":85307,"comment_status":"open","ping_status":"closed","sticky":false,"template":"","format":"standard","meta":{"footnotes":""},"categories":[48],"tags":[],"class_list":["post-88120","post","type-post","status-publish","format-standard","has-post-thumbnail","hentry","category-negociacoes"],"yoast_head":"<!-- This site is optimized with the Yoast SEO Premium plugin v24.2 (Yoast SEO v26.9) - https:\/\/yoast.com\/product\/yoast-seo-premium-wordpress\/ -->\n<title>Flamengo e staff de Gabigol se manifestam sobre not\u00edcias de uma poss\u00edvel sa\u00edda para o Fenerbah\u00e7e<\/title>\n<meta name=\"robots\" content=\"index, follow, max-snippet:-1, max-image-preview:large, max-video-preview:-1\" \/>\n<link rel=\"canonical\" href=\"https:\/\/www.gaveanews.com\/index.php\/2022\/09\/26\/flamengo-e-staff-de-gabigol-se-manifestam-sobre-noticias-de-uma-possivel-saida-para-o-fenerbahce\/\" \/>\n<meta property=\"og:locale\" content=\"pt_BR\" \/>\n<meta property=\"og:type\" content=\"article\" \/>\n<meta property=\"og:title\" content=\"Flamengo e staff de Gabigol se manifestam sobre not\u00edcias de uma poss\u00edvel sa\u00edda para o Fenerbah\u00e7e\" \/>\n<meta property=\"og:description\" content=\"Um dos principais \u00eddolo da hist\u00f3ria do Flamengo, Gabigol teve seu nome ventilado no Fenerbah\u00e7e no \u00faltimo fim de semana. No entanto, apesar disso, de acordo com informa\u00e7\u00f5es do jornalista Jorge Nicola, o staff do atacante e o pr\u00f3prio clube carioca negaram o interesse do clube turco no artilheiro. A informa\u00e7\u00e3o do suposto desejo da [&hellip;]\" \/>\n<meta property=\"og:url\" content=\"https:\/\/www.gaveanews.com\/index.php\/2022\/09\/26\/flamengo-e-staff-de-gabigol-se-manifestam-sobre-noticias-de-uma-possivel-saida-para-o-fenerbahce\/\" \/>\n<meta property=\"og:site_name\" content=\"G\u00e1vea News\" \/>\n<meta property=\"article:publisher\" content=\"https:\/\/facebook.com\/gaveaNews\/\" \/>\n<meta property=\"article:published_time\" content=\"2022-09-27T01:09:27+00:00\" \/>\n<meta property=\"og:image\" content=\"https:\/\/www.gaveanews.com\/wp-content\/uploads\/Gabigol-em-jogo-do-Flamengo-contra-o-Athletico-pela-Copa-do-Brasil.webp\" \/>\n\t<meta property=\"og:image:width\" content=\"800\" \/>\n\t<meta property=\"og:image:height\" content=\"533\" \/>\n\t<meta property=\"og:image:type\" content=\"image\/jpeg\" \/>\n<meta name=\"author\" content=\"Equipe G\u00e1vea News\" \/>\n<meta name=\"twitter:card\" content=\"summary_large_image\" \/>\n<meta name=\"twitter:label1\" content=\"Escrito por\" \/>\n\t<meta name=\"twitter:data1\" content=\"Equipe G\u00e1vea News\" \/>\n\t<meta name=\"twitter:label2\" content=\"Est. tempo de leitura\" \/>\n\t<meta name=\"twitter:data2\" content=\"2 minutos\" \/>\n<script type=\"application\/ld+json\" class=\"yoast-schema-graph\">{\"@context\":\"https:\/\/schema.org\",\"@graph\":[{\"@type\":\"NewsArticle\",\"@id\":\"https:\/\/www.gaveanews.com\/index.php\/2022\/09\/26\/flamengo-e-staff-de-gabigol-se-manifestam-sobre-noticias-de-uma-possivel-saida-para-o-fenerbahce\/#article\",\"isPartOf\":{\"@id\":\"https:\/\/www.gaveanews.com\/index.php\/2022\/09\/26\/flamengo-e-staff-de-gabigol-se-manifestam-sobre-noticias-de-uma-possivel-saida-para-o-fenerbahce\/\"},\"author\":{\"name\":\"Equipe G\u00e1vea News\",\"@id\":\"https:\/\/www.gaveanews.com\/#\/schema\/person\/2ec14f73fb96be2caf28f91afb14749d\"},\"headline\":\"Flamengo e staff de Gabigol se manifestam sobre not\u00edcias de uma poss\u00edvel sa\u00edda para o Fenerbah\u00e7e\",\"datePublished\":\"2022-09-27T01:09:27+00:00\",\"mainEntityOfPage\":{\"@id\":\"https:\/\/www.gaveanews.com\/index.php\/2022\/09\/26\/flamengo-e-staff-de-gabigol-se-manifestam-sobre-noticias-de-uma-possivel-saida-para-o-fenerbahce\/\"},\"wordCount\":259,\"commentCount\":0,\"image\":{\"@id\":\"https:\/\/www.gaveanews.com\/index.php\/2022\/09\/26\/flamengo-e-staff-de-gabigol-se-manifestam-sobre-noticias-de-uma-possivel-saida-para-o-fenerbahce\/#primaryimage\"},\"thumbnailUrl\":\"https:\/\/www.gaveanews.com\/wp-content\/uploads\/Gabigol-em-jogo-do-Flamengo-contra-o-Athletico-pela-Copa-do-Brasil.webp\",\"articleSection\":[\"Negocia\u00e7\u00f5es\"],\"inLanguage\":\"pt-BR\",\"potentialAction\":[{\"@type\":\"CommentAction\",\"name\":\"Comment\",\"target\":[\"https:\/\/www.gaveanews.com\/index.php\/2022\/09\/26\/flamengo-e-staff-de-gabigol-se-manifestam-sobre-noticias-de-uma-possivel-saida-para-o-fenerbahce\/#respond\"]}],\"copyrightYear\":\"2022\",\"copyrightHolder\":{\"@id\":\"https:\/\/www.gaveanews.com\/#organization\"}},{\"@type\":\"WebPage\",\"@id\":\"https:\/\/www.gaveanews.com\/index.php\/2022\/09\/26\/flamengo-e-staff-de-gabigol-se-manifestam-sobre-noticias-de-uma-possivel-saida-para-o-fenerbahce\/\",\"url\":\"https:\/\/www.gaveanews.com\/index.php\/2022\/09\/26\/flamengo-e-staff-de-gabigol-se-manifestam-sobre-noticias-de-uma-possivel-saida-para-o-fenerbahce\/\",\"name\":\"Flamengo e staff de Gabigol se manifestam sobre not\u00edcias de uma poss\u00edvel sa\u00edda para o Fenerbah\u00e7e\",\"isPartOf\":{\"@id\":\"https:\/\/www.gaveanews.com\/#website\"},\"primaryImageOfPage\":{\"@id\":\"https:\/\/www.gaveanews.com\/index.php\/2022\/09\/26\/flamengo-e-staff-de-gabigol-se-manifestam-sobre-noticias-de-uma-possivel-saida-para-o-fenerbahce\/#primaryimage\"},\"image\":{\"@id\":\"https:\/\/www.gaveanews.com\/index.php\/2022\/09\/26\/flamengo-e-staff-de-gabigol-se-manifestam-sobre-noticias-de-uma-possivel-saida-para-o-fenerbahce\/#primaryimage\"},\"thumbnailUrl\":\"https:\/\/www.gaveanews.com\/wp-content\/uploads\/Gabigol-em-jogo-do-Flamengo-contra-o-Athletico-pela-Copa-do-Brasil.webp\",\"datePublished\":\"2022-09-27T01:09:27+00:00\",\"author\":{\"@id\":\"https:\/\/www.gaveanews.com\/#\/schema\/person\/2ec14f73fb96be2caf28f91afb14749d\"},\"breadcrumb\":{\"@id\":\"https:\/\/www.gaveanews.com\/index.php\/2022\/09\/26\/flamengo-e-staff-de-gabigol-se-manifestam-sobre-noticias-de-uma-possivel-saida-para-o-fenerbahce\/#breadcrumb\"},\"inLanguage\":\"pt-BR\",\"potentialAction\":[{\"@type\":\"ReadAction\",\"target\":[\"https:\/\/www.gaveanews.com\/index.php\/2022\/09\/26\/flamengo-e-staff-de-gabigol-se-manifestam-sobre-noticias-de-uma-possivel-saida-para-o-fenerbahce\/\"]}]},{\"@type\":\"ImageObject\",\"inLanguage\":\"pt-BR\",\"@id\":\"https:\/\/www.gaveanews.com\/index.php\/2022\/09\/26\/flamengo-e-staff-de-gabigol-se-manifestam-sobre-noticias-de-uma-possivel-saida-para-o-fenerbahce\/#primaryimage\",\"url\":\"https:\/\/www.gaveanews.com\/wp-content\/uploads\/Gabigol-em-jogo-do-Flamengo-contra-o-Athletico-pela-Copa-do-Brasil.webp\",\"contentUrl\":\"https:\/\/www.gaveanews.com\/wp-content\/uploads\/Gabigol-em-jogo-do-Flamengo-contra-o-Athletico-pela-Copa-do-Brasil.webp\",\"width\":800,\"height\":533,\"caption\":\"Gabigol em jogo do Flamengo contra o Athletico pela Copa do Brasil (Foto: Marcelo Cortes\/Flamengo)\"},{\"@type\":\"BreadcrumbList\",\"@id\":\"https:\/\/www.gaveanews.com\/index.php\/2022\/09\/26\/flamengo-e-staff-de-gabigol-se-manifestam-sobre-noticias-de-uma-possivel-saida-para-o-fenerbahce\/#breadcrumb\",\"itemListElement\":[{\"@type\":\"ListItem\",\"position\":1,\"name\":\"Home\",\"item\":\"https:\/\/www.gaveanews.com\/\"},{\"@type\":\"ListItem\",\"position\":2,\"name\":\"Flamengo e staff de Gabigol se manifestam sobre not\u00edcias de uma poss\u00edvel sa\u00edda para o Fenerbah\u00e7e\"}]},{\"@type\":\"WebSite\",\"@id\":\"https:\/\/www.gaveanews.com\/#website\",\"url\":\"https:\/\/www.gaveanews.com\/\",\"name\":\"G\u00e1vea News\",\"description\":\"Veja todas as not\u00edcias sobre o Flamengo: Contrata\u00e7\u00f5es, categorias de base, resultados das partidas, tabela de classifica\u00e7\u00e3o, pr\u00f3ximos jogos!\",\"potentialAction\":[{\"@type\":\"SearchAction\",\"target\":{\"@type\":\"EntryPoint\",\"urlTemplate\":\"https:\/\/www.gaveanews.com\/?s={search_term_string}\"},\"query-input\":{\"@type\":\"PropertyValueSpecification\",\"valueRequired\":true,\"valueName\":\"search_term_string\"}}],\"inLanguage\":\"pt-BR\"},{\"@type\":\"Person\",\"@id\":\"https:\/\/www.gaveanews.com\/#\/schema\/person\/2ec14f73fb96be2caf28f91afb14749d\",\"name\":\"Equipe G\u00e1vea News\",\"image\":{\"@type\":\"ImageObject\",\"inLanguage\":\"pt-BR\",\"@id\":\"https:\/\/www.gaveanews.com\/#\/schema\/person\/image\/\",\"url\":\"https:\/\/secure.gravatar.com\/avatar\/1e1956f1facbffd3f8fa53a326721950116b3b9dc9bd44939c01180fd4a745a9?s=96&d=mm&r=g\",\"contentUrl\":\"https:\/\/secure.gravatar.com\/avatar\/1e1956f1facbffd3f8fa53a326721950116b3b9dc9bd44939c01180fd4a745a9?s=96&d=mm&r=g\",\"caption\":\"Equipe G\u00e1vea News\"}}]}<\/script>\n<!-- \/ Yoast SEO Premium plugin. -->","yoast_head_json":{"title":"Flamengo e staff de Gabigol se manifestam sobre not\u00edcias de uma poss\u00edvel sa\u00edda para o Fenerbah\u00e7e","robots":{"index":"index","follow":"follow","max-snippet":"max-snippet:-1","max-image-preview":"max-image-preview:large","max-video-preview":"max-video-preview:-1"},"canonical":"https:\/\/www.gaveanews.com\/index.php\/2022\/09\/26\/flamengo-e-staff-de-gabigol-se-manifestam-sobre-noticias-de-uma-possivel-saida-para-o-fenerbahce\/","og_locale":"pt_BR","og_type":"article","og_title":"Flamengo e staff de Gabigol se manifestam sobre not\u00edcias de uma poss\u00edvel sa\u00edda para o Fenerbah\u00e7e","og_description":"Um dos principais \u00eddolo da hist\u00f3ria do Flamengo, Gabigol teve seu nome ventilado no Fenerbah\u00e7e no \u00faltimo fim de semana. No entanto, apesar disso, de acordo com informa\u00e7\u00f5es do jornalista Jorge Nicola, o staff do atacante e o pr\u00f3prio clube carioca negaram o interesse do clube turco no artilheiro. A informa\u00e7\u00e3o do suposto desejo da [&hellip;]","og_url":"https:\/\/www.gaveanews.com\/index.php\/2022\/09\/26\/flamengo-e-staff-de-gabigol-se-manifestam-sobre-noticias-de-uma-possivel-saida-para-o-fenerbahce\/","og_site_name":"G\u00e1vea News","article_publisher":"https:\/\/facebook.com\/gaveaNews\/","article_published_time":"2022-09-27T01:09:27+00:00","og_image":[{"width":800,"height":533,"url":"https:\/\/www.gaveanews.com\/wp-content\/uploads\/Gabigol-em-jogo-do-Flamengo-contra-o-Athletico-pela-Copa-do-Brasil.webp","type":"image\/jpeg"}],"author":"Equipe G\u00e1vea News","twitter_card":"summary_large_image","twitter_misc":{"Escrito por":"Equipe G\u00e1vea News","Est. tempo de leitura":"2 minutos"},"schema":{"@context":"https:\/\/schema.org","@graph":[{"@type":"NewsArticle","@id":"https:\/\/www.gaveanews.com\/index.php\/2022\/09\/26\/flamengo-e-staff-de-gabigol-se-manifestam-sobre-noticias-de-uma-possivel-saida-para-o-fenerbahce\/#article","isPartOf":{"@id":"https:\/\/www.gaveanews.com\/index.php\/2022\/09\/26\/flamengo-e-staff-de-gabigol-se-manifestam-sobre-noticias-de-uma-possivel-saida-para-o-fenerbahce\/"},"author":{"name":"Equipe G\u00e1vea News","@id":"https:\/\/www.gaveanews.com\/#\/schema\/person\/2ec14f73fb96be2caf28f91afb14749d"},"headline":"Flamengo e staff de Gabigol se manifestam sobre not\u00edcias de uma poss\u00edvel sa\u00edda para o Fenerbah\u00e7e","datePublished":"2022-09-27T01:09:27+00:00","mainEntityOfPage":{"@id":"https:\/\/www.gaveanews.com\/index.php\/2022\/09\/26\/flamengo-e-staff-de-gabigol-se-manifestam-sobre-noticias-de-uma-possivel-saida-para-o-fenerbahce\/"},"wordCount":259,"commentCount":0,"image":{"@id":"https:\/\/www.gaveanews.com\/index.php\/2022\/09\/26\/flamengo-e-staff-de-gabigol-se-manifestam-sobre-noticias-de-uma-possivel-saida-para-o-fenerbahce\/#primaryimage"},"thumbnailUrl":"https:\/\/www.gaveanews.com\/wp-content\/uploads\/Gabigol-em-jogo-do-Flamengo-contra-o-Athletico-pela-Copa-do-Brasil.webp","articleSection":["Negocia\u00e7\u00f5es"],"inLanguage":"pt-BR","potentialAction":[{"@type":"CommentAction","name":"Comment","target":["https:\/\/www.gaveanews.com\/index.php\/2022\/09\/26\/flamengo-e-staff-de-gabigol-se-manifestam-sobre-noticias-de-uma-possivel-saida-para-o-fenerbahce\/#respond"]}],"copyrightYear":"2022","copyrightHolder":{"@id":"https:\/\/www.gaveanews.com\/#organization"}},{"@type":"WebPage","@id":"https:\/\/www.gaveanews.com\/index.php\/2022\/09\/26\/flamengo-e-staff-de-gabigol-se-manifestam-sobre-noticias-de-uma-possivel-saida-para-o-fenerbahce\/","url":"https:\/\/www.gaveanews.com\/index.php\/2022\/09\/26\/flamengo-e-staff-de-gabigol-se-manifestam-sobre-noticias-de-uma-possivel-saida-para-o-fenerbahce\/","name":"Flamengo e staff de Gabigol se manifestam sobre not\u00edcias de uma poss\u00edvel sa\u00edda para o Fenerbah\u00e7e","isPartOf":{"@id":"https:\/\/www.gaveanews.com\/#website"},"primaryImageOfPage":{"@id":"https:\/\/www.gaveanews.com\/index.php\/2022\/09\/26\/flamengo-e-staff-de-gabigol-se-manifestam-sobre-noticias-de-uma-possivel-saida-para-o-fenerbahce\/#primaryimage"},"image":{"@id":"https:\/\/www.gaveanews.com\/index.php\/2022\/09\/26\/flamengo-e-staff-de-gabigol-se-manifestam-sobre-noticias-de-uma-possivel-saida-para-o-fenerbahce\/#primaryimage"},"thumbnailUrl":"https:\/\/www.gaveanews.com\/wp-content\/uploads\/Gabigol-em-jogo-do-Flamengo-contra-o-Athletico-pela-Copa-do-Brasil.webp","datePublished":"2022-09-27T01:09:27+00:00","author":{"@id":"https:\/\/www.gaveanews.com\/#\/schema\/person\/2ec14f73fb96be2caf28f91afb14749d"},"breadcrumb":{"@id":"https:\/\/www.gaveanews.com\/index.php\/2022\/09\/26\/flamengo-e-staff-de-gabigol-se-manifestam-sobre-noticias-de-uma-possivel-saida-para-o-fenerbahce\/#breadcrumb"},"inLanguage":"pt-BR","potentialAction":[{"@type":"ReadAction","target":["https:\/\/www.gaveanews.com\/index.php\/2022\/09\/26\/flamengo-e-staff-de-gabigol-se-manifestam-sobre-noticias-de-uma-possivel-saida-para-o-fenerbahce\/"]}]},{"@type":"ImageObject","inLanguage":"pt-BR","@id":"https:\/\/www.gaveanews.com\/index.php\/2022\/09\/26\/flamengo-e-staff-de-gabigol-se-manifestam-sobre-noticias-de-uma-possivel-saida-para-o-fenerbahce\/#primaryimage","url":"https:\/\/www.gaveanews.com\/wp-content\/uploads\/Gabigol-em-jogo-do-Flamengo-contra-o-Athletico-pela-Copa-do-Brasil.webp","contentUrl":"https:\/\/www.gaveanews.com\/wp-content\/uploads\/Gabigol-em-jogo-do-Flamengo-contra-o-Athletico-pela-Copa-do-Brasil.webp","width":800,"height":533,"caption":"Gabigol em jogo do Flamengo contra o Athletico pela Copa do Brasil (Foto: Marcelo Cortes\/Flamengo)"},{"@type":"BreadcrumbList","@id":"https:\/\/www.gaveanews.com\/index.php\/2022\/09\/26\/flamengo-e-staff-de-gabigol-se-manifestam-sobre-noticias-de-uma-possivel-saida-para-o-fenerbahce\/#breadcrumb","itemListElement":[{"@type":"ListItem","position":1,"name":"Home","item":"https:\/\/www.gaveanews.com\/"},{"@type":"ListItem","position":2,"name":"Flamengo e staff de Gabigol se manifestam sobre not\u00edcias de uma poss\u00edvel sa\u00edda para o Fenerbah\u00e7e"}]},{"@type":"WebSite","@id":"https:\/\/www.gaveanews.com\/#website","url":"https:\/\/www.gaveanews.com\/","name":"G\u00e1vea News","description":"Veja todas as not\u00edcias sobre o Flamengo: Contrata\u00e7\u00f5es, categorias de base, resultados das partidas, tabela de classifica\u00e7\u00e3o, pr\u00f3ximos jogos!","potentialAction":[{"@type":"SearchAction","target":{"@type":"EntryPoint","urlTemplate":"https:\/\/www.gaveanews.com\/?s={search_term_string}"},"query-input":{"@type":"PropertyValueSpecification","valueRequired":true,"valueName":"search_term_string"}}],"inLanguage":"pt-BR"},{"@type":"Person","@id":"https:\/\/www.gaveanews.com\/#\/schema\/person\/2ec14f73fb96be2caf28f91afb14749d","name":"Equipe G\u00e1vea News","image":{"@type":"ImageObject","inLanguage":"pt-BR","@id":"https:\/\/www.gaveanews.com\/#\/schema\/person\/image\/","url":"https:\/\/secure.gravatar.com\/avatar\/1e1956f1facbffd3f8fa53a326721950116b3b9dc9bd44939c01180fd4a745a9?s=96&d=mm&r=g","contentUrl":"https:\/\/secure.gravatar.com\/avatar\/1e1956f1facbffd3f8fa53a326721950116b3b9dc9bd44939c01180fd4a745a9?s=96&d=mm&r=g","caption":"Equipe G\u00e1vea News"}}]}},"_links":{"self":[{"href":"https:\/\/www.gaveanews.com\/index.php\/wp-json\/wp\/v2\/posts\/88120","targetHints":{"allow":["GET"]}}],"collection":[{"href":"https:\/\/www.gaveanews.com\/index.php\/wp-json\/wp\/v2\/posts"}],"about":[{"href":"https:\/\/www.gaveanews.com\/index.php\/wp-json\/wp\/v2\/types\/post"}],"author":[{"embeddable":true,"href":"https:\/\/www.gaveanews.com\/index.php\/wp-json\/wp\/v2\/users\/1"}],"replies":[{"embeddable":true,"href":"https:\/\/www.gaveanews.com\/index.php\/wp-json\/wp\/v2\/comments?post=88120"}],"version-history":[{"count":0,"href":"https:\/\/www.gaveanews.com\/index.php\/wp-json\/wp\/v2\/posts\/88120\/revisions"}],"wp:featuredmedia":[{"embeddable":true,"href":"https:\/\/www.gaveanews.com\/index.php\/wp-json\/wp\/v2\/media\/85307"}],"wp:attachment":[{"href":"https:\/\/www.gaveanews.com\/index.php\/wp-json\/wp\/v2\/media?parent=88120"}],"wp:term":[{"taxonomy":"category","embeddable":true,"href":"https:\/\/www.gaveanews.com\/index.php\/wp-json\/wp\/v2\/categories?post=88120"},{"taxonomy":"post_tag","embeddable":true,"href":"https:\/\/www.gaveanews.com\/index.php\/wp-json\/wp\/v2\/tags?post=88120"}],"curies":[{"name":"wp","href":"https:\/\/api.w.org\/{rel}","templated":true}]}}