{"id":88122,"date":"2022-09-26T22:37:05","date_gmt":"2022-09-27T01:37:05","guid":{"rendered":"https:\/\/www.gaveanews.com\/?p=88122"},"modified":"2022-09-26T22:37:05","modified_gmt":"2022-09-27T01:37:05","slug":"andreas-pereira-revela-bastidores-e-cita-motivos-que-fizeram-paulo-sousa-afundar-o-time-do-flamengo","status":"publish","type":"post","link":"https:\/\/www.gaveanews.com\/index.php\/2022\/09\/26\/andreas-pereira-revela-bastidores-e-cita-motivos-que-fizeram-paulo-sousa-afundar-o-time-do-flamengo\/","title":{"rendered":"Andreas Pereira revela bastidores e cita motivos que fizeram Paulo Sousa afundar o time do Flamengo"},"content":{"rendered":"<p>A passagem de Paulo Sousa no Flamengo n\u00e3o deixou saudade nos torcedores e, aparentemente, nem nos jogadores. Andreas Pereira, que fez parte do grupo no primeiro semestre e hoje defende o Fulham, reconheceu que o treinador portugu\u00eas n\u00e3o deu liga com o elenco.<\/p>\n<p>O meia, que deixou o Flamengo no fim de junho e acertou com o Fulham, disse em entrevista \u00e0 live &#8220;Jogou Onde&#8221;, da Ronaldo TV, que sentiu a falta de sintonia desde o in\u00edcio do trabalho e que o grupo n\u00e3o assimilou as ideias de Paulo Sousa.<\/p>\n<p><em>\u2014 Tem tanta coisa que aconteceu (risos). N\u00e3o sei explicar o que aconteceu. Mas \u00e9 diferente o jeito de pensar dele como t\u00e9cnico. E, para mostrar para o grupo como tinha que jogar, eu senti desde o primeiro momento n\u00e3o encaixou a ideia. Claro que como grupo n\u00e3o podemos desistir do cara. Falamos que ir\u00edamos tentar. Mas n\u00e3o deu certo. Dava para ver nitidamente<\/em> &#8211; disse Andreas.<\/p>\n<p>Andreas ainda citou o sistema t\u00e1tico imposto por Paulo Sousa como um complicador. Ao chegar ao Flamengo, o clube passou a jogar no 3-5-2. Alguns jogadores, como Everton Ribeiro, mudaram de posi\u00e7\u00e3o e ca\u00edram de rendimento.<\/p>\n<p><em>\u2014 O sistema 3-5-2&#8230; O Flamengo ganhando todos esses anos no 4-3-3. Ele chegou e trocou para o 3-5-2. A\u00ed eu vejo o Everton Ribeiro de lateral-esquerdo e penso: &#8220;A\u00ed n\u00e3o, mano&#8221;. Todos jogadores experientes falavam: &#8220;P\u00f4, alguma est\u00e1 acontecendo&#8221;. Tentamos, mas tem uma hora que todo mundo falou que n\u00e3o dava mais. Est\u00e1vamos dando soco contra a parede.<\/em><\/p>\n<p><em>\u2014 O David, o Diego e o Filipe sempre falavam com a gente: &#8220;Vamos tentar de outra forma, n\u00e3o podemos desistir&#8221;. Se a gente est\u00e1 ganhando os jogos e voc\u00ea n\u00e3o concorda, \u00e9 uma coisa. Agora se n\u00e3o est\u00e1 ganhando os jogos, n\u00e3o est\u00e1 aproveitando e est\u00e1 dif\u00edcil, os caras come\u00e7am a largar.<\/em><\/p>\n<p>Andreas afirmou que Dorival J\u00fanior transformou o Flamengo porque estimulou os jogadores a fazerem o que estavam acostumados e os tirou de um momento de crise de autoconfian\u00e7a.<\/p>\n<p><em>\u2014 Paulo Sousa foi demitido do Flamengo no in\u00edcio de junho. Dorival J\u00fanior foi contratado, o time subiu na tabela do Brasileir\u00e3o e est\u00e1 nas decis\u00f5es da Copa do Brasil e da Libertadores.<\/em><\/p>\n<p><em>\u2014 Desde o primeiro momento que ele chegou no Flamengo. No primeiro jogo com o Internacional, ele viajou do Cear\u00e1, chegou e conversou com a gente. Falou: &#8220;Esse grupo tem tudo&#8221;. Falou tudo que o grupo queria ouvir, deu confian\u00e7a. A gente estava num momento que pensava: &#8220;Ser\u00e1 que a gente \u00e9 bom mesmo?&#8221;.<\/em><\/p>\n<p><em>\u2014 N\u00f3s n\u00e3o faz\u00edamos 10 passes seguidos, tomando &#8220;taca&#8221; de qualquer time. Falei: &#8220;P\u00f4, mano, t\u00e1 f&#8230;&#8221;. Deu confian\u00e7a para todos os jogadores, n\u00e3o s\u00f3 para os 11. Comigo ele foi incr\u00edvel, fen\u00f4meno mesmo.<\/em><\/p>\n<p>Andreas Pereira disse que Paulo Sousa come\u00e7ou a travar os jogadores com uma s\u00e9rie de priva\u00e7\u00f5es em campo.<\/p>\n<p><em>\u2014 Ele falou: &#8220;Andreas fica \u00e0 vontade&#8221;. Com o Paulo Sousa, a gente ficava &#8220;aqui n\u00e3o pode fazer isso, ali pode fazer aquilo&#8221;. Chega uma hora em que voc\u00ea fica travado. Voc\u00ea tem o seu instinto que aprendeu a jogar bola e acaba travando. Os treinadores europeus t\u00eam mais isso de falar que n\u00e3o pode arriscar em tal lugar do campo. Mas o treinador sabe como falar com cada jogador e a forma.<\/em><\/p>\n<p><em>\u2014 N\u00e3o d\u00e1 para voc\u00ea chegar para o Marinho, que dribla bem e chuta bem, e falar: &#8220;Marinho, vamos jogar dois toques&#8221;. Fala para mim: &#8220;P\u00f4, Andreas, joga dois toques e n\u00e3o pode fazer passe arriscado&#8221;. A\u00ed \u00e9 complicado. Dorival chegou e falou: &#8220;Fica \u00e0 vontade, faz o que voc\u00eas se sentem bem&#8221;.<\/em><\/p>\n<p>Por fim, questionado se vai cobrar medalha em caso de t\u00edtulo da Libertadores, o atleta disse ter direito. E brincou com o fato de o time ter disparado justamente ap\u00f3s sua sa\u00edda para a Inglaterra.<\/p>\n<p><em>\u2014 O \u00faltimo jogo que joguei foi com o Tolima. J\u00e1 est\u00e1vamos decolando, ganhei o jogo, sa\u00ed do Meng\u00e3o, e eles decolaram (risos). Joguei sete jogos, tem que jogar no m\u00ednimo seis. Fiz um golzinho, ent\u00e3o estamos na \u00e1rea (risos).<\/em><\/p>\n<p>Retirado de: Globo Esporte<\/p>\n","protected":false},"excerpt":{"rendered":"<p>A passagem de Paulo Sousa no Flamengo n\u00e3o deixou saudade nos torcedores e, aparentemente, nem nos jogadores. Andreas Pereira, que fez parte do grupo no primeiro semestre e hoje defende o Fulham, reconheceu que o treinador portugu\u00eas n\u00e3o deu liga com o elenco. O meia, que deixou o Flamengo no fim de junho e acertou [&hellip;]<\/p>\n","protected":false},"author":1,"featured_media":80301,"comment_status":"open","ping_status":"closed","sticky":false,"template":"","format":"standard","meta":{"footnotes":""},"categories":[1],"tags":[],"class_list":["post-88122","post","type-post","status-publish","format-standard","has-post-thumbnail","hentry","category-flamengo"],"yoast_head":"<!-- This site is optimized with the Yoast SEO Premium plugin v24.2 (Yoast SEO v26.9) - https:\/\/yoast.com\/product\/yoast-seo-premium-wordpress\/ -->\n<title>Andreas Pereira revela bastidores e cita motivos que fizeram Paulo Sousa afundar o time do Flamengo<\/title>\n<meta name=\"robots\" content=\"index, follow, max-snippet:-1, max-image-preview:large, max-video-preview:-1\" \/>\n<link rel=\"canonical\" href=\"https:\/\/www.gaveanews.com\/index.php\/2022\/09\/26\/andreas-pereira-revela-bastidores-e-cita-motivos-que-fizeram-paulo-sousa-afundar-o-time-do-flamengo\/\" \/>\n<meta property=\"og:locale\" content=\"pt_BR\" \/>\n<meta property=\"og:type\" content=\"article\" \/>\n<meta property=\"og:title\" content=\"Andreas Pereira revela bastidores e cita motivos que fizeram Paulo Sousa afundar o time do Flamengo\" \/>\n<meta property=\"og:description\" content=\"A passagem de Paulo Sousa no Flamengo n\u00e3o deixou saudade nos torcedores e, aparentemente, nem nos jogadores. Andreas Pereira, que fez parte do grupo no primeiro semestre e hoje defende o Fulham, reconheceu que o treinador portugu\u00eas n\u00e3o deu liga com o elenco. O meia, que deixou o Flamengo no fim de junho e acertou [&hellip;]\" \/>\n<meta property=\"og:url\" content=\"https:\/\/www.gaveanews.com\/index.php\/2022\/09\/26\/andreas-pereira-revela-bastidores-e-cita-motivos-que-fizeram-paulo-sousa-afundar-o-time-do-flamengo\/\" \/>\n<meta property=\"og:site_name\" content=\"G\u00e1vea News\" \/>\n<meta property=\"article:publisher\" content=\"https:\/\/facebook.com\/gaveaNews\/\" \/>\n<meta property=\"article:published_time\" content=\"2022-09-27T01:37:05+00:00\" \/>\n<meta property=\"og:image\" content=\"https:\/\/www.gaveanews.com\/wp-content\/uploads\/Andreas-Pereira-em-treinamento-do-Flamengo-no-Ninho-do-Urubu.webp\" \/>\n\t<meta property=\"og:image:width\" content=\"799\" \/>\n\t<meta property=\"og:image:height\" content=\"533\" \/>\n\t<meta property=\"og:image:type\" content=\"image\/jpeg\" \/>\n<meta name=\"author\" content=\"Equipe G\u00e1vea News\" \/>\n<meta name=\"twitter:card\" content=\"summary_large_image\" \/>\n<meta name=\"twitter:label1\" content=\"Escrito por\" \/>\n\t<meta name=\"twitter:data1\" content=\"Equipe G\u00e1vea News\" \/>\n\t<meta name=\"twitter:label2\" content=\"Est. tempo de leitura\" \/>\n\t<meta name=\"twitter:data2\" content=\"4 minutos\" \/>\n<script type=\"application\/ld+json\" class=\"yoast-schema-graph\">{\"@context\":\"https:\/\/schema.org\",\"@graph\":[{\"@type\":\"NewsArticle\",\"@id\":\"https:\/\/www.gaveanews.com\/index.php\/2022\/09\/26\/andreas-pereira-revela-bastidores-e-cita-motivos-que-fizeram-paulo-sousa-afundar-o-time-do-flamengo\/#article\",\"isPartOf\":{\"@id\":\"https:\/\/www.gaveanews.com\/index.php\/2022\/09\/26\/andreas-pereira-revela-bastidores-e-cita-motivos-que-fizeram-paulo-sousa-afundar-o-time-do-flamengo\/\"},\"author\":{\"name\":\"Equipe G\u00e1vea News\",\"@id\":\"https:\/\/www.gaveanews.com\/#\/schema\/person\/2ec14f73fb96be2caf28f91afb14749d\"},\"headline\":\"Andreas Pereira revela bastidores e cita motivos que fizeram Paulo Sousa afundar o time do Flamengo\",\"datePublished\":\"2022-09-27T01:37:05+00:00\",\"mainEntityOfPage\":{\"@id\":\"https:\/\/www.gaveanews.com\/index.php\/2022\/09\/26\/andreas-pereira-revela-bastidores-e-cita-motivos-que-fizeram-paulo-sousa-afundar-o-time-do-flamengo\/\"},\"wordCount\":732,\"commentCount\":0,\"image\":{\"@id\":\"https:\/\/www.gaveanews.com\/index.php\/2022\/09\/26\/andreas-pereira-revela-bastidores-e-cita-motivos-que-fizeram-paulo-sousa-afundar-o-time-do-flamengo\/#primaryimage\"},\"thumbnailUrl\":\"https:\/\/www.gaveanews.com\/wp-content\/uploads\/Andreas-Pereira-em-treinamento-do-Flamengo-no-Ninho-do-Urubu.webp\",\"articleSection\":[\"Flamengo\"],\"inLanguage\":\"pt-BR\",\"potentialAction\":[{\"@type\":\"CommentAction\",\"name\":\"Comment\",\"target\":[\"https:\/\/www.gaveanews.com\/index.php\/2022\/09\/26\/andreas-pereira-revela-bastidores-e-cita-motivos-que-fizeram-paulo-sousa-afundar-o-time-do-flamengo\/#respond\"]}],\"copyrightYear\":\"2022\",\"copyrightHolder\":{\"@id\":\"https:\/\/www.gaveanews.com\/#organization\"}},{\"@type\":\"WebPage\",\"@id\":\"https:\/\/www.gaveanews.com\/index.php\/2022\/09\/26\/andreas-pereira-revela-bastidores-e-cita-motivos-que-fizeram-paulo-sousa-afundar-o-time-do-flamengo\/\",\"url\":\"https:\/\/www.gaveanews.com\/index.php\/2022\/09\/26\/andreas-pereira-revela-bastidores-e-cita-motivos-que-fizeram-paulo-sousa-afundar-o-time-do-flamengo\/\",\"name\":\"Andreas Pereira revela bastidores e cita motivos que fizeram Paulo Sousa afundar o time do Flamengo\",\"isPartOf\":{\"@id\":\"https:\/\/www.gaveanews.com\/#website\"},\"primaryImageOfPage\":{\"@id\":\"https:\/\/www.gaveanews.com\/index.php\/2022\/09\/26\/andreas-pereira-revela-bastidores-e-cita-motivos-que-fizeram-paulo-sousa-afundar-o-time-do-flamengo\/#primaryimage\"},\"image\":{\"@id\":\"https:\/\/www.gaveanews.com\/index.php\/2022\/09\/26\/andreas-pereira-revela-bastidores-e-cita-motivos-que-fizeram-paulo-sousa-afundar-o-time-do-flamengo\/#primaryimage\"},\"thumbnailUrl\":\"https:\/\/www.gaveanews.com\/wp-content\/uploads\/Andreas-Pereira-em-treinamento-do-Flamengo-no-Ninho-do-Urubu.webp\",\"datePublished\":\"2022-09-27T01:37:05+00:00\",\"author\":{\"@id\":\"https:\/\/www.gaveanews.com\/#\/schema\/person\/2ec14f73fb96be2caf28f91afb14749d\"},\"breadcrumb\":{\"@id\":\"https:\/\/www.gaveanews.com\/index.php\/2022\/09\/26\/andreas-pereira-revela-bastidores-e-cita-motivos-que-fizeram-paulo-sousa-afundar-o-time-do-flamengo\/#breadcrumb\"},\"inLanguage\":\"pt-BR\",\"potentialAction\":[{\"@type\":\"ReadAction\",\"target\":[\"https:\/\/www.gaveanews.com\/index.php\/2022\/09\/26\/andreas-pereira-revela-bastidores-e-cita-motivos-que-fizeram-paulo-sousa-afundar-o-time-do-flamengo\/\"]}]},{\"@type\":\"ImageObject\",\"inLanguage\":\"pt-BR\",\"@id\":\"https:\/\/www.gaveanews.com\/index.php\/2022\/09\/26\/andreas-pereira-revela-bastidores-e-cita-motivos-que-fizeram-paulo-sousa-afundar-o-time-do-flamengo\/#primaryimage\",\"url\":\"https:\/\/www.gaveanews.com\/wp-content\/uploads\/Andreas-Pereira-em-treinamento-do-Flamengo-no-Ninho-do-Urubu.webp\",\"contentUrl\":\"https:\/\/www.gaveanews.com\/wp-content\/uploads\/Andreas-Pereira-em-treinamento-do-Flamengo-no-Ninho-do-Urubu.webp\",\"width\":799,\"height\":533,\"caption\":\"Andreas Pereira em treinamento do Flamengo no Ninho do Urubu (Foto: Gilvan de Souza\/Flamengo)\"},{\"@type\":\"BreadcrumbList\",\"@id\":\"https:\/\/www.gaveanews.com\/index.php\/2022\/09\/26\/andreas-pereira-revela-bastidores-e-cita-motivos-que-fizeram-paulo-sousa-afundar-o-time-do-flamengo\/#breadcrumb\",\"itemListElement\":[{\"@type\":\"ListItem\",\"position\":1,\"name\":\"Home\",\"item\":\"https:\/\/www.gaveanews.com\/\"},{\"@type\":\"ListItem\",\"position\":2,\"name\":\"Andreas Pereira revela bastidores e cita motivos que fizeram Paulo Sousa afundar o time do Flamengo\"}]},{\"@type\":\"WebSite\",\"@id\":\"https:\/\/www.gaveanews.com\/#website\",\"url\":\"https:\/\/www.gaveanews.com\/\",\"name\":\"G\u00e1vea News\",\"description\":\"Veja todas as not\u00edcias sobre o Flamengo: Contrata\u00e7\u00f5es, categorias de base, resultados das partidas, tabela de classifica\u00e7\u00e3o, pr\u00f3ximos jogos!\",\"potentialAction\":[{\"@type\":\"SearchAction\",\"target\":{\"@type\":\"EntryPoint\",\"urlTemplate\":\"https:\/\/www.gaveanews.com\/?s={search_term_string}\"},\"query-input\":{\"@type\":\"PropertyValueSpecification\",\"valueRequired\":true,\"valueName\":\"search_term_string\"}}],\"inLanguage\":\"pt-BR\"},{\"@type\":\"Person\",\"@id\":\"https:\/\/www.gaveanews.com\/#\/schema\/person\/2ec14f73fb96be2caf28f91afb14749d\",\"name\":\"Equipe G\u00e1vea News\",\"image\":{\"@type\":\"ImageObject\",\"inLanguage\":\"pt-BR\",\"@id\":\"https:\/\/www.gaveanews.com\/#\/schema\/person\/image\/\",\"url\":\"https:\/\/secure.gravatar.com\/avatar\/1e1956f1facbffd3f8fa53a326721950116b3b9dc9bd44939c01180fd4a745a9?s=96&d=mm&r=g\",\"contentUrl\":\"https:\/\/secure.gravatar.com\/avatar\/1e1956f1facbffd3f8fa53a326721950116b3b9dc9bd44939c01180fd4a745a9?s=96&d=mm&r=g\",\"caption\":\"Equipe G\u00e1vea News\"}}]}<\/script>\n<!-- \/ Yoast SEO Premium plugin. -->","yoast_head_json":{"title":"Andreas Pereira revela bastidores e cita motivos que fizeram Paulo Sousa afundar o time do Flamengo","robots":{"index":"index","follow":"follow","max-snippet":"max-snippet:-1","max-image-preview":"max-image-preview:large","max-video-preview":"max-video-preview:-1"},"canonical":"https:\/\/www.gaveanews.com\/index.php\/2022\/09\/26\/andreas-pereira-revela-bastidores-e-cita-motivos-que-fizeram-paulo-sousa-afundar-o-time-do-flamengo\/","og_locale":"pt_BR","og_type":"article","og_title":"Andreas Pereira revela bastidores e cita motivos que fizeram Paulo Sousa afundar o time do Flamengo","og_description":"A passagem de Paulo Sousa no Flamengo n\u00e3o deixou saudade nos torcedores e, aparentemente, nem nos jogadores. Andreas Pereira, que fez parte do grupo no primeiro semestre e hoje defende o Fulham, reconheceu que o treinador portugu\u00eas n\u00e3o deu liga com o elenco. O meia, que deixou o Flamengo no fim de junho e acertou [&hellip;]","og_url":"https:\/\/www.gaveanews.com\/index.php\/2022\/09\/26\/andreas-pereira-revela-bastidores-e-cita-motivos-que-fizeram-paulo-sousa-afundar-o-time-do-flamengo\/","og_site_name":"G\u00e1vea News","article_publisher":"https:\/\/facebook.com\/gaveaNews\/","article_published_time":"2022-09-27T01:37:05+00:00","og_image":[{"width":799,"height":533,"url":"https:\/\/www.gaveanews.com\/wp-content\/uploads\/Andreas-Pereira-em-treinamento-do-Flamengo-no-Ninho-do-Urubu.webp","type":"image\/jpeg"}],"author":"Equipe G\u00e1vea News","twitter_card":"summary_large_image","twitter_misc":{"Escrito por":"Equipe G\u00e1vea News","Est. tempo de leitura":"4 minutos"},"schema":{"@context":"https:\/\/schema.org","@graph":[{"@type":"NewsArticle","@id":"https:\/\/www.gaveanews.com\/index.php\/2022\/09\/26\/andreas-pereira-revela-bastidores-e-cita-motivos-que-fizeram-paulo-sousa-afundar-o-time-do-flamengo\/#article","isPartOf":{"@id":"https:\/\/www.gaveanews.com\/index.php\/2022\/09\/26\/andreas-pereira-revela-bastidores-e-cita-motivos-que-fizeram-paulo-sousa-afundar-o-time-do-flamengo\/"},"author":{"name":"Equipe G\u00e1vea News","@id":"https:\/\/www.gaveanews.com\/#\/schema\/person\/2ec14f73fb96be2caf28f91afb14749d"},"headline":"Andreas Pereira revela bastidores e cita motivos que fizeram Paulo Sousa afundar o time do Flamengo","datePublished":"2022-09-27T01:37:05+00:00","mainEntityOfPage":{"@id":"https:\/\/www.gaveanews.com\/index.php\/2022\/09\/26\/andreas-pereira-revela-bastidores-e-cita-motivos-que-fizeram-paulo-sousa-afundar-o-time-do-flamengo\/"},"wordCount":732,"commentCount":0,"image":{"@id":"https:\/\/www.gaveanews.com\/index.php\/2022\/09\/26\/andreas-pereira-revela-bastidores-e-cita-motivos-que-fizeram-paulo-sousa-afundar-o-time-do-flamengo\/#primaryimage"},"thumbnailUrl":"https:\/\/www.gaveanews.com\/wp-content\/uploads\/Andreas-Pereira-em-treinamento-do-Flamengo-no-Ninho-do-Urubu.webp","articleSection":["Flamengo"],"inLanguage":"pt-BR","potentialAction":[{"@type":"CommentAction","name":"Comment","target":["https:\/\/www.gaveanews.com\/index.php\/2022\/09\/26\/andreas-pereira-revela-bastidores-e-cita-motivos-que-fizeram-paulo-sousa-afundar-o-time-do-flamengo\/#respond"]}],"copyrightYear":"2022","copyrightHolder":{"@id":"https:\/\/www.gaveanews.com\/#organization"}},{"@type":"WebPage","@id":"https:\/\/www.gaveanews.com\/index.php\/2022\/09\/26\/andreas-pereira-revela-bastidores-e-cita-motivos-que-fizeram-paulo-sousa-afundar-o-time-do-flamengo\/","url":"https:\/\/www.gaveanews.com\/index.php\/2022\/09\/26\/andreas-pereira-revela-bastidores-e-cita-motivos-que-fizeram-paulo-sousa-afundar-o-time-do-flamengo\/","name":"Andreas Pereira revela bastidores e cita motivos que fizeram Paulo Sousa afundar o time do Flamengo","isPartOf":{"@id":"https:\/\/www.gaveanews.com\/#website"},"primaryImageOfPage":{"@id":"https:\/\/www.gaveanews.com\/index.php\/2022\/09\/26\/andreas-pereira-revela-bastidores-e-cita-motivos-que-fizeram-paulo-sousa-afundar-o-time-do-flamengo\/#primaryimage"},"image":{"@id":"https:\/\/www.gaveanews.com\/index.php\/2022\/09\/26\/andreas-pereira-revela-bastidores-e-cita-motivos-que-fizeram-paulo-sousa-afundar-o-time-do-flamengo\/#primaryimage"},"thumbnailUrl":"https:\/\/www.gaveanews.com\/wp-content\/uploads\/Andreas-Pereira-em-treinamento-do-Flamengo-no-Ninho-do-Urubu.webp","datePublished":"2022-09-27T01:37:05+00:00","author":{"@id":"https:\/\/www.gaveanews.com\/#\/schema\/person\/2ec14f73fb96be2caf28f91afb14749d"},"breadcrumb":{"@id":"https:\/\/www.gaveanews.com\/index.php\/2022\/09\/26\/andreas-pereira-revela-bastidores-e-cita-motivos-que-fizeram-paulo-sousa-afundar-o-time-do-flamengo\/#breadcrumb"},"inLanguage":"pt-BR","potentialAction":[{"@type":"ReadAction","target":["https:\/\/www.gaveanews.com\/index.php\/2022\/09\/26\/andreas-pereira-revela-bastidores-e-cita-motivos-que-fizeram-paulo-sousa-afundar-o-time-do-flamengo\/"]}]},{"@type":"ImageObject","inLanguage":"pt-BR","@id":"https:\/\/www.gaveanews.com\/index.php\/2022\/09\/26\/andreas-pereira-revela-bastidores-e-cita-motivos-que-fizeram-paulo-sousa-afundar-o-time-do-flamengo\/#primaryimage","url":"https:\/\/www.gaveanews.com\/wp-content\/uploads\/Andreas-Pereira-em-treinamento-do-Flamengo-no-Ninho-do-Urubu.webp","contentUrl":"https:\/\/www.gaveanews.com\/wp-content\/uploads\/Andreas-Pereira-em-treinamento-do-Flamengo-no-Ninho-do-Urubu.webp","width":799,"height":533,"caption":"Andreas Pereira em treinamento do Flamengo no Ninho do Urubu (Foto: Gilvan de Souza\/Flamengo)"},{"@type":"BreadcrumbList","@id":"https:\/\/www.gaveanews.com\/index.php\/2022\/09\/26\/andreas-pereira-revela-bastidores-e-cita-motivos-que-fizeram-paulo-sousa-afundar-o-time-do-flamengo\/#breadcrumb","itemListElement":[{"@type":"ListItem","position":1,"name":"Home","item":"https:\/\/www.gaveanews.com\/"},{"@type":"ListItem","position":2,"name":"Andreas Pereira revela bastidores e cita motivos que fizeram Paulo Sousa afundar o time do Flamengo"}]},{"@type":"WebSite","@id":"https:\/\/www.gaveanews.com\/#website","url":"https:\/\/www.gaveanews.com\/","name":"G\u00e1vea News","description":"Veja todas as not\u00edcias sobre o Flamengo: Contrata\u00e7\u00f5es, categorias de base, resultados das partidas, tabela de classifica\u00e7\u00e3o, pr\u00f3ximos jogos!","potentialAction":[{"@type":"SearchAction","target":{"@type":"EntryPoint","urlTemplate":"https:\/\/www.gaveanews.com\/?s={search_term_string}"},"query-input":{"@type":"PropertyValueSpecification","valueRequired":true,"valueName":"search_term_string"}}],"inLanguage":"pt-BR"},{"@type":"Person","@id":"https:\/\/www.gaveanews.com\/#\/schema\/person\/2ec14f73fb96be2caf28f91afb14749d","name":"Equipe G\u00e1vea News","image":{"@type":"ImageObject","inLanguage":"pt-BR","@id":"https:\/\/www.gaveanews.com\/#\/schema\/person\/image\/","url":"https:\/\/secure.gravatar.com\/avatar\/1e1956f1facbffd3f8fa53a326721950116b3b9dc9bd44939c01180fd4a745a9?s=96&d=mm&r=g","contentUrl":"https:\/\/secure.gravatar.com\/avatar\/1e1956f1facbffd3f8fa53a326721950116b3b9dc9bd44939c01180fd4a745a9?s=96&d=mm&r=g","caption":"Equipe G\u00e1vea News"}}]}},"_links":{"self":[{"href":"https:\/\/www.gaveanews.com\/index.php\/wp-json\/wp\/v2\/posts\/88122","targetHints":{"allow":["GET"]}}],"collection":[{"href":"https:\/\/www.gaveanews.com\/index.php\/wp-json\/wp\/v2\/posts"}],"about":[{"href":"https:\/\/www.gaveanews.com\/index.php\/wp-json\/wp\/v2\/types\/post"}],"author":[{"embeddable":true,"href":"https:\/\/www.gaveanews.com\/index.php\/wp-json\/wp\/v2\/users\/1"}],"replies":[{"embeddable":true,"href":"https:\/\/www.gaveanews.com\/index.php\/wp-json\/wp\/v2\/comments?post=88122"}],"version-history":[{"count":0,"href":"https:\/\/www.gaveanews.com\/index.php\/wp-json\/wp\/v2\/posts\/88122\/revisions"}],"wp:featuredmedia":[{"embeddable":true,"href":"https:\/\/www.gaveanews.com\/index.php\/wp-json\/wp\/v2\/media\/80301"}],"wp:attachment":[{"href":"https:\/\/www.gaveanews.com\/index.php\/wp-json\/wp\/v2\/media?parent=88122"}],"wp:term":[{"taxonomy":"category","embeddable":true,"href":"https:\/\/www.gaveanews.com\/index.php\/wp-json\/wp\/v2\/categories?post=88122"},{"taxonomy":"post_tag","embeddable":true,"href":"https:\/\/www.gaveanews.com\/index.php\/wp-json\/wp\/v2\/tags?post=88122"}],"curies":[{"name":"wp","href":"https:\/\/api.w.org\/{rel}","templated":true}]}}