{"id":88135,"date":"2022-09-26T23:58:40","date_gmt":"2022-09-27T02:58:40","guid":{"rendered":"https:\/\/www.gaveanews.com\/?p=88135"},"modified":"2022-09-26T23:58:40","modified_gmt":"2022-09-27T02:58:40","slug":"reinier-jesus-fala-sobre-o-interesse-do-real-madrid-em-tirar-joao-gomes-do-flamengo","status":"publish","type":"post","link":"https:\/\/www.gaveanews.com\/index.php\/2022\/09\/26\/reinier-jesus-fala-sobre-o-interesse-do-real-madrid-em-tirar-joao-gomes-do-flamengo\/","title":{"rendered":"Reinier Jesus fala sobre o interesse do Real Madrid em tirar Jo\u00e3o Gomes do Flamengo"},"content":{"rendered":"<p>Uma das recentes revela\u00e7\u00f5es do Flamengo ao futebol foi o atacante Reinier, de 20 anos, campe\u00e3o da Libertadores e Brasileir\u00e3o pelo clube carioca em 2019. E ap\u00f3s o ano m\u00e1gico, o jogador foi vendido ao Real Madrid, por\u00e9m, acabou emprestado por dois anos ao Borussia Dortmund, onde n\u00e3o viveu uma boa fase.<\/p>\n<p>Com isso, agora no Girona, o jovem brasileiro falou sobre sua passagem pelo clube alem\u00e3o em entrevista ao podcast Gringolandia, e comentou sobre a escolha do Real Madrid em emprestar jovens atletas a outros times.<\/p>\n<p><em>\u2014 Cada um tem sua caminhada no futebol. O Odegaard passou por v\u00e1rios times e agora est\u00e1 em uma grande equipe tamb\u00e9m. Eu quero seguir a minha caminhada, se for aqui, se for em outro time, o importante \u00e9 estar feliz, estar se sentindo bem, estar dando o seu melhor.<\/em><\/p>\n<p>Ainda nesse tema, Reinier comentou sobre o interesse do futebol europeu em seu amigo e ex-companheiro de Flamengo, o jovem Jo\u00e3o Gomes, que tem sido destaque no futebol brasileiro.<\/p>\n<p><em>\u2014 Eu conhe\u00e7o o Jo\u00e3o desde os 11 anos. \u00c9 uma grande pessoa, um grande jogador. Com certeza, se continuar assim desse jeito, trabalhando como trabalha, jogando com muita qualidade, ajudando os companheiros, tenho certeza que vai vir para Europa brilhar em qualquer time que contratar. Estou muito feliz com a evolu\u00e7\u00e3o dele, com tudo que vem vivendo. Meu pai era muito amigo do av\u00f4 dele. Nossa fam\u00edlia tem uma amizade muito grande, sou muito f\u00e3 dele.<\/em><\/p>\n<p>Retirado de: Mercado do Futebol<\/p>\n","protected":false},"excerpt":{"rendered":"<p>Uma das recentes revela\u00e7\u00f5es do Flamengo ao futebol foi o atacante Reinier, de 20 anos, campe\u00e3o da Libertadores e Brasileir\u00e3o pelo clube carioca em 2019. E ap\u00f3s o ano m\u00e1gico, o jogador foi vendido ao Real Madrid, por\u00e9m, acabou emprestado por dois anos ao Borussia Dortmund, onde n\u00e3o viveu uma boa fase. Com isso, agora [&hellip;]<\/p>\n","protected":false},"author":1,"featured_media":28966,"comment_status":"open","ping_status":"closed","sticky":false,"template":"","format":"standard","meta":{"footnotes":""},"categories":[1],"tags":[],"class_list":["post-88135","post","type-post","status-publish","format-standard","has-post-thumbnail","hentry","category-flamengo"],"yoast_head":"<!-- This site is optimized with the Yoast SEO Premium plugin v24.2 (Yoast SEO v26.9) - https:\/\/yoast.com\/product\/yoast-seo-premium-wordpress\/ -->\n<title>Reinier Jesus fala sobre o interesse do Real Madrid em tirar Jo\u00e3o Gomes do Flamengo<\/title>\n<meta name=\"robots\" content=\"index, follow, max-snippet:-1, max-image-preview:large, max-video-preview:-1\" \/>\n<link rel=\"canonical\" href=\"https:\/\/www.gaveanews.com\/index.php\/2022\/09\/26\/reinier-jesus-fala-sobre-o-interesse-do-real-madrid-em-tirar-joao-gomes-do-flamengo\/\" \/>\n<meta property=\"og:locale\" content=\"pt_BR\" \/>\n<meta property=\"og:type\" content=\"article\" \/>\n<meta property=\"og:title\" content=\"Reinier Jesus fala sobre o interesse do Real Madrid em tirar Jo\u00e3o Gomes do Flamengo\" \/>\n<meta property=\"og:description\" content=\"Uma das recentes revela\u00e7\u00f5es do Flamengo ao futebol foi o atacante Reinier, de 20 anos, campe\u00e3o da Libertadores e Brasileir\u00e3o pelo clube carioca em 2019. E ap\u00f3s o ano m\u00e1gico, o jogador foi vendido ao Real Madrid, por\u00e9m, acabou emprestado por dois anos ao Borussia Dortmund, onde n\u00e3o viveu uma boa fase. Com isso, agora [&hellip;]\" \/>\n<meta property=\"og:url\" content=\"https:\/\/www.gaveanews.com\/index.php\/2022\/09\/26\/reinier-jesus-fala-sobre-o-interesse-do-real-madrid-em-tirar-joao-gomes-do-flamengo\/\" \/>\n<meta property=\"og:site_name\" content=\"G\u00e1vea News\" \/>\n<meta property=\"article:publisher\" content=\"https:\/\/facebook.com\/gaveaNews\/\" \/>\n<meta property=\"article:published_time\" content=\"2022-09-27T02:58:40+00:00\" \/>\n<meta property=\"og:image\" content=\"https:\/\/www.gaveanews.com\/wp-content\/uploads\/Meia-Reinier-em-acao-durante-uma-partida-do-Flamengo.webp\" \/>\n\t<meta property=\"og:image:width\" content=\"1\" \/>\n\t<meta property=\"og:image:height\" content=\"1\" \/>\n\t<meta property=\"og:image:type\" content=\"image\/jpeg\" \/>\n<meta name=\"author\" content=\"Equipe G\u00e1vea News\" \/>\n<meta name=\"twitter:card\" content=\"summary_large_image\" \/>\n<meta name=\"twitter:label1\" content=\"Escrito por\" \/>\n\t<meta name=\"twitter:data1\" content=\"Equipe G\u00e1vea News\" \/>\n\t<meta name=\"twitter:label2\" content=\"Est. tempo de leitura\" \/>\n\t<meta name=\"twitter:data2\" content=\"2 minutos\" \/>\n<script type=\"application\/ld+json\" class=\"yoast-schema-graph\">{\"@context\":\"https:\/\/schema.org\",\"@graph\":[{\"@type\":\"NewsArticle\",\"@id\":\"https:\/\/www.gaveanews.com\/index.php\/2022\/09\/26\/reinier-jesus-fala-sobre-o-interesse-do-real-madrid-em-tirar-joao-gomes-do-flamengo\/#article\",\"isPartOf\":{\"@id\":\"https:\/\/www.gaveanews.com\/index.php\/2022\/09\/26\/reinier-jesus-fala-sobre-o-interesse-do-real-madrid-em-tirar-joao-gomes-do-flamengo\/\"},\"author\":{\"name\":\"Equipe G\u00e1vea News\",\"@id\":\"https:\/\/www.gaveanews.com\/#\/schema\/person\/2ec14f73fb96be2caf28f91afb14749d\"},\"headline\":\"Reinier Jesus fala sobre o interesse do Real Madrid em tirar Jo\u00e3o Gomes do Flamengo\",\"datePublished\":\"2022-09-27T02:58:40+00:00\",\"mainEntityOfPage\":{\"@id\":\"https:\/\/www.gaveanews.com\/index.php\/2022\/09\/26\/reinier-jesus-fala-sobre-o-interesse-do-real-madrid-em-tirar-joao-gomes-do-flamengo\/\"},\"wordCount\":272,\"commentCount\":0,\"image\":{\"@id\":\"https:\/\/www.gaveanews.com\/index.php\/2022\/09\/26\/reinier-jesus-fala-sobre-o-interesse-do-real-madrid-em-tirar-joao-gomes-do-flamengo\/#primaryimage\"},\"thumbnailUrl\":\"https:\/\/www.gaveanews.com\/wp-content\/uploads\/Meia-Reinier-em-acao-durante-uma-partida-do-Flamengo.webp\",\"articleSection\":[\"Flamengo\"],\"inLanguage\":\"pt-BR\",\"potentialAction\":[{\"@type\":\"CommentAction\",\"name\":\"Comment\",\"target\":[\"https:\/\/www.gaveanews.com\/index.php\/2022\/09\/26\/reinier-jesus-fala-sobre-o-interesse-do-real-madrid-em-tirar-joao-gomes-do-flamengo\/#respond\"]}],\"copyrightYear\":\"2022\",\"copyrightHolder\":{\"@id\":\"https:\/\/www.gaveanews.com\/#organization\"}},{\"@type\":\"WebPage\",\"@id\":\"https:\/\/www.gaveanews.com\/index.php\/2022\/09\/26\/reinier-jesus-fala-sobre-o-interesse-do-real-madrid-em-tirar-joao-gomes-do-flamengo\/\",\"url\":\"https:\/\/www.gaveanews.com\/index.php\/2022\/09\/26\/reinier-jesus-fala-sobre-o-interesse-do-real-madrid-em-tirar-joao-gomes-do-flamengo\/\",\"name\":\"Reinier Jesus fala sobre o interesse do Real Madrid em tirar Jo\u00e3o Gomes do Flamengo\",\"isPartOf\":{\"@id\":\"https:\/\/www.gaveanews.com\/#website\"},\"primaryImageOfPage\":{\"@id\":\"https:\/\/www.gaveanews.com\/index.php\/2022\/09\/26\/reinier-jesus-fala-sobre-o-interesse-do-real-madrid-em-tirar-joao-gomes-do-flamengo\/#primaryimage\"},\"image\":{\"@id\":\"https:\/\/www.gaveanews.com\/index.php\/2022\/09\/26\/reinier-jesus-fala-sobre-o-interesse-do-real-madrid-em-tirar-joao-gomes-do-flamengo\/#primaryimage\"},\"thumbnailUrl\":\"https:\/\/www.gaveanews.com\/wp-content\/uploads\/Meia-Reinier-em-acao-durante-uma-partida-do-Flamengo.webp\",\"datePublished\":\"2022-09-27T02:58:40+00:00\",\"author\":{\"@id\":\"https:\/\/www.gaveanews.com\/#\/schema\/person\/2ec14f73fb96be2caf28f91afb14749d\"},\"breadcrumb\":{\"@id\":\"https:\/\/www.gaveanews.com\/index.php\/2022\/09\/26\/reinier-jesus-fala-sobre-o-interesse-do-real-madrid-em-tirar-joao-gomes-do-flamengo\/#breadcrumb\"},\"inLanguage\":\"pt-BR\",\"potentialAction\":[{\"@type\":\"ReadAction\",\"target\":[\"https:\/\/www.gaveanews.com\/index.php\/2022\/09\/26\/reinier-jesus-fala-sobre-o-interesse-do-real-madrid-em-tirar-joao-gomes-do-flamengo\/\"]}]},{\"@type\":\"ImageObject\",\"inLanguage\":\"pt-BR\",\"@id\":\"https:\/\/www.gaveanews.com\/index.php\/2022\/09\/26\/reinier-jesus-fala-sobre-o-interesse-do-real-madrid-em-tirar-joao-gomes-do-flamengo\/#primaryimage\",\"url\":\"https:\/\/www.gaveanews.com\/wp-content\/uploads\/Meia-Reinier-em-acao-durante-uma-partida-do-Flamengo.webp\",\"contentUrl\":\"https:\/\/www.gaveanews.com\/wp-content\/uploads\/Meia-Reinier-em-acao-durante-uma-partida-do-Flamengo.webp\",\"caption\":\"Reinier em a\u00e7\u00e3o durante uma partida do Flamengo (Foto: Gilvan de Souza\/Flamengo)\"},{\"@type\":\"BreadcrumbList\",\"@id\":\"https:\/\/www.gaveanews.com\/index.php\/2022\/09\/26\/reinier-jesus-fala-sobre-o-interesse-do-real-madrid-em-tirar-joao-gomes-do-flamengo\/#breadcrumb\",\"itemListElement\":[{\"@type\":\"ListItem\",\"position\":1,\"name\":\"Home\",\"item\":\"https:\/\/www.gaveanews.com\/\"},{\"@type\":\"ListItem\",\"position\":2,\"name\":\"Reinier Jesus fala sobre o interesse do Real Madrid em tirar Jo\u00e3o Gomes do Flamengo\"}]},{\"@type\":\"WebSite\",\"@id\":\"https:\/\/www.gaveanews.com\/#website\",\"url\":\"https:\/\/www.gaveanews.com\/\",\"name\":\"G\u00e1vea News\",\"description\":\"Veja todas as not\u00edcias sobre o Flamengo: Contrata\u00e7\u00f5es, categorias de base, resultados das partidas, tabela de classifica\u00e7\u00e3o, pr\u00f3ximos jogos!\",\"potentialAction\":[{\"@type\":\"SearchAction\",\"target\":{\"@type\":\"EntryPoint\",\"urlTemplate\":\"https:\/\/www.gaveanews.com\/?s={search_term_string}\"},\"query-input\":{\"@type\":\"PropertyValueSpecification\",\"valueRequired\":true,\"valueName\":\"search_term_string\"}}],\"inLanguage\":\"pt-BR\"},{\"@type\":\"Person\",\"@id\":\"https:\/\/www.gaveanews.com\/#\/schema\/person\/2ec14f73fb96be2caf28f91afb14749d\",\"name\":\"Equipe G\u00e1vea News\",\"image\":{\"@type\":\"ImageObject\",\"inLanguage\":\"pt-BR\",\"@id\":\"https:\/\/www.gaveanews.com\/#\/schema\/person\/image\/\",\"url\":\"https:\/\/secure.gravatar.com\/avatar\/1e1956f1facbffd3f8fa53a326721950116b3b9dc9bd44939c01180fd4a745a9?s=96&d=mm&r=g\",\"contentUrl\":\"https:\/\/secure.gravatar.com\/avatar\/1e1956f1facbffd3f8fa53a326721950116b3b9dc9bd44939c01180fd4a745a9?s=96&d=mm&r=g\",\"caption\":\"Equipe G\u00e1vea News\"}}]}<\/script>\n<!-- \/ Yoast SEO Premium plugin. -->","yoast_head_json":{"title":"Reinier Jesus fala sobre o interesse do Real Madrid em tirar Jo\u00e3o Gomes do Flamengo","robots":{"index":"index","follow":"follow","max-snippet":"max-snippet:-1","max-image-preview":"max-image-preview:large","max-video-preview":"max-video-preview:-1"},"canonical":"https:\/\/www.gaveanews.com\/index.php\/2022\/09\/26\/reinier-jesus-fala-sobre-o-interesse-do-real-madrid-em-tirar-joao-gomes-do-flamengo\/","og_locale":"pt_BR","og_type":"article","og_title":"Reinier Jesus fala sobre o interesse do Real Madrid em tirar Jo\u00e3o Gomes do Flamengo","og_description":"Uma das recentes revela\u00e7\u00f5es do Flamengo ao futebol foi o atacante Reinier, de 20 anos, campe\u00e3o da Libertadores e Brasileir\u00e3o pelo clube carioca em 2019. E ap\u00f3s o ano m\u00e1gico, o jogador foi vendido ao Real Madrid, por\u00e9m, acabou emprestado por dois anos ao Borussia Dortmund, onde n\u00e3o viveu uma boa fase. Com isso, agora [&hellip;]","og_url":"https:\/\/www.gaveanews.com\/index.php\/2022\/09\/26\/reinier-jesus-fala-sobre-o-interesse-do-real-madrid-em-tirar-joao-gomes-do-flamengo\/","og_site_name":"G\u00e1vea News","article_publisher":"https:\/\/facebook.com\/gaveaNews\/","article_published_time":"2022-09-27T02:58:40+00:00","og_image":[{"url":"https:\/\/www.gaveanews.com\/wp-content\/uploads\/Meia-Reinier-em-acao-durante-uma-partida-do-Flamengo.webp","width":1,"height":1,"type":"image\/jpeg"}],"author":"Equipe G\u00e1vea News","twitter_card":"summary_large_image","twitter_misc":{"Escrito por":"Equipe G\u00e1vea News","Est. tempo de leitura":"2 minutos"},"schema":{"@context":"https:\/\/schema.org","@graph":[{"@type":"NewsArticle","@id":"https:\/\/www.gaveanews.com\/index.php\/2022\/09\/26\/reinier-jesus-fala-sobre-o-interesse-do-real-madrid-em-tirar-joao-gomes-do-flamengo\/#article","isPartOf":{"@id":"https:\/\/www.gaveanews.com\/index.php\/2022\/09\/26\/reinier-jesus-fala-sobre-o-interesse-do-real-madrid-em-tirar-joao-gomes-do-flamengo\/"},"author":{"name":"Equipe G\u00e1vea News","@id":"https:\/\/www.gaveanews.com\/#\/schema\/person\/2ec14f73fb96be2caf28f91afb14749d"},"headline":"Reinier Jesus fala sobre o interesse do Real Madrid em tirar Jo\u00e3o Gomes do Flamengo","datePublished":"2022-09-27T02:58:40+00:00","mainEntityOfPage":{"@id":"https:\/\/www.gaveanews.com\/index.php\/2022\/09\/26\/reinier-jesus-fala-sobre-o-interesse-do-real-madrid-em-tirar-joao-gomes-do-flamengo\/"},"wordCount":272,"commentCount":0,"image":{"@id":"https:\/\/www.gaveanews.com\/index.php\/2022\/09\/26\/reinier-jesus-fala-sobre-o-interesse-do-real-madrid-em-tirar-joao-gomes-do-flamengo\/#primaryimage"},"thumbnailUrl":"https:\/\/www.gaveanews.com\/wp-content\/uploads\/Meia-Reinier-em-acao-durante-uma-partida-do-Flamengo.webp","articleSection":["Flamengo"],"inLanguage":"pt-BR","potentialAction":[{"@type":"CommentAction","name":"Comment","target":["https:\/\/www.gaveanews.com\/index.php\/2022\/09\/26\/reinier-jesus-fala-sobre-o-interesse-do-real-madrid-em-tirar-joao-gomes-do-flamengo\/#respond"]}],"copyrightYear":"2022","copyrightHolder":{"@id":"https:\/\/www.gaveanews.com\/#organization"}},{"@type":"WebPage","@id":"https:\/\/www.gaveanews.com\/index.php\/2022\/09\/26\/reinier-jesus-fala-sobre-o-interesse-do-real-madrid-em-tirar-joao-gomes-do-flamengo\/","url":"https:\/\/www.gaveanews.com\/index.php\/2022\/09\/26\/reinier-jesus-fala-sobre-o-interesse-do-real-madrid-em-tirar-joao-gomes-do-flamengo\/","name":"Reinier Jesus fala sobre o interesse do Real Madrid em tirar Jo\u00e3o Gomes do Flamengo","isPartOf":{"@id":"https:\/\/www.gaveanews.com\/#website"},"primaryImageOfPage":{"@id":"https:\/\/www.gaveanews.com\/index.php\/2022\/09\/26\/reinier-jesus-fala-sobre-o-interesse-do-real-madrid-em-tirar-joao-gomes-do-flamengo\/#primaryimage"},"image":{"@id":"https:\/\/www.gaveanews.com\/index.php\/2022\/09\/26\/reinier-jesus-fala-sobre-o-interesse-do-real-madrid-em-tirar-joao-gomes-do-flamengo\/#primaryimage"},"thumbnailUrl":"https:\/\/www.gaveanews.com\/wp-content\/uploads\/Meia-Reinier-em-acao-durante-uma-partida-do-Flamengo.webp","datePublished":"2022-09-27T02:58:40+00:00","author":{"@id":"https:\/\/www.gaveanews.com\/#\/schema\/person\/2ec14f73fb96be2caf28f91afb14749d"},"breadcrumb":{"@id":"https:\/\/www.gaveanews.com\/index.php\/2022\/09\/26\/reinier-jesus-fala-sobre-o-interesse-do-real-madrid-em-tirar-joao-gomes-do-flamengo\/#breadcrumb"},"inLanguage":"pt-BR","potentialAction":[{"@type":"ReadAction","target":["https:\/\/www.gaveanews.com\/index.php\/2022\/09\/26\/reinier-jesus-fala-sobre-o-interesse-do-real-madrid-em-tirar-joao-gomes-do-flamengo\/"]}]},{"@type":"ImageObject","inLanguage":"pt-BR","@id":"https:\/\/www.gaveanews.com\/index.php\/2022\/09\/26\/reinier-jesus-fala-sobre-o-interesse-do-real-madrid-em-tirar-joao-gomes-do-flamengo\/#primaryimage","url":"https:\/\/www.gaveanews.com\/wp-content\/uploads\/Meia-Reinier-em-acao-durante-uma-partida-do-Flamengo.webp","contentUrl":"https:\/\/www.gaveanews.com\/wp-content\/uploads\/Meia-Reinier-em-acao-durante-uma-partida-do-Flamengo.webp","caption":"Reinier em a\u00e7\u00e3o durante uma partida do Flamengo (Foto: Gilvan de Souza\/Flamengo)"},{"@type":"BreadcrumbList","@id":"https:\/\/www.gaveanews.com\/index.php\/2022\/09\/26\/reinier-jesus-fala-sobre-o-interesse-do-real-madrid-em-tirar-joao-gomes-do-flamengo\/#breadcrumb","itemListElement":[{"@type":"ListItem","position":1,"name":"Home","item":"https:\/\/www.gaveanews.com\/"},{"@type":"ListItem","position":2,"name":"Reinier Jesus fala sobre o interesse do Real Madrid em tirar Jo\u00e3o Gomes do Flamengo"}]},{"@type":"WebSite","@id":"https:\/\/www.gaveanews.com\/#website","url":"https:\/\/www.gaveanews.com\/","name":"G\u00e1vea News","description":"Veja todas as not\u00edcias sobre o Flamengo: Contrata\u00e7\u00f5es, categorias de base, resultados das partidas, tabela de classifica\u00e7\u00e3o, pr\u00f3ximos jogos!","potentialAction":[{"@type":"SearchAction","target":{"@type":"EntryPoint","urlTemplate":"https:\/\/www.gaveanews.com\/?s={search_term_string}"},"query-input":{"@type":"PropertyValueSpecification","valueRequired":true,"valueName":"search_term_string"}}],"inLanguage":"pt-BR"},{"@type":"Person","@id":"https:\/\/www.gaveanews.com\/#\/schema\/person\/2ec14f73fb96be2caf28f91afb14749d","name":"Equipe G\u00e1vea News","image":{"@type":"ImageObject","inLanguage":"pt-BR","@id":"https:\/\/www.gaveanews.com\/#\/schema\/person\/image\/","url":"https:\/\/secure.gravatar.com\/avatar\/1e1956f1facbffd3f8fa53a326721950116b3b9dc9bd44939c01180fd4a745a9?s=96&d=mm&r=g","contentUrl":"https:\/\/secure.gravatar.com\/avatar\/1e1956f1facbffd3f8fa53a326721950116b3b9dc9bd44939c01180fd4a745a9?s=96&d=mm&r=g","caption":"Equipe G\u00e1vea News"}}]}},"_links":{"self":[{"href":"https:\/\/www.gaveanews.com\/index.php\/wp-json\/wp\/v2\/posts\/88135","targetHints":{"allow":["GET"]}}],"collection":[{"href":"https:\/\/www.gaveanews.com\/index.php\/wp-json\/wp\/v2\/posts"}],"about":[{"href":"https:\/\/www.gaveanews.com\/index.php\/wp-json\/wp\/v2\/types\/post"}],"author":[{"embeddable":true,"href":"https:\/\/www.gaveanews.com\/index.php\/wp-json\/wp\/v2\/users\/1"}],"replies":[{"embeddable":true,"href":"https:\/\/www.gaveanews.com\/index.php\/wp-json\/wp\/v2\/comments?post=88135"}],"version-history":[{"count":0,"href":"https:\/\/www.gaveanews.com\/index.php\/wp-json\/wp\/v2\/posts\/88135\/revisions"}],"wp:featuredmedia":[{"embeddable":true,"href":"https:\/\/www.gaveanews.com\/index.php\/wp-json\/wp\/v2\/media\/28966"}],"wp:attachment":[{"href":"https:\/\/www.gaveanews.com\/index.php\/wp-json\/wp\/v2\/media?parent=88135"}],"wp:term":[{"taxonomy":"category","embeddable":true,"href":"https:\/\/www.gaveanews.com\/index.php\/wp-json\/wp\/v2\/categories?post=88135"},{"taxonomy":"post_tag","embeddable":true,"href":"https:\/\/www.gaveanews.com\/index.php\/wp-json\/wp\/v2\/tags?post=88135"}],"curies":[{"name":"wp","href":"https:\/\/api.w.org\/{rel}","templated":true}]}}