{"id":88143,"date":"2022-09-27T08:05:45","date_gmt":"2022-09-27T11:05:45","guid":{"rendered":"https:\/\/www.gaveanews.com\/?p=88143"},"modified":"2022-09-27T08:05:45","modified_gmt":"2022-09-27T11:05:45","slug":"presidente-do-athletico-pr-mario-celso-petraglia-cita-o-flamengo-e-ironiza-a-sua-propria-torcida","status":"publish","type":"post","link":"https:\/\/www.gaveanews.com\/index.php\/2022\/09\/27\/presidente-do-athletico-pr-mario-celso-petraglia-cita-o-flamengo-e-ironiza-a-sua-propria-torcida\/","title":{"rendered":"Presidente do Athletico-PR, Mario Celso Petraglia cita o Flamengo e ironiza a sua pr\u00f3pria torcida"},"content":{"rendered":"<p>O engajamento da torcida do Flamengo \u00e9 parte do motivo de o clube viver o bom momento em que est\u00e1 e poder se refor\u00e7ar com grandes nomes do futebol internacional.<\/p>\n<p>Marcando presen\u00e7a em todos os jogos do time e comprando os materiais vendidos pelo clube em todas as temporadas, a Na\u00e7\u00e3o faz com que o Mais Querido permane\u00e7a em evid\u00eancia e se destaque sobre os demais.<\/p>\n<p>A participa\u00e7\u00e3o da torcida do Fla foi destacada por um dirigente de outro clube brasileiro. Em conversa do WhatsApp vazada, Petraglia, presidente do Athletico-PR, comparou o Furac\u00e3o com o Flamengo.<\/p>\n<p>O dirigente fazia pondera\u00e7\u00f5es sobre a confec\u00e7\u00e3o de uma nova camisa para a equipe e afirmou que n\u00e3o valeria a pena inovar no design, uma vez que a torcida n\u00e3o costuma comprar os uniformes com frequ\u00eancia. Petraglia citou Flamengo e Atl\u00e9tico-MG em seu argumento, declarando que o Mais Querido costuma arrecadar um montante expressivo com a venda de artigos esportivos.<\/p>\n<p><em>&#8220;N\u00f3s resolvemos que em 2022 n\u00e3o vamos mudar o design da camisa pois n\u00f3s temos muito estoque. Em 2020 e 2021 foram dif\u00edceis as vendas por conta da pandemia. Ent\u00e3o s\u00f3 vamos mudar o design para o ano que v\u00eam. A torcida gostaria que mud\u00e1ssemos, mas n\u00f3s temos que cuidar das finan\u00e7as da institui\u00e7\u00e3o.&#8221;<\/em><\/p>\n<p><em>&#8220;O n\u00famero que n\u00f3s vendemos de camisa por ano \u00e9 rid\u00edculo. A gente vende 15% do que o Atl\u00e9tico-MG vende, eles vendem 400 mil camisas por ano, e n\u00f3s vendemos 60 mil. O Flamengo vende 1 milh\u00e3o de camisas por ano. A nossa torcida, al\u00e9m de ser concentrada \u00e9 p\u00e3o dura e n\u00e3o gosta de gastar. O Atl\u00e9tico-MG n\u00e3o tem seis vezes a nossa torcida, eles tem o dobro. O Flamengo tem dez vezes a nossa torcida e vende 15 vezes mais. As nossas vendas s\u00e3o pobres.&#8221;<\/em><\/p>\n","protected":false},"excerpt":{"rendered":"<p>O engajamento da torcida do Flamengo \u00e9 parte do motivo de o clube viver o bom momento em que est\u00e1 e poder se refor\u00e7ar com grandes nomes do futebol internacional. Marcando presen\u00e7a em todos os jogos do time e comprando os materiais vendidos pelo clube em todas as temporadas, a Na\u00e7\u00e3o faz com que o [&hellip;]<\/p>\n","protected":false},"author":4,"featured_media":84751,"comment_status":"open","ping_status":"closed","sticky":false,"template":"","format":"standard","meta":{"footnotes":""},"categories":[1],"tags":[],"class_list":["post-88143","post","type-post","status-publish","format-standard","has-post-thumbnail","hentry","category-flamengo"],"yoast_head":"<!-- This site is optimized with the Yoast SEO Premium plugin v24.2 (Yoast SEO v26.9) - https:\/\/yoast.com\/product\/yoast-seo-premium-wordpress\/ -->\n<title>Presidente do Athletico-PR, Mario Celso Petraglia cita o Flamengo e ironiza a sua pr\u00f3pria torcida<\/title>\n<meta name=\"robots\" content=\"index, follow, max-snippet:-1, max-image-preview:large, max-video-preview:-1\" \/>\n<link rel=\"canonical\" href=\"https:\/\/www.gaveanews.com\/index.php\/2022\/09\/27\/presidente-do-athletico-pr-mario-celso-petraglia-cita-o-flamengo-e-ironiza-a-sua-propria-torcida\/\" \/>\n<meta property=\"og:locale\" content=\"pt_BR\" \/>\n<meta property=\"og:type\" content=\"article\" \/>\n<meta property=\"og:title\" content=\"Presidente do Athletico-PR, Mario Celso Petraglia cita o Flamengo e ironiza a sua pr\u00f3pria torcida\" \/>\n<meta property=\"og:description\" content=\"O engajamento da torcida do Flamengo \u00e9 parte do motivo de o clube viver o bom momento em que est\u00e1 e poder se refor\u00e7ar com grandes nomes do futebol internacional. Marcando presen\u00e7a em todos os jogos do time e comprando os materiais vendidos pelo clube em todas as temporadas, a Na\u00e7\u00e3o faz com que o [&hellip;]\" \/>\n<meta property=\"og:url\" content=\"https:\/\/www.gaveanews.com\/index.php\/2022\/09\/27\/presidente-do-athletico-pr-mario-celso-petraglia-cita-o-flamengo-e-ironiza-a-sua-propria-torcida\/\" \/>\n<meta property=\"og:site_name\" content=\"G\u00e1vea News\" \/>\n<meta property=\"article:publisher\" content=\"https:\/\/facebook.com\/gaveaNews\/\" \/>\n<meta property=\"article:published_time\" content=\"2022-09-27T11:05:45+00:00\" \/>\n<meta property=\"og:image\" content=\"https:\/\/www.gaveanews.com\/wp-content\/uploads\/Torcedores-do-Flamengo-antes-do-jogo-contra-o-Atletico-MG-pela-Copa-do-Brasil.webp\" \/>\n\t<meta property=\"og:image:width\" content=\"800\" \/>\n\t<meta property=\"og:image:height\" content=\"533\" \/>\n\t<meta property=\"og:image:type\" content=\"image\/jpeg\" \/>\n<meta name=\"author\" content=\"Let\u00edcia Gerheim\" \/>\n<meta name=\"twitter:card\" content=\"summary_large_image\" \/>\n<meta name=\"twitter:label1\" content=\"Escrito por\" \/>\n\t<meta name=\"twitter:data1\" content=\"Let\u00edcia Gerheim\" \/>\n\t<meta name=\"twitter:label2\" content=\"Est. tempo de leitura\" \/>\n\t<meta name=\"twitter:data2\" content=\"2 minutos\" \/>\n<script type=\"application\/ld+json\" class=\"yoast-schema-graph\">{\"@context\":\"https:\/\/schema.org\",\"@graph\":[{\"@type\":\"NewsArticle\",\"@id\":\"https:\/\/www.gaveanews.com\/index.php\/2022\/09\/27\/presidente-do-athletico-pr-mario-celso-petraglia-cita-o-flamengo-e-ironiza-a-sua-propria-torcida\/#article\",\"isPartOf\":{\"@id\":\"https:\/\/www.gaveanews.com\/index.php\/2022\/09\/27\/presidente-do-athletico-pr-mario-celso-petraglia-cita-o-flamengo-e-ironiza-a-sua-propria-torcida\/\"},\"author\":{\"name\":\"Let\u00edcia Gerheim\",\"@id\":\"https:\/\/www.gaveanews.com\/#\/schema\/person\/714c67050b836198af2450ba1c142a67\"},\"headline\":\"Presidente do Athletico-PR, Mario Celso Petraglia cita o Flamengo e ironiza a sua pr\u00f3pria torcida\",\"datePublished\":\"2022-09-27T11:05:45+00:00\",\"mainEntityOfPage\":{\"@id\":\"https:\/\/www.gaveanews.com\/index.php\/2022\/09\/27\/presidente-do-athletico-pr-mario-celso-petraglia-cita-o-flamengo-e-ironiza-a-sua-propria-torcida\/\"},\"wordCount\":337,\"commentCount\":0,\"image\":{\"@id\":\"https:\/\/www.gaveanews.com\/index.php\/2022\/09\/27\/presidente-do-athletico-pr-mario-celso-petraglia-cita-o-flamengo-e-ironiza-a-sua-propria-torcida\/#primaryimage\"},\"thumbnailUrl\":\"https:\/\/www.gaveanews.com\/wp-content\/uploads\/Torcedores-do-Flamengo-antes-do-jogo-contra-o-Atletico-MG-pela-Copa-do-Brasil.webp\",\"articleSection\":[\"Flamengo\"],\"inLanguage\":\"pt-BR\",\"potentialAction\":[{\"@type\":\"CommentAction\",\"name\":\"Comment\",\"target\":[\"https:\/\/www.gaveanews.com\/index.php\/2022\/09\/27\/presidente-do-athletico-pr-mario-celso-petraglia-cita-o-flamengo-e-ironiza-a-sua-propria-torcida\/#respond\"]}],\"copyrightYear\":\"2022\",\"copyrightHolder\":{\"@id\":\"https:\/\/www.gaveanews.com\/#organization\"}},{\"@type\":\"WebPage\",\"@id\":\"https:\/\/www.gaveanews.com\/index.php\/2022\/09\/27\/presidente-do-athletico-pr-mario-celso-petraglia-cita-o-flamengo-e-ironiza-a-sua-propria-torcida\/\",\"url\":\"https:\/\/www.gaveanews.com\/index.php\/2022\/09\/27\/presidente-do-athletico-pr-mario-celso-petraglia-cita-o-flamengo-e-ironiza-a-sua-propria-torcida\/\",\"name\":\"Presidente do Athletico-PR, Mario Celso Petraglia cita o Flamengo e ironiza a sua pr\u00f3pria torcida\",\"isPartOf\":{\"@id\":\"https:\/\/www.gaveanews.com\/#website\"},\"primaryImageOfPage\":{\"@id\":\"https:\/\/www.gaveanews.com\/index.php\/2022\/09\/27\/presidente-do-athletico-pr-mario-celso-petraglia-cita-o-flamengo-e-ironiza-a-sua-propria-torcida\/#primaryimage\"},\"image\":{\"@id\":\"https:\/\/www.gaveanews.com\/index.php\/2022\/09\/27\/presidente-do-athletico-pr-mario-celso-petraglia-cita-o-flamengo-e-ironiza-a-sua-propria-torcida\/#primaryimage\"},\"thumbnailUrl\":\"https:\/\/www.gaveanews.com\/wp-content\/uploads\/Torcedores-do-Flamengo-antes-do-jogo-contra-o-Atletico-MG-pela-Copa-do-Brasil.webp\",\"datePublished\":\"2022-09-27T11:05:45+00:00\",\"author\":{\"@id\":\"https:\/\/www.gaveanews.com\/#\/schema\/person\/714c67050b836198af2450ba1c142a67\"},\"breadcrumb\":{\"@id\":\"https:\/\/www.gaveanews.com\/index.php\/2022\/09\/27\/presidente-do-athletico-pr-mario-celso-petraglia-cita-o-flamengo-e-ironiza-a-sua-propria-torcida\/#breadcrumb\"},\"inLanguage\":\"pt-BR\",\"potentialAction\":[{\"@type\":\"ReadAction\",\"target\":[\"https:\/\/www.gaveanews.com\/index.php\/2022\/09\/27\/presidente-do-athletico-pr-mario-celso-petraglia-cita-o-flamengo-e-ironiza-a-sua-propria-torcida\/\"]}]},{\"@type\":\"ImageObject\",\"inLanguage\":\"pt-BR\",\"@id\":\"https:\/\/www.gaveanews.com\/index.php\/2022\/09\/27\/presidente-do-athletico-pr-mario-celso-petraglia-cita-o-flamengo-e-ironiza-a-sua-propria-torcida\/#primaryimage\",\"url\":\"https:\/\/www.gaveanews.com\/wp-content\/uploads\/Torcedores-do-Flamengo-antes-do-jogo-contra-o-Atletico-MG-pela-Copa-do-Brasil.webp\",\"contentUrl\":\"https:\/\/www.gaveanews.com\/wp-content\/uploads\/Torcedores-do-Flamengo-antes-do-jogo-contra-o-Atletico-MG-pela-Copa-do-Brasil.webp\",\"width\":800,\"height\":533,\"caption\":\"Torcedores do Flamengo antes do jogo contra o Atl\u00e9tico-MG pela Copa do Brasil (Foto: Marcelo Cortes\/Flamengo)\"},{\"@type\":\"BreadcrumbList\",\"@id\":\"https:\/\/www.gaveanews.com\/index.php\/2022\/09\/27\/presidente-do-athletico-pr-mario-celso-petraglia-cita-o-flamengo-e-ironiza-a-sua-propria-torcida\/#breadcrumb\",\"itemListElement\":[{\"@type\":\"ListItem\",\"position\":1,\"name\":\"Home\",\"item\":\"https:\/\/www.gaveanews.com\/\"},{\"@type\":\"ListItem\",\"position\":2,\"name\":\"Presidente do Athletico-PR, Mario Celso Petraglia cita o Flamengo e ironiza a sua pr\u00f3pria torcida\"}]},{\"@type\":\"WebSite\",\"@id\":\"https:\/\/www.gaveanews.com\/#website\",\"url\":\"https:\/\/www.gaveanews.com\/\",\"name\":\"G\u00e1vea News\",\"description\":\"Veja todas as not\u00edcias sobre o Flamengo: Contrata\u00e7\u00f5es, categorias de base, resultados das partidas, tabela de classifica\u00e7\u00e3o, pr\u00f3ximos jogos!\",\"potentialAction\":[{\"@type\":\"SearchAction\",\"target\":{\"@type\":\"EntryPoint\",\"urlTemplate\":\"https:\/\/www.gaveanews.com\/?s={search_term_string}\"},\"query-input\":{\"@type\":\"PropertyValueSpecification\",\"valueRequired\":true,\"valueName\":\"search_term_string\"}}],\"inLanguage\":\"pt-BR\"},{\"@type\":\"Person\",\"@id\":\"https:\/\/www.gaveanews.com\/#\/schema\/person\/714c67050b836198af2450ba1c142a67\",\"name\":\"Let\u00edcia Gerheim\",\"image\":{\"@type\":\"ImageObject\",\"inLanguage\":\"pt-BR\",\"@id\":\"https:\/\/www.gaveanews.com\/#\/schema\/person\/image\/\",\"url\":\"https:\/\/secure.gravatar.com\/avatar\/60734739c50fcebfbac509e2a826ccd0ff405c019bc73aab9354f19ecad1dcb4?s=96&d=mm&r=g\",\"contentUrl\":\"https:\/\/secure.gravatar.com\/avatar\/60734739c50fcebfbac509e2a826ccd0ff405c019bc73aab9354f19ecad1dcb4?s=96&d=mm&r=g\",\"caption\":\"Let\u00edcia Gerheim\"}}]}<\/script>\n<!-- \/ Yoast SEO Premium plugin. -->","yoast_head_json":{"title":"Presidente do Athletico-PR, Mario Celso Petraglia cita o Flamengo e ironiza a sua pr\u00f3pria torcida","robots":{"index":"index","follow":"follow","max-snippet":"max-snippet:-1","max-image-preview":"max-image-preview:large","max-video-preview":"max-video-preview:-1"},"canonical":"https:\/\/www.gaveanews.com\/index.php\/2022\/09\/27\/presidente-do-athletico-pr-mario-celso-petraglia-cita-o-flamengo-e-ironiza-a-sua-propria-torcida\/","og_locale":"pt_BR","og_type":"article","og_title":"Presidente do Athletico-PR, Mario Celso Petraglia cita o Flamengo e ironiza a sua pr\u00f3pria torcida","og_description":"O engajamento da torcida do Flamengo \u00e9 parte do motivo de o clube viver o bom momento em que est\u00e1 e poder se refor\u00e7ar com grandes nomes do futebol internacional. Marcando presen\u00e7a em todos os jogos do time e comprando os materiais vendidos pelo clube em todas as temporadas, a Na\u00e7\u00e3o faz com que o [&hellip;]","og_url":"https:\/\/www.gaveanews.com\/index.php\/2022\/09\/27\/presidente-do-athletico-pr-mario-celso-petraglia-cita-o-flamengo-e-ironiza-a-sua-propria-torcida\/","og_site_name":"G\u00e1vea News","article_publisher":"https:\/\/facebook.com\/gaveaNews\/","article_published_time":"2022-09-27T11:05:45+00:00","og_image":[{"width":800,"height":533,"url":"https:\/\/www.gaveanews.com\/wp-content\/uploads\/Torcedores-do-Flamengo-antes-do-jogo-contra-o-Atletico-MG-pela-Copa-do-Brasil.webp","type":"image\/jpeg"}],"author":"Let\u00edcia Gerheim","twitter_card":"summary_large_image","twitter_misc":{"Escrito por":"Let\u00edcia Gerheim","Est. tempo de leitura":"2 minutos"},"schema":{"@context":"https:\/\/schema.org","@graph":[{"@type":"NewsArticle","@id":"https:\/\/www.gaveanews.com\/index.php\/2022\/09\/27\/presidente-do-athletico-pr-mario-celso-petraglia-cita-o-flamengo-e-ironiza-a-sua-propria-torcida\/#article","isPartOf":{"@id":"https:\/\/www.gaveanews.com\/index.php\/2022\/09\/27\/presidente-do-athletico-pr-mario-celso-petraglia-cita-o-flamengo-e-ironiza-a-sua-propria-torcida\/"},"author":{"name":"Let\u00edcia Gerheim","@id":"https:\/\/www.gaveanews.com\/#\/schema\/person\/714c67050b836198af2450ba1c142a67"},"headline":"Presidente do Athletico-PR, Mario Celso Petraglia cita o Flamengo e ironiza a sua pr\u00f3pria torcida","datePublished":"2022-09-27T11:05:45+00:00","mainEntityOfPage":{"@id":"https:\/\/www.gaveanews.com\/index.php\/2022\/09\/27\/presidente-do-athletico-pr-mario-celso-petraglia-cita-o-flamengo-e-ironiza-a-sua-propria-torcida\/"},"wordCount":337,"commentCount":0,"image":{"@id":"https:\/\/www.gaveanews.com\/index.php\/2022\/09\/27\/presidente-do-athletico-pr-mario-celso-petraglia-cita-o-flamengo-e-ironiza-a-sua-propria-torcida\/#primaryimage"},"thumbnailUrl":"https:\/\/www.gaveanews.com\/wp-content\/uploads\/Torcedores-do-Flamengo-antes-do-jogo-contra-o-Atletico-MG-pela-Copa-do-Brasil.webp","articleSection":["Flamengo"],"inLanguage":"pt-BR","potentialAction":[{"@type":"CommentAction","name":"Comment","target":["https:\/\/www.gaveanews.com\/index.php\/2022\/09\/27\/presidente-do-athletico-pr-mario-celso-petraglia-cita-o-flamengo-e-ironiza-a-sua-propria-torcida\/#respond"]}],"copyrightYear":"2022","copyrightHolder":{"@id":"https:\/\/www.gaveanews.com\/#organization"}},{"@type":"WebPage","@id":"https:\/\/www.gaveanews.com\/index.php\/2022\/09\/27\/presidente-do-athletico-pr-mario-celso-petraglia-cita-o-flamengo-e-ironiza-a-sua-propria-torcida\/","url":"https:\/\/www.gaveanews.com\/index.php\/2022\/09\/27\/presidente-do-athletico-pr-mario-celso-petraglia-cita-o-flamengo-e-ironiza-a-sua-propria-torcida\/","name":"Presidente do Athletico-PR, Mario Celso Petraglia cita o Flamengo e ironiza a sua pr\u00f3pria torcida","isPartOf":{"@id":"https:\/\/www.gaveanews.com\/#website"},"primaryImageOfPage":{"@id":"https:\/\/www.gaveanews.com\/index.php\/2022\/09\/27\/presidente-do-athletico-pr-mario-celso-petraglia-cita-o-flamengo-e-ironiza-a-sua-propria-torcida\/#primaryimage"},"image":{"@id":"https:\/\/www.gaveanews.com\/index.php\/2022\/09\/27\/presidente-do-athletico-pr-mario-celso-petraglia-cita-o-flamengo-e-ironiza-a-sua-propria-torcida\/#primaryimage"},"thumbnailUrl":"https:\/\/www.gaveanews.com\/wp-content\/uploads\/Torcedores-do-Flamengo-antes-do-jogo-contra-o-Atletico-MG-pela-Copa-do-Brasil.webp","datePublished":"2022-09-27T11:05:45+00:00","author":{"@id":"https:\/\/www.gaveanews.com\/#\/schema\/person\/714c67050b836198af2450ba1c142a67"},"breadcrumb":{"@id":"https:\/\/www.gaveanews.com\/index.php\/2022\/09\/27\/presidente-do-athletico-pr-mario-celso-petraglia-cita-o-flamengo-e-ironiza-a-sua-propria-torcida\/#breadcrumb"},"inLanguage":"pt-BR","potentialAction":[{"@type":"ReadAction","target":["https:\/\/www.gaveanews.com\/index.php\/2022\/09\/27\/presidente-do-athletico-pr-mario-celso-petraglia-cita-o-flamengo-e-ironiza-a-sua-propria-torcida\/"]}]},{"@type":"ImageObject","inLanguage":"pt-BR","@id":"https:\/\/www.gaveanews.com\/index.php\/2022\/09\/27\/presidente-do-athletico-pr-mario-celso-petraglia-cita-o-flamengo-e-ironiza-a-sua-propria-torcida\/#primaryimage","url":"https:\/\/www.gaveanews.com\/wp-content\/uploads\/Torcedores-do-Flamengo-antes-do-jogo-contra-o-Atletico-MG-pela-Copa-do-Brasil.webp","contentUrl":"https:\/\/www.gaveanews.com\/wp-content\/uploads\/Torcedores-do-Flamengo-antes-do-jogo-contra-o-Atletico-MG-pela-Copa-do-Brasil.webp","width":800,"height":533,"caption":"Torcedores do Flamengo antes do jogo contra o Atl\u00e9tico-MG pela Copa do Brasil (Foto: Marcelo Cortes\/Flamengo)"},{"@type":"BreadcrumbList","@id":"https:\/\/www.gaveanews.com\/index.php\/2022\/09\/27\/presidente-do-athletico-pr-mario-celso-petraglia-cita-o-flamengo-e-ironiza-a-sua-propria-torcida\/#breadcrumb","itemListElement":[{"@type":"ListItem","position":1,"name":"Home","item":"https:\/\/www.gaveanews.com\/"},{"@type":"ListItem","position":2,"name":"Presidente do Athletico-PR, Mario Celso Petraglia cita o Flamengo e ironiza a sua pr\u00f3pria torcida"}]},{"@type":"WebSite","@id":"https:\/\/www.gaveanews.com\/#website","url":"https:\/\/www.gaveanews.com\/","name":"G\u00e1vea News","description":"Veja todas as not\u00edcias sobre o Flamengo: Contrata\u00e7\u00f5es, categorias de base, resultados das partidas, tabela de classifica\u00e7\u00e3o, pr\u00f3ximos jogos!","potentialAction":[{"@type":"SearchAction","target":{"@type":"EntryPoint","urlTemplate":"https:\/\/www.gaveanews.com\/?s={search_term_string}"},"query-input":{"@type":"PropertyValueSpecification","valueRequired":true,"valueName":"search_term_string"}}],"inLanguage":"pt-BR"},{"@type":"Person","@id":"https:\/\/www.gaveanews.com\/#\/schema\/person\/714c67050b836198af2450ba1c142a67","name":"Let\u00edcia Gerheim","image":{"@type":"ImageObject","inLanguage":"pt-BR","@id":"https:\/\/www.gaveanews.com\/#\/schema\/person\/image\/","url":"https:\/\/secure.gravatar.com\/avatar\/60734739c50fcebfbac509e2a826ccd0ff405c019bc73aab9354f19ecad1dcb4?s=96&d=mm&r=g","contentUrl":"https:\/\/secure.gravatar.com\/avatar\/60734739c50fcebfbac509e2a826ccd0ff405c019bc73aab9354f19ecad1dcb4?s=96&d=mm&r=g","caption":"Let\u00edcia Gerheim"}}]}},"_links":{"self":[{"href":"https:\/\/www.gaveanews.com\/index.php\/wp-json\/wp\/v2\/posts\/88143","targetHints":{"allow":["GET"]}}],"collection":[{"href":"https:\/\/www.gaveanews.com\/index.php\/wp-json\/wp\/v2\/posts"}],"about":[{"href":"https:\/\/www.gaveanews.com\/index.php\/wp-json\/wp\/v2\/types\/post"}],"author":[{"embeddable":true,"href":"https:\/\/www.gaveanews.com\/index.php\/wp-json\/wp\/v2\/users\/4"}],"replies":[{"embeddable":true,"href":"https:\/\/www.gaveanews.com\/index.php\/wp-json\/wp\/v2\/comments?post=88143"}],"version-history":[{"count":0,"href":"https:\/\/www.gaveanews.com\/index.php\/wp-json\/wp\/v2\/posts\/88143\/revisions"}],"wp:featuredmedia":[{"embeddable":true,"href":"https:\/\/www.gaveanews.com\/index.php\/wp-json\/wp\/v2\/media\/84751"}],"wp:attachment":[{"href":"https:\/\/www.gaveanews.com\/index.php\/wp-json\/wp\/v2\/media?parent=88143"}],"wp:term":[{"taxonomy":"category","embeddable":true,"href":"https:\/\/www.gaveanews.com\/index.php\/wp-json\/wp\/v2\/categories?post=88143"},{"taxonomy":"post_tag","embeddable":true,"href":"https:\/\/www.gaveanews.com\/index.php\/wp-json\/wp\/v2\/tags?post=88143"}],"curies":[{"name":"wp","href":"https:\/\/api.w.org\/{rel}","templated":true}]}}