{"id":88145,"date":"2022-09-27T09:05:34","date_gmt":"2022-09-27T12:05:34","guid":{"rendered":"https:\/\/www.gaveanews.com\/?p=88145"},"modified":"2022-09-27T09:05:34","modified_gmt":"2022-09-27T12:05:34","slug":"marcos-braz-detalha-a-promessa-sobre-o-flamengo-contratar-um-super-craque","status":"publish","type":"post","link":"https:\/\/www.gaveanews.com\/index.php\/2022\/09\/27\/marcos-braz-detalha-a-promessa-sobre-o-flamengo-contratar-um-super-craque\/","title":{"rendered":"Marcos Braz detalha a promessa sobre o Flamengo contratar um &#8216;super craque&#8217;"},"content":{"rendered":"<p>O Flamengo monta sua estrat\u00e9gia para a pr\u00f3xima ida ao mercado. A abertura da janela de transfer\u00eancias acontece no come\u00e7o do pr\u00f3ximo ano, quando o clube procurar\u00e1 por refor\u00e7os para o atual elenco.<\/p>\n<p>O per\u00edodo anteceder\u00e1 a ida do Mais Querido ao Mundial de Clubes, caso ven\u00e7a a Libertadores. A ideia do Flamengo \u00e9 de se programar para ambos os cen\u00e1rios, conquistando o t\u00edtulo do torneio continental ou n\u00e3o.<\/p>\n<p>A quest\u00e3o, inclusive, foi o que motivou Marcos Braz a mencionar <a href=\"https:\/\/www.gaveanews.com\/index.php\/2022\/09\/15\/marcos-braz-do-flamengo-promete-contratacao-bombastica-referencia-mundial\/\">uma grande contrata\u00e7\u00e3o do Fla em uma pr\u00f3xima oportunidade.<\/a> Em entrevista ao canal Pilhado, do jornalista Thiago Asmar, o dirigente explicou as condi\u00e7\u00f5es para que o Mais Querido possa ter maior apelo no mercado internacional.<\/p>\n<p><em>\u2014\u00a0Eu falei isso, mas falei andando, numa correria. O que aconteceu foi que me perguntaram de refor\u00e7os. O que eu falei foi o seguinte: caso o Flamengo ven\u00e7a a Libertadores, o Flamengo ter\u00e1 uma situa\u00e7\u00e3o diferente das outras. Quando o Mundial \u00e9 em dezembro, as janelas est\u00e3o fechadas. Como tem a Copa do Mundo, o Mundial ser\u00e1 em fevereiro ou mar\u00e7o e a janela abre em janeiro. O que eu disse foi que caso Flamengo ou Athletico estejam na final do Mundial, poder\u00e3o se refor\u00e7ar.<\/em><\/p>\n<p>Braz revelou que acompanhar\u00e1 o desenrolar da Copa do Mundo e buscar\u00e1 por oportunidades em jogadores que terminarem o mundial frustrados e sentirem que n\u00e3o foram t\u00e3o longe quanto deveriam. A apresenta\u00e7\u00e3o do Flamengo como um clube que pode alcan\u00e7ar o Mundial pode dar uma boa expectativa para o atleta que deseja t\u00edtulos e reconhecimento no futebol internacional.<\/p>\n<p><em>\u2014 \u00c9 um trunfo na m\u00e3o do Flamengo de falar, vem para c\u00e1, passa seis meses, um ano aqui, que voc\u00ea vai disputar o Mundial. Acho que \u00e9 um atrativo para qualquer jogador de peso. Ainda mais se for para algum jogador que n\u00e3o tenha \u00eaxito, ou que ache que n\u00e3o teve, dentro da Copa do Mundo. Por exemplo, um cara da Fran\u00e7a que ache que vai ser campe\u00e3o do mundo, se cai nas oitavas, vem aqui, vem para o Flamengo.<\/em><\/p>\n<p><em>\u2014 Qualquer jogador que ache que n\u00e3o teve um fim de temporada bem sucedido. O Flamengo tem um trunfo, assim como o Athletico teria se chegasse at\u00e9 uma final de Mundial. O Alexandre Mattos com certeza saberia usar isso como atrativo para se refor\u00e7ar.<\/em><\/p>\n<p>Como citado acima, a janela de transfer\u00eancias ainda n\u00e3o est\u00e1 pr\u00f3xima de se abrir. Por enquanto, resta ao Flamengo fazer a sua parte dentro e fora de campo.<\/p>\n<p>Dentro das quatro linhas, o Mais Querido teria que conquistar a Libertadores no final de outubro para que o clube ganhe a perspectiva ideal. S\u00f3 ent\u00e3o, os dirigentes rubro-negros poderiam iniciar a busca por oportunidades levando em conta os resultados obtidos pelas sele\u00e7\u00f5es na Copa do Mundo.<\/p>\n","protected":false},"excerpt":{"rendered":"<p>O Flamengo monta sua estrat\u00e9gia para a pr\u00f3xima ida ao mercado. A abertura da janela de transfer\u00eancias acontece no come\u00e7o do pr\u00f3ximo ano, quando o clube procurar\u00e1 por refor\u00e7os para o atual elenco. O per\u00edodo anteceder\u00e1 a ida do Mais Querido ao Mundial de Clubes, caso ven\u00e7a a Libertadores. A ideia do Flamengo \u00e9 de [&hellip;]<\/p>\n","protected":false},"author":4,"featured_media":85562,"comment_status":"open","ping_status":"closed","sticky":false,"template":"","format":"standard","meta":{"footnotes":""},"categories":[1],"tags":[],"class_list":["post-88145","post","type-post","status-publish","format-standard","has-post-thumbnail","hentry","category-flamengo"],"yoast_head":"<!-- This site is optimized with the Yoast SEO Premium plugin v24.2 (Yoast SEO v26.9) - https:\/\/yoast.com\/product\/yoast-seo-premium-wordpress\/ -->\n<title>Marcos Braz detalha a promessa sobre o Flamengo contratar um &#039;super craque&#039;<\/title>\n<meta name=\"robots\" content=\"index, follow, max-snippet:-1, max-image-preview:large, max-video-preview:-1\" \/>\n<link rel=\"canonical\" href=\"https:\/\/www.gaveanews.com\/index.php\/2022\/09\/27\/marcos-braz-detalha-a-promessa-sobre-o-flamengo-contratar-um-super-craque\/\" \/>\n<meta property=\"og:locale\" content=\"pt_BR\" \/>\n<meta property=\"og:type\" content=\"article\" \/>\n<meta property=\"og:title\" content=\"Marcos Braz detalha a promessa sobre o Flamengo contratar um &#039;super craque&#039;\" \/>\n<meta property=\"og:description\" content=\"O Flamengo monta sua estrat\u00e9gia para a pr\u00f3xima ida ao mercado. A abertura da janela de transfer\u00eancias acontece no come\u00e7o do pr\u00f3ximo ano, quando o clube procurar\u00e1 por refor\u00e7os para o atual elenco. O per\u00edodo anteceder\u00e1 a ida do Mais Querido ao Mundial de Clubes, caso ven\u00e7a a Libertadores. A ideia do Flamengo \u00e9 de [&hellip;]\" \/>\n<meta property=\"og:url\" content=\"https:\/\/www.gaveanews.com\/index.php\/2022\/09\/27\/marcos-braz-detalha-a-promessa-sobre-o-flamengo-contratar-um-super-craque\/\" \/>\n<meta property=\"og:site_name\" content=\"G\u00e1vea News\" \/>\n<meta property=\"article:publisher\" content=\"https:\/\/facebook.com\/gaveaNews\/\" \/>\n<meta property=\"article:published_time\" content=\"2022-09-27T12:05:34+00:00\" \/>\n<meta property=\"og:image\" content=\"https:\/\/www.gaveanews.com\/wp-content\/uploads\/Marcos-Braz-em-entrevista-no-CT-do-Flamengo-1.webp\" \/>\n\t<meta property=\"og:image:width\" content=\"799\" \/>\n\t<meta property=\"og:image:height\" content=\"533\" \/>\n\t<meta property=\"og:image:type\" content=\"image\/jpeg\" \/>\n<meta name=\"author\" content=\"Let\u00edcia Gerheim\" \/>\n<meta name=\"twitter:card\" content=\"summary_large_image\" \/>\n<meta name=\"twitter:label1\" content=\"Escrito por\" \/>\n\t<meta name=\"twitter:data1\" content=\"Let\u00edcia Gerheim\" \/>\n\t<meta name=\"twitter:label2\" content=\"Est. tempo de leitura\" \/>\n\t<meta name=\"twitter:data2\" content=\"3 minutos\" \/>\n<script type=\"application\/ld+json\" class=\"yoast-schema-graph\">{\"@context\":\"https:\/\/schema.org\",\"@graph\":[{\"@type\":\"NewsArticle\",\"@id\":\"https:\/\/www.gaveanews.com\/index.php\/2022\/09\/27\/marcos-braz-detalha-a-promessa-sobre-o-flamengo-contratar-um-super-craque\/#article\",\"isPartOf\":{\"@id\":\"https:\/\/www.gaveanews.com\/index.php\/2022\/09\/27\/marcos-braz-detalha-a-promessa-sobre-o-flamengo-contratar-um-super-craque\/\"},\"author\":{\"name\":\"Let\u00edcia Gerheim\",\"@id\":\"https:\/\/www.gaveanews.com\/#\/schema\/person\/714c67050b836198af2450ba1c142a67\"},\"headline\":\"Marcos Braz detalha a promessa sobre o Flamengo contratar um &#8216;super craque&#8217;\",\"datePublished\":\"2022-09-27T12:05:34+00:00\",\"mainEntityOfPage\":{\"@id\":\"https:\/\/www.gaveanews.com\/index.php\/2022\/09\/27\/marcos-braz-detalha-a-promessa-sobre-o-flamengo-contratar-um-super-craque\/\"},\"wordCount\":503,\"commentCount\":0,\"image\":{\"@id\":\"https:\/\/www.gaveanews.com\/index.php\/2022\/09\/27\/marcos-braz-detalha-a-promessa-sobre-o-flamengo-contratar-um-super-craque\/#primaryimage\"},\"thumbnailUrl\":\"https:\/\/www.gaveanews.com\/wp-content\/uploads\/Marcos-Braz-em-entrevista-no-CT-do-Flamengo-1.webp\",\"articleSection\":[\"Flamengo\"],\"inLanguage\":\"pt-BR\",\"potentialAction\":[{\"@type\":\"CommentAction\",\"name\":\"Comment\",\"target\":[\"https:\/\/www.gaveanews.com\/index.php\/2022\/09\/27\/marcos-braz-detalha-a-promessa-sobre-o-flamengo-contratar-um-super-craque\/#respond\"]}],\"copyrightYear\":\"2022\",\"copyrightHolder\":{\"@id\":\"https:\/\/www.gaveanews.com\/#organization\"}},{\"@type\":\"WebPage\",\"@id\":\"https:\/\/www.gaveanews.com\/index.php\/2022\/09\/27\/marcos-braz-detalha-a-promessa-sobre-o-flamengo-contratar-um-super-craque\/\",\"url\":\"https:\/\/www.gaveanews.com\/index.php\/2022\/09\/27\/marcos-braz-detalha-a-promessa-sobre-o-flamengo-contratar-um-super-craque\/\",\"name\":\"Marcos Braz detalha a promessa sobre o Flamengo contratar um 'super craque'\",\"isPartOf\":{\"@id\":\"https:\/\/www.gaveanews.com\/#website\"},\"primaryImageOfPage\":{\"@id\":\"https:\/\/www.gaveanews.com\/index.php\/2022\/09\/27\/marcos-braz-detalha-a-promessa-sobre-o-flamengo-contratar-um-super-craque\/#primaryimage\"},\"image\":{\"@id\":\"https:\/\/www.gaveanews.com\/index.php\/2022\/09\/27\/marcos-braz-detalha-a-promessa-sobre-o-flamengo-contratar-um-super-craque\/#primaryimage\"},\"thumbnailUrl\":\"https:\/\/www.gaveanews.com\/wp-content\/uploads\/Marcos-Braz-em-entrevista-no-CT-do-Flamengo-1.webp\",\"datePublished\":\"2022-09-27T12:05:34+00:00\",\"author\":{\"@id\":\"https:\/\/www.gaveanews.com\/#\/schema\/person\/714c67050b836198af2450ba1c142a67\"},\"breadcrumb\":{\"@id\":\"https:\/\/www.gaveanews.com\/index.php\/2022\/09\/27\/marcos-braz-detalha-a-promessa-sobre-o-flamengo-contratar-um-super-craque\/#breadcrumb\"},\"inLanguage\":\"pt-BR\",\"potentialAction\":[{\"@type\":\"ReadAction\",\"target\":[\"https:\/\/www.gaveanews.com\/index.php\/2022\/09\/27\/marcos-braz-detalha-a-promessa-sobre-o-flamengo-contratar-um-super-craque\/\"]}]},{\"@type\":\"ImageObject\",\"inLanguage\":\"pt-BR\",\"@id\":\"https:\/\/www.gaveanews.com\/index.php\/2022\/09\/27\/marcos-braz-detalha-a-promessa-sobre-o-flamengo-contratar-um-super-craque\/#primaryimage\",\"url\":\"https:\/\/www.gaveanews.com\/wp-content\/uploads\/Marcos-Braz-em-entrevista-no-CT-do-Flamengo-1.webp\",\"contentUrl\":\"https:\/\/www.gaveanews.com\/wp-content\/uploads\/Marcos-Braz-em-entrevista-no-CT-do-Flamengo-1.webp\",\"width\":799,\"height\":533,\"caption\":\"Marcos Braz em entrevista no CT do Flamengo (Foto: Gilvan de Souza\/Flamengo)\"},{\"@type\":\"BreadcrumbList\",\"@id\":\"https:\/\/www.gaveanews.com\/index.php\/2022\/09\/27\/marcos-braz-detalha-a-promessa-sobre-o-flamengo-contratar-um-super-craque\/#breadcrumb\",\"itemListElement\":[{\"@type\":\"ListItem\",\"position\":1,\"name\":\"Home\",\"item\":\"https:\/\/www.gaveanews.com\/\"},{\"@type\":\"ListItem\",\"position\":2,\"name\":\"Marcos Braz detalha a promessa sobre o Flamengo contratar um &#8216;super craque&#8217;\"}]},{\"@type\":\"WebSite\",\"@id\":\"https:\/\/www.gaveanews.com\/#website\",\"url\":\"https:\/\/www.gaveanews.com\/\",\"name\":\"G\u00e1vea News\",\"description\":\"Veja todas as not\u00edcias sobre o Flamengo: Contrata\u00e7\u00f5es, categorias de base, resultados das partidas, tabela de classifica\u00e7\u00e3o, pr\u00f3ximos jogos!\",\"potentialAction\":[{\"@type\":\"SearchAction\",\"target\":{\"@type\":\"EntryPoint\",\"urlTemplate\":\"https:\/\/www.gaveanews.com\/?s={search_term_string}\"},\"query-input\":{\"@type\":\"PropertyValueSpecification\",\"valueRequired\":true,\"valueName\":\"search_term_string\"}}],\"inLanguage\":\"pt-BR\"},{\"@type\":\"Person\",\"@id\":\"https:\/\/www.gaveanews.com\/#\/schema\/person\/714c67050b836198af2450ba1c142a67\",\"name\":\"Let\u00edcia Gerheim\",\"image\":{\"@type\":\"ImageObject\",\"inLanguage\":\"pt-BR\",\"@id\":\"https:\/\/www.gaveanews.com\/#\/schema\/person\/image\/\",\"url\":\"https:\/\/secure.gravatar.com\/avatar\/60734739c50fcebfbac509e2a826ccd0ff405c019bc73aab9354f19ecad1dcb4?s=96&d=mm&r=g\",\"contentUrl\":\"https:\/\/secure.gravatar.com\/avatar\/60734739c50fcebfbac509e2a826ccd0ff405c019bc73aab9354f19ecad1dcb4?s=96&d=mm&r=g\",\"caption\":\"Let\u00edcia Gerheim\"}}]}<\/script>\n<!-- \/ Yoast SEO Premium plugin. -->","yoast_head_json":{"title":"Marcos Braz detalha a promessa sobre o Flamengo contratar um 'super craque'","robots":{"index":"index","follow":"follow","max-snippet":"max-snippet:-1","max-image-preview":"max-image-preview:large","max-video-preview":"max-video-preview:-1"},"canonical":"https:\/\/www.gaveanews.com\/index.php\/2022\/09\/27\/marcos-braz-detalha-a-promessa-sobre-o-flamengo-contratar-um-super-craque\/","og_locale":"pt_BR","og_type":"article","og_title":"Marcos Braz detalha a promessa sobre o Flamengo contratar um 'super craque'","og_description":"O Flamengo monta sua estrat\u00e9gia para a pr\u00f3xima ida ao mercado. A abertura da janela de transfer\u00eancias acontece no come\u00e7o do pr\u00f3ximo ano, quando o clube procurar\u00e1 por refor\u00e7os para o atual elenco. O per\u00edodo anteceder\u00e1 a ida do Mais Querido ao Mundial de Clubes, caso ven\u00e7a a Libertadores. A ideia do Flamengo \u00e9 de [&hellip;]","og_url":"https:\/\/www.gaveanews.com\/index.php\/2022\/09\/27\/marcos-braz-detalha-a-promessa-sobre-o-flamengo-contratar-um-super-craque\/","og_site_name":"G\u00e1vea News","article_publisher":"https:\/\/facebook.com\/gaveaNews\/","article_published_time":"2022-09-27T12:05:34+00:00","og_image":[{"width":799,"height":533,"url":"https:\/\/www.gaveanews.com\/wp-content\/uploads\/Marcos-Braz-em-entrevista-no-CT-do-Flamengo-1.webp","type":"image\/jpeg"}],"author":"Let\u00edcia Gerheim","twitter_card":"summary_large_image","twitter_misc":{"Escrito por":"Let\u00edcia Gerheim","Est. tempo de leitura":"3 minutos"},"schema":{"@context":"https:\/\/schema.org","@graph":[{"@type":"NewsArticle","@id":"https:\/\/www.gaveanews.com\/index.php\/2022\/09\/27\/marcos-braz-detalha-a-promessa-sobre-o-flamengo-contratar-um-super-craque\/#article","isPartOf":{"@id":"https:\/\/www.gaveanews.com\/index.php\/2022\/09\/27\/marcos-braz-detalha-a-promessa-sobre-o-flamengo-contratar-um-super-craque\/"},"author":{"name":"Let\u00edcia Gerheim","@id":"https:\/\/www.gaveanews.com\/#\/schema\/person\/714c67050b836198af2450ba1c142a67"},"headline":"Marcos Braz detalha a promessa sobre o Flamengo contratar um &#8216;super craque&#8217;","datePublished":"2022-09-27T12:05:34+00:00","mainEntityOfPage":{"@id":"https:\/\/www.gaveanews.com\/index.php\/2022\/09\/27\/marcos-braz-detalha-a-promessa-sobre-o-flamengo-contratar-um-super-craque\/"},"wordCount":503,"commentCount":0,"image":{"@id":"https:\/\/www.gaveanews.com\/index.php\/2022\/09\/27\/marcos-braz-detalha-a-promessa-sobre-o-flamengo-contratar-um-super-craque\/#primaryimage"},"thumbnailUrl":"https:\/\/www.gaveanews.com\/wp-content\/uploads\/Marcos-Braz-em-entrevista-no-CT-do-Flamengo-1.webp","articleSection":["Flamengo"],"inLanguage":"pt-BR","potentialAction":[{"@type":"CommentAction","name":"Comment","target":["https:\/\/www.gaveanews.com\/index.php\/2022\/09\/27\/marcos-braz-detalha-a-promessa-sobre-o-flamengo-contratar-um-super-craque\/#respond"]}],"copyrightYear":"2022","copyrightHolder":{"@id":"https:\/\/www.gaveanews.com\/#organization"}},{"@type":"WebPage","@id":"https:\/\/www.gaveanews.com\/index.php\/2022\/09\/27\/marcos-braz-detalha-a-promessa-sobre-o-flamengo-contratar-um-super-craque\/","url":"https:\/\/www.gaveanews.com\/index.php\/2022\/09\/27\/marcos-braz-detalha-a-promessa-sobre-o-flamengo-contratar-um-super-craque\/","name":"Marcos Braz detalha a promessa sobre o Flamengo contratar um 'super craque'","isPartOf":{"@id":"https:\/\/www.gaveanews.com\/#website"},"primaryImageOfPage":{"@id":"https:\/\/www.gaveanews.com\/index.php\/2022\/09\/27\/marcos-braz-detalha-a-promessa-sobre-o-flamengo-contratar-um-super-craque\/#primaryimage"},"image":{"@id":"https:\/\/www.gaveanews.com\/index.php\/2022\/09\/27\/marcos-braz-detalha-a-promessa-sobre-o-flamengo-contratar-um-super-craque\/#primaryimage"},"thumbnailUrl":"https:\/\/www.gaveanews.com\/wp-content\/uploads\/Marcos-Braz-em-entrevista-no-CT-do-Flamengo-1.webp","datePublished":"2022-09-27T12:05:34+00:00","author":{"@id":"https:\/\/www.gaveanews.com\/#\/schema\/person\/714c67050b836198af2450ba1c142a67"},"breadcrumb":{"@id":"https:\/\/www.gaveanews.com\/index.php\/2022\/09\/27\/marcos-braz-detalha-a-promessa-sobre-o-flamengo-contratar-um-super-craque\/#breadcrumb"},"inLanguage":"pt-BR","potentialAction":[{"@type":"ReadAction","target":["https:\/\/www.gaveanews.com\/index.php\/2022\/09\/27\/marcos-braz-detalha-a-promessa-sobre-o-flamengo-contratar-um-super-craque\/"]}]},{"@type":"ImageObject","inLanguage":"pt-BR","@id":"https:\/\/www.gaveanews.com\/index.php\/2022\/09\/27\/marcos-braz-detalha-a-promessa-sobre-o-flamengo-contratar-um-super-craque\/#primaryimage","url":"https:\/\/www.gaveanews.com\/wp-content\/uploads\/Marcos-Braz-em-entrevista-no-CT-do-Flamengo-1.webp","contentUrl":"https:\/\/www.gaveanews.com\/wp-content\/uploads\/Marcos-Braz-em-entrevista-no-CT-do-Flamengo-1.webp","width":799,"height":533,"caption":"Marcos Braz em entrevista no CT do Flamengo (Foto: Gilvan de Souza\/Flamengo)"},{"@type":"BreadcrumbList","@id":"https:\/\/www.gaveanews.com\/index.php\/2022\/09\/27\/marcos-braz-detalha-a-promessa-sobre-o-flamengo-contratar-um-super-craque\/#breadcrumb","itemListElement":[{"@type":"ListItem","position":1,"name":"Home","item":"https:\/\/www.gaveanews.com\/"},{"@type":"ListItem","position":2,"name":"Marcos Braz detalha a promessa sobre o Flamengo contratar um &#8216;super craque&#8217;"}]},{"@type":"WebSite","@id":"https:\/\/www.gaveanews.com\/#website","url":"https:\/\/www.gaveanews.com\/","name":"G\u00e1vea News","description":"Veja todas as not\u00edcias sobre o Flamengo: Contrata\u00e7\u00f5es, categorias de base, resultados das partidas, tabela de classifica\u00e7\u00e3o, pr\u00f3ximos jogos!","potentialAction":[{"@type":"SearchAction","target":{"@type":"EntryPoint","urlTemplate":"https:\/\/www.gaveanews.com\/?s={search_term_string}"},"query-input":{"@type":"PropertyValueSpecification","valueRequired":true,"valueName":"search_term_string"}}],"inLanguage":"pt-BR"},{"@type":"Person","@id":"https:\/\/www.gaveanews.com\/#\/schema\/person\/714c67050b836198af2450ba1c142a67","name":"Let\u00edcia Gerheim","image":{"@type":"ImageObject","inLanguage":"pt-BR","@id":"https:\/\/www.gaveanews.com\/#\/schema\/person\/image\/","url":"https:\/\/secure.gravatar.com\/avatar\/60734739c50fcebfbac509e2a826ccd0ff405c019bc73aab9354f19ecad1dcb4?s=96&d=mm&r=g","contentUrl":"https:\/\/secure.gravatar.com\/avatar\/60734739c50fcebfbac509e2a826ccd0ff405c019bc73aab9354f19ecad1dcb4?s=96&d=mm&r=g","caption":"Let\u00edcia Gerheim"}}]}},"_links":{"self":[{"href":"https:\/\/www.gaveanews.com\/index.php\/wp-json\/wp\/v2\/posts\/88145","targetHints":{"allow":["GET"]}}],"collection":[{"href":"https:\/\/www.gaveanews.com\/index.php\/wp-json\/wp\/v2\/posts"}],"about":[{"href":"https:\/\/www.gaveanews.com\/index.php\/wp-json\/wp\/v2\/types\/post"}],"author":[{"embeddable":true,"href":"https:\/\/www.gaveanews.com\/index.php\/wp-json\/wp\/v2\/users\/4"}],"replies":[{"embeddable":true,"href":"https:\/\/www.gaveanews.com\/index.php\/wp-json\/wp\/v2\/comments?post=88145"}],"version-history":[{"count":0,"href":"https:\/\/www.gaveanews.com\/index.php\/wp-json\/wp\/v2\/posts\/88145\/revisions"}],"wp:featuredmedia":[{"embeddable":true,"href":"https:\/\/www.gaveanews.com\/index.php\/wp-json\/wp\/v2\/media\/85562"}],"wp:attachment":[{"href":"https:\/\/www.gaveanews.com\/index.php\/wp-json\/wp\/v2\/media?parent=88145"}],"wp:term":[{"taxonomy":"category","embeddable":true,"href":"https:\/\/www.gaveanews.com\/index.php\/wp-json\/wp\/v2\/categories?post=88145"},{"taxonomy":"post_tag","embeddable":true,"href":"https:\/\/www.gaveanews.com\/index.php\/wp-json\/wp\/v2\/tags?post=88145"}],"curies":[{"name":"wp","href":"https:\/\/api.w.org\/{rel}","templated":true}]}}