{"id":88151,"date":"2022-09-27T11:14:25","date_gmt":"2022-09-27T14:14:25","guid":{"rendered":"https:\/\/www.gaveanews.com\/?p=88151"},"modified":"2022-09-27T11:14:28","modified_gmt":"2022-09-27T14:14:28","slug":"fortaleza-x-flamengo-arbitragem-escolhida-pela-cbf-ja-cometeu-falha-bizarra-relembre","status":"publish","type":"post","link":"https:\/\/www.gaveanews.com\/index.php\/2022\/09\/27\/fortaleza-x-flamengo-arbitragem-escolhida-pela-cbf-ja-cometeu-falha-bizarra-relembre\/","title":{"rendered":"Fortaleza x Flamengo: Arbitragem escolhida pela CBF j\u00e1 cometeu falha bizarra; relembre"},"content":{"rendered":"\n<p>O Brasileir\u00e3o volta a ser disputado nesta semana ap\u00f3s a pausa de pouco mais de uma semana. A CBF planejou a escala de arbitragem para os jogos da rodada 28 do torneio e a divulgou em sua p\u00e1gina oficial.<\/p>\n\n\n\n<p>O \u00e1rbitro definido para apitar Fortaleza x Flamengo \u00e9 o experiente Fl\u00e1vio Rodrigues de Souza, de 42 anos, que atuou em tr\u00eas jogos do Mais Querido neste ano. A novidade \u00e9 a escolha pouco convencional da entidade para a arbitragem de v\u00eddeo.<\/p>\n\n\n\n<p>Thiago Duarte Peixoto, escolhido para comandar o VAR, tem hist\u00f3rico de decis\u00f5es question\u00e1veis dentro das quatro linhas. Em 2017, quando ainda n\u00e3o havia arbitragem de v\u00eddeo, o \u00e1rbitro confundiu dois jogadores no cl\u00e1ssico Corinthians x Palmeiras e expulsou o atleta errado. Na ocasi\u00e3o, os atletas protestaram a determina\u00e7\u00e3o dele, mas a decis\u00e3o foi mantida.<\/p>\n\n\n\n<p>Por conta do ocorrido, o \u00e1rbitro foi suspenso por 60 dias e chegou a ter acompanhamento psicol\u00f3gico. Thiago Peixoto voltou a apitar jogos expressivos somente dois anos depois do caso.<\/p>\n\n\n\n<p>Nos \u00faltimos anos, o \u00e1rbitro n\u00e3o recebeu muitas oportunidades nas principais ligas. Em 2020, ele atuou de \u00e1rbitro, quarto \u00e1rbitro, VAR e auxiliar de VAR em jogos desde a s\u00e9rie A at\u00e9 o sub-18.<\/p>\n\n\n\n<p>No ano passado, ele teve ainda menos espa\u00e7o na principal divis\u00e3o do futebol brasileiro. Dos 45 jogos apitados, apenas cinco foram da s\u00e9rie A, e em nenhum deles foi escalado como \u00e1rbitro principal ou VAR. Foram quatro participa\u00e7\u00f5es como quarto \u00e1rbitro e uma como AVAR. A temporada foi terminada com atua\u00e7\u00f5es no\u00a0sub-14 e sub-16 feminino.<\/p>\n\n\n\n<p>A situa\u00e7\u00e3o n\u00e3o mudou muito em 2022. At\u00e9 julho deste ano, Thiago Peixoto arbitrou apenas jogos das s\u00e9ries B, C, D e sub-20. Desde ent\u00e3o, o \u00e1rbitro passou a ser escalado no VAR da s\u00e9rie A. Este ser\u00e1 o primeiro duelo do Fla com participa\u00e7\u00e3o do profissional nesta temporada.<\/p>\n\n\n\n<p>A partida entre Flamengo e Fortaleza acontece nesta quarta-feira (28). O duelo iniciar\u00e1 \u00e0s 19h (hor\u00e1rio de Bras\u00edlia), no Castel\u00e3o.<\/p>\n\n\n\n<ul class=\"wp-block-list\"><li><a href=\"https:\/\/www.gaveanews.com\/index.php\/2022\/09\/26\/saiba-onde-assistir-fortaleza-x-flamengo-pelo-brasileirao\/\">Saiba onde assistir Fortaleza x Flamengo<\/a><\/li><li><a href=\"https:\/\/www.gaveanews.com\/index.php\/2022\/09\/23\/proximo-jogo-do-flamengo-dorival-junior-ja-tem-10-desfalques-confirmados\/\">Flamengo empilha desfalques para o jogo contra o Fortaleza<\/a><\/li><\/ul>\n","protected":false},"excerpt":{"rendered":"<p>O Brasileir\u00e3o volta a ser disputado nesta semana ap\u00f3s a pausa de pouco mais de uma semana. A CBF planejou a escala de arbitragem para os jogos da rodada 28 do torneio e a divulgou em sua p\u00e1gina oficial. O \u00e1rbitro definido para apitar Fortaleza x Flamengo \u00e9 o experiente Fl\u00e1vio Rodrigues de Souza, de [&hellip;]<\/p>\n","protected":false},"author":4,"featured_media":69711,"comment_status":"open","ping_status":"closed","sticky":false,"template":"","format":"standard","meta":{"footnotes":""},"categories":[1],"tags":[],"class_list":["post-88151","post","type-post","status-publish","format-standard","has-post-thumbnail","hentry","category-flamengo"],"yoast_head":"<!-- This site is optimized with the Yoast SEO Premium plugin v24.2 (Yoast SEO v26.9) - https:\/\/yoast.com\/product\/yoast-seo-premium-wordpress\/ -->\n<title>Fortaleza x Flamengo: Arbitragem escolhida pela CBF j\u00e1 cometeu falha bizarra; relembre<\/title>\n<meta name=\"robots\" content=\"index, follow, max-snippet:-1, max-image-preview:large, max-video-preview:-1\" \/>\n<link rel=\"canonical\" href=\"https:\/\/www.gaveanews.com\/index.php\/2022\/09\/27\/fortaleza-x-flamengo-arbitragem-escolhida-pela-cbf-ja-cometeu-falha-bizarra-relembre\/\" \/>\n<meta property=\"og:locale\" content=\"pt_BR\" \/>\n<meta property=\"og:type\" content=\"article\" \/>\n<meta property=\"og:title\" content=\"Fortaleza x Flamengo: Arbitragem escolhida pela CBF j\u00e1 cometeu falha bizarra; relembre\" \/>\n<meta property=\"og:description\" content=\"O Brasileir\u00e3o volta a ser disputado nesta semana ap\u00f3s a pausa de pouco mais de uma semana. A CBF planejou a escala de arbitragem para os jogos da rodada 28 do torneio e a divulgou em sua p\u00e1gina oficial. O \u00e1rbitro definido para apitar Fortaleza x Flamengo \u00e9 o experiente Fl\u00e1vio Rodrigues de Souza, de [&hellip;]\" \/>\n<meta property=\"og:url\" content=\"https:\/\/www.gaveanews.com\/index.php\/2022\/09\/27\/fortaleza-x-flamengo-arbitragem-escolhida-pela-cbf-ja-cometeu-falha-bizarra-relembre\/\" \/>\n<meta property=\"og:site_name\" content=\"G\u00e1vea News\" \/>\n<meta property=\"article:publisher\" content=\"https:\/\/facebook.com\/gaveaNews\/\" \/>\n<meta property=\"article:published_time\" content=\"2022-09-27T14:14:25+00:00\" \/>\n<meta property=\"article:modified_time\" content=\"2022-09-27T14:14:28+00:00\" \/>\n<meta property=\"og:image\" content=\"https:\/\/www.gaveanews.com\/wp-content\/uploads\/Leo-Pereira-em-acao-pelo-Flamengo-durante-a-partida-contra-o-Fortaleza-pelo-Campeonato-Brasileiro-da-temporada-de-2021.webp\" \/>\n\t<meta property=\"og:image:width\" content=\"799\" \/>\n\t<meta property=\"og:image:height\" content=\"533\" \/>\n\t<meta property=\"og:image:type\" content=\"image\/jpeg\" \/>\n<meta name=\"author\" content=\"Let\u00edcia Gerheim\" \/>\n<meta name=\"twitter:card\" content=\"summary_large_image\" \/>\n<meta name=\"twitter:label1\" content=\"Escrito por\" \/>\n\t<meta name=\"twitter:data1\" content=\"Let\u00edcia Gerheim\" \/>\n\t<meta name=\"twitter:label2\" content=\"Est. tempo de leitura\" \/>\n\t<meta name=\"twitter:data2\" content=\"2 minutos\" \/>\n<script type=\"application\/ld+json\" class=\"yoast-schema-graph\">{\"@context\":\"https:\/\/schema.org\",\"@graph\":[{\"@type\":\"NewsArticle\",\"@id\":\"https:\/\/www.gaveanews.com\/index.php\/2022\/09\/27\/fortaleza-x-flamengo-arbitragem-escolhida-pela-cbf-ja-cometeu-falha-bizarra-relembre\/#article\",\"isPartOf\":{\"@id\":\"https:\/\/www.gaveanews.com\/index.php\/2022\/09\/27\/fortaleza-x-flamengo-arbitragem-escolhida-pela-cbf-ja-cometeu-falha-bizarra-relembre\/\"},\"author\":{\"name\":\"Let\u00edcia Gerheim\",\"@id\":\"https:\/\/www.gaveanews.com\/#\/schema\/person\/714c67050b836198af2450ba1c142a67\"},\"headline\":\"Fortaleza x Flamengo: Arbitragem escolhida pela CBF j\u00e1 cometeu falha bizarra; relembre\",\"datePublished\":\"2022-09-27T14:14:25+00:00\",\"dateModified\":\"2022-09-27T14:14:28+00:00\",\"mainEntityOfPage\":{\"@id\":\"https:\/\/www.gaveanews.com\/index.php\/2022\/09\/27\/fortaleza-x-flamengo-arbitragem-escolhida-pela-cbf-ja-cometeu-falha-bizarra-relembre\/\"},\"wordCount\":373,\"commentCount\":0,\"image\":{\"@id\":\"https:\/\/www.gaveanews.com\/index.php\/2022\/09\/27\/fortaleza-x-flamengo-arbitragem-escolhida-pela-cbf-ja-cometeu-falha-bizarra-relembre\/#primaryimage\"},\"thumbnailUrl\":\"https:\/\/www.gaveanews.com\/wp-content\/uploads\/Leo-Pereira-em-acao-pelo-Flamengo-durante-a-partida-contra-o-Fortaleza-pelo-Campeonato-Brasileiro-da-temporada-de-2021.webp\",\"articleSection\":[\"Flamengo\"],\"inLanguage\":\"pt-BR\",\"potentialAction\":[{\"@type\":\"CommentAction\",\"name\":\"Comment\",\"target\":[\"https:\/\/www.gaveanews.com\/index.php\/2022\/09\/27\/fortaleza-x-flamengo-arbitragem-escolhida-pela-cbf-ja-cometeu-falha-bizarra-relembre\/#respond\"]}],\"copyrightYear\":\"2022\",\"copyrightHolder\":{\"@id\":\"https:\/\/www.gaveanews.com\/#organization\"}},{\"@type\":\"WebPage\",\"@id\":\"https:\/\/www.gaveanews.com\/index.php\/2022\/09\/27\/fortaleza-x-flamengo-arbitragem-escolhida-pela-cbf-ja-cometeu-falha-bizarra-relembre\/\",\"url\":\"https:\/\/www.gaveanews.com\/index.php\/2022\/09\/27\/fortaleza-x-flamengo-arbitragem-escolhida-pela-cbf-ja-cometeu-falha-bizarra-relembre\/\",\"name\":\"Fortaleza x Flamengo: Arbitragem escolhida pela CBF j\u00e1 cometeu falha bizarra; relembre\",\"isPartOf\":{\"@id\":\"https:\/\/www.gaveanews.com\/#website\"},\"primaryImageOfPage\":{\"@id\":\"https:\/\/www.gaveanews.com\/index.php\/2022\/09\/27\/fortaleza-x-flamengo-arbitragem-escolhida-pela-cbf-ja-cometeu-falha-bizarra-relembre\/#primaryimage\"},\"image\":{\"@id\":\"https:\/\/www.gaveanews.com\/index.php\/2022\/09\/27\/fortaleza-x-flamengo-arbitragem-escolhida-pela-cbf-ja-cometeu-falha-bizarra-relembre\/#primaryimage\"},\"thumbnailUrl\":\"https:\/\/www.gaveanews.com\/wp-content\/uploads\/Leo-Pereira-em-acao-pelo-Flamengo-durante-a-partida-contra-o-Fortaleza-pelo-Campeonato-Brasileiro-da-temporada-de-2021.webp\",\"datePublished\":\"2022-09-27T14:14:25+00:00\",\"dateModified\":\"2022-09-27T14:14:28+00:00\",\"author\":{\"@id\":\"https:\/\/www.gaveanews.com\/#\/schema\/person\/714c67050b836198af2450ba1c142a67\"},\"breadcrumb\":{\"@id\":\"https:\/\/www.gaveanews.com\/index.php\/2022\/09\/27\/fortaleza-x-flamengo-arbitragem-escolhida-pela-cbf-ja-cometeu-falha-bizarra-relembre\/#breadcrumb\"},\"inLanguage\":\"pt-BR\",\"potentialAction\":[{\"@type\":\"ReadAction\",\"target\":[\"https:\/\/www.gaveanews.com\/index.php\/2022\/09\/27\/fortaleza-x-flamengo-arbitragem-escolhida-pela-cbf-ja-cometeu-falha-bizarra-relembre\/\"]}]},{\"@type\":\"ImageObject\",\"inLanguage\":\"pt-BR\",\"@id\":\"https:\/\/www.gaveanews.com\/index.php\/2022\/09\/27\/fortaleza-x-flamengo-arbitragem-escolhida-pela-cbf-ja-cometeu-falha-bizarra-relembre\/#primaryimage\",\"url\":\"https:\/\/www.gaveanews.com\/wp-content\/uploads\/Leo-Pereira-em-acao-pelo-Flamengo-durante-a-partida-contra-o-Fortaleza-pelo-Campeonato-Brasileiro-da-temporada-de-2021.webp\",\"contentUrl\":\"https:\/\/www.gaveanews.com\/wp-content\/uploads\/Leo-Pereira-em-acao-pelo-Flamengo-durante-a-partida-contra-o-Fortaleza-pelo-Campeonato-Brasileiro-da-temporada-de-2021.webp\",\"width\":799,\"height\":533,\"caption\":\"L\u00e9o Pereira em a\u00e7\u00e3o pelo Flamengo durante a partida contra o Fortaleza pelo Campeonato Brasileiro da temporada de 2021 (Foto: Alexandre Vidal\/Flamengo)\"},{\"@type\":\"BreadcrumbList\",\"@id\":\"https:\/\/www.gaveanews.com\/index.php\/2022\/09\/27\/fortaleza-x-flamengo-arbitragem-escolhida-pela-cbf-ja-cometeu-falha-bizarra-relembre\/#breadcrumb\",\"itemListElement\":[{\"@type\":\"ListItem\",\"position\":1,\"name\":\"Home\",\"item\":\"https:\/\/www.gaveanews.com\/\"},{\"@type\":\"ListItem\",\"position\":2,\"name\":\"Fortaleza x Flamengo: Arbitragem escolhida pela CBF j\u00e1 cometeu falha bizarra; relembre\"}]},{\"@type\":\"WebSite\",\"@id\":\"https:\/\/www.gaveanews.com\/#website\",\"url\":\"https:\/\/www.gaveanews.com\/\",\"name\":\"G\u00e1vea News\",\"description\":\"Veja todas as not\u00edcias sobre o Flamengo: Contrata\u00e7\u00f5es, categorias de base, resultados das partidas, tabela de classifica\u00e7\u00e3o, pr\u00f3ximos jogos!\",\"potentialAction\":[{\"@type\":\"SearchAction\",\"target\":{\"@type\":\"EntryPoint\",\"urlTemplate\":\"https:\/\/www.gaveanews.com\/?s={search_term_string}\"},\"query-input\":{\"@type\":\"PropertyValueSpecification\",\"valueRequired\":true,\"valueName\":\"search_term_string\"}}],\"inLanguage\":\"pt-BR\"},{\"@type\":\"Person\",\"@id\":\"https:\/\/www.gaveanews.com\/#\/schema\/person\/714c67050b836198af2450ba1c142a67\",\"name\":\"Let\u00edcia Gerheim\",\"image\":{\"@type\":\"ImageObject\",\"inLanguage\":\"pt-BR\",\"@id\":\"https:\/\/www.gaveanews.com\/#\/schema\/person\/image\/\",\"url\":\"https:\/\/secure.gravatar.com\/avatar\/60734739c50fcebfbac509e2a826ccd0ff405c019bc73aab9354f19ecad1dcb4?s=96&d=mm&r=g\",\"contentUrl\":\"https:\/\/secure.gravatar.com\/avatar\/60734739c50fcebfbac509e2a826ccd0ff405c019bc73aab9354f19ecad1dcb4?s=96&d=mm&r=g\",\"caption\":\"Let\u00edcia Gerheim\"}}]}<\/script>\n<!-- \/ Yoast SEO Premium plugin. -->","yoast_head_json":{"title":"Fortaleza x Flamengo: Arbitragem escolhida pela CBF j\u00e1 cometeu falha bizarra; relembre","robots":{"index":"index","follow":"follow","max-snippet":"max-snippet:-1","max-image-preview":"max-image-preview:large","max-video-preview":"max-video-preview:-1"},"canonical":"https:\/\/www.gaveanews.com\/index.php\/2022\/09\/27\/fortaleza-x-flamengo-arbitragem-escolhida-pela-cbf-ja-cometeu-falha-bizarra-relembre\/","og_locale":"pt_BR","og_type":"article","og_title":"Fortaleza x Flamengo: Arbitragem escolhida pela CBF j\u00e1 cometeu falha bizarra; relembre","og_description":"O Brasileir\u00e3o volta a ser disputado nesta semana ap\u00f3s a pausa de pouco mais de uma semana. A CBF planejou a escala de arbitragem para os jogos da rodada 28 do torneio e a divulgou em sua p\u00e1gina oficial. O \u00e1rbitro definido para apitar Fortaleza x Flamengo \u00e9 o experiente Fl\u00e1vio Rodrigues de Souza, de [&hellip;]","og_url":"https:\/\/www.gaveanews.com\/index.php\/2022\/09\/27\/fortaleza-x-flamengo-arbitragem-escolhida-pela-cbf-ja-cometeu-falha-bizarra-relembre\/","og_site_name":"G\u00e1vea News","article_publisher":"https:\/\/facebook.com\/gaveaNews\/","article_published_time":"2022-09-27T14:14:25+00:00","article_modified_time":"2022-09-27T14:14:28+00:00","og_image":[{"width":799,"height":533,"url":"https:\/\/www.gaveanews.com\/wp-content\/uploads\/Leo-Pereira-em-acao-pelo-Flamengo-durante-a-partida-contra-o-Fortaleza-pelo-Campeonato-Brasileiro-da-temporada-de-2021.webp","type":"image\/jpeg"}],"author":"Let\u00edcia Gerheim","twitter_card":"summary_large_image","twitter_misc":{"Escrito por":"Let\u00edcia Gerheim","Est. tempo de leitura":"2 minutos"},"schema":{"@context":"https:\/\/schema.org","@graph":[{"@type":"NewsArticle","@id":"https:\/\/www.gaveanews.com\/index.php\/2022\/09\/27\/fortaleza-x-flamengo-arbitragem-escolhida-pela-cbf-ja-cometeu-falha-bizarra-relembre\/#article","isPartOf":{"@id":"https:\/\/www.gaveanews.com\/index.php\/2022\/09\/27\/fortaleza-x-flamengo-arbitragem-escolhida-pela-cbf-ja-cometeu-falha-bizarra-relembre\/"},"author":{"name":"Let\u00edcia Gerheim","@id":"https:\/\/www.gaveanews.com\/#\/schema\/person\/714c67050b836198af2450ba1c142a67"},"headline":"Fortaleza x Flamengo: Arbitragem escolhida pela CBF j\u00e1 cometeu falha bizarra; relembre","datePublished":"2022-09-27T14:14:25+00:00","dateModified":"2022-09-27T14:14:28+00:00","mainEntityOfPage":{"@id":"https:\/\/www.gaveanews.com\/index.php\/2022\/09\/27\/fortaleza-x-flamengo-arbitragem-escolhida-pela-cbf-ja-cometeu-falha-bizarra-relembre\/"},"wordCount":373,"commentCount":0,"image":{"@id":"https:\/\/www.gaveanews.com\/index.php\/2022\/09\/27\/fortaleza-x-flamengo-arbitragem-escolhida-pela-cbf-ja-cometeu-falha-bizarra-relembre\/#primaryimage"},"thumbnailUrl":"https:\/\/www.gaveanews.com\/wp-content\/uploads\/Leo-Pereira-em-acao-pelo-Flamengo-durante-a-partida-contra-o-Fortaleza-pelo-Campeonato-Brasileiro-da-temporada-de-2021.webp","articleSection":["Flamengo"],"inLanguage":"pt-BR","potentialAction":[{"@type":"CommentAction","name":"Comment","target":["https:\/\/www.gaveanews.com\/index.php\/2022\/09\/27\/fortaleza-x-flamengo-arbitragem-escolhida-pela-cbf-ja-cometeu-falha-bizarra-relembre\/#respond"]}],"copyrightYear":"2022","copyrightHolder":{"@id":"https:\/\/www.gaveanews.com\/#organization"}},{"@type":"WebPage","@id":"https:\/\/www.gaveanews.com\/index.php\/2022\/09\/27\/fortaleza-x-flamengo-arbitragem-escolhida-pela-cbf-ja-cometeu-falha-bizarra-relembre\/","url":"https:\/\/www.gaveanews.com\/index.php\/2022\/09\/27\/fortaleza-x-flamengo-arbitragem-escolhida-pela-cbf-ja-cometeu-falha-bizarra-relembre\/","name":"Fortaleza x Flamengo: Arbitragem escolhida pela CBF j\u00e1 cometeu falha bizarra; relembre","isPartOf":{"@id":"https:\/\/www.gaveanews.com\/#website"},"primaryImageOfPage":{"@id":"https:\/\/www.gaveanews.com\/index.php\/2022\/09\/27\/fortaleza-x-flamengo-arbitragem-escolhida-pela-cbf-ja-cometeu-falha-bizarra-relembre\/#primaryimage"},"image":{"@id":"https:\/\/www.gaveanews.com\/index.php\/2022\/09\/27\/fortaleza-x-flamengo-arbitragem-escolhida-pela-cbf-ja-cometeu-falha-bizarra-relembre\/#primaryimage"},"thumbnailUrl":"https:\/\/www.gaveanews.com\/wp-content\/uploads\/Leo-Pereira-em-acao-pelo-Flamengo-durante-a-partida-contra-o-Fortaleza-pelo-Campeonato-Brasileiro-da-temporada-de-2021.webp","datePublished":"2022-09-27T14:14:25+00:00","dateModified":"2022-09-27T14:14:28+00:00","author":{"@id":"https:\/\/www.gaveanews.com\/#\/schema\/person\/714c67050b836198af2450ba1c142a67"},"breadcrumb":{"@id":"https:\/\/www.gaveanews.com\/index.php\/2022\/09\/27\/fortaleza-x-flamengo-arbitragem-escolhida-pela-cbf-ja-cometeu-falha-bizarra-relembre\/#breadcrumb"},"inLanguage":"pt-BR","potentialAction":[{"@type":"ReadAction","target":["https:\/\/www.gaveanews.com\/index.php\/2022\/09\/27\/fortaleza-x-flamengo-arbitragem-escolhida-pela-cbf-ja-cometeu-falha-bizarra-relembre\/"]}]},{"@type":"ImageObject","inLanguage":"pt-BR","@id":"https:\/\/www.gaveanews.com\/index.php\/2022\/09\/27\/fortaleza-x-flamengo-arbitragem-escolhida-pela-cbf-ja-cometeu-falha-bizarra-relembre\/#primaryimage","url":"https:\/\/www.gaveanews.com\/wp-content\/uploads\/Leo-Pereira-em-acao-pelo-Flamengo-durante-a-partida-contra-o-Fortaleza-pelo-Campeonato-Brasileiro-da-temporada-de-2021.webp","contentUrl":"https:\/\/www.gaveanews.com\/wp-content\/uploads\/Leo-Pereira-em-acao-pelo-Flamengo-durante-a-partida-contra-o-Fortaleza-pelo-Campeonato-Brasileiro-da-temporada-de-2021.webp","width":799,"height":533,"caption":"L\u00e9o Pereira em a\u00e7\u00e3o pelo Flamengo durante a partida contra o Fortaleza pelo Campeonato Brasileiro da temporada de 2021 (Foto: Alexandre Vidal\/Flamengo)"},{"@type":"BreadcrumbList","@id":"https:\/\/www.gaveanews.com\/index.php\/2022\/09\/27\/fortaleza-x-flamengo-arbitragem-escolhida-pela-cbf-ja-cometeu-falha-bizarra-relembre\/#breadcrumb","itemListElement":[{"@type":"ListItem","position":1,"name":"Home","item":"https:\/\/www.gaveanews.com\/"},{"@type":"ListItem","position":2,"name":"Fortaleza x Flamengo: Arbitragem escolhida pela CBF j\u00e1 cometeu falha bizarra; relembre"}]},{"@type":"WebSite","@id":"https:\/\/www.gaveanews.com\/#website","url":"https:\/\/www.gaveanews.com\/","name":"G\u00e1vea News","description":"Veja todas as not\u00edcias sobre o Flamengo: Contrata\u00e7\u00f5es, categorias de base, resultados das partidas, tabela de classifica\u00e7\u00e3o, pr\u00f3ximos jogos!","potentialAction":[{"@type":"SearchAction","target":{"@type":"EntryPoint","urlTemplate":"https:\/\/www.gaveanews.com\/?s={search_term_string}"},"query-input":{"@type":"PropertyValueSpecification","valueRequired":true,"valueName":"search_term_string"}}],"inLanguage":"pt-BR"},{"@type":"Person","@id":"https:\/\/www.gaveanews.com\/#\/schema\/person\/714c67050b836198af2450ba1c142a67","name":"Let\u00edcia Gerheim","image":{"@type":"ImageObject","inLanguage":"pt-BR","@id":"https:\/\/www.gaveanews.com\/#\/schema\/person\/image\/","url":"https:\/\/secure.gravatar.com\/avatar\/60734739c50fcebfbac509e2a826ccd0ff405c019bc73aab9354f19ecad1dcb4?s=96&d=mm&r=g","contentUrl":"https:\/\/secure.gravatar.com\/avatar\/60734739c50fcebfbac509e2a826ccd0ff405c019bc73aab9354f19ecad1dcb4?s=96&d=mm&r=g","caption":"Let\u00edcia Gerheim"}}]}},"_links":{"self":[{"href":"https:\/\/www.gaveanews.com\/index.php\/wp-json\/wp\/v2\/posts\/88151","targetHints":{"allow":["GET"]}}],"collection":[{"href":"https:\/\/www.gaveanews.com\/index.php\/wp-json\/wp\/v2\/posts"}],"about":[{"href":"https:\/\/www.gaveanews.com\/index.php\/wp-json\/wp\/v2\/types\/post"}],"author":[{"embeddable":true,"href":"https:\/\/www.gaveanews.com\/index.php\/wp-json\/wp\/v2\/users\/4"}],"replies":[{"embeddable":true,"href":"https:\/\/www.gaveanews.com\/index.php\/wp-json\/wp\/v2\/comments?post=88151"}],"version-history":[{"count":0,"href":"https:\/\/www.gaveanews.com\/index.php\/wp-json\/wp\/v2\/posts\/88151\/revisions"}],"wp:featuredmedia":[{"embeddable":true,"href":"https:\/\/www.gaveanews.com\/index.php\/wp-json\/wp\/v2\/media\/69711"}],"wp:attachment":[{"href":"https:\/\/www.gaveanews.com\/index.php\/wp-json\/wp\/v2\/media?parent=88151"}],"wp:term":[{"taxonomy":"category","embeddable":true,"href":"https:\/\/www.gaveanews.com\/index.php\/wp-json\/wp\/v2\/categories?post=88151"},{"taxonomy":"post_tag","embeddable":true,"href":"https:\/\/www.gaveanews.com\/index.php\/wp-json\/wp\/v2\/tags?post=88151"}],"curies":[{"name":"wp","href":"https:\/\/api.w.org\/{rel}","templated":true}]}}