{"id":88157,"date":"2022-09-27T13:27:12","date_gmt":"2022-09-27T16:27:12","guid":{"rendered":"https:\/\/www.gaveanews.com\/?p=88157"},"modified":"2022-09-27T13:27:15","modified_gmt":"2022-09-27T16:27:15","slug":"diego-ribas-do-flamengo-rebate-declaracao-de-hulk-do-atletico-mg","status":"publish","type":"post","link":"https:\/\/www.gaveanews.com\/index.php\/2022\/09\/27\/diego-ribas-do-flamengo-rebate-declaracao-de-hulk-do-atletico-mg\/","title":{"rendered":"Diego Ribas, do Flamengo, rebate declara\u00e7\u00e3o de Hulk, do Atl\u00e9tico-MG"},"content":{"rendered":"\n<p>O meia Diego, do Flamengo, aproveitou a participa\u00e7\u00e3o no podcast &#8216;Fala, Bras\u00f3lho!&#8217;, do canal Desimpedidos, no YouTube, para devolver o que considerou uma &#8216;declara\u00e7\u00e3o infeliz&#8217; dada por Hulk em rela\u00e7\u00e3o ao time rubro-negro no m\u00eas passado, ap\u00f3s a elimina\u00e7\u00e3o do Atl\u00e9tico-MG para o Palmeiras na Copa Libertadores.<\/p>\n\n\n\n<p>Na ocasi\u00e3o, Hulk deu uma alfinetada no Flamengo e, apesar de reconhecer o bom futebol apresentado pelo time carioca, questionou a aus\u00eancia de t\u00edtulos importantes do Rubro-negro de 2021 para c\u00e1.<\/p>\n\n\n\n<p><em>\u2014 Qual o time que melhor joga futebol no Brasil? Eu acho que \u00e9 o Flamengo. Se puxar de um ano para tr\u00e1s, o que o Flamengo ganhou? As coisas, infelizmente, n\u00e3o acontecem do jeito que a gente quer<\/em>, disse Hulk na ocasi\u00e3o.<\/p>\n\n\n\n<p>Ao comentar sobre os altos e baixos do Flamengo ao longo do podcast, gravado na \u00faltima sexta-feira (23), Diego recordou a frase de Hulk e disse que n\u00e3o \u00e9 f\u00e1cil para um time conseguir se manter no topo.<\/p>\n\n\n\n<p><em>\u2014 No ano passado, lembro que falaram: &#8216;O Flamengo chegou na final da Libertadores, mas n\u00e3o ganhou. Eu falei: &#8216;N\u00e3o ganhou, mas disputou o Brasileiro, a Libertadores, desde 2017 o Flamengo chega sempre&#8217;<\/em>, iniciou Diego.<\/p>\n\n\n\n<p><em>\u2014 O Hulk deu uma declara\u00e7\u00e3o, foi infeliz, coitado, quando ele falou: &#8216;O Flamengo est\u00e1 jogando bem o \u00faltimo ano, mas ganhou o qu\u00ea?&#8217;. Agora ele est\u00e1 vendo a dificuldade que \u00e9 para se manter na disputa, na competi\u00e7\u00e3o<\/em>, complementou.<\/p>\n\n\n\n<p>Diego criticou a falta de paci\u00eancia que existe por parte de alguns torcedores e lembrou que o time carioca tem disputado os principais t\u00edtulos nos \u00faltimos anos. Na Libertadores, por exemplo, venceu em 2019, chegou \u00e0 final no ano passado e voltar\u00e1 a brigar pela ta\u00e7a na atual temporada, contra o Athletico.<\/p>\n\n\n\n<p><em>\u2014 O Flamengo disputou 2017, 18, menos. Em 2019, campe\u00e3o de muita coisa, em 20, foi campe\u00e3o do Brasileiro, parece que passa\u2026 campe\u00e3o brasileiro duas vezes seguidas, mudan\u00e7a de t\u00e9cnico, de sistema. Em 2021, disputa de novo, chega na (final) Libertadores, e n\u00e3o valeu de nada&#8221;. &#8216;Temporada p\u00e9ssima do Flamengo, foi vice-campe\u00e3o da Libertadores&#8217;<\/em>, disse.<\/p>\n\n\n\n<p><em>\u2014 Agora ganha for\u00e7a, porque estamos na final da Libertadores de novo. Dos \u00faltimos quatro anos, chegamos tr\u00eas. Com o tempo, as pessoas v\u00e3o refletindo, mas durante esse caminho, massacrou muita gente. Treinador foi mandado embora, jogador que foi vaiado, xingado, e eu estou vendo isso acontecer<\/em>, finalizou.<\/p>\n\n\n\n<p>Retirado de: UOL<\/p>\n","protected":false},"excerpt":{"rendered":"<p>O meia Diego, do Flamengo, aproveitou a participa\u00e7\u00e3o no podcast &#8216;Fala, Bras\u00f3lho!&#8217;, do canal Desimpedidos, no YouTube, para devolver o que considerou uma &#8216;declara\u00e7\u00e3o infeliz&#8217; dada por Hulk em rela\u00e7\u00e3o ao time rubro-negro no m\u00eas passado, ap\u00f3s a elimina\u00e7\u00e3o do Atl\u00e9tico-MG para o Palmeiras na Copa Libertadores. Na ocasi\u00e3o, Hulk deu uma alfinetada no Flamengo [&hellip;]<\/p>\n","protected":false},"author":1,"featured_media":84964,"comment_status":"open","ping_status":"closed","sticky":false,"template":"","format":"standard","meta":{"footnotes":""},"categories":[1],"tags":[],"class_list":["post-88157","post","type-post","status-publish","format-standard","has-post-thumbnail","hentry","category-flamengo"],"yoast_head":"<!-- This site is optimized with the Yoast SEO Premium plugin v24.2 (Yoast SEO v26.9) - https:\/\/yoast.com\/product\/yoast-seo-premium-wordpress\/ -->\n<title>Diego Ribas, do Flamengo, rebate declara\u00e7\u00e3o de Hulk, do Atl\u00e9tico-MG<\/title>\n<meta name=\"robots\" content=\"index, follow, max-snippet:-1, max-image-preview:large, max-video-preview:-1\" \/>\n<link rel=\"canonical\" href=\"https:\/\/www.gaveanews.com\/index.php\/2022\/09\/27\/diego-ribas-do-flamengo-rebate-declaracao-de-hulk-do-atletico-mg\/\" \/>\n<meta property=\"og:locale\" content=\"pt_BR\" \/>\n<meta property=\"og:type\" content=\"article\" \/>\n<meta property=\"og:title\" content=\"Diego Ribas, do Flamengo, rebate declara\u00e7\u00e3o de Hulk, do Atl\u00e9tico-MG\" \/>\n<meta property=\"og:description\" content=\"O meia Diego, do Flamengo, aproveitou a participa\u00e7\u00e3o no podcast &#8216;Fala, Bras\u00f3lho!&#8217;, do canal Desimpedidos, no YouTube, para devolver o que considerou uma &#8216;declara\u00e7\u00e3o infeliz&#8217; dada por Hulk em rela\u00e7\u00e3o ao time rubro-negro no m\u00eas passado, ap\u00f3s a elimina\u00e7\u00e3o do Atl\u00e9tico-MG para o Palmeiras na Copa Libertadores. Na ocasi\u00e3o, Hulk deu uma alfinetada no Flamengo [&hellip;]\" \/>\n<meta property=\"og:url\" content=\"https:\/\/www.gaveanews.com\/index.php\/2022\/09\/27\/diego-ribas-do-flamengo-rebate-declaracao-de-hulk-do-atletico-mg\/\" \/>\n<meta property=\"og:site_name\" content=\"G\u00e1vea News\" \/>\n<meta property=\"article:publisher\" content=\"https:\/\/facebook.com\/gaveaNews\/\" \/>\n<meta property=\"article:published_time\" content=\"2022-09-27T16:27:12+00:00\" \/>\n<meta property=\"article:modified_time\" content=\"2022-09-27T16:27:15+00:00\" \/>\n<meta property=\"og:image\" content=\"https:\/\/www.gaveanews.com\/wp-content\/uploads\/Diego-Ribas-concede-entrevista-coletiva-no-Ninho-do-Urubu.webp\" \/>\n\t<meta property=\"og:image:width\" content=\"1000\" \/>\n\t<meta property=\"og:image:height\" content=\"666\" \/>\n\t<meta property=\"og:image:type\" content=\"image\/webp\" \/>\n<meta name=\"author\" content=\"Equipe G\u00e1vea News\" \/>\n<meta name=\"twitter:card\" content=\"summary_large_image\" \/>\n<meta name=\"twitter:label1\" content=\"Escrito por\" \/>\n\t<meta name=\"twitter:data1\" content=\"Equipe G\u00e1vea News\" \/>\n\t<meta name=\"twitter:label2\" content=\"Est. tempo de leitura\" \/>\n\t<meta name=\"twitter:data2\" content=\"3 minutos\" \/>\n<script type=\"application\/ld+json\" class=\"yoast-schema-graph\">{\"@context\":\"https:\/\/schema.org\",\"@graph\":[{\"@type\":\"NewsArticle\",\"@id\":\"https:\/\/www.gaveanews.com\/index.php\/2022\/09\/27\/diego-ribas-do-flamengo-rebate-declaracao-de-hulk-do-atletico-mg\/#article\",\"isPartOf\":{\"@id\":\"https:\/\/www.gaveanews.com\/index.php\/2022\/09\/27\/diego-ribas-do-flamengo-rebate-declaracao-de-hulk-do-atletico-mg\/\"},\"author\":{\"name\":\"Equipe G\u00e1vea News\",\"@id\":\"https:\/\/www.gaveanews.com\/#\/schema\/person\/2ec14f73fb96be2caf28f91afb14749d\"},\"headline\":\"Diego Ribas, do Flamengo, rebate declara\u00e7\u00e3o de Hulk, do Atl\u00e9tico-MG\",\"datePublished\":\"2022-09-27T16:27:12+00:00\",\"dateModified\":\"2022-09-27T16:27:15+00:00\",\"mainEntityOfPage\":{\"@id\":\"https:\/\/www.gaveanews.com\/index.php\/2022\/09\/27\/diego-ribas-do-flamengo-rebate-declaracao-de-hulk-do-atletico-mg\/\"},\"wordCount\":420,\"commentCount\":0,\"image\":{\"@id\":\"https:\/\/www.gaveanews.com\/index.php\/2022\/09\/27\/diego-ribas-do-flamengo-rebate-declaracao-de-hulk-do-atletico-mg\/#primaryimage\"},\"thumbnailUrl\":\"https:\/\/www.gaveanews.com\/wp-content\/uploads\/Diego-Ribas-concede-entrevista-coletiva-no-Ninho-do-Urubu.webp\",\"articleSection\":[\"Flamengo\"],\"inLanguage\":\"pt-BR\",\"potentialAction\":[{\"@type\":\"CommentAction\",\"name\":\"Comment\",\"target\":[\"https:\/\/www.gaveanews.com\/index.php\/2022\/09\/27\/diego-ribas-do-flamengo-rebate-declaracao-de-hulk-do-atletico-mg\/#respond\"]}],\"copyrightYear\":\"2022\",\"copyrightHolder\":{\"@id\":\"https:\/\/www.gaveanews.com\/#organization\"}},{\"@type\":\"WebPage\",\"@id\":\"https:\/\/www.gaveanews.com\/index.php\/2022\/09\/27\/diego-ribas-do-flamengo-rebate-declaracao-de-hulk-do-atletico-mg\/\",\"url\":\"https:\/\/www.gaveanews.com\/index.php\/2022\/09\/27\/diego-ribas-do-flamengo-rebate-declaracao-de-hulk-do-atletico-mg\/\",\"name\":\"Diego Ribas, do Flamengo, rebate declara\u00e7\u00e3o de Hulk, do Atl\u00e9tico-MG\",\"isPartOf\":{\"@id\":\"https:\/\/www.gaveanews.com\/#website\"},\"primaryImageOfPage\":{\"@id\":\"https:\/\/www.gaveanews.com\/index.php\/2022\/09\/27\/diego-ribas-do-flamengo-rebate-declaracao-de-hulk-do-atletico-mg\/#primaryimage\"},\"image\":{\"@id\":\"https:\/\/www.gaveanews.com\/index.php\/2022\/09\/27\/diego-ribas-do-flamengo-rebate-declaracao-de-hulk-do-atletico-mg\/#primaryimage\"},\"thumbnailUrl\":\"https:\/\/www.gaveanews.com\/wp-content\/uploads\/Diego-Ribas-concede-entrevista-coletiva-no-Ninho-do-Urubu.webp\",\"datePublished\":\"2022-09-27T16:27:12+00:00\",\"dateModified\":\"2022-09-27T16:27:15+00:00\",\"author\":{\"@id\":\"https:\/\/www.gaveanews.com\/#\/schema\/person\/2ec14f73fb96be2caf28f91afb14749d\"},\"breadcrumb\":{\"@id\":\"https:\/\/www.gaveanews.com\/index.php\/2022\/09\/27\/diego-ribas-do-flamengo-rebate-declaracao-de-hulk-do-atletico-mg\/#breadcrumb\"},\"inLanguage\":\"pt-BR\",\"potentialAction\":[{\"@type\":\"ReadAction\",\"target\":[\"https:\/\/www.gaveanews.com\/index.php\/2022\/09\/27\/diego-ribas-do-flamengo-rebate-declaracao-de-hulk-do-atletico-mg\/\"]}]},{\"@type\":\"ImageObject\",\"inLanguage\":\"pt-BR\",\"@id\":\"https:\/\/www.gaveanews.com\/index.php\/2022\/09\/27\/diego-ribas-do-flamengo-rebate-declaracao-de-hulk-do-atletico-mg\/#primaryimage\",\"url\":\"https:\/\/www.gaveanews.com\/wp-content\/uploads\/Diego-Ribas-concede-entrevista-coletiva-no-Ninho-do-Urubu.webp\",\"contentUrl\":\"https:\/\/www.gaveanews.com\/wp-content\/uploads\/Diego-Ribas-concede-entrevista-coletiva-no-Ninho-do-Urubu.webp\",\"width\":1000,\"height\":666,\"caption\":\"Diego Ribas concede entrevista coletiva no Ninho do Urubu (Foto: Marcelo Cortes\/Flamengo)\"},{\"@type\":\"BreadcrumbList\",\"@id\":\"https:\/\/www.gaveanews.com\/index.php\/2022\/09\/27\/diego-ribas-do-flamengo-rebate-declaracao-de-hulk-do-atletico-mg\/#breadcrumb\",\"itemListElement\":[{\"@type\":\"ListItem\",\"position\":1,\"name\":\"Home\",\"item\":\"https:\/\/www.gaveanews.com\/\"},{\"@type\":\"ListItem\",\"position\":2,\"name\":\"Diego Ribas, do Flamengo, rebate declara\u00e7\u00e3o de Hulk, do Atl\u00e9tico-MG\"}]},{\"@type\":\"WebSite\",\"@id\":\"https:\/\/www.gaveanews.com\/#website\",\"url\":\"https:\/\/www.gaveanews.com\/\",\"name\":\"G\u00e1vea News\",\"description\":\"Veja todas as not\u00edcias sobre o Flamengo: Contrata\u00e7\u00f5es, categorias de base, resultados das partidas, tabela de classifica\u00e7\u00e3o, pr\u00f3ximos jogos!\",\"potentialAction\":[{\"@type\":\"SearchAction\",\"target\":{\"@type\":\"EntryPoint\",\"urlTemplate\":\"https:\/\/www.gaveanews.com\/?s={search_term_string}\"},\"query-input\":{\"@type\":\"PropertyValueSpecification\",\"valueRequired\":true,\"valueName\":\"search_term_string\"}}],\"inLanguage\":\"pt-BR\"},{\"@type\":\"Person\",\"@id\":\"https:\/\/www.gaveanews.com\/#\/schema\/person\/2ec14f73fb96be2caf28f91afb14749d\",\"name\":\"Equipe G\u00e1vea News\",\"image\":{\"@type\":\"ImageObject\",\"inLanguage\":\"pt-BR\",\"@id\":\"https:\/\/www.gaveanews.com\/#\/schema\/person\/image\/\",\"url\":\"https:\/\/secure.gravatar.com\/avatar\/1e1956f1facbffd3f8fa53a326721950116b3b9dc9bd44939c01180fd4a745a9?s=96&d=mm&r=g\",\"contentUrl\":\"https:\/\/secure.gravatar.com\/avatar\/1e1956f1facbffd3f8fa53a326721950116b3b9dc9bd44939c01180fd4a745a9?s=96&d=mm&r=g\",\"caption\":\"Equipe G\u00e1vea News\"}}]}<\/script>\n<!-- \/ Yoast SEO Premium plugin. -->","yoast_head_json":{"title":"Diego Ribas, do Flamengo, rebate declara\u00e7\u00e3o de Hulk, do Atl\u00e9tico-MG","robots":{"index":"index","follow":"follow","max-snippet":"max-snippet:-1","max-image-preview":"max-image-preview:large","max-video-preview":"max-video-preview:-1"},"canonical":"https:\/\/www.gaveanews.com\/index.php\/2022\/09\/27\/diego-ribas-do-flamengo-rebate-declaracao-de-hulk-do-atletico-mg\/","og_locale":"pt_BR","og_type":"article","og_title":"Diego Ribas, do Flamengo, rebate declara\u00e7\u00e3o de Hulk, do Atl\u00e9tico-MG","og_description":"O meia Diego, do Flamengo, aproveitou a participa\u00e7\u00e3o no podcast &#8216;Fala, Bras\u00f3lho!&#8217;, do canal Desimpedidos, no YouTube, para devolver o que considerou uma &#8216;declara\u00e7\u00e3o infeliz&#8217; dada por Hulk em rela\u00e7\u00e3o ao time rubro-negro no m\u00eas passado, ap\u00f3s a elimina\u00e7\u00e3o do Atl\u00e9tico-MG para o Palmeiras na Copa Libertadores. Na ocasi\u00e3o, Hulk deu uma alfinetada no Flamengo [&hellip;]","og_url":"https:\/\/www.gaveanews.com\/index.php\/2022\/09\/27\/diego-ribas-do-flamengo-rebate-declaracao-de-hulk-do-atletico-mg\/","og_site_name":"G\u00e1vea News","article_publisher":"https:\/\/facebook.com\/gaveaNews\/","article_published_time":"2022-09-27T16:27:12+00:00","article_modified_time":"2022-09-27T16:27:15+00:00","og_image":[{"width":1000,"height":666,"url":"https:\/\/www.gaveanews.com\/wp-content\/uploads\/Diego-Ribas-concede-entrevista-coletiva-no-Ninho-do-Urubu.webp","type":"image\/webp"}],"author":"Equipe G\u00e1vea News","twitter_card":"summary_large_image","twitter_misc":{"Escrito por":"Equipe G\u00e1vea News","Est. tempo de leitura":"3 minutos"},"schema":{"@context":"https:\/\/schema.org","@graph":[{"@type":"NewsArticle","@id":"https:\/\/www.gaveanews.com\/index.php\/2022\/09\/27\/diego-ribas-do-flamengo-rebate-declaracao-de-hulk-do-atletico-mg\/#article","isPartOf":{"@id":"https:\/\/www.gaveanews.com\/index.php\/2022\/09\/27\/diego-ribas-do-flamengo-rebate-declaracao-de-hulk-do-atletico-mg\/"},"author":{"name":"Equipe G\u00e1vea News","@id":"https:\/\/www.gaveanews.com\/#\/schema\/person\/2ec14f73fb96be2caf28f91afb14749d"},"headline":"Diego Ribas, do Flamengo, rebate declara\u00e7\u00e3o de Hulk, do Atl\u00e9tico-MG","datePublished":"2022-09-27T16:27:12+00:00","dateModified":"2022-09-27T16:27:15+00:00","mainEntityOfPage":{"@id":"https:\/\/www.gaveanews.com\/index.php\/2022\/09\/27\/diego-ribas-do-flamengo-rebate-declaracao-de-hulk-do-atletico-mg\/"},"wordCount":420,"commentCount":0,"image":{"@id":"https:\/\/www.gaveanews.com\/index.php\/2022\/09\/27\/diego-ribas-do-flamengo-rebate-declaracao-de-hulk-do-atletico-mg\/#primaryimage"},"thumbnailUrl":"https:\/\/www.gaveanews.com\/wp-content\/uploads\/Diego-Ribas-concede-entrevista-coletiva-no-Ninho-do-Urubu.webp","articleSection":["Flamengo"],"inLanguage":"pt-BR","potentialAction":[{"@type":"CommentAction","name":"Comment","target":["https:\/\/www.gaveanews.com\/index.php\/2022\/09\/27\/diego-ribas-do-flamengo-rebate-declaracao-de-hulk-do-atletico-mg\/#respond"]}],"copyrightYear":"2022","copyrightHolder":{"@id":"https:\/\/www.gaveanews.com\/#organization"}},{"@type":"WebPage","@id":"https:\/\/www.gaveanews.com\/index.php\/2022\/09\/27\/diego-ribas-do-flamengo-rebate-declaracao-de-hulk-do-atletico-mg\/","url":"https:\/\/www.gaveanews.com\/index.php\/2022\/09\/27\/diego-ribas-do-flamengo-rebate-declaracao-de-hulk-do-atletico-mg\/","name":"Diego Ribas, do Flamengo, rebate declara\u00e7\u00e3o de Hulk, do Atl\u00e9tico-MG","isPartOf":{"@id":"https:\/\/www.gaveanews.com\/#website"},"primaryImageOfPage":{"@id":"https:\/\/www.gaveanews.com\/index.php\/2022\/09\/27\/diego-ribas-do-flamengo-rebate-declaracao-de-hulk-do-atletico-mg\/#primaryimage"},"image":{"@id":"https:\/\/www.gaveanews.com\/index.php\/2022\/09\/27\/diego-ribas-do-flamengo-rebate-declaracao-de-hulk-do-atletico-mg\/#primaryimage"},"thumbnailUrl":"https:\/\/www.gaveanews.com\/wp-content\/uploads\/Diego-Ribas-concede-entrevista-coletiva-no-Ninho-do-Urubu.webp","datePublished":"2022-09-27T16:27:12+00:00","dateModified":"2022-09-27T16:27:15+00:00","author":{"@id":"https:\/\/www.gaveanews.com\/#\/schema\/person\/2ec14f73fb96be2caf28f91afb14749d"},"breadcrumb":{"@id":"https:\/\/www.gaveanews.com\/index.php\/2022\/09\/27\/diego-ribas-do-flamengo-rebate-declaracao-de-hulk-do-atletico-mg\/#breadcrumb"},"inLanguage":"pt-BR","potentialAction":[{"@type":"ReadAction","target":["https:\/\/www.gaveanews.com\/index.php\/2022\/09\/27\/diego-ribas-do-flamengo-rebate-declaracao-de-hulk-do-atletico-mg\/"]}]},{"@type":"ImageObject","inLanguage":"pt-BR","@id":"https:\/\/www.gaveanews.com\/index.php\/2022\/09\/27\/diego-ribas-do-flamengo-rebate-declaracao-de-hulk-do-atletico-mg\/#primaryimage","url":"https:\/\/www.gaveanews.com\/wp-content\/uploads\/Diego-Ribas-concede-entrevista-coletiva-no-Ninho-do-Urubu.webp","contentUrl":"https:\/\/www.gaveanews.com\/wp-content\/uploads\/Diego-Ribas-concede-entrevista-coletiva-no-Ninho-do-Urubu.webp","width":1000,"height":666,"caption":"Diego Ribas concede entrevista coletiva no Ninho do Urubu (Foto: Marcelo Cortes\/Flamengo)"},{"@type":"BreadcrumbList","@id":"https:\/\/www.gaveanews.com\/index.php\/2022\/09\/27\/diego-ribas-do-flamengo-rebate-declaracao-de-hulk-do-atletico-mg\/#breadcrumb","itemListElement":[{"@type":"ListItem","position":1,"name":"Home","item":"https:\/\/www.gaveanews.com\/"},{"@type":"ListItem","position":2,"name":"Diego Ribas, do Flamengo, rebate declara\u00e7\u00e3o de Hulk, do Atl\u00e9tico-MG"}]},{"@type":"WebSite","@id":"https:\/\/www.gaveanews.com\/#website","url":"https:\/\/www.gaveanews.com\/","name":"G\u00e1vea News","description":"Veja todas as not\u00edcias sobre o Flamengo: Contrata\u00e7\u00f5es, categorias de base, resultados das partidas, tabela de classifica\u00e7\u00e3o, pr\u00f3ximos jogos!","potentialAction":[{"@type":"SearchAction","target":{"@type":"EntryPoint","urlTemplate":"https:\/\/www.gaveanews.com\/?s={search_term_string}"},"query-input":{"@type":"PropertyValueSpecification","valueRequired":true,"valueName":"search_term_string"}}],"inLanguage":"pt-BR"},{"@type":"Person","@id":"https:\/\/www.gaveanews.com\/#\/schema\/person\/2ec14f73fb96be2caf28f91afb14749d","name":"Equipe G\u00e1vea News","image":{"@type":"ImageObject","inLanguage":"pt-BR","@id":"https:\/\/www.gaveanews.com\/#\/schema\/person\/image\/","url":"https:\/\/secure.gravatar.com\/avatar\/1e1956f1facbffd3f8fa53a326721950116b3b9dc9bd44939c01180fd4a745a9?s=96&d=mm&r=g","contentUrl":"https:\/\/secure.gravatar.com\/avatar\/1e1956f1facbffd3f8fa53a326721950116b3b9dc9bd44939c01180fd4a745a9?s=96&d=mm&r=g","caption":"Equipe G\u00e1vea News"}}]}},"_links":{"self":[{"href":"https:\/\/www.gaveanews.com\/index.php\/wp-json\/wp\/v2\/posts\/88157","targetHints":{"allow":["GET"]}}],"collection":[{"href":"https:\/\/www.gaveanews.com\/index.php\/wp-json\/wp\/v2\/posts"}],"about":[{"href":"https:\/\/www.gaveanews.com\/index.php\/wp-json\/wp\/v2\/types\/post"}],"author":[{"embeddable":true,"href":"https:\/\/www.gaveanews.com\/index.php\/wp-json\/wp\/v2\/users\/1"}],"replies":[{"embeddable":true,"href":"https:\/\/www.gaveanews.com\/index.php\/wp-json\/wp\/v2\/comments?post=88157"}],"version-history":[{"count":0,"href":"https:\/\/www.gaveanews.com\/index.php\/wp-json\/wp\/v2\/posts\/88157\/revisions"}],"wp:featuredmedia":[{"embeddable":true,"href":"https:\/\/www.gaveanews.com\/index.php\/wp-json\/wp\/v2\/media\/84964"}],"wp:attachment":[{"href":"https:\/\/www.gaveanews.com\/index.php\/wp-json\/wp\/v2\/media?parent=88157"}],"wp:term":[{"taxonomy":"category","embeddable":true,"href":"https:\/\/www.gaveanews.com\/index.php\/wp-json\/wp\/v2\/categories?post=88157"},{"taxonomy":"post_tag","embeddable":true,"href":"https:\/\/www.gaveanews.com\/index.php\/wp-json\/wp\/v2\/tags?post=88157"}],"curies":[{"name":"wp","href":"https:\/\/api.w.org\/{rel}","templated":true}]}}