{"id":88160,"date":"2022-09-27T13:44:50","date_gmt":"2022-09-27T16:44:50","guid":{"rendered":"https:\/\/www.gaveanews.com\/?p=88160"},"modified":"2022-09-27T13:44:53","modified_gmt":"2022-09-27T16:44:53","slug":"marcos-braz-faz-alerta-sobre-o-novo-estadio-do-flamengo","status":"publish","type":"post","link":"https:\/\/www.gaveanews.com\/index.php\/2022\/09\/27\/marcos-braz-faz-alerta-sobre-o-novo-estadio-do-flamengo\/","title":{"rendered":"Marcos Braz faz alerta sobre o novo est\u00e1dio do Flamengo"},"content":{"rendered":"\n<p>Com uma proje\u00e7\u00e3o de um est\u00e1dio pr\u00f3prio com capacidade de mais de 100 mil pessoas na regi\u00e3o do Gas\u00f4metro, na zona portu\u00e1ria do Rio, o Flamengo n\u00e3o voltar\u00e1 atr\u00e1s com os planos de ter uma casa. Para o vice-presidente do clube, Marcos Braz, o Maracan\u00e3 &#8216;ficou pequeno&#8217; para a torcida rubro-negra. Apesar disso, o dirigente preferiu n\u00e3o dar um prazo para o processo, que est\u00e1 sendo conduzido pelo presidente Rodolfo Landim.<\/p>\n\n\n\n<p><em>\u2014 O Flamengo j\u00e1 esteve, no pensamento, mais longe do est\u00e1dio. Muita gente dentro do clube j\u00e1 pensou que o est\u00e1dio do clube era o Maracan\u00e3. Em fun\u00e7\u00e3o de v\u00e1rios pontos\u2026 O Maracan\u00e3 diminuiu. Passou de 100 mil para 70 mil torcedores. Isso faz o ingresso ficar mais caro e escasso. Sem ter a inten\u00e7\u00e3o, a diretoria n\u00e3o consegue atender todas as classes de flamenguistas. N\u00e3o \u00e9 que tirou o pov\u00e3o do est\u00e1dio, mas n\u00e3o d\u00e1 para atender todas as classes. \u00c9 um caminho sem volta, mas n\u00e3o sei quanto tempo isso vai durar<\/em>, disse ao programa &#8220;Reis da Resenha&#8221;, do Grupo Jovem Pan, na \u00faltima segunda-feira.<\/p>\n\n\n\n<p>Braz admitiu que o novo est\u00e1dio seria um legado para a gest\u00e3o de Landim, mas alertou sobre problemas que podem vir. O exemplo citado foi o endividamento do Corinthians na constru\u00e7\u00e3o da Neo Qu\u00edmica Arena, em S\u00e3o Paulo, um erro que n\u00e3o pode ser cometido pelo Rubro-Negro.<\/p>\n\n\n\n<p><em>\u2014 Na parte esportiva, o Landim conseguiu todos os t\u00edtulos poss\u00edveis e j\u00e1 deixou um legado hist\u00f3rico. Neste segundo mandato, ele tamb\u00e9m vai querer continuar ser campe\u00e3o, mas ele vai querer deixar um legado de maior longo prazo. Este processo todo vai passar dos dois anos de mandato do presidente, mas ele n\u00e3o est\u00e1 preocupado com isso. Isso vai ser importante! Vai ser um est\u00e1dio com mais de 100 mil torcedores<\/em>, disse e completou:<\/p>\n\n\n\n<p><em>\u2014 O est\u00e1dio do Corinthians foi um problema para o clube por raz\u00f5es clubes, como parte contratual. O Flamengo tem fazer o est\u00e1dio pr\u00f3prio, mas tem que saber fazer. O Rodolfo Landim est\u00e1 preparado para isso. Eu te garanto! Ele vai dar o jeito dele<\/em>, concluiu o mandat\u00e1rio.<\/p>\n\n\n\n<p>Retirado de: O Dia<\/p>\n","protected":false},"excerpt":{"rendered":"<p>Com uma proje\u00e7\u00e3o de um est\u00e1dio pr\u00f3prio com capacidade de mais de 100 mil pessoas na regi\u00e3o do Gas\u00f4metro, na zona portu\u00e1ria do Rio, o Flamengo n\u00e3o voltar\u00e1 atr\u00e1s com os planos de ter uma casa. Para o vice-presidente do clube, Marcos Braz, o Maracan\u00e3 &#8216;ficou pequeno&#8217; para a torcida rubro-negra. Apesar disso, o dirigente [&hellip;]<\/p>\n","protected":false},"author":1,"featured_media":85774,"comment_status":"open","ping_status":"closed","sticky":false,"template":"","format":"standard","meta":{"footnotes":""},"categories":[1],"tags":[],"class_list":["post-88160","post","type-post","status-publish","format-standard","has-post-thumbnail","hentry","category-flamengo"],"yoast_head":"<!-- This site is optimized with the Yoast SEO Premium plugin v24.2 (Yoast SEO v26.9) - https:\/\/yoast.com\/product\/yoast-seo-premium-wordpress\/ -->\n<title>Marcos Braz faz alerta sobre o novo est\u00e1dio do Flamengo<\/title>\n<meta name=\"robots\" content=\"index, follow, max-snippet:-1, max-image-preview:large, max-video-preview:-1\" \/>\n<link rel=\"canonical\" href=\"https:\/\/www.gaveanews.com\/index.php\/2022\/09\/27\/marcos-braz-faz-alerta-sobre-o-novo-estadio-do-flamengo\/\" \/>\n<meta property=\"og:locale\" content=\"pt_BR\" \/>\n<meta property=\"og:type\" content=\"article\" \/>\n<meta property=\"og:title\" content=\"Marcos Braz faz alerta sobre o novo est\u00e1dio do Flamengo\" \/>\n<meta property=\"og:description\" content=\"Com uma proje\u00e7\u00e3o de um est\u00e1dio pr\u00f3prio com capacidade de mais de 100 mil pessoas na regi\u00e3o do Gas\u00f4metro, na zona portu\u00e1ria do Rio, o Flamengo n\u00e3o voltar\u00e1 atr\u00e1s com os planos de ter uma casa. Para o vice-presidente do clube, Marcos Braz, o Maracan\u00e3 &#8216;ficou pequeno&#8217; para a torcida rubro-negra. Apesar disso, o dirigente [&hellip;]\" \/>\n<meta property=\"og:url\" content=\"https:\/\/www.gaveanews.com\/index.php\/2022\/09\/27\/marcos-braz-faz-alerta-sobre-o-novo-estadio-do-flamengo\/\" \/>\n<meta property=\"og:site_name\" content=\"G\u00e1vea News\" \/>\n<meta property=\"article:publisher\" content=\"https:\/\/facebook.com\/gaveaNews\/\" \/>\n<meta property=\"article:published_time\" content=\"2022-09-27T16:44:50+00:00\" \/>\n<meta property=\"article:modified_time\" content=\"2022-09-27T16:44:53+00:00\" \/>\n<meta property=\"og:image\" content=\"https:\/\/www.gaveanews.com\/wp-content\/uploads\/Marcos-Braz-em-jogo-do-Flamengo-no-Maracana.webp\" \/>\n\t<meta property=\"og:image:width\" content=\"799\" \/>\n\t<meta property=\"og:image:height\" content=\"533\" \/>\n\t<meta property=\"og:image:type\" content=\"image\/jpeg\" \/>\n<meta name=\"author\" content=\"Equipe G\u00e1vea News\" \/>\n<meta name=\"twitter:card\" content=\"summary_large_image\" \/>\n<meta name=\"twitter:label1\" content=\"Escrito por\" \/>\n\t<meta name=\"twitter:data1\" content=\"Equipe G\u00e1vea News\" \/>\n\t<meta name=\"twitter:label2\" content=\"Est. tempo de leitura\" \/>\n\t<meta name=\"twitter:data2\" content=\"2 minutos\" \/>\n<script type=\"application\/ld+json\" class=\"yoast-schema-graph\">{\"@context\":\"https:\/\/schema.org\",\"@graph\":[{\"@type\":\"NewsArticle\",\"@id\":\"https:\/\/www.gaveanews.com\/index.php\/2022\/09\/27\/marcos-braz-faz-alerta-sobre-o-novo-estadio-do-flamengo\/#article\",\"isPartOf\":{\"@id\":\"https:\/\/www.gaveanews.com\/index.php\/2022\/09\/27\/marcos-braz-faz-alerta-sobre-o-novo-estadio-do-flamengo\/\"},\"author\":{\"name\":\"Equipe G\u00e1vea News\",\"@id\":\"https:\/\/www.gaveanews.com\/#\/schema\/person\/2ec14f73fb96be2caf28f91afb14749d\"},\"headline\":\"Marcos Braz faz alerta sobre o novo est\u00e1dio do Flamengo\",\"datePublished\":\"2022-09-27T16:44:50+00:00\",\"dateModified\":\"2022-09-27T16:44:53+00:00\",\"mainEntityOfPage\":{\"@id\":\"https:\/\/www.gaveanews.com\/index.php\/2022\/09\/27\/marcos-braz-faz-alerta-sobre-o-novo-estadio-do-flamengo\/\"},\"wordCount\":391,\"commentCount\":0,\"image\":{\"@id\":\"https:\/\/www.gaveanews.com\/index.php\/2022\/09\/27\/marcos-braz-faz-alerta-sobre-o-novo-estadio-do-flamengo\/#primaryimage\"},\"thumbnailUrl\":\"https:\/\/www.gaveanews.com\/wp-content\/uploads\/Marcos-Braz-em-jogo-do-Flamengo-no-Maracana.webp\",\"articleSection\":[\"Flamengo\"],\"inLanguage\":\"pt-BR\",\"potentialAction\":[{\"@type\":\"CommentAction\",\"name\":\"Comment\",\"target\":[\"https:\/\/www.gaveanews.com\/index.php\/2022\/09\/27\/marcos-braz-faz-alerta-sobre-o-novo-estadio-do-flamengo\/#respond\"]}],\"copyrightYear\":\"2022\",\"copyrightHolder\":{\"@id\":\"https:\/\/www.gaveanews.com\/#organization\"}},{\"@type\":\"WebPage\",\"@id\":\"https:\/\/www.gaveanews.com\/index.php\/2022\/09\/27\/marcos-braz-faz-alerta-sobre-o-novo-estadio-do-flamengo\/\",\"url\":\"https:\/\/www.gaveanews.com\/index.php\/2022\/09\/27\/marcos-braz-faz-alerta-sobre-o-novo-estadio-do-flamengo\/\",\"name\":\"Marcos Braz faz alerta sobre o novo est\u00e1dio do Flamengo\",\"isPartOf\":{\"@id\":\"https:\/\/www.gaveanews.com\/#website\"},\"primaryImageOfPage\":{\"@id\":\"https:\/\/www.gaveanews.com\/index.php\/2022\/09\/27\/marcos-braz-faz-alerta-sobre-o-novo-estadio-do-flamengo\/#primaryimage\"},\"image\":{\"@id\":\"https:\/\/www.gaveanews.com\/index.php\/2022\/09\/27\/marcos-braz-faz-alerta-sobre-o-novo-estadio-do-flamengo\/#primaryimage\"},\"thumbnailUrl\":\"https:\/\/www.gaveanews.com\/wp-content\/uploads\/Marcos-Braz-em-jogo-do-Flamengo-no-Maracana.webp\",\"datePublished\":\"2022-09-27T16:44:50+00:00\",\"dateModified\":\"2022-09-27T16:44:53+00:00\",\"author\":{\"@id\":\"https:\/\/www.gaveanews.com\/#\/schema\/person\/2ec14f73fb96be2caf28f91afb14749d\"},\"breadcrumb\":{\"@id\":\"https:\/\/www.gaveanews.com\/index.php\/2022\/09\/27\/marcos-braz-faz-alerta-sobre-o-novo-estadio-do-flamengo\/#breadcrumb\"},\"inLanguage\":\"pt-BR\",\"potentialAction\":[{\"@type\":\"ReadAction\",\"target\":[\"https:\/\/www.gaveanews.com\/index.php\/2022\/09\/27\/marcos-braz-faz-alerta-sobre-o-novo-estadio-do-flamengo\/\"]}]},{\"@type\":\"ImageObject\",\"inLanguage\":\"pt-BR\",\"@id\":\"https:\/\/www.gaveanews.com\/index.php\/2022\/09\/27\/marcos-braz-faz-alerta-sobre-o-novo-estadio-do-flamengo\/#primaryimage\",\"url\":\"https:\/\/www.gaveanews.com\/wp-content\/uploads\/Marcos-Braz-em-jogo-do-Flamengo-no-Maracana.webp\",\"contentUrl\":\"https:\/\/www.gaveanews.com\/wp-content\/uploads\/Marcos-Braz-em-jogo-do-Flamengo-no-Maracana.webp\",\"width\":799,\"height\":533,\"caption\":\"Marcos Braz e Fabinho em jogo do Flamengo no Maracan\u00e3 (Foto: Alexandre Vidal\/Flamengo)\"},{\"@type\":\"BreadcrumbList\",\"@id\":\"https:\/\/www.gaveanews.com\/index.php\/2022\/09\/27\/marcos-braz-faz-alerta-sobre-o-novo-estadio-do-flamengo\/#breadcrumb\",\"itemListElement\":[{\"@type\":\"ListItem\",\"position\":1,\"name\":\"Home\",\"item\":\"https:\/\/www.gaveanews.com\/\"},{\"@type\":\"ListItem\",\"position\":2,\"name\":\"Marcos Braz faz alerta sobre o novo est\u00e1dio do Flamengo\"}]},{\"@type\":\"WebSite\",\"@id\":\"https:\/\/www.gaveanews.com\/#website\",\"url\":\"https:\/\/www.gaveanews.com\/\",\"name\":\"G\u00e1vea News\",\"description\":\"Veja todas as not\u00edcias sobre o Flamengo: Contrata\u00e7\u00f5es, categorias de base, resultados das partidas, tabela de classifica\u00e7\u00e3o, pr\u00f3ximos jogos!\",\"potentialAction\":[{\"@type\":\"SearchAction\",\"target\":{\"@type\":\"EntryPoint\",\"urlTemplate\":\"https:\/\/www.gaveanews.com\/?s={search_term_string}\"},\"query-input\":{\"@type\":\"PropertyValueSpecification\",\"valueRequired\":true,\"valueName\":\"search_term_string\"}}],\"inLanguage\":\"pt-BR\"},{\"@type\":\"Person\",\"@id\":\"https:\/\/www.gaveanews.com\/#\/schema\/person\/2ec14f73fb96be2caf28f91afb14749d\",\"name\":\"Equipe G\u00e1vea News\",\"image\":{\"@type\":\"ImageObject\",\"inLanguage\":\"pt-BR\",\"@id\":\"https:\/\/www.gaveanews.com\/#\/schema\/person\/image\/\",\"url\":\"https:\/\/secure.gravatar.com\/avatar\/1e1956f1facbffd3f8fa53a326721950116b3b9dc9bd44939c01180fd4a745a9?s=96&d=mm&r=g\",\"contentUrl\":\"https:\/\/secure.gravatar.com\/avatar\/1e1956f1facbffd3f8fa53a326721950116b3b9dc9bd44939c01180fd4a745a9?s=96&d=mm&r=g\",\"caption\":\"Equipe G\u00e1vea News\"}}]}<\/script>\n<!-- \/ Yoast SEO Premium plugin. -->","yoast_head_json":{"title":"Marcos Braz faz alerta sobre o novo est\u00e1dio do Flamengo","robots":{"index":"index","follow":"follow","max-snippet":"max-snippet:-1","max-image-preview":"max-image-preview:large","max-video-preview":"max-video-preview:-1"},"canonical":"https:\/\/www.gaveanews.com\/index.php\/2022\/09\/27\/marcos-braz-faz-alerta-sobre-o-novo-estadio-do-flamengo\/","og_locale":"pt_BR","og_type":"article","og_title":"Marcos Braz faz alerta sobre o novo est\u00e1dio do Flamengo","og_description":"Com uma proje\u00e7\u00e3o de um est\u00e1dio pr\u00f3prio com capacidade de mais de 100 mil pessoas na regi\u00e3o do Gas\u00f4metro, na zona portu\u00e1ria do Rio, o Flamengo n\u00e3o voltar\u00e1 atr\u00e1s com os planos de ter uma casa. Para o vice-presidente do clube, Marcos Braz, o Maracan\u00e3 &#8216;ficou pequeno&#8217; para a torcida rubro-negra. Apesar disso, o dirigente [&hellip;]","og_url":"https:\/\/www.gaveanews.com\/index.php\/2022\/09\/27\/marcos-braz-faz-alerta-sobre-o-novo-estadio-do-flamengo\/","og_site_name":"G\u00e1vea News","article_publisher":"https:\/\/facebook.com\/gaveaNews\/","article_published_time":"2022-09-27T16:44:50+00:00","article_modified_time":"2022-09-27T16:44:53+00:00","og_image":[{"width":799,"height":533,"url":"https:\/\/www.gaveanews.com\/wp-content\/uploads\/Marcos-Braz-em-jogo-do-Flamengo-no-Maracana.webp","type":"image\/jpeg"}],"author":"Equipe G\u00e1vea News","twitter_card":"summary_large_image","twitter_misc":{"Escrito por":"Equipe G\u00e1vea News","Est. tempo de leitura":"2 minutos"},"schema":{"@context":"https:\/\/schema.org","@graph":[{"@type":"NewsArticle","@id":"https:\/\/www.gaveanews.com\/index.php\/2022\/09\/27\/marcos-braz-faz-alerta-sobre-o-novo-estadio-do-flamengo\/#article","isPartOf":{"@id":"https:\/\/www.gaveanews.com\/index.php\/2022\/09\/27\/marcos-braz-faz-alerta-sobre-o-novo-estadio-do-flamengo\/"},"author":{"name":"Equipe G\u00e1vea News","@id":"https:\/\/www.gaveanews.com\/#\/schema\/person\/2ec14f73fb96be2caf28f91afb14749d"},"headline":"Marcos Braz faz alerta sobre o novo est\u00e1dio do Flamengo","datePublished":"2022-09-27T16:44:50+00:00","dateModified":"2022-09-27T16:44:53+00:00","mainEntityOfPage":{"@id":"https:\/\/www.gaveanews.com\/index.php\/2022\/09\/27\/marcos-braz-faz-alerta-sobre-o-novo-estadio-do-flamengo\/"},"wordCount":391,"commentCount":0,"image":{"@id":"https:\/\/www.gaveanews.com\/index.php\/2022\/09\/27\/marcos-braz-faz-alerta-sobre-o-novo-estadio-do-flamengo\/#primaryimage"},"thumbnailUrl":"https:\/\/www.gaveanews.com\/wp-content\/uploads\/Marcos-Braz-em-jogo-do-Flamengo-no-Maracana.webp","articleSection":["Flamengo"],"inLanguage":"pt-BR","potentialAction":[{"@type":"CommentAction","name":"Comment","target":["https:\/\/www.gaveanews.com\/index.php\/2022\/09\/27\/marcos-braz-faz-alerta-sobre-o-novo-estadio-do-flamengo\/#respond"]}],"copyrightYear":"2022","copyrightHolder":{"@id":"https:\/\/www.gaveanews.com\/#organization"}},{"@type":"WebPage","@id":"https:\/\/www.gaveanews.com\/index.php\/2022\/09\/27\/marcos-braz-faz-alerta-sobre-o-novo-estadio-do-flamengo\/","url":"https:\/\/www.gaveanews.com\/index.php\/2022\/09\/27\/marcos-braz-faz-alerta-sobre-o-novo-estadio-do-flamengo\/","name":"Marcos Braz faz alerta sobre o novo est\u00e1dio do Flamengo","isPartOf":{"@id":"https:\/\/www.gaveanews.com\/#website"},"primaryImageOfPage":{"@id":"https:\/\/www.gaveanews.com\/index.php\/2022\/09\/27\/marcos-braz-faz-alerta-sobre-o-novo-estadio-do-flamengo\/#primaryimage"},"image":{"@id":"https:\/\/www.gaveanews.com\/index.php\/2022\/09\/27\/marcos-braz-faz-alerta-sobre-o-novo-estadio-do-flamengo\/#primaryimage"},"thumbnailUrl":"https:\/\/www.gaveanews.com\/wp-content\/uploads\/Marcos-Braz-em-jogo-do-Flamengo-no-Maracana.webp","datePublished":"2022-09-27T16:44:50+00:00","dateModified":"2022-09-27T16:44:53+00:00","author":{"@id":"https:\/\/www.gaveanews.com\/#\/schema\/person\/2ec14f73fb96be2caf28f91afb14749d"},"breadcrumb":{"@id":"https:\/\/www.gaveanews.com\/index.php\/2022\/09\/27\/marcos-braz-faz-alerta-sobre-o-novo-estadio-do-flamengo\/#breadcrumb"},"inLanguage":"pt-BR","potentialAction":[{"@type":"ReadAction","target":["https:\/\/www.gaveanews.com\/index.php\/2022\/09\/27\/marcos-braz-faz-alerta-sobre-o-novo-estadio-do-flamengo\/"]}]},{"@type":"ImageObject","inLanguage":"pt-BR","@id":"https:\/\/www.gaveanews.com\/index.php\/2022\/09\/27\/marcos-braz-faz-alerta-sobre-o-novo-estadio-do-flamengo\/#primaryimage","url":"https:\/\/www.gaveanews.com\/wp-content\/uploads\/Marcos-Braz-em-jogo-do-Flamengo-no-Maracana.webp","contentUrl":"https:\/\/www.gaveanews.com\/wp-content\/uploads\/Marcos-Braz-em-jogo-do-Flamengo-no-Maracana.webp","width":799,"height":533,"caption":"Marcos Braz e Fabinho em jogo do Flamengo no Maracan\u00e3 (Foto: Alexandre Vidal\/Flamengo)"},{"@type":"BreadcrumbList","@id":"https:\/\/www.gaveanews.com\/index.php\/2022\/09\/27\/marcos-braz-faz-alerta-sobre-o-novo-estadio-do-flamengo\/#breadcrumb","itemListElement":[{"@type":"ListItem","position":1,"name":"Home","item":"https:\/\/www.gaveanews.com\/"},{"@type":"ListItem","position":2,"name":"Marcos Braz faz alerta sobre o novo est\u00e1dio do Flamengo"}]},{"@type":"WebSite","@id":"https:\/\/www.gaveanews.com\/#website","url":"https:\/\/www.gaveanews.com\/","name":"G\u00e1vea News","description":"Veja todas as not\u00edcias sobre o Flamengo: Contrata\u00e7\u00f5es, categorias de base, resultados das partidas, tabela de classifica\u00e7\u00e3o, pr\u00f3ximos jogos!","potentialAction":[{"@type":"SearchAction","target":{"@type":"EntryPoint","urlTemplate":"https:\/\/www.gaveanews.com\/?s={search_term_string}"},"query-input":{"@type":"PropertyValueSpecification","valueRequired":true,"valueName":"search_term_string"}}],"inLanguage":"pt-BR"},{"@type":"Person","@id":"https:\/\/www.gaveanews.com\/#\/schema\/person\/2ec14f73fb96be2caf28f91afb14749d","name":"Equipe G\u00e1vea News","image":{"@type":"ImageObject","inLanguage":"pt-BR","@id":"https:\/\/www.gaveanews.com\/#\/schema\/person\/image\/","url":"https:\/\/secure.gravatar.com\/avatar\/1e1956f1facbffd3f8fa53a326721950116b3b9dc9bd44939c01180fd4a745a9?s=96&d=mm&r=g","contentUrl":"https:\/\/secure.gravatar.com\/avatar\/1e1956f1facbffd3f8fa53a326721950116b3b9dc9bd44939c01180fd4a745a9?s=96&d=mm&r=g","caption":"Equipe G\u00e1vea News"}}]}},"_links":{"self":[{"href":"https:\/\/www.gaveanews.com\/index.php\/wp-json\/wp\/v2\/posts\/88160","targetHints":{"allow":["GET"]}}],"collection":[{"href":"https:\/\/www.gaveanews.com\/index.php\/wp-json\/wp\/v2\/posts"}],"about":[{"href":"https:\/\/www.gaveanews.com\/index.php\/wp-json\/wp\/v2\/types\/post"}],"author":[{"embeddable":true,"href":"https:\/\/www.gaveanews.com\/index.php\/wp-json\/wp\/v2\/users\/1"}],"replies":[{"embeddable":true,"href":"https:\/\/www.gaveanews.com\/index.php\/wp-json\/wp\/v2\/comments?post=88160"}],"version-history":[{"count":0,"href":"https:\/\/www.gaveanews.com\/index.php\/wp-json\/wp\/v2\/posts\/88160\/revisions"}],"wp:featuredmedia":[{"embeddable":true,"href":"https:\/\/www.gaveanews.com\/index.php\/wp-json\/wp\/v2\/media\/85774"}],"wp:attachment":[{"href":"https:\/\/www.gaveanews.com\/index.php\/wp-json\/wp\/v2\/media?parent=88160"}],"wp:term":[{"taxonomy":"category","embeddable":true,"href":"https:\/\/www.gaveanews.com\/index.php\/wp-json\/wp\/v2\/categories?post=88160"},{"taxonomy":"post_tag","embeddable":true,"href":"https:\/\/www.gaveanews.com\/index.php\/wp-json\/wp\/v2\/tags?post=88160"}],"curies":[{"name":"wp","href":"https:\/\/api.w.org\/{rel}","templated":true}]}}