{"id":88179,"date":"2022-09-27T20:07:39","date_gmt":"2022-09-27T23:07:39","guid":{"rendered":"https:\/\/www.gaveanews.com\/?p=88179"},"modified":"2022-09-27T20:07:44","modified_gmt":"2022-09-27T23:07:44","slug":"desejado-por-real-madrid-e-liverpool-marcos-braz-do-flamengo-fala-sobre-o-futuro-de-joao-gomes","status":"publish","type":"post","link":"https:\/\/www.gaveanews.com\/index.php\/2022\/09\/27\/desejado-por-real-madrid-e-liverpool-marcos-braz-do-flamengo-fala-sobre-o-futuro-de-joao-gomes\/","title":{"rendered":"Desejado por Real Madrid e Liverpool, Marcos Braz, do Flamengo, fala sobre o futuro de Jo\u00e3o Gomes"},"content":{"rendered":"\n<p>Um dos assuntos mais abordados nos \u00faltimos dias \u00e9 o interesse europeu em Jo\u00e3o Gomes, do Flamengo. O jovem vem se destacando com Dorival J\u00fanior e especulado em Real Madrid e Liverpool.<\/p>\n\n\n\n<p>O vice-presidente de futebol do clube, Marcos Braz, em entrevista ao canal Pilhado, comentou sobre uma poss\u00edvel sa\u00edda do jovem, deixando claro que essa n\u00e3o \u00e9 uma preocupa\u00e7\u00e3o do Flamengo no momento.<\/p>\n\n\n\n<p><em>\u2014 Dif\u00edcil (ficar)? O Flamengo acabou de renovar, cinco anos. Eu sofri muita cr\u00edtica que a gente demorou demais nessa renova\u00e7\u00e3o, porque achavam que a gente tinha que valorizar o moleque. A opera\u00e7\u00e3o sempre esteve na m\u00e3o do Flamengo, contratualmente eu nunca me preocupei com isso. Eu me preocupava em dar o reconhecimento pro jogador<\/em>, iniciou.<\/p>\n\n\n\n<p><em>\u2014 Minha rela\u00e7\u00e3o \u00e9 muito boa com o Jo\u00e3o. Agora, com a proposta do exterior ela n\u00e3o est\u00e1 sob o meu processo decis\u00f3rio. Se for verdade que tem um Liverpool, um Real Madrid, que bom que tenha, \u00e9 sinal que o Flamengo tem um grande ativo, fez o certo em renovar. \u00c9 sinal que o Flamengo fez a escolha certa<\/em>, concluiu.<\/p>\n\n\n\n<p>Retirado de: Mercado do Futebol<\/p>\n","protected":false},"excerpt":{"rendered":"<p>Um dos assuntos mais abordados nos \u00faltimos dias \u00e9 o interesse europeu em Jo\u00e3o Gomes, do Flamengo. O jovem vem se destacando com Dorival J\u00fanior e especulado em Real Madrid e Liverpool. O vice-presidente de futebol do clube, Marcos Braz, em entrevista ao canal Pilhado, comentou sobre uma poss\u00edvel sa\u00edda do jovem, deixando claro que [&hellip;]<\/p>\n","protected":false},"author":1,"featured_media":23694,"comment_status":"open","ping_status":"closed","sticky":false,"template":"","format":"standard","meta":{"footnotes":""},"categories":[48],"tags":[],"class_list":["post-88179","post","type-post","status-publish","format-standard","has-post-thumbnail","hentry","category-negociacoes"],"yoast_head":"<!-- This site is optimized with the Yoast SEO Premium plugin v24.2 (Yoast SEO v26.9) - https:\/\/yoast.com\/product\/yoast-seo-premium-wordpress\/ -->\n<title>Desejado por Real Madrid e Liverpool, Marcos Braz, do Flamengo, fala sobre o futuro de Jo\u00e3o Gomes<\/title>\n<meta name=\"robots\" content=\"index, follow, max-snippet:-1, max-image-preview:large, max-video-preview:-1\" \/>\n<link rel=\"canonical\" href=\"https:\/\/www.gaveanews.com\/index.php\/2022\/09\/27\/desejado-por-real-madrid-e-liverpool-marcos-braz-do-flamengo-fala-sobre-o-futuro-de-joao-gomes\/\" \/>\n<meta property=\"og:locale\" content=\"pt_BR\" \/>\n<meta property=\"og:type\" content=\"article\" \/>\n<meta property=\"og:title\" content=\"Desejado por Real Madrid e Liverpool, Marcos Braz, do Flamengo, fala sobre o futuro de Jo\u00e3o Gomes\" \/>\n<meta property=\"og:description\" content=\"Um dos assuntos mais abordados nos \u00faltimos dias \u00e9 o interesse europeu em Jo\u00e3o Gomes, do Flamengo. O jovem vem se destacando com Dorival J\u00fanior e especulado em Real Madrid e Liverpool. O vice-presidente de futebol do clube, Marcos Braz, em entrevista ao canal Pilhado, comentou sobre uma poss\u00edvel sa\u00edda do jovem, deixando claro que [&hellip;]\" \/>\n<meta property=\"og:url\" content=\"https:\/\/www.gaveanews.com\/index.php\/2022\/09\/27\/desejado-por-real-madrid-e-liverpool-marcos-braz-do-flamengo-fala-sobre-o-futuro-de-joao-gomes\/\" \/>\n<meta property=\"og:site_name\" content=\"G\u00e1vea News\" \/>\n<meta property=\"article:publisher\" content=\"https:\/\/facebook.com\/gaveaNews\/\" \/>\n<meta property=\"article:published_time\" content=\"2022-09-27T23:07:39+00:00\" \/>\n<meta property=\"article:modified_time\" content=\"2022-09-27T23:07:44+00:00\" \/>\n<meta property=\"og:image\" content=\"https:\/\/www.gaveanews.com\/wp-content\/uploads\/2019\/07\/Marcos-Braz-durante-coletiva-de-imprensa-no-Ninho-do-Urubu.webp\" \/>\n\t<meta property=\"og:image:width\" content=\"846\" \/>\n\t<meta property=\"og:image:height\" content=\"563\" \/>\n\t<meta property=\"og:image:type\" content=\"image\/jpeg\" \/>\n<meta name=\"author\" content=\"Equipe G\u00e1vea News\" \/>\n<meta name=\"twitter:card\" content=\"summary_large_image\" \/>\n<meta name=\"twitter:label1\" content=\"Escrito por\" \/>\n\t<meta name=\"twitter:data1\" content=\"Equipe G\u00e1vea News\" \/>\n\t<meta name=\"twitter:label2\" content=\"Est. tempo de leitura\" \/>\n\t<meta name=\"twitter:data2\" content=\"2 minutos\" \/>\n<script type=\"application\/ld+json\" class=\"yoast-schema-graph\">{\"@context\":\"https:\/\/schema.org\",\"@graph\":[{\"@type\":\"NewsArticle\",\"@id\":\"https:\/\/www.gaveanews.com\/index.php\/2022\/09\/27\/desejado-por-real-madrid-e-liverpool-marcos-braz-do-flamengo-fala-sobre-o-futuro-de-joao-gomes\/#article\",\"isPartOf\":{\"@id\":\"https:\/\/www.gaveanews.com\/index.php\/2022\/09\/27\/desejado-por-real-madrid-e-liverpool-marcos-braz-do-flamengo-fala-sobre-o-futuro-de-joao-gomes\/\"},\"author\":{\"name\":\"Equipe G\u00e1vea News\",\"@id\":\"https:\/\/www.gaveanews.com\/#\/schema\/person\/2ec14f73fb96be2caf28f91afb14749d\"},\"headline\":\"Desejado por Real Madrid e Liverpool, Marcos Braz, do Flamengo, fala sobre o futuro de Jo\u00e3o Gomes\",\"datePublished\":\"2022-09-27T23:07:39+00:00\",\"dateModified\":\"2022-09-27T23:07:44+00:00\",\"mainEntityOfPage\":{\"@id\":\"https:\/\/www.gaveanews.com\/index.php\/2022\/09\/27\/desejado-por-real-madrid-e-liverpool-marcos-braz-do-flamengo-fala-sobre-o-futuro-de-joao-gomes\/\"},\"wordCount\":212,\"commentCount\":0,\"image\":{\"@id\":\"https:\/\/www.gaveanews.com\/index.php\/2022\/09\/27\/desejado-por-real-madrid-e-liverpool-marcos-braz-do-flamengo-fala-sobre-o-futuro-de-joao-gomes\/#primaryimage\"},\"thumbnailUrl\":\"https:\/\/www.gaveanews.com\/wp-content\/uploads\/2019\/07\/Marcos-Braz-durante-coletiva-de-imprensa-no-Ninho-do-Urubu.webp\",\"articleSection\":[\"Negocia\u00e7\u00f5es\"],\"inLanguage\":\"pt-BR\",\"potentialAction\":[{\"@type\":\"CommentAction\",\"name\":\"Comment\",\"target\":[\"https:\/\/www.gaveanews.com\/index.php\/2022\/09\/27\/desejado-por-real-madrid-e-liverpool-marcos-braz-do-flamengo-fala-sobre-o-futuro-de-joao-gomes\/#respond\"]}],\"copyrightYear\":\"2022\",\"copyrightHolder\":{\"@id\":\"https:\/\/www.gaveanews.com\/#organization\"}},{\"@type\":\"WebPage\",\"@id\":\"https:\/\/www.gaveanews.com\/index.php\/2022\/09\/27\/desejado-por-real-madrid-e-liverpool-marcos-braz-do-flamengo-fala-sobre-o-futuro-de-joao-gomes\/\",\"url\":\"https:\/\/www.gaveanews.com\/index.php\/2022\/09\/27\/desejado-por-real-madrid-e-liverpool-marcos-braz-do-flamengo-fala-sobre-o-futuro-de-joao-gomes\/\",\"name\":\"Desejado por Real Madrid e Liverpool, Marcos Braz, do Flamengo, fala sobre o futuro de Jo\u00e3o Gomes\",\"isPartOf\":{\"@id\":\"https:\/\/www.gaveanews.com\/#website\"},\"primaryImageOfPage\":{\"@id\":\"https:\/\/www.gaveanews.com\/index.php\/2022\/09\/27\/desejado-por-real-madrid-e-liverpool-marcos-braz-do-flamengo-fala-sobre-o-futuro-de-joao-gomes\/#primaryimage\"},\"image\":{\"@id\":\"https:\/\/www.gaveanews.com\/index.php\/2022\/09\/27\/desejado-por-real-madrid-e-liverpool-marcos-braz-do-flamengo-fala-sobre-o-futuro-de-joao-gomes\/#primaryimage\"},\"thumbnailUrl\":\"https:\/\/www.gaveanews.com\/wp-content\/uploads\/2019\/07\/Marcos-Braz-durante-coletiva-de-imprensa-no-Ninho-do-Urubu.webp\",\"datePublished\":\"2022-09-27T23:07:39+00:00\",\"dateModified\":\"2022-09-27T23:07:44+00:00\",\"author\":{\"@id\":\"https:\/\/www.gaveanews.com\/#\/schema\/person\/2ec14f73fb96be2caf28f91afb14749d\"},\"breadcrumb\":{\"@id\":\"https:\/\/www.gaveanews.com\/index.php\/2022\/09\/27\/desejado-por-real-madrid-e-liverpool-marcos-braz-do-flamengo-fala-sobre-o-futuro-de-joao-gomes\/#breadcrumb\"},\"inLanguage\":\"pt-BR\",\"potentialAction\":[{\"@type\":\"ReadAction\",\"target\":[\"https:\/\/www.gaveanews.com\/index.php\/2022\/09\/27\/desejado-por-real-madrid-e-liverpool-marcos-braz-do-flamengo-fala-sobre-o-futuro-de-joao-gomes\/\"]}]},{\"@type\":\"ImageObject\",\"inLanguage\":\"pt-BR\",\"@id\":\"https:\/\/www.gaveanews.com\/index.php\/2022\/09\/27\/desejado-por-real-madrid-e-liverpool-marcos-braz-do-flamengo-fala-sobre-o-futuro-de-joao-gomes\/#primaryimage\",\"url\":\"https:\/\/www.gaveanews.com\/wp-content\/uploads\/2019\/07\/Marcos-Braz-durante-coletiva-de-imprensa-no-Ninho-do-Urubu.webp\",\"contentUrl\":\"https:\/\/www.gaveanews.com\/wp-content\/uploads\/2019\/07\/Marcos-Braz-durante-coletiva-de-imprensa-no-Ninho-do-Urubu.webp\",\"width\":846,\"height\":563,\"caption\":\"Marcos Braz durante coletiva de imprensa no Ninho do Urubu (Foto: Alexandre Vidal\/Flamengo)\"},{\"@type\":\"BreadcrumbList\",\"@id\":\"https:\/\/www.gaveanews.com\/index.php\/2022\/09\/27\/desejado-por-real-madrid-e-liverpool-marcos-braz-do-flamengo-fala-sobre-o-futuro-de-joao-gomes\/#breadcrumb\",\"itemListElement\":[{\"@type\":\"ListItem\",\"position\":1,\"name\":\"Home\",\"item\":\"https:\/\/www.gaveanews.com\/\"},{\"@type\":\"ListItem\",\"position\":2,\"name\":\"Desejado por Real Madrid e Liverpool, Marcos Braz, do Flamengo, fala sobre o futuro de Jo\u00e3o Gomes\"}]},{\"@type\":\"WebSite\",\"@id\":\"https:\/\/www.gaveanews.com\/#website\",\"url\":\"https:\/\/www.gaveanews.com\/\",\"name\":\"G\u00e1vea News\",\"description\":\"Veja todas as not\u00edcias sobre o Flamengo: Contrata\u00e7\u00f5es, categorias de base, resultados das partidas, tabela de classifica\u00e7\u00e3o, pr\u00f3ximos jogos!\",\"potentialAction\":[{\"@type\":\"SearchAction\",\"target\":{\"@type\":\"EntryPoint\",\"urlTemplate\":\"https:\/\/www.gaveanews.com\/?s={search_term_string}\"},\"query-input\":{\"@type\":\"PropertyValueSpecification\",\"valueRequired\":true,\"valueName\":\"search_term_string\"}}],\"inLanguage\":\"pt-BR\"},{\"@type\":\"Person\",\"@id\":\"https:\/\/www.gaveanews.com\/#\/schema\/person\/2ec14f73fb96be2caf28f91afb14749d\",\"name\":\"Equipe G\u00e1vea News\",\"image\":{\"@type\":\"ImageObject\",\"inLanguage\":\"pt-BR\",\"@id\":\"https:\/\/www.gaveanews.com\/#\/schema\/person\/image\/\",\"url\":\"https:\/\/secure.gravatar.com\/avatar\/1e1956f1facbffd3f8fa53a326721950116b3b9dc9bd44939c01180fd4a745a9?s=96&d=mm&r=g\",\"contentUrl\":\"https:\/\/secure.gravatar.com\/avatar\/1e1956f1facbffd3f8fa53a326721950116b3b9dc9bd44939c01180fd4a745a9?s=96&d=mm&r=g\",\"caption\":\"Equipe G\u00e1vea News\"}}]}<\/script>\n<!-- \/ Yoast SEO Premium plugin. -->","yoast_head_json":{"title":"Desejado por Real Madrid e Liverpool, Marcos Braz, do Flamengo, fala sobre o futuro de Jo\u00e3o Gomes","robots":{"index":"index","follow":"follow","max-snippet":"max-snippet:-1","max-image-preview":"max-image-preview:large","max-video-preview":"max-video-preview:-1"},"canonical":"https:\/\/www.gaveanews.com\/index.php\/2022\/09\/27\/desejado-por-real-madrid-e-liverpool-marcos-braz-do-flamengo-fala-sobre-o-futuro-de-joao-gomes\/","og_locale":"pt_BR","og_type":"article","og_title":"Desejado por Real Madrid e Liverpool, Marcos Braz, do Flamengo, fala sobre o futuro de Jo\u00e3o Gomes","og_description":"Um dos assuntos mais abordados nos \u00faltimos dias \u00e9 o interesse europeu em Jo\u00e3o Gomes, do Flamengo. O jovem vem se destacando com Dorival J\u00fanior e especulado em Real Madrid e Liverpool. O vice-presidente de futebol do clube, Marcos Braz, em entrevista ao canal Pilhado, comentou sobre uma poss\u00edvel sa\u00edda do jovem, deixando claro que [&hellip;]","og_url":"https:\/\/www.gaveanews.com\/index.php\/2022\/09\/27\/desejado-por-real-madrid-e-liverpool-marcos-braz-do-flamengo-fala-sobre-o-futuro-de-joao-gomes\/","og_site_name":"G\u00e1vea News","article_publisher":"https:\/\/facebook.com\/gaveaNews\/","article_published_time":"2022-09-27T23:07:39+00:00","article_modified_time":"2022-09-27T23:07:44+00:00","og_image":[{"width":846,"height":563,"url":"https:\/\/www.gaveanews.com\/wp-content\/uploads\/2019\/07\/Marcos-Braz-durante-coletiva-de-imprensa-no-Ninho-do-Urubu.webp","type":"image\/jpeg"}],"author":"Equipe G\u00e1vea News","twitter_card":"summary_large_image","twitter_misc":{"Escrito por":"Equipe G\u00e1vea News","Est. tempo de leitura":"2 minutos"},"schema":{"@context":"https:\/\/schema.org","@graph":[{"@type":"NewsArticle","@id":"https:\/\/www.gaveanews.com\/index.php\/2022\/09\/27\/desejado-por-real-madrid-e-liverpool-marcos-braz-do-flamengo-fala-sobre-o-futuro-de-joao-gomes\/#article","isPartOf":{"@id":"https:\/\/www.gaveanews.com\/index.php\/2022\/09\/27\/desejado-por-real-madrid-e-liverpool-marcos-braz-do-flamengo-fala-sobre-o-futuro-de-joao-gomes\/"},"author":{"name":"Equipe G\u00e1vea News","@id":"https:\/\/www.gaveanews.com\/#\/schema\/person\/2ec14f73fb96be2caf28f91afb14749d"},"headline":"Desejado por Real Madrid e Liverpool, Marcos Braz, do Flamengo, fala sobre o futuro de Jo\u00e3o Gomes","datePublished":"2022-09-27T23:07:39+00:00","dateModified":"2022-09-27T23:07:44+00:00","mainEntityOfPage":{"@id":"https:\/\/www.gaveanews.com\/index.php\/2022\/09\/27\/desejado-por-real-madrid-e-liverpool-marcos-braz-do-flamengo-fala-sobre-o-futuro-de-joao-gomes\/"},"wordCount":212,"commentCount":0,"image":{"@id":"https:\/\/www.gaveanews.com\/index.php\/2022\/09\/27\/desejado-por-real-madrid-e-liverpool-marcos-braz-do-flamengo-fala-sobre-o-futuro-de-joao-gomes\/#primaryimage"},"thumbnailUrl":"https:\/\/www.gaveanews.com\/wp-content\/uploads\/2019\/07\/Marcos-Braz-durante-coletiva-de-imprensa-no-Ninho-do-Urubu.webp","articleSection":["Negocia\u00e7\u00f5es"],"inLanguage":"pt-BR","potentialAction":[{"@type":"CommentAction","name":"Comment","target":["https:\/\/www.gaveanews.com\/index.php\/2022\/09\/27\/desejado-por-real-madrid-e-liverpool-marcos-braz-do-flamengo-fala-sobre-o-futuro-de-joao-gomes\/#respond"]}],"copyrightYear":"2022","copyrightHolder":{"@id":"https:\/\/www.gaveanews.com\/#organization"}},{"@type":"WebPage","@id":"https:\/\/www.gaveanews.com\/index.php\/2022\/09\/27\/desejado-por-real-madrid-e-liverpool-marcos-braz-do-flamengo-fala-sobre-o-futuro-de-joao-gomes\/","url":"https:\/\/www.gaveanews.com\/index.php\/2022\/09\/27\/desejado-por-real-madrid-e-liverpool-marcos-braz-do-flamengo-fala-sobre-o-futuro-de-joao-gomes\/","name":"Desejado por Real Madrid e Liverpool, Marcos Braz, do Flamengo, fala sobre o futuro de Jo\u00e3o Gomes","isPartOf":{"@id":"https:\/\/www.gaveanews.com\/#website"},"primaryImageOfPage":{"@id":"https:\/\/www.gaveanews.com\/index.php\/2022\/09\/27\/desejado-por-real-madrid-e-liverpool-marcos-braz-do-flamengo-fala-sobre-o-futuro-de-joao-gomes\/#primaryimage"},"image":{"@id":"https:\/\/www.gaveanews.com\/index.php\/2022\/09\/27\/desejado-por-real-madrid-e-liverpool-marcos-braz-do-flamengo-fala-sobre-o-futuro-de-joao-gomes\/#primaryimage"},"thumbnailUrl":"https:\/\/www.gaveanews.com\/wp-content\/uploads\/2019\/07\/Marcos-Braz-durante-coletiva-de-imprensa-no-Ninho-do-Urubu.webp","datePublished":"2022-09-27T23:07:39+00:00","dateModified":"2022-09-27T23:07:44+00:00","author":{"@id":"https:\/\/www.gaveanews.com\/#\/schema\/person\/2ec14f73fb96be2caf28f91afb14749d"},"breadcrumb":{"@id":"https:\/\/www.gaveanews.com\/index.php\/2022\/09\/27\/desejado-por-real-madrid-e-liverpool-marcos-braz-do-flamengo-fala-sobre-o-futuro-de-joao-gomes\/#breadcrumb"},"inLanguage":"pt-BR","potentialAction":[{"@type":"ReadAction","target":["https:\/\/www.gaveanews.com\/index.php\/2022\/09\/27\/desejado-por-real-madrid-e-liverpool-marcos-braz-do-flamengo-fala-sobre-o-futuro-de-joao-gomes\/"]}]},{"@type":"ImageObject","inLanguage":"pt-BR","@id":"https:\/\/www.gaveanews.com\/index.php\/2022\/09\/27\/desejado-por-real-madrid-e-liverpool-marcos-braz-do-flamengo-fala-sobre-o-futuro-de-joao-gomes\/#primaryimage","url":"https:\/\/www.gaveanews.com\/wp-content\/uploads\/2019\/07\/Marcos-Braz-durante-coletiva-de-imprensa-no-Ninho-do-Urubu.webp","contentUrl":"https:\/\/www.gaveanews.com\/wp-content\/uploads\/2019\/07\/Marcos-Braz-durante-coletiva-de-imprensa-no-Ninho-do-Urubu.webp","width":846,"height":563,"caption":"Marcos Braz durante coletiva de imprensa no Ninho do Urubu (Foto: Alexandre Vidal\/Flamengo)"},{"@type":"BreadcrumbList","@id":"https:\/\/www.gaveanews.com\/index.php\/2022\/09\/27\/desejado-por-real-madrid-e-liverpool-marcos-braz-do-flamengo-fala-sobre-o-futuro-de-joao-gomes\/#breadcrumb","itemListElement":[{"@type":"ListItem","position":1,"name":"Home","item":"https:\/\/www.gaveanews.com\/"},{"@type":"ListItem","position":2,"name":"Desejado por Real Madrid e Liverpool, Marcos Braz, do Flamengo, fala sobre o futuro de Jo\u00e3o Gomes"}]},{"@type":"WebSite","@id":"https:\/\/www.gaveanews.com\/#website","url":"https:\/\/www.gaveanews.com\/","name":"G\u00e1vea News","description":"Veja todas as not\u00edcias sobre o Flamengo: Contrata\u00e7\u00f5es, categorias de base, resultados das partidas, tabela de classifica\u00e7\u00e3o, pr\u00f3ximos jogos!","potentialAction":[{"@type":"SearchAction","target":{"@type":"EntryPoint","urlTemplate":"https:\/\/www.gaveanews.com\/?s={search_term_string}"},"query-input":{"@type":"PropertyValueSpecification","valueRequired":true,"valueName":"search_term_string"}}],"inLanguage":"pt-BR"},{"@type":"Person","@id":"https:\/\/www.gaveanews.com\/#\/schema\/person\/2ec14f73fb96be2caf28f91afb14749d","name":"Equipe G\u00e1vea News","image":{"@type":"ImageObject","inLanguage":"pt-BR","@id":"https:\/\/www.gaveanews.com\/#\/schema\/person\/image\/","url":"https:\/\/secure.gravatar.com\/avatar\/1e1956f1facbffd3f8fa53a326721950116b3b9dc9bd44939c01180fd4a745a9?s=96&d=mm&r=g","contentUrl":"https:\/\/secure.gravatar.com\/avatar\/1e1956f1facbffd3f8fa53a326721950116b3b9dc9bd44939c01180fd4a745a9?s=96&d=mm&r=g","caption":"Equipe G\u00e1vea News"}}]}},"_links":{"self":[{"href":"https:\/\/www.gaveanews.com\/index.php\/wp-json\/wp\/v2\/posts\/88179","targetHints":{"allow":["GET"]}}],"collection":[{"href":"https:\/\/www.gaveanews.com\/index.php\/wp-json\/wp\/v2\/posts"}],"about":[{"href":"https:\/\/www.gaveanews.com\/index.php\/wp-json\/wp\/v2\/types\/post"}],"author":[{"embeddable":true,"href":"https:\/\/www.gaveanews.com\/index.php\/wp-json\/wp\/v2\/users\/1"}],"replies":[{"embeddable":true,"href":"https:\/\/www.gaveanews.com\/index.php\/wp-json\/wp\/v2\/comments?post=88179"}],"version-history":[{"count":0,"href":"https:\/\/www.gaveanews.com\/index.php\/wp-json\/wp\/v2\/posts\/88179\/revisions"}],"wp:featuredmedia":[{"embeddable":true,"href":"https:\/\/www.gaveanews.com\/index.php\/wp-json\/wp\/v2\/media\/23694"}],"wp:attachment":[{"href":"https:\/\/www.gaveanews.com\/index.php\/wp-json\/wp\/v2\/media?parent=88179"}],"wp:term":[{"taxonomy":"category","embeddable":true,"href":"https:\/\/www.gaveanews.com\/index.php\/wp-json\/wp\/v2\/categories?post=88179"},{"taxonomy":"post_tag","embeddable":true,"href":"https:\/\/www.gaveanews.com\/index.php\/wp-json\/wp\/v2\/tags?post=88179"}],"curies":[{"name":"wp","href":"https:\/\/api.w.org\/{rel}","templated":true}]}}