{"id":88189,"date":"2022-09-27T22:57:18","date_gmt":"2022-09-28T01:57:18","guid":{"rendered":"https:\/\/www.gaveanews.com\/?p=88189"},"modified":"2024-04-07T08:51:03","modified_gmt":"2024-04-07T11:51:03","slug":"flamengo-x-corinthians-renato-augusto-projeta-final-da-copa-do-brasil","status":"publish","type":"post","link":"https:\/\/www.gaveanews.com\/index.php\/2022\/09\/27\/flamengo-x-corinthians-renato-augusto-projeta-final-da-copa-do-brasil\/","title":{"rendered":"Flamengo x Corinthians: Renato Augusto projeta final da Copa do Brasil"},"content":{"rendered":"\n<p>As finais da Copa do Brasil se aproximam e a expectativa s\u00f3 aumenta entre os torcedores de Flamengo e Corinthians. Em entrevista ao \u2018Bem, Amigos\u2019, o meia do clube paulista, Renato Augusto, projetou a grande decis\u00e3o contra o Rubro-Negro.<\/p>\n\n\n\n<p><em>\u2014 A gente sabe que \u00e9 o melhor do Brasil e talvez at\u00e9 o melhor da Am\u00e9rica, \u00e9 um time muito forte, mas n\u00e3o pode usar aqueles jogos como padr\u00e3o. Est\u00e1vamos encaixando a nossa forma de jogar, o que a gente vem encontrando agora. Estamos numa subida muito boa, fizemos dois grandes jogos contra o Fluminense, que joga numa forma muito diferente do Flamengo, mas a gente se adaptou ao advers\u00e1rio. Vai ser um trabalho duro para o mister, mas vai ser um jogo diferente daqueles<\/em>, disse, antes de emendar:<\/p>\n\n\n\n<p><em>\u2014 Vamos dar uma dificuldade maior do que nos jogos da Libertadores. Achamos a forma de jogar, os jogadores entenderam o que o mister quer. Esse foi o pulo do gato. Pela experi\u00eancia da Libertadores, a gente n\u00e3o pode sair de S\u00e3o Paulo com uma derrota. Temos que levar o jogo para o segundo que tudo pode acontecer, passa a ser um jogo s\u00f3. Mata-mata \u00e9 diferente de pontos corridos, copa \u00e9 sempre diferente. A gente soube jogar a copa at\u00e9 aqui, aprendemos com alguns erros, principalmente depois do segundo jogo contra o Atl\u00e9tico-GO conseguimos encaixar. O Flamengo \u00e9 favorito por ser o time do momento, mas vamos chegar fortes para a final<\/em>, complementou.<\/p>\n\n\n\n<p>Vale ressaltar que os jogos est\u00e3o marcados para o dia 12, em Itaquera, e no dia 19, no Maracan\u00e3.<\/p>\n\n\n\n<p>Retirado de: Di\u00e1rio do Fla<\/p>\n","protected":false},"excerpt":{"rendered":"<p>As finais da Copa do Brasil se aproximam e a expectativa s\u00f3 aumenta entre os torcedores de Flamengo e Corinthians. Em entrevista ao \u2018Bem, Amigos\u2019, o meia do clube paulista, Renato Augusto, projetou a grande decis\u00e3o contra o Rubro-Negro. \u2014 A gente sabe que \u00e9 o melhor do Brasil e talvez at\u00e9 o melhor da [&hellip;]<\/p>\n","protected":false},"author":1,"featured_media":84902,"comment_status":"open","ping_status":"closed","sticky":false,"template":"","format":"standard","meta":{"footnotes":""},"categories":[1],"tags":[189],"class_list":["post-88189","post","type-post","status-publish","format-standard","has-post-thumbnail","hentry","category-flamengo","tag-renato-augusto"],"yoast_head":"<!-- This site is optimized with the Yoast SEO Premium plugin v24.2 (Yoast SEO v26.9) - https:\/\/yoast.com\/product\/yoast-seo-premium-wordpress\/ -->\n<title>Flamengo x Corinthians: Renato Augusto projeta final da Copa do Brasil<\/title>\n<meta name=\"robots\" content=\"index, follow, max-snippet:-1, max-image-preview:large, max-video-preview:-1\" \/>\n<link rel=\"canonical\" href=\"https:\/\/www.gaveanews.com\/index.php\/2022\/09\/27\/flamengo-x-corinthians-renato-augusto-projeta-final-da-copa-do-brasil\/\" \/>\n<meta property=\"og:locale\" content=\"pt_BR\" \/>\n<meta property=\"og:type\" content=\"article\" \/>\n<meta property=\"og:title\" content=\"Flamengo x Corinthians: Renato Augusto projeta final da Copa do Brasil\" \/>\n<meta property=\"og:description\" content=\"As finais da Copa do Brasil se aproximam e a expectativa s\u00f3 aumenta entre os torcedores de Flamengo e Corinthians. Em entrevista ao \u2018Bem, Amigos\u2019, o meia do clube paulista, Renato Augusto, projetou a grande decis\u00e3o contra o Rubro-Negro. \u2014 A gente sabe que \u00e9 o melhor do Brasil e talvez at\u00e9 o melhor da [&hellip;]\" \/>\n<meta property=\"og:url\" content=\"https:\/\/www.gaveanews.com\/index.php\/2022\/09\/27\/flamengo-x-corinthians-renato-augusto-projeta-final-da-copa-do-brasil\/\" \/>\n<meta property=\"og:site_name\" content=\"G\u00e1vea News\" \/>\n<meta property=\"article:publisher\" content=\"https:\/\/facebook.com\/gaveaNews\/\" \/>\n<meta property=\"article:published_time\" content=\"2022-09-28T01:57:18+00:00\" \/>\n<meta property=\"article:modified_time\" content=\"2024-04-07T11:51:03+00:00\" \/>\n<meta property=\"og:image\" content=\"https:\/\/www.gaveanews.com\/wp-content\/uploads\/Taca-da-Copa-do-Brasil.webp\" \/>\n\t<meta property=\"og:image:width\" content=\"800\" \/>\n\t<meta property=\"og:image:height\" content=\"400\" \/>\n\t<meta property=\"og:image:type\" content=\"image\/jpeg\" \/>\n<meta name=\"author\" content=\"Equipe G\u00e1vea News\" \/>\n<meta name=\"twitter:card\" content=\"summary_large_image\" \/>\n<meta name=\"twitter:label1\" content=\"Escrito por\" \/>\n\t<meta name=\"twitter:data1\" content=\"Equipe G\u00e1vea News\" \/>\n\t<meta name=\"twitter:label2\" content=\"Est. tempo de leitura\" \/>\n\t<meta name=\"twitter:data2\" content=\"2 minutos\" \/>\n<script type=\"application\/ld+json\" class=\"yoast-schema-graph\">{\"@context\":\"https:\/\/schema.org\",\"@graph\":[{\"@type\":\"NewsArticle\",\"@id\":\"https:\/\/www.gaveanews.com\/index.php\/2022\/09\/27\/flamengo-x-corinthians-renato-augusto-projeta-final-da-copa-do-brasil\/#article\",\"isPartOf\":{\"@id\":\"https:\/\/www.gaveanews.com\/index.php\/2022\/09\/27\/flamengo-x-corinthians-renato-augusto-projeta-final-da-copa-do-brasil\/\"},\"author\":{\"name\":\"Equipe G\u00e1vea News\",\"@id\":\"https:\/\/www.gaveanews.com\/#\/schema\/person\/2ec14f73fb96be2caf28f91afb14749d\"},\"headline\":\"Flamengo x Corinthians: Renato Augusto projeta final da Copa do Brasil\",\"datePublished\":\"2022-09-28T01:57:18+00:00\",\"dateModified\":\"2024-04-07T11:51:03+00:00\",\"mainEntityOfPage\":{\"@id\":\"https:\/\/www.gaveanews.com\/index.php\/2022\/09\/27\/flamengo-x-corinthians-renato-augusto-projeta-final-da-copa-do-brasil\/\"},\"wordCount\":281,\"commentCount\":0,\"image\":{\"@id\":\"https:\/\/www.gaveanews.com\/index.php\/2022\/09\/27\/flamengo-x-corinthians-renato-augusto-projeta-final-da-copa-do-brasil\/#primaryimage\"},\"thumbnailUrl\":\"https:\/\/www.gaveanews.com\/wp-content\/uploads\/Taca-da-Copa-do-Brasil.webp\",\"keywords\":[\"Renato Augusto\"],\"articleSection\":[\"Flamengo\"],\"inLanguage\":\"pt-BR\",\"potentialAction\":[{\"@type\":\"CommentAction\",\"name\":\"Comment\",\"target\":[\"https:\/\/www.gaveanews.com\/index.php\/2022\/09\/27\/flamengo-x-corinthians-renato-augusto-projeta-final-da-copa-do-brasil\/#respond\"]}],\"copyrightYear\":\"2022\",\"copyrightHolder\":{\"@id\":\"https:\/\/www.gaveanews.com\/#organization\"}},{\"@type\":\"WebPage\",\"@id\":\"https:\/\/www.gaveanews.com\/index.php\/2022\/09\/27\/flamengo-x-corinthians-renato-augusto-projeta-final-da-copa-do-brasil\/\",\"url\":\"https:\/\/www.gaveanews.com\/index.php\/2022\/09\/27\/flamengo-x-corinthians-renato-augusto-projeta-final-da-copa-do-brasil\/\",\"name\":\"Flamengo x Corinthians: Renato Augusto projeta final da Copa do Brasil\",\"isPartOf\":{\"@id\":\"https:\/\/www.gaveanews.com\/#website\"},\"primaryImageOfPage\":{\"@id\":\"https:\/\/www.gaveanews.com\/index.php\/2022\/09\/27\/flamengo-x-corinthians-renato-augusto-projeta-final-da-copa-do-brasil\/#primaryimage\"},\"image\":{\"@id\":\"https:\/\/www.gaveanews.com\/index.php\/2022\/09\/27\/flamengo-x-corinthians-renato-augusto-projeta-final-da-copa-do-brasil\/#primaryimage\"},\"thumbnailUrl\":\"https:\/\/www.gaveanews.com\/wp-content\/uploads\/Taca-da-Copa-do-Brasil.webp\",\"datePublished\":\"2022-09-28T01:57:18+00:00\",\"dateModified\":\"2024-04-07T11:51:03+00:00\",\"author\":{\"@id\":\"https:\/\/www.gaveanews.com\/#\/schema\/person\/2ec14f73fb96be2caf28f91afb14749d\"},\"breadcrumb\":{\"@id\":\"https:\/\/www.gaveanews.com\/index.php\/2022\/09\/27\/flamengo-x-corinthians-renato-augusto-projeta-final-da-copa-do-brasil\/#breadcrumb\"},\"inLanguage\":\"pt-BR\",\"potentialAction\":[{\"@type\":\"ReadAction\",\"target\":[\"https:\/\/www.gaveanews.com\/index.php\/2022\/09\/27\/flamengo-x-corinthians-renato-augusto-projeta-final-da-copa-do-brasil\/\"]}]},{\"@type\":\"ImageObject\",\"inLanguage\":\"pt-BR\",\"@id\":\"https:\/\/www.gaveanews.com\/index.php\/2022\/09\/27\/flamengo-x-corinthians-renato-augusto-projeta-final-da-copa-do-brasil\/#primaryimage\",\"url\":\"https:\/\/www.gaveanews.com\/wp-content\/uploads\/Taca-da-Copa-do-Brasil.webp\",\"contentUrl\":\"https:\/\/www.gaveanews.com\/wp-content\/uploads\/Taca-da-Copa-do-Brasil.webp\",\"width\":800,\"height\":400,\"caption\":\"Ta\u00e7a da Copa do Brasil (Foto: Lucas Figueiredo\/CBF)\"},{\"@type\":\"BreadcrumbList\",\"@id\":\"https:\/\/www.gaveanews.com\/index.php\/2022\/09\/27\/flamengo-x-corinthians-renato-augusto-projeta-final-da-copa-do-brasil\/#breadcrumb\",\"itemListElement\":[{\"@type\":\"ListItem\",\"position\":1,\"name\":\"Home\",\"item\":\"https:\/\/www.gaveanews.com\/\"},{\"@type\":\"ListItem\",\"position\":2,\"name\":\"Flamengo x Corinthians: Renato Augusto projeta final da Copa do Brasil\"}]},{\"@type\":\"WebSite\",\"@id\":\"https:\/\/www.gaveanews.com\/#website\",\"url\":\"https:\/\/www.gaveanews.com\/\",\"name\":\"G\u00e1vea News\",\"description\":\"Veja todas as not\u00edcias sobre o Flamengo: Contrata\u00e7\u00f5es, categorias de base, resultados das partidas, tabela de classifica\u00e7\u00e3o, pr\u00f3ximos jogos!\",\"potentialAction\":[{\"@type\":\"SearchAction\",\"target\":{\"@type\":\"EntryPoint\",\"urlTemplate\":\"https:\/\/www.gaveanews.com\/?s={search_term_string}\"},\"query-input\":{\"@type\":\"PropertyValueSpecification\",\"valueRequired\":true,\"valueName\":\"search_term_string\"}}],\"inLanguage\":\"pt-BR\"},{\"@type\":\"Person\",\"@id\":\"https:\/\/www.gaveanews.com\/#\/schema\/person\/2ec14f73fb96be2caf28f91afb14749d\",\"name\":\"Equipe G\u00e1vea News\",\"image\":{\"@type\":\"ImageObject\",\"inLanguage\":\"pt-BR\",\"@id\":\"https:\/\/www.gaveanews.com\/#\/schema\/person\/image\/\",\"url\":\"https:\/\/secure.gravatar.com\/avatar\/1e1956f1facbffd3f8fa53a326721950116b3b9dc9bd44939c01180fd4a745a9?s=96&d=mm&r=g\",\"contentUrl\":\"https:\/\/secure.gravatar.com\/avatar\/1e1956f1facbffd3f8fa53a326721950116b3b9dc9bd44939c01180fd4a745a9?s=96&d=mm&r=g\",\"caption\":\"Equipe G\u00e1vea News\"}}]}<\/script>\n<!-- \/ Yoast SEO Premium plugin. -->","yoast_head_json":{"title":"Flamengo x Corinthians: Renato Augusto projeta final da Copa do Brasil","robots":{"index":"index","follow":"follow","max-snippet":"max-snippet:-1","max-image-preview":"max-image-preview:large","max-video-preview":"max-video-preview:-1"},"canonical":"https:\/\/www.gaveanews.com\/index.php\/2022\/09\/27\/flamengo-x-corinthians-renato-augusto-projeta-final-da-copa-do-brasil\/","og_locale":"pt_BR","og_type":"article","og_title":"Flamengo x Corinthians: Renato Augusto projeta final da Copa do Brasil","og_description":"As finais da Copa do Brasil se aproximam e a expectativa s\u00f3 aumenta entre os torcedores de Flamengo e Corinthians. Em entrevista ao \u2018Bem, Amigos\u2019, o meia do clube paulista, Renato Augusto, projetou a grande decis\u00e3o contra o Rubro-Negro. \u2014 A gente sabe que \u00e9 o melhor do Brasil e talvez at\u00e9 o melhor da [&hellip;]","og_url":"https:\/\/www.gaveanews.com\/index.php\/2022\/09\/27\/flamengo-x-corinthians-renato-augusto-projeta-final-da-copa-do-brasil\/","og_site_name":"G\u00e1vea News","article_publisher":"https:\/\/facebook.com\/gaveaNews\/","article_published_time":"2022-09-28T01:57:18+00:00","article_modified_time":"2024-04-07T11:51:03+00:00","og_image":[{"width":800,"height":400,"url":"https:\/\/www.gaveanews.com\/wp-content\/uploads\/Taca-da-Copa-do-Brasil.webp","type":"image\/jpeg"}],"author":"Equipe G\u00e1vea News","twitter_card":"summary_large_image","twitter_misc":{"Escrito por":"Equipe G\u00e1vea News","Est. tempo de leitura":"2 minutos"},"schema":{"@context":"https:\/\/schema.org","@graph":[{"@type":"NewsArticle","@id":"https:\/\/www.gaveanews.com\/index.php\/2022\/09\/27\/flamengo-x-corinthians-renato-augusto-projeta-final-da-copa-do-brasil\/#article","isPartOf":{"@id":"https:\/\/www.gaveanews.com\/index.php\/2022\/09\/27\/flamengo-x-corinthians-renato-augusto-projeta-final-da-copa-do-brasil\/"},"author":{"name":"Equipe G\u00e1vea News","@id":"https:\/\/www.gaveanews.com\/#\/schema\/person\/2ec14f73fb96be2caf28f91afb14749d"},"headline":"Flamengo x Corinthians: Renato Augusto projeta final da Copa do Brasil","datePublished":"2022-09-28T01:57:18+00:00","dateModified":"2024-04-07T11:51:03+00:00","mainEntityOfPage":{"@id":"https:\/\/www.gaveanews.com\/index.php\/2022\/09\/27\/flamengo-x-corinthians-renato-augusto-projeta-final-da-copa-do-brasil\/"},"wordCount":281,"commentCount":0,"image":{"@id":"https:\/\/www.gaveanews.com\/index.php\/2022\/09\/27\/flamengo-x-corinthians-renato-augusto-projeta-final-da-copa-do-brasil\/#primaryimage"},"thumbnailUrl":"https:\/\/www.gaveanews.com\/wp-content\/uploads\/Taca-da-Copa-do-Brasil.webp","keywords":["Renato Augusto"],"articleSection":["Flamengo"],"inLanguage":"pt-BR","potentialAction":[{"@type":"CommentAction","name":"Comment","target":["https:\/\/www.gaveanews.com\/index.php\/2022\/09\/27\/flamengo-x-corinthians-renato-augusto-projeta-final-da-copa-do-brasil\/#respond"]}],"copyrightYear":"2022","copyrightHolder":{"@id":"https:\/\/www.gaveanews.com\/#organization"}},{"@type":"WebPage","@id":"https:\/\/www.gaveanews.com\/index.php\/2022\/09\/27\/flamengo-x-corinthians-renato-augusto-projeta-final-da-copa-do-brasil\/","url":"https:\/\/www.gaveanews.com\/index.php\/2022\/09\/27\/flamengo-x-corinthians-renato-augusto-projeta-final-da-copa-do-brasil\/","name":"Flamengo x Corinthians: Renato Augusto projeta final da Copa do Brasil","isPartOf":{"@id":"https:\/\/www.gaveanews.com\/#website"},"primaryImageOfPage":{"@id":"https:\/\/www.gaveanews.com\/index.php\/2022\/09\/27\/flamengo-x-corinthians-renato-augusto-projeta-final-da-copa-do-brasil\/#primaryimage"},"image":{"@id":"https:\/\/www.gaveanews.com\/index.php\/2022\/09\/27\/flamengo-x-corinthians-renato-augusto-projeta-final-da-copa-do-brasil\/#primaryimage"},"thumbnailUrl":"https:\/\/www.gaveanews.com\/wp-content\/uploads\/Taca-da-Copa-do-Brasil.webp","datePublished":"2022-09-28T01:57:18+00:00","dateModified":"2024-04-07T11:51:03+00:00","author":{"@id":"https:\/\/www.gaveanews.com\/#\/schema\/person\/2ec14f73fb96be2caf28f91afb14749d"},"breadcrumb":{"@id":"https:\/\/www.gaveanews.com\/index.php\/2022\/09\/27\/flamengo-x-corinthians-renato-augusto-projeta-final-da-copa-do-brasil\/#breadcrumb"},"inLanguage":"pt-BR","potentialAction":[{"@type":"ReadAction","target":["https:\/\/www.gaveanews.com\/index.php\/2022\/09\/27\/flamengo-x-corinthians-renato-augusto-projeta-final-da-copa-do-brasil\/"]}]},{"@type":"ImageObject","inLanguage":"pt-BR","@id":"https:\/\/www.gaveanews.com\/index.php\/2022\/09\/27\/flamengo-x-corinthians-renato-augusto-projeta-final-da-copa-do-brasil\/#primaryimage","url":"https:\/\/www.gaveanews.com\/wp-content\/uploads\/Taca-da-Copa-do-Brasil.webp","contentUrl":"https:\/\/www.gaveanews.com\/wp-content\/uploads\/Taca-da-Copa-do-Brasil.webp","width":800,"height":400,"caption":"Ta\u00e7a da Copa do Brasil (Foto: Lucas Figueiredo\/CBF)"},{"@type":"BreadcrumbList","@id":"https:\/\/www.gaveanews.com\/index.php\/2022\/09\/27\/flamengo-x-corinthians-renato-augusto-projeta-final-da-copa-do-brasil\/#breadcrumb","itemListElement":[{"@type":"ListItem","position":1,"name":"Home","item":"https:\/\/www.gaveanews.com\/"},{"@type":"ListItem","position":2,"name":"Flamengo x Corinthians: Renato Augusto projeta final da Copa do Brasil"}]},{"@type":"WebSite","@id":"https:\/\/www.gaveanews.com\/#website","url":"https:\/\/www.gaveanews.com\/","name":"G\u00e1vea News","description":"Veja todas as not\u00edcias sobre o Flamengo: Contrata\u00e7\u00f5es, categorias de base, resultados das partidas, tabela de classifica\u00e7\u00e3o, pr\u00f3ximos jogos!","potentialAction":[{"@type":"SearchAction","target":{"@type":"EntryPoint","urlTemplate":"https:\/\/www.gaveanews.com\/?s={search_term_string}"},"query-input":{"@type":"PropertyValueSpecification","valueRequired":true,"valueName":"search_term_string"}}],"inLanguage":"pt-BR"},{"@type":"Person","@id":"https:\/\/www.gaveanews.com\/#\/schema\/person\/2ec14f73fb96be2caf28f91afb14749d","name":"Equipe G\u00e1vea News","image":{"@type":"ImageObject","inLanguage":"pt-BR","@id":"https:\/\/www.gaveanews.com\/#\/schema\/person\/image\/","url":"https:\/\/secure.gravatar.com\/avatar\/1e1956f1facbffd3f8fa53a326721950116b3b9dc9bd44939c01180fd4a745a9?s=96&d=mm&r=g","contentUrl":"https:\/\/secure.gravatar.com\/avatar\/1e1956f1facbffd3f8fa53a326721950116b3b9dc9bd44939c01180fd4a745a9?s=96&d=mm&r=g","caption":"Equipe G\u00e1vea News"}}]}},"_links":{"self":[{"href":"https:\/\/www.gaveanews.com\/index.php\/wp-json\/wp\/v2\/posts\/88189","targetHints":{"allow":["GET"]}}],"collection":[{"href":"https:\/\/www.gaveanews.com\/index.php\/wp-json\/wp\/v2\/posts"}],"about":[{"href":"https:\/\/www.gaveanews.com\/index.php\/wp-json\/wp\/v2\/types\/post"}],"author":[{"embeddable":true,"href":"https:\/\/www.gaveanews.com\/index.php\/wp-json\/wp\/v2\/users\/1"}],"replies":[{"embeddable":true,"href":"https:\/\/www.gaveanews.com\/index.php\/wp-json\/wp\/v2\/comments?post=88189"}],"version-history":[{"count":1,"href":"https:\/\/www.gaveanews.com\/index.php\/wp-json\/wp\/v2\/posts\/88189\/revisions"}],"predecessor-version":[{"id":136327,"href":"https:\/\/www.gaveanews.com\/index.php\/wp-json\/wp\/v2\/posts\/88189\/revisions\/136327"}],"wp:featuredmedia":[{"embeddable":true,"href":"https:\/\/www.gaveanews.com\/index.php\/wp-json\/wp\/v2\/media\/84902"}],"wp:attachment":[{"href":"https:\/\/www.gaveanews.com\/index.php\/wp-json\/wp\/v2\/media?parent=88189"}],"wp:term":[{"taxonomy":"category","embeddable":true,"href":"https:\/\/www.gaveanews.com\/index.php\/wp-json\/wp\/v2\/categories?post=88189"},{"taxonomy":"post_tag","embeddable":true,"href":"https:\/\/www.gaveanews.com\/index.php\/wp-json\/wp\/v2\/tags?post=88189"}],"curies":[{"name":"wp","href":"https:\/\/api.w.org\/{rel}","templated":true}]}}