{"id":88211,"date":"2022-09-28T11:05:16","date_gmt":"2022-09-28T14:05:16","guid":{"rendered":"https:\/\/www.gaveanews.com\/?p=88211"},"modified":"2022-09-28T11:05:17","modified_gmt":"2022-09-28T14:05:17","slug":"marcos-braz-do-flamengo-cobra-atitude-das-autoridades-veja-publicacao","status":"publish","type":"post","link":"https:\/\/www.gaveanews.com\/index.php\/2022\/09\/28\/marcos-braz-do-flamengo-cobra-atitude-das-autoridades-veja-publicacao\/","title":{"rendered":"Marcos Braz, do Flamengo, cobra atitude das autoridades; veja publica\u00e7\u00e3o"},"content":{"rendered":"\n<p>Na v\u00e9spera do retorno do Flamengo aos gramados, a Sele\u00e7\u00e3o Brasileira enfrentou a Tun\u00edsia no \u00faltimo amistoso antes da Copa do Mundo do Qatar. O Rubro-Negro teve um representante acionado por Tite na partida.<\/p>\n\n\n\n<p>Pedro atuou durante todo o segundo tempo e marcou o gol que fechou a conta no Parque dos Pr\u00edncipes. Antes do tento do jogador rubro-negro, no entanto, aconteceu um epis\u00f3dio lament\u00e1vel no est\u00e1dio franc\u00eas.<\/p>\n\n\n\n<p>Enquanto Richarlison comemorava o gol marcado por ele na partida, torcedores presentes na arquibancada atiraram bananas no campo. O ato n\u00e3o foi visto pelos jogadores no momento, mas foi registrado pela equipe de transmiss\u00e3o do evento.<\/p>\n\n\n\n<p>Em meio a tantos atos racistas contra brasileiros na Europa nas \u00faltimas semanas, Marcos Braz se manifestou nas redes sociais. O dirigente cobrou provid\u00eancias das autoridades sobre os epis\u00f3dios criminosos.<\/p>\n\n\n\n<h2 class=\"wp-block-heading\" id=\"h-confira-a-publicacao\">Confira a publica\u00e7\u00e3o:<\/h2>\n\n\n\n<figure class=\"wp-block-embed is-type-rich is-provider-twitter wp-block-embed-twitter\"><div class=\"wp-block-embed__wrapper\">\n<blockquote class=\"twitter-tweet\" data-width=\"550\" data-dnt=\"true\"><p lang=\"pt\" dir=\"ltr\">At\u00e9 quando essa palha\u00e7ada? <a href=\"https:\/\/t.co\/2VxXm5CUWV\">pic.twitter.com\/2VxXm5CUWV<\/a><\/p>&mdash; MarcosBraz (@marcosbrazrio) <a href=\"https:\/\/twitter.com\/marcosbrazrio\/status\/1575109401291423746?ref_src=twsrc%5Etfw\">September 28, 2022<\/a><\/blockquote><script async src=\"https:\/\/platform.twitter.com\/widgets.js\" charset=\"utf-8\"><\/script>\n<\/div><\/figure>\n\n\n\n<p>Vale lembrar que recentemente outro brasileiro foi v\u00edtima de racismo. <a href=\"https:\/\/www.gaveanews.com\/index.php\/2022\/09\/16\/video-apos-comemorar-gol-com-dancinha-vini-jr-e-alvo-de-fala-racista-de-jornalista-espanhol\/\">Ex-Flamengo, Vin\u00edcius J\u00fanior foi alvo de falas preconceituosas por um jornalista espanhol.<\/a> A atitude gerou uma onda de epis\u00f3dios racistas contra o atacante.<\/p>\n\n\n\n<ul class=\"wp-block-list\"><li><a href=\"https:\/\/www.gaveanews.com\/index.php\/2022\/09\/15\/vinicius-junior-do-real-madrid-recebe-ameaca-do-capitao-do-atletico-de-madrid-nas-vesperas-do-classico\/\">Vinicius J\u00fanior recebe amea\u00e7a do capit\u00e3o do Atl\u00e9tico de Madrid nas v\u00e9speras do cl\u00e1ssico<\/a><\/li><li><a href=\"https:\/\/www.gaveanews.com\/index.php\/2022\/09\/27\/zagueiro-espanhol-ataca-vinicius-junior-do-real-madrid\/\">Zagueiro de time espanhol ataca Vinicius J\u00fanior<\/a><\/li><\/ul>\n","protected":false},"excerpt":{"rendered":"<p>Na v\u00e9spera do retorno do Flamengo aos gramados, a Sele\u00e7\u00e3o Brasileira enfrentou a Tun\u00edsia no \u00faltimo amistoso antes da Copa do Mundo do Qatar. O Rubro-Negro teve um representante acionado por Tite na partida. Pedro atuou durante todo o segundo tempo e marcou o gol que fechou a conta no Parque dos Pr\u00edncipes. Antes do [&hellip;]<\/p>\n","protected":false},"author":4,"featured_media":85774,"comment_status":"open","ping_status":"closed","sticky":false,"template":"","format":"standard","meta":{"footnotes":""},"categories":[1],"tags":[],"class_list":["post-88211","post","type-post","status-publish","format-standard","has-post-thumbnail","hentry","category-flamengo"],"yoast_head":"<!-- This site is optimized with the Yoast SEO Premium plugin v24.2 (Yoast SEO v26.9) - https:\/\/yoast.com\/product\/yoast-seo-premium-wordpress\/ -->\n<title>Marcos Braz, do Flamengo, cobra atitude das autoridades; veja publica\u00e7\u00e3o<\/title>\n<meta name=\"robots\" content=\"index, follow, max-snippet:-1, max-image-preview:large, max-video-preview:-1\" \/>\n<link rel=\"canonical\" href=\"https:\/\/www.gaveanews.com\/index.php\/2022\/09\/28\/marcos-braz-do-flamengo-cobra-atitude-das-autoridades-veja-publicacao\/\" \/>\n<meta property=\"og:locale\" content=\"pt_BR\" \/>\n<meta property=\"og:type\" content=\"article\" \/>\n<meta property=\"og:title\" content=\"Marcos Braz, do Flamengo, cobra atitude das autoridades; veja publica\u00e7\u00e3o\" \/>\n<meta property=\"og:description\" content=\"Na v\u00e9spera do retorno do Flamengo aos gramados, a Sele\u00e7\u00e3o Brasileira enfrentou a Tun\u00edsia no \u00faltimo amistoso antes da Copa do Mundo do Qatar. O Rubro-Negro teve um representante acionado por Tite na partida. Pedro atuou durante todo o segundo tempo e marcou o gol que fechou a conta no Parque dos Pr\u00edncipes. Antes do [&hellip;]\" \/>\n<meta property=\"og:url\" content=\"https:\/\/www.gaveanews.com\/index.php\/2022\/09\/28\/marcos-braz-do-flamengo-cobra-atitude-das-autoridades-veja-publicacao\/\" \/>\n<meta property=\"og:site_name\" content=\"G\u00e1vea News\" \/>\n<meta property=\"article:publisher\" content=\"https:\/\/facebook.com\/gaveaNews\/\" \/>\n<meta property=\"article:published_time\" content=\"2022-09-28T14:05:16+00:00\" \/>\n<meta property=\"article:modified_time\" content=\"2022-09-28T14:05:17+00:00\" \/>\n<meta property=\"og:image\" content=\"https:\/\/www.gaveanews.com\/wp-content\/uploads\/Marcos-Braz-em-jogo-do-Flamengo-no-Maracana.webp\" \/>\n\t<meta property=\"og:image:width\" content=\"799\" \/>\n\t<meta property=\"og:image:height\" content=\"533\" \/>\n\t<meta property=\"og:image:type\" content=\"image\/jpeg\" \/>\n<meta name=\"author\" content=\"Let\u00edcia Gerheim\" \/>\n<meta name=\"twitter:card\" content=\"summary_large_image\" \/>\n<meta name=\"twitter:label1\" content=\"Escrito por\" \/>\n\t<meta name=\"twitter:data1\" content=\"Let\u00edcia Gerheim\" \/>\n\t<meta name=\"twitter:label2\" content=\"Est. tempo de leitura\" \/>\n\t<meta name=\"twitter:data2\" content=\"2 minutos\" \/>\n<script type=\"application\/ld+json\" class=\"yoast-schema-graph\">{\"@context\":\"https:\/\/schema.org\",\"@graph\":[{\"@type\":\"NewsArticle\",\"@id\":\"https:\/\/www.gaveanews.com\/index.php\/2022\/09\/28\/marcos-braz-do-flamengo-cobra-atitude-das-autoridades-veja-publicacao\/#article\",\"isPartOf\":{\"@id\":\"https:\/\/www.gaveanews.com\/index.php\/2022\/09\/28\/marcos-braz-do-flamengo-cobra-atitude-das-autoridades-veja-publicacao\/\"},\"author\":{\"name\":\"Let\u00edcia Gerheim\",\"@id\":\"https:\/\/www.gaveanews.com\/#\/schema\/person\/714c67050b836198af2450ba1c142a67\"},\"headline\":\"Marcos Braz, do Flamengo, cobra atitude das autoridades; veja publica\u00e7\u00e3o\",\"datePublished\":\"2022-09-28T14:05:16+00:00\",\"dateModified\":\"2022-09-28T14:05:17+00:00\",\"mainEntityOfPage\":{\"@id\":\"https:\/\/www.gaveanews.com\/index.php\/2022\/09\/28\/marcos-braz-do-flamengo-cobra-atitude-das-autoridades-veja-publicacao\/\"},\"wordCount\":231,\"commentCount\":0,\"image\":{\"@id\":\"https:\/\/www.gaveanews.com\/index.php\/2022\/09\/28\/marcos-braz-do-flamengo-cobra-atitude-das-autoridades-veja-publicacao\/#primaryimage\"},\"thumbnailUrl\":\"https:\/\/www.gaveanews.com\/wp-content\/uploads\/Marcos-Braz-em-jogo-do-Flamengo-no-Maracana.webp\",\"articleSection\":[\"Flamengo\"],\"inLanguage\":\"pt-BR\",\"potentialAction\":[{\"@type\":\"CommentAction\",\"name\":\"Comment\",\"target\":[\"https:\/\/www.gaveanews.com\/index.php\/2022\/09\/28\/marcos-braz-do-flamengo-cobra-atitude-das-autoridades-veja-publicacao\/#respond\"]}],\"copyrightYear\":\"2022\",\"copyrightHolder\":{\"@id\":\"https:\/\/www.gaveanews.com\/#organization\"}},{\"@type\":\"WebPage\",\"@id\":\"https:\/\/www.gaveanews.com\/index.php\/2022\/09\/28\/marcos-braz-do-flamengo-cobra-atitude-das-autoridades-veja-publicacao\/\",\"url\":\"https:\/\/www.gaveanews.com\/index.php\/2022\/09\/28\/marcos-braz-do-flamengo-cobra-atitude-das-autoridades-veja-publicacao\/\",\"name\":\"Marcos Braz, do Flamengo, cobra atitude das autoridades; veja publica\u00e7\u00e3o\",\"isPartOf\":{\"@id\":\"https:\/\/www.gaveanews.com\/#website\"},\"primaryImageOfPage\":{\"@id\":\"https:\/\/www.gaveanews.com\/index.php\/2022\/09\/28\/marcos-braz-do-flamengo-cobra-atitude-das-autoridades-veja-publicacao\/#primaryimage\"},\"image\":{\"@id\":\"https:\/\/www.gaveanews.com\/index.php\/2022\/09\/28\/marcos-braz-do-flamengo-cobra-atitude-das-autoridades-veja-publicacao\/#primaryimage\"},\"thumbnailUrl\":\"https:\/\/www.gaveanews.com\/wp-content\/uploads\/Marcos-Braz-em-jogo-do-Flamengo-no-Maracana.webp\",\"datePublished\":\"2022-09-28T14:05:16+00:00\",\"dateModified\":\"2022-09-28T14:05:17+00:00\",\"author\":{\"@id\":\"https:\/\/www.gaveanews.com\/#\/schema\/person\/714c67050b836198af2450ba1c142a67\"},\"breadcrumb\":{\"@id\":\"https:\/\/www.gaveanews.com\/index.php\/2022\/09\/28\/marcos-braz-do-flamengo-cobra-atitude-das-autoridades-veja-publicacao\/#breadcrumb\"},\"inLanguage\":\"pt-BR\",\"potentialAction\":[{\"@type\":\"ReadAction\",\"target\":[\"https:\/\/www.gaveanews.com\/index.php\/2022\/09\/28\/marcos-braz-do-flamengo-cobra-atitude-das-autoridades-veja-publicacao\/\"]}]},{\"@type\":\"ImageObject\",\"inLanguage\":\"pt-BR\",\"@id\":\"https:\/\/www.gaveanews.com\/index.php\/2022\/09\/28\/marcos-braz-do-flamengo-cobra-atitude-das-autoridades-veja-publicacao\/#primaryimage\",\"url\":\"https:\/\/www.gaveanews.com\/wp-content\/uploads\/Marcos-Braz-em-jogo-do-Flamengo-no-Maracana.webp\",\"contentUrl\":\"https:\/\/www.gaveanews.com\/wp-content\/uploads\/Marcos-Braz-em-jogo-do-Flamengo-no-Maracana.webp\",\"width\":799,\"height\":533,\"caption\":\"Marcos Braz e Fabinho em jogo do Flamengo no Maracan\u00e3 (Foto: Alexandre Vidal\/Flamengo)\"},{\"@type\":\"BreadcrumbList\",\"@id\":\"https:\/\/www.gaveanews.com\/index.php\/2022\/09\/28\/marcos-braz-do-flamengo-cobra-atitude-das-autoridades-veja-publicacao\/#breadcrumb\",\"itemListElement\":[{\"@type\":\"ListItem\",\"position\":1,\"name\":\"Home\",\"item\":\"https:\/\/www.gaveanews.com\/\"},{\"@type\":\"ListItem\",\"position\":2,\"name\":\"Marcos Braz, do Flamengo, cobra atitude das autoridades; veja publica\u00e7\u00e3o\"}]},{\"@type\":\"WebSite\",\"@id\":\"https:\/\/www.gaveanews.com\/#website\",\"url\":\"https:\/\/www.gaveanews.com\/\",\"name\":\"G\u00e1vea News\",\"description\":\"Veja todas as not\u00edcias sobre o Flamengo: Contrata\u00e7\u00f5es, categorias de base, resultados das partidas, tabela de classifica\u00e7\u00e3o, pr\u00f3ximos jogos!\",\"potentialAction\":[{\"@type\":\"SearchAction\",\"target\":{\"@type\":\"EntryPoint\",\"urlTemplate\":\"https:\/\/www.gaveanews.com\/?s={search_term_string}\"},\"query-input\":{\"@type\":\"PropertyValueSpecification\",\"valueRequired\":true,\"valueName\":\"search_term_string\"}}],\"inLanguage\":\"pt-BR\"},{\"@type\":\"Person\",\"@id\":\"https:\/\/www.gaveanews.com\/#\/schema\/person\/714c67050b836198af2450ba1c142a67\",\"name\":\"Let\u00edcia Gerheim\",\"image\":{\"@type\":\"ImageObject\",\"inLanguage\":\"pt-BR\",\"@id\":\"https:\/\/www.gaveanews.com\/#\/schema\/person\/image\/\",\"url\":\"https:\/\/secure.gravatar.com\/avatar\/60734739c50fcebfbac509e2a826ccd0ff405c019bc73aab9354f19ecad1dcb4?s=96&d=mm&r=g\",\"contentUrl\":\"https:\/\/secure.gravatar.com\/avatar\/60734739c50fcebfbac509e2a826ccd0ff405c019bc73aab9354f19ecad1dcb4?s=96&d=mm&r=g\",\"caption\":\"Let\u00edcia Gerheim\"}}]}<\/script>\n<!-- \/ Yoast SEO Premium plugin. -->","yoast_head_json":{"title":"Marcos Braz, do Flamengo, cobra atitude das autoridades; veja publica\u00e7\u00e3o","robots":{"index":"index","follow":"follow","max-snippet":"max-snippet:-1","max-image-preview":"max-image-preview:large","max-video-preview":"max-video-preview:-1"},"canonical":"https:\/\/www.gaveanews.com\/index.php\/2022\/09\/28\/marcos-braz-do-flamengo-cobra-atitude-das-autoridades-veja-publicacao\/","og_locale":"pt_BR","og_type":"article","og_title":"Marcos Braz, do Flamengo, cobra atitude das autoridades; veja publica\u00e7\u00e3o","og_description":"Na v\u00e9spera do retorno do Flamengo aos gramados, a Sele\u00e7\u00e3o Brasileira enfrentou a Tun\u00edsia no \u00faltimo amistoso antes da Copa do Mundo do Qatar. O Rubro-Negro teve um representante acionado por Tite na partida. Pedro atuou durante todo o segundo tempo e marcou o gol que fechou a conta no Parque dos Pr\u00edncipes. Antes do [&hellip;]","og_url":"https:\/\/www.gaveanews.com\/index.php\/2022\/09\/28\/marcos-braz-do-flamengo-cobra-atitude-das-autoridades-veja-publicacao\/","og_site_name":"G\u00e1vea News","article_publisher":"https:\/\/facebook.com\/gaveaNews\/","article_published_time":"2022-09-28T14:05:16+00:00","article_modified_time":"2022-09-28T14:05:17+00:00","og_image":[{"width":799,"height":533,"url":"https:\/\/www.gaveanews.com\/wp-content\/uploads\/Marcos-Braz-em-jogo-do-Flamengo-no-Maracana.webp","type":"image\/jpeg"}],"author":"Let\u00edcia Gerheim","twitter_card":"summary_large_image","twitter_misc":{"Escrito por":"Let\u00edcia Gerheim","Est. tempo de leitura":"2 minutos"},"schema":{"@context":"https:\/\/schema.org","@graph":[{"@type":"NewsArticle","@id":"https:\/\/www.gaveanews.com\/index.php\/2022\/09\/28\/marcos-braz-do-flamengo-cobra-atitude-das-autoridades-veja-publicacao\/#article","isPartOf":{"@id":"https:\/\/www.gaveanews.com\/index.php\/2022\/09\/28\/marcos-braz-do-flamengo-cobra-atitude-das-autoridades-veja-publicacao\/"},"author":{"name":"Let\u00edcia Gerheim","@id":"https:\/\/www.gaveanews.com\/#\/schema\/person\/714c67050b836198af2450ba1c142a67"},"headline":"Marcos Braz, do Flamengo, cobra atitude das autoridades; veja publica\u00e7\u00e3o","datePublished":"2022-09-28T14:05:16+00:00","dateModified":"2022-09-28T14:05:17+00:00","mainEntityOfPage":{"@id":"https:\/\/www.gaveanews.com\/index.php\/2022\/09\/28\/marcos-braz-do-flamengo-cobra-atitude-das-autoridades-veja-publicacao\/"},"wordCount":231,"commentCount":0,"image":{"@id":"https:\/\/www.gaveanews.com\/index.php\/2022\/09\/28\/marcos-braz-do-flamengo-cobra-atitude-das-autoridades-veja-publicacao\/#primaryimage"},"thumbnailUrl":"https:\/\/www.gaveanews.com\/wp-content\/uploads\/Marcos-Braz-em-jogo-do-Flamengo-no-Maracana.webp","articleSection":["Flamengo"],"inLanguage":"pt-BR","potentialAction":[{"@type":"CommentAction","name":"Comment","target":["https:\/\/www.gaveanews.com\/index.php\/2022\/09\/28\/marcos-braz-do-flamengo-cobra-atitude-das-autoridades-veja-publicacao\/#respond"]}],"copyrightYear":"2022","copyrightHolder":{"@id":"https:\/\/www.gaveanews.com\/#organization"}},{"@type":"WebPage","@id":"https:\/\/www.gaveanews.com\/index.php\/2022\/09\/28\/marcos-braz-do-flamengo-cobra-atitude-das-autoridades-veja-publicacao\/","url":"https:\/\/www.gaveanews.com\/index.php\/2022\/09\/28\/marcos-braz-do-flamengo-cobra-atitude-das-autoridades-veja-publicacao\/","name":"Marcos Braz, do Flamengo, cobra atitude das autoridades; veja publica\u00e7\u00e3o","isPartOf":{"@id":"https:\/\/www.gaveanews.com\/#website"},"primaryImageOfPage":{"@id":"https:\/\/www.gaveanews.com\/index.php\/2022\/09\/28\/marcos-braz-do-flamengo-cobra-atitude-das-autoridades-veja-publicacao\/#primaryimage"},"image":{"@id":"https:\/\/www.gaveanews.com\/index.php\/2022\/09\/28\/marcos-braz-do-flamengo-cobra-atitude-das-autoridades-veja-publicacao\/#primaryimage"},"thumbnailUrl":"https:\/\/www.gaveanews.com\/wp-content\/uploads\/Marcos-Braz-em-jogo-do-Flamengo-no-Maracana.webp","datePublished":"2022-09-28T14:05:16+00:00","dateModified":"2022-09-28T14:05:17+00:00","author":{"@id":"https:\/\/www.gaveanews.com\/#\/schema\/person\/714c67050b836198af2450ba1c142a67"},"breadcrumb":{"@id":"https:\/\/www.gaveanews.com\/index.php\/2022\/09\/28\/marcos-braz-do-flamengo-cobra-atitude-das-autoridades-veja-publicacao\/#breadcrumb"},"inLanguage":"pt-BR","potentialAction":[{"@type":"ReadAction","target":["https:\/\/www.gaveanews.com\/index.php\/2022\/09\/28\/marcos-braz-do-flamengo-cobra-atitude-das-autoridades-veja-publicacao\/"]}]},{"@type":"ImageObject","inLanguage":"pt-BR","@id":"https:\/\/www.gaveanews.com\/index.php\/2022\/09\/28\/marcos-braz-do-flamengo-cobra-atitude-das-autoridades-veja-publicacao\/#primaryimage","url":"https:\/\/www.gaveanews.com\/wp-content\/uploads\/Marcos-Braz-em-jogo-do-Flamengo-no-Maracana.webp","contentUrl":"https:\/\/www.gaveanews.com\/wp-content\/uploads\/Marcos-Braz-em-jogo-do-Flamengo-no-Maracana.webp","width":799,"height":533,"caption":"Marcos Braz e Fabinho em jogo do Flamengo no Maracan\u00e3 (Foto: Alexandre Vidal\/Flamengo)"},{"@type":"BreadcrumbList","@id":"https:\/\/www.gaveanews.com\/index.php\/2022\/09\/28\/marcos-braz-do-flamengo-cobra-atitude-das-autoridades-veja-publicacao\/#breadcrumb","itemListElement":[{"@type":"ListItem","position":1,"name":"Home","item":"https:\/\/www.gaveanews.com\/"},{"@type":"ListItem","position":2,"name":"Marcos Braz, do Flamengo, cobra atitude das autoridades; veja publica\u00e7\u00e3o"}]},{"@type":"WebSite","@id":"https:\/\/www.gaveanews.com\/#website","url":"https:\/\/www.gaveanews.com\/","name":"G\u00e1vea News","description":"Veja todas as not\u00edcias sobre o Flamengo: Contrata\u00e7\u00f5es, categorias de base, resultados das partidas, tabela de classifica\u00e7\u00e3o, pr\u00f3ximos jogos!","potentialAction":[{"@type":"SearchAction","target":{"@type":"EntryPoint","urlTemplate":"https:\/\/www.gaveanews.com\/?s={search_term_string}"},"query-input":{"@type":"PropertyValueSpecification","valueRequired":true,"valueName":"search_term_string"}}],"inLanguage":"pt-BR"},{"@type":"Person","@id":"https:\/\/www.gaveanews.com\/#\/schema\/person\/714c67050b836198af2450ba1c142a67","name":"Let\u00edcia Gerheim","image":{"@type":"ImageObject","inLanguage":"pt-BR","@id":"https:\/\/www.gaveanews.com\/#\/schema\/person\/image\/","url":"https:\/\/secure.gravatar.com\/avatar\/60734739c50fcebfbac509e2a826ccd0ff405c019bc73aab9354f19ecad1dcb4?s=96&d=mm&r=g","contentUrl":"https:\/\/secure.gravatar.com\/avatar\/60734739c50fcebfbac509e2a826ccd0ff405c019bc73aab9354f19ecad1dcb4?s=96&d=mm&r=g","caption":"Let\u00edcia Gerheim"}}]}},"_links":{"self":[{"href":"https:\/\/www.gaveanews.com\/index.php\/wp-json\/wp\/v2\/posts\/88211","targetHints":{"allow":["GET"]}}],"collection":[{"href":"https:\/\/www.gaveanews.com\/index.php\/wp-json\/wp\/v2\/posts"}],"about":[{"href":"https:\/\/www.gaveanews.com\/index.php\/wp-json\/wp\/v2\/types\/post"}],"author":[{"embeddable":true,"href":"https:\/\/www.gaveanews.com\/index.php\/wp-json\/wp\/v2\/users\/4"}],"replies":[{"embeddable":true,"href":"https:\/\/www.gaveanews.com\/index.php\/wp-json\/wp\/v2\/comments?post=88211"}],"version-history":[{"count":0,"href":"https:\/\/www.gaveanews.com\/index.php\/wp-json\/wp\/v2\/posts\/88211\/revisions"}],"wp:featuredmedia":[{"embeddable":true,"href":"https:\/\/www.gaveanews.com\/index.php\/wp-json\/wp\/v2\/media\/85774"}],"wp:attachment":[{"href":"https:\/\/www.gaveanews.com\/index.php\/wp-json\/wp\/v2\/media?parent=88211"}],"wp:term":[{"taxonomy":"category","embeddable":true,"href":"https:\/\/www.gaveanews.com\/index.php\/wp-json\/wp\/v2\/categories?post=88211"},{"taxonomy":"post_tag","embeddable":true,"href":"https:\/\/www.gaveanews.com\/index.php\/wp-json\/wp\/v2\/tags?post=88211"}],"curies":[{"name":"wp","href":"https:\/\/api.w.org\/{rel}","templated":true}]}}