{"id":88230,"date":"2022-09-28T18:33:48","date_gmt":"2022-09-28T21:33:48","guid":{"rendered":"https:\/\/www.gaveanews.com\/?p=88230"},"modified":"2022-09-28T18:33:50","modified_gmt":"2022-09-28T21:33:50","slug":"empresa-comete-gafe-e-coloca-ex-atacante-do-palmeiras-no-flamengo","status":"publish","type":"post","link":"https:\/\/www.gaveanews.com\/index.php\/2022\/09\/28\/empresa-comete-gafe-e-coloca-ex-atacante-do-palmeiras-no-flamengo\/","title":{"rendered":"Empresa comete gafe e coloca ex-atacante do Palmeiras no Flamengo"},"content":{"rendered":"\n<p>No FIFA 23, jogo eletr\u00f4nico de futebol da EA Sports, a empresa criou, para o Flamengo, o jogador gen\u00e9rico Deiverson, um quase hom\u00f4nimo do atacante Deyverson, ex-Palmeiras, autor do gol do t\u00edtulo do Verd\u00e3o na final da Libertadores em 2021, conquistada em cima do clube carioca.<\/p>\n\n\n\n<p>Sem o Campeonato Brasileiro licenciado, o futebol nacional ser\u00e1 representado apenas pelas equipes classificadas para as competi\u00e7\u00f5es da Conmebol (Libertadores e Sul-Americana).<\/p>\n\n\n\n<p>Assim como nas \u00faltimas edi\u00e7\u00f5es do game, os times brasileiros n\u00e3o possuem jogadores reais, sendo criados atletas gen\u00e9ricos pela desenvolvedora do jogo.<\/p>\n\n\n\n<p>Por\u00e9m, a EA Sports parece n\u00e3o ter levado em conta o feito do ex-camisa 9 palmeirense ao incluir um Deiverson Kaio no elenco fict\u00edcio do rubro-negro no game.<\/p>\n\n\n\n<figure class=\"wp-block-embed is-type-rich is-provider-twitter wp-block-embed-twitter\"><div class=\"wp-block-embed__wrapper\">\n<blockquote class=\"twitter-tweet\" data-width=\"550\" data-dnt=\"true\"><p lang=\"pt\" dir=\"ltr\">Mano e o FIFA 23 que meteu um jogador chamado DEIVERSON no Flamengo como jogador gen\u00e9rico kkkkkkkkkkkkkkkkkkkkkkkkkk <a href=\"https:\/\/t.co\/zXnV5pzp0J\">pic.twitter.com\/zXnV5pzp0J<\/a><\/p>&mdash; JeAraujo (@_jearaujo) <a href=\"https:\/\/twitter.com\/_jearaujo\/status\/1575127684773978112?ref_src=twsrc%5Etfw\">September 28, 2022<\/a><\/blockquote><script async src=\"https:\/\/platform.twitter.com\/widgets.js\" charset=\"utf-8\"><\/script>\n<\/div><\/figure>\n\n\n\n<p>O gol de Deyverson n\u00e3o s\u00f3 ficou marcado pelo t\u00edtulo da decis\u00e3o continental, mas pelo fato dele ter se consolidado como um personagem do futebol brasileiro. Na partida diante do Flamengo, ele entrou na prorroga\u00e7\u00e3o, fez o gol do tri alviverde e ainda provocou os atletas e torcedores rivais.<\/p>\n\n\n\n<p>Desde o FIFA 20, a EA Sports t\u00eam as Copas Libertadores e Sul-Americana licenciadas, ou seja, o game pode utilizar as equipes, os escudos e os uniformes oficiais dos brasileiros presentes nas competi\u00e7\u00f5es.<\/p>\n\n\n\n<p>Atualmente, Deyverson \u00e9 jogador do Cuiab\u00e1. Ele encerrou a sua passagem pelo Palmeiras no dia 30 de junho deste ano. O atleta caiu nas gra\u00e7as da torcida pela sua personalidade em campo e, sobretudo, pelos gols de t\u00edtulo do Brasileiro 2018 e da Libertadores 2021.<\/p>\n\n\n\n<p>Retirado de: Lance<\/p>\n","protected":false},"excerpt":{"rendered":"<p>No FIFA 23, jogo eletr\u00f4nico de futebol da EA Sports, a empresa criou, para o Flamengo, o jogador gen\u00e9rico Deiverson, um quase hom\u00f4nimo do atacante Deyverson, ex-Palmeiras, autor do gol do t\u00edtulo do Verd\u00e3o na final da Libertadores em 2021, conquistada em cima do clube carioca. Sem o Campeonato Brasileiro licenciado, o futebol nacional ser\u00e1 [&hellip;]<\/p>\n","protected":false},"author":1,"featured_media":15081,"comment_status":"open","ping_status":"closed","sticky":false,"template":"","format":"standard","meta":{"footnotes":""},"categories":[1],"tags":[],"class_list":["post-88230","post","type-post","status-publish","format-standard","has-post-thumbnail","hentry","category-flamengo"],"yoast_head":"<!-- This site is optimized with the Yoast SEO Premium plugin v24.2 (Yoast SEO v26.9) - https:\/\/yoast.com\/product\/yoast-seo-premium-wordpress\/ -->\n<title>Empresa comete gafe e coloca ex-atacante do Palmeiras no Flamengo<\/title>\n<meta name=\"robots\" content=\"index, follow, max-snippet:-1, max-image-preview:large, max-video-preview:-1\" \/>\n<link rel=\"canonical\" href=\"https:\/\/www.gaveanews.com\/index.php\/2022\/09\/28\/empresa-comete-gafe-e-coloca-ex-atacante-do-palmeiras-no-flamengo\/\" \/>\n<meta property=\"og:locale\" content=\"pt_BR\" \/>\n<meta property=\"og:type\" content=\"article\" \/>\n<meta property=\"og:title\" content=\"Empresa comete gafe e coloca ex-atacante do Palmeiras no Flamengo\" \/>\n<meta property=\"og:description\" content=\"No FIFA 23, jogo eletr\u00f4nico de futebol da EA Sports, a empresa criou, para o Flamengo, o jogador gen\u00e9rico Deiverson, um quase hom\u00f4nimo do atacante Deyverson, ex-Palmeiras, autor do gol do t\u00edtulo do Verd\u00e3o na final da Libertadores em 2021, conquistada em cima do clube carioca. Sem o Campeonato Brasileiro licenciado, o futebol nacional ser\u00e1 [&hellip;]\" \/>\n<meta property=\"og:url\" content=\"https:\/\/www.gaveanews.com\/index.php\/2022\/09\/28\/empresa-comete-gafe-e-coloca-ex-atacante-do-palmeiras-no-flamengo\/\" \/>\n<meta property=\"og:site_name\" content=\"G\u00e1vea News\" \/>\n<meta property=\"article:publisher\" content=\"https:\/\/facebook.com\/gaveaNews\/\" \/>\n<meta property=\"article:published_time\" content=\"2022-09-28T21:33:48+00:00\" \/>\n<meta property=\"article:modified_time\" content=\"2022-09-28T21:33:50+00:00\" \/>\n<meta property=\"og:image\" content=\"https:\/\/www.gaveanews.com\/wp-content\/uploads\/2019\/03\/Escudo-do-Flamengo-e-exposto-proximo-a-um-dos-gols-no-gramado-do-Maracana.webp\" \/>\n\t<meta property=\"og:image:width\" content=\"1\" \/>\n\t<meta property=\"og:image:height\" content=\"1\" \/>\n\t<meta property=\"og:image:type\" content=\"image\/jpeg\" \/>\n<meta name=\"author\" content=\"Equipe G\u00e1vea News\" \/>\n<meta name=\"twitter:card\" content=\"summary_large_image\" \/>\n<meta name=\"twitter:label1\" content=\"Escrito por\" \/>\n\t<meta name=\"twitter:data1\" content=\"Equipe G\u00e1vea News\" \/>\n\t<meta name=\"twitter:label2\" content=\"Est. tempo de leitura\" \/>\n\t<meta name=\"twitter:data2\" content=\"2 minutos\" \/>\n<script type=\"application\/ld+json\" class=\"yoast-schema-graph\">{\"@context\":\"https:\/\/schema.org\",\"@graph\":[{\"@type\":\"NewsArticle\",\"@id\":\"https:\/\/www.gaveanews.com\/index.php\/2022\/09\/28\/empresa-comete-gafe-e-coloca-ex-atacante-do-palmeiras-no-flamengo\/#article\",\"isPartOf\":{\"@id\":\"https:\/\/www.gaveanews.com\/index.php\/2022\/09\/28\/empresa-comete-gafe-e-coloca-ex-atacante-do-palmeiras-no-flamengo\/\"},\"author\":{\"name\":\"Equipe G\u00e1vea News\",\"@id\":\"https:\/\/www.gaveanews.com\/#\/schema\/person\/2ec14f73fb96be2caf28f91afb14749d\"},\"headline\":\"Empresa comete gafe e coloca ex-atacante do Palmeiras no Flamengo\",\"datePublished\":\"2022-09-28T21:33:48+00:00\",\"dateModified\":\"2022-09-28T21:33:50+00:00\",\"mainEntityOfPage\":{\"@id\":\"https:\/\/www.gaveanews.com\/index.php\/2022\/09\/28\/empresa-comete-gafe-e-coloca-ex-atacante-do-palmeiras-no-flamengo\/\"},\"wordCount\":275,\"commentCount\":0,\"image\":{\"@id\":\"https:\/\/www.gaveanews.com\/index.php\/2022\/09\/28\/empresa-comete-gafe-e-coloca-ex-atacante-do-palmeiras-no-flamengo\/#primaryimage\"},\"thumbnailUrl\":\"https:\/\/www.gaveanews.com\/wp-content\/uploads\/2019\/03\/Escudo-do-Flamengo-e-exposto-proximo-a-um-dos-gols-no-gramado-do-Maracana.webp\",\"articleSection\":[\"Flamengo\"],\"inLanguage\":\"pt-BR\",\"potentialAction\":[{\"@type\":\"CommentAction\",\"name\":\"Comment\",\"target\":[\"https:\/\/www.gaveanews.com\/index.php\/2022\/09\/28\/empresa-comete-gafe-e-coloca-ex-atacante-do-palmeiras-no-flamengo\/#respond\"]}],\"copyrightYear\":\"2022\",\"copyrightHolder\":{\"@id\":\"https:\/\/www.gaveanews.com\/#organization\"}},{\"@type\":\"WebPage\",\"@id\":\"https:\/\/www.gaveanews.com\/index.php\/2022\/09\/28\/empresa-comete-gafe-e-coloca-ex-atacante-do-palmeiras-no-flamengo\/\",\"url\":\"https:\/\/www.gaveanews.com\/index.php\/2022\/09\/28\/empresa-comete-gafe-e-coloca-ex-atacante-do-palmeiras-no-flamengo\/\",\"name\":\"Empresa comete gafe e coloca ex-atacante do Palmeiras no Flamengo\",\"isPartOf\":{\"@id\":\"https:\/\/www.gaveanews.com\/#website\"},\"primaryImageOfPage\":{\"@id\":\"https:\/\/www.gaveanews.com\/index.php\/2022\/09\/28\/empresa-comete-gafe-e-coloca-ex-atacante-do-palmeiras-no-flamengo\/#primaryimage\"},\"image\":{\"@id\":\"https:\/\/www.gaveanews.com\/index.php\/2022\/09\/28\/empresa-comete-gafe-e-coloca-ex-atacante-do-palmeiras-no-flamengo\/#primaryimage\"},\"thumbnailUrl\":\"https:\/\/www.gaveanews.com\/wp-content\/uploads\/2019\/03\/Escudo-do-Flamengo-e-exposto-proximo-a-um-dos-gols-no-gramado-do-Maracana.webp\",\"datePublished\":\"2022-09-28T21:33:48+00:00\",\"dateModified\":\"2022-09-28T21:33:50+00:00\",\"author\":{\"@id\":\"https:\/\/www.gaveanews.com\/#\/schema\/person\/2ec14f73fb96be2caf28f91afb14749d\"},\"breadcrumb\":{\"@id\":\"https:\/\/www.gaveanews.com\/index.php\/2022\/09\/28\/empresa-comete-gafe-e-coloca-ex-atacante-do-palmeiras-no-flamengo\/#breadcrumb\"},\"inLanguage\":\"pt-BR\",\"potentialAction\":[{\"@type\":\"ReadAction\",\"target\":[\"https:\/\/www.gaveanews.com\/index.php\/2022\/09\/28\/empresa-comete-gafe-e-coloca-ex-atacante-do-palmeiras-no-flamengo\/\"]}]},{\"@type\":\"ImageObject\",\"inLanguage\":\"pt-BR\",\"@id\":\"https:\/\/www.gaveanews.com\/index.php\/2022\/09\/28\/empresa-comete-gafe-e-coloca-ex-atacante-do-palmeiras-no-flamengo\/#primaryimage\",\"url\":\"https:\/\/www.gaveanews.com\/wp-content\/uploads\/2019\/03\/Escudo-do-Flamengo-e-exposto-proximo-a-um-dos-gols-no-gramado-do-Maracana.webp\",\"contentUrl\":\"https:\/\/www.gaveanews.com\/wp-content\/uploads\/2019\/03\/Escudo-do-Flamengo-e-exposto-proximo-a-um-dos-gols-no-gramado-do-Maracana.webp\",\"caption\":\"Escudo do Flamengo \u00e9 exposto pr\u00f3ximo a um dos gols, no gramado do Maracan\u00e3 (Foto: Daniel Castelo Branco)\"},{\"@type\":\"BreadcrumbList\",\"@id\":\"https:\/\/www.gaveanews.com\/index.php\/2022\/09\/28\/empresa-comete-gafe-e-coloca-ex-atacante-do-palmeiras-no-flamengo\/#breadcrumb\",\"itemListElement\":[{\"@type\":\"ListItem\",\"position\":1,\"name\":\"Home\",\"item\":\"https:\/\/www.gaveanews.com\/\"},{\"@type\":\"ListItem\",\"position\":2,\"name\":\"Empresa comete gafe e coloca ex-atacante do Palmeiras no Flamengo\"}]},{\"@type\":\"WebSite\",\"@id\":\"https:\/\/www.gaveanews.com\/#website\",\"url\":\"https:\/\/www.gaveanews.com\/\",\"name\":\"G\u00e1vea News\",\"description\":\"Veja todas as not\u00edcias sobre o Flamengo: Contrata\u00e7\u00f5es, categorias de base, resultados das partidas, tabela de classifica\u00e7\u00e3o, pr\u00f3ximos jogos!\",\"potentialAction\":[{\"@type\":\"SearchAction\",\"target\":{\"@type\":\"EntryPoint\",\"urlTemplate\":\"https:\/\/www.gaveanews.com\/?s={search_term_string}\"},\"query-input\":{\"@type\":\"PropertyValueSpecification\",\"valueRequired\":true,\"valueName\":\"search_term_string\"}}],\"inLanguage\":\"pt-BR\"},{\"@type\":\"Person\",\"@id\":\"https:\/\/www.gaveanews.com\/#\/schema\/person\/2ec14f73fb96be2caf28f91afb14749d\",\"name\":\"Equipe G\u00e1vea News\",\"image\":{\"@type\":\"ImageObject\",\"inLanguage\":\"pt-BR\",\"@id\":\"https:\/\/www.gaveanews.com\/#\/schema\/person\/image\/\",\"url\":\"https:\/\/secure.gravatar.com\/avatar\/1e1956f1facbffd3f8fa53a326721950116b3b9dc9bd44939c01180fd4a745a9?s=96&d=mm&r=g\",\"contentUrl\":\"https:\/\/secure.gravatar.com\/avatar\/1e1956f1facbffd3f8fa53a326721950116b3b9dc9bd44939c01180fd4a745a9?s=96&d=mm&r=g\",\"caption\":\"Equipe G\u00e1vea News\"}}]}<\/script>\n<!-- \/ Yoast SEO Premium plugin. -->","yoast_head_json":{"title":"Empresa comete gafe e coloca ex-atacante do Palmeiras no Flamengo","robots":{"index":"index","follow":"follow","max-snippet":"max-snippet:-1","max-image-preview":"max-image-preview:large","max-video-preview":"max-video-preview:-1"},"canonical":"https:\/\/www.gaveanews.com\/index.php\/2022\/09\/28\/empresa-comete-gafe-e-coloca-ex-atacante-do-palmeiras-no-flamengo\/","og_locale":"pt_BR","og_type":"article","og_title":"Empresa comete gafe e coloca ex-atacante do Palmeiras no Flamengo","og_description":"No FIFA 23, jogo eletr\u00f4nico de futebol da EA Sports, a empresa criou, para o Flamengo, o jogador gen\u00e9rico Deiverson, um quase hom\u00f4nimo do atacante Deyverson, ex-Palmeiras, autor do gol do t\u00edtulo do Verd\u00e3o na final da Libertadores em 2021, conquistada em cima do clube carioca. Sem o Campeonato Brasileiro licenciado, o futebol nacional ser\u00e1 [&hellip;]","og_url":"https:\/\/www.gaveanews.com\/index.php\/2022\/09\/28\/empresa-comete-gafe-e-coloca-ex-atacante-do-palmeiras-no-flamengo\/","og_site_name":"G\u00e1vea News","article_publisher":"https:\/\/facebook.com\/gaveaNews\/","article_published_time":"2022-09-28T21:33:48+00:00","article_modified_time":"2022-09-28T21:33:50+00:00","og_image":[{"url":"https:\/\/www.gaveanews.com\/wp-content\/uploads\/2019\/03\/Escudo-do-Flamengo-e-exposto-proximo-a-um-dos-gols-no-gramado-do-Maracana.webp","width":1,"height":1,"type":"image\/jpeg"}],"author":"Equipe G\u00e1vea News","twitter_card":"summary_large_image","twitter_misc":{"Escrito por":"Equipe G\u00e1vea News","Est. tempo de leitura":"2 minutos"},"schema":{"@context":"https:\/\/schema.org","@graph":[{"@type":"NewsArticle","@id":"https:\/\/www.gaveanews.com\/index.php\/2022\/09\/28\/empresa-comete-gafe-e-coloca-ex-atacante-do-palmeiras-no-flamengo\/#article","isPartOf":{"@id":"https:\/\/www.gaveanews.com\/index.php\/2022\/09\/28\/empresa-comete-gafe-e-coloca-ex-atacante-do-palmeiras-no-flamengo\/"},"author":{"name":"Equipe G\u00e1vea News","@id":"https:\/\/www.gaveanews.com\/#\/schema\/person\/2ec14f73fb96be2caf28f91afb14749d"},"headline":"Empresa comete gafe e coloca ex-atacante do Palmeiras no Flamengo","datePublished":"2022-09-28T21:33:48+00:00","dateModified":"2022-09-28T21:33:50+00:00","mainEntityOfPage":{"@id":"https:\/\/www.gaveanews.com\/index.php\/2022\/09\/28\/empresa-comete-gafe-e-coloca-ex-atacante-do-palmeiras-no-flamengo\/"},"wordCount":275,"commentCount":0,"image":{"@id":"https:\/\/www.gaveanews.com\/index.php\/2022\/09\/28\/empresa-comete-gafe-e-coloca-ex-atacante-do-palmeiras-no-flamengo\/#primaryimage"},"thumbnailUrl":"https:\/\/www.gaveanews.com\/wp-content\/uploads\/2019\/03\/Escudo-do-Flamengo-e-exposto-proximo-a-um-dos-gols-no-gramado-do-Maracana.webp","articleSection":["Flamengo"],"inLanguage":"pt-BR","potentialAction":[{"@type":"CommentAction","name":"Comment","target":["https:\/\/www.gaveanews.com\/index.php\/2022\/09\/28\/empresa-comete-gafe-e-coloca-ex-atacante-do-palmeiras-no-flamengo\/#respond"]}],"copyrightYear":"2022","copyrightHolder":{"@id":"https:\/\/www.gaveanews.com\/#organization"}},{"@type":"WebPage","@id":"https:\/\/www.gaveanews.com\/index.php\/2022\/09\/28\/empresa-comete-gafe-e-coloca-ex-atacante-do-palmeiras-no-flamengo\/","url":"https:\/\/www.gaveanews.com\/index.php\/2022\/09\/28\/empresa-comete-gafe-e-coloca-ex-atacante-do-palmeiras-no-flamengo\/","name":"Empresa comete gafe e coloca ex-atacante do Palmeiras no Flamengo","isPartOf":{"@id":"https:\/\/www.gaveanews.com\/#website"},"primaryImageOfPage":{"@id":"https:\/\/www.gaveanews.com\/index.php\/2022\/09\/28\/empresa-comete-gafe-e-coloca-ex-atacante-do-palmeiras-no-flamengo\/#primaryimage"},"image":{"@id":"https:\/\/www.gaveanews.com\/index.php\/2022\/09\/28\/empresa-comete-gafe-e-coloca-ex-atacante-do-palmeiras-no-flamengo\/#primaryimage"},"thumbnailUrl":"https:\/\/www.gaveanews.com\/wp-content\/uploads\/2019\/03\/Escudo-do-Flamengo-e-exposto-proximo-a-um-dos-gols-no-gramado-do-Maracana.webp","datePublished":"2022-09-28T21:33:48+00:00","dateModified":"2022-09-28T21:33:50+00:00","author":{"@id":"https:\/\/www.gaveanews.com\/#\/schema\/person\/2ec14f73fb96be2caf28f91afb14749d"},"breadcrumb":{"@id":"https:\/\/www.gaveanews.com\/index.php\/2022\/09\/28\/empresa-comete-gafe-e-coloca-ex-atacante-do-palmeiras-no-flamengo\/#breadcrumb"},"inLanguage":"pt-BR","potentialAction":[{"@type":"ReadAction","target":["https:\/\/www.gaveanews.com\/index.php\/2022\/09\/28\/empresa-comete-gafe-e-coloca-ex-atacante-do-palmeiras-no-flamengo\/"]}]},{"@type":"ImageObject","inLanguage":"pt-BR","@id":"https:\/\/www.gaveanews.com\/index.php\/2022\/09\/28\/empresa-comete-gafe-e-coloca-ex-atacante-do-palmeiras-no-flamengo\/#primaryimage","url":"https:\/\/www.gaveanews.com\/wp-content\/uploads\/2019\/03\/Escudo-do-Flamengo-e-exposto-proximo-a-um-dos-gols-no-gramado-do-Maracana.webp","contentUrl":"https:\/\/www.gaveanews.com\/wp-content\/uploads\/2019\/03\/Escudo-do-Flamengo-e-exposto-proximo-a-um-dos-gols-no-gramado-do-Maracana.webp","caption":"Escudo do Flamengo \u00e9 exposto pr\u00f3ximo a um dos gols, no gramado do Maracan\u00e3 (Foto: Daniel Castelo Branco)"},{"@type":"BreadcrumbList","@id":"https:\/\/www.gaveanews.com\/index.php\/2022\/09\/28\/empresa-comete-gafe-e-coloca-ex-atacante-do-palmeiras-no-flamengo\/#breadcrumb","itemListElement":[{"@type":"ListItem","position":1,"name":"Home","item":"https:\/\/www.gaveanews.com\/"},{"@type":"ListItem","position":2,"name":"Empresa comete gafe e coloca ex-atacante do Palmeiras no Flamengo"}]},{"@type":"WebSite","@id":"https:\/\/www.gaveanews.com\/#website","url":"https:\/\/www.gaveanews.com\/","name":"G\u00e1vea News","description":"Veja todas as not\u00edcias sobre o Flamengo: Contrata\u00e7\u00f5es, categorias de base, resultados das partidas, tabela de classifica\u00e7\u00e3o, pr\u00f3ximos jogos!","potentialAction":[{"@type":"SearchAction","target":{"@type":"EntryPoint","urlTemplate":"https:\/\/www.gaveanews.com\/?s={search_term_string}"},"query-input":{"@type":"PropertyValueSpecification","valueRequired":true,"valueName":"search_term_string"}}],"inLanguage":"pt-BR"},{"@type":"Person","@id":"https:\/\/www.gaveanews.com\/#\/schema\/person\/2ec14f73fb96be2caf28f91afb14749d","name":"Equipe G\u00e1vea News","image":{"@type":"ImageObject","inLanguage":"pt-BR","@id":"https:\/\/www.gaveanews.com\/#\/schema\/person\/image\/","url":"https:\/\/secure.gravatar.com\/avatar\/1e1956f1facbffd3f8fa53a326721950116b3b9dc9bd44939c01180fd4a745a9?s=96&d=mm&r=g","contentUrl":"https:\/\/secure.gravatar.com\/avatar\/1e1956f1facbffd3f8fa53a326721950116b3b9dc9bd44939c01180fd4a745a9?s=96&d=mm&r=g","caption":"Equipe G\u00e1vea News"}}]}},"_links":{"self":[{"href":"https:\/\/www.gaveanews.com\/index.php\/wp-json\/wp\/v2\/posts\/88230","targetHints":{"allow":["GET"]}}],"collection":[{"href":"https:\/\/www.gaveanews.com\/index.php\/wp-json\/wp\/v2\/posts"}],"about":[{"href":"https:\/\/www.gaveanews.com\/index.php\/wp-json\/wp\/v2\/types\/post"}],"author":[{"embeddable":true,"href":"https:\/\/www.gaveanews.com\/index.php\/wp-json\/wp\/v2\/users\/1"}],"replies":[{"embeddable":true,"href":"https:\/\/www.gaveanews.com\/index.php\/wp-json\/wp\/v2\/comments?post=88230"}],"version-history":[{"count":0,"href":"https:\/\/www.gaveanews.com\/index.php\/wp-json\/wp\/v2\/posts\/88230\/revisions"}],"wp:featuredmedia":[{"embeddable":true,"href":"https:\/\/www.gaveanews.com\/index.php\/wp-json\/wp\/v2\/media\/15081"}],"wp:attachment":[{"href":"https:\/\/www.gaveanews.com\/index.php\/wp-json\/wp\/v2\/media?parent=88230"}],"wp:term":[{"taxonomy":"category","embeddable":true,"href":"https:\/\/www.gaveanews.com\/index.php\/wp-json\/wp\/v2\/categories?post=88230"},{"taxonomy":"post_tag","embeddable":true,"href":"https:\/\/www.gaveanews.com\/index.php\/wp-json\/wp\/v2\/tags?post=88230"}],"curies":[{"name":"wp","href":"https:\/\/api.w.org\/{rel}","templated":true}]}}