{"id":88239,"date":"2022-09-28T22:16:16","date_gmt":"2022-09-29T01:16:16","guid":{"rendered":"https:\/\/www.gaveanews.com\/?p=88239"},"modified":"2022-09-28T22:16:18","modified_gmt":"2022-09-29T01:16:18","slug":"dorival-junior-faz-promessa-para-a-torcida-do-flamengo","status":"publish","type":"post","link":"https:\/\/www.gaveanews.com\/index.php\/2022\/09\/28\/dorival-junior-faz-promessa-para-a-torcida-do-flamengo\/","title":{"rendered":"Dorival Junior faz promessa para a torcida do Flamengo"},"content":{"rendered":"\n<p>Em duelo v\u00e1lido pela 28\u00aa rodada do Campeonato Brasileiro, o Flamengo foi at\u00e9 o Castel\u00e3o e perdeu por 3 a 2 nesta quarta-feira para o Fortaleza.<\/p>\n\n\n\n<p>Quem saiu na frente foi o Fortaleza, com a &#8220;lei do ex&#8221;. Pedro Rocha fez bela jogada pela direita da defesa do Fla e completou para o fundo das redes de Santos.<\/p>\n\n\n\n<p>Sem o seu maior fazedor de gols do momento (Pedro), o Flamengo recorreu ao seu camisa 9 literal. E ele correspondeu. Gabigol decidiu com dois gols, aos 32 minutos com falha de Fernado Miguel, e aos 50 do primeiro tempo, de p\u00eanalti.<\/p>\n\n\n\n<p>Depois de levar a virada, o Fortaleza voltou a empatar, novamente com Pedro Rocha, aos 6 minutos do segundo tempo. E aos 49 minutos da etapa final, o time da casa fez o gol da virada com Caio Alexandre.<\/p>\n\n\n\n<p>Por conta da Data Fifa, Dorival Jr. escalou um time misto, sem diversas das suas estrelas que estavam defendendo suas sele\u00e7\u00f5es nos \u00faltimos dias: casos de Pedro, Everton Ribeiro, Vidal, Arrascaeta, Pulgar e Varela. Al\u00e9m disso, Cebolinha e Marinho estavam suspensos.<\/p>\n\n\n\n<p>&#8220;Primeiro, at\u00e9 os 50 minutos do segundo tempo, est\u00e1vamos dentro dos tr\u00eas campeonatos. N\u00e3o \u00e9 um motivo para se pensar dessa maneira. Estamos disputando todas as competi\u00e7\u00f5es. Equipe vinha jogando muito bem, se superando pela falta de atletas, encontrando caminhos, mandando na partida, posse de bola interessante. Ent\u00e3o, n\u00e3o tem motivo para falarmos, o torcedor est\u00e1 apreensivo por causa disso? N\u00e3o. Tomamos uma virada por jogadas pontuais. N\u00e3o por desleixo coletivo. O torcedor pode acreditar, coisas boas v\u00e3o acontecer. Estamos preparados para toda e qualquer situa\u00e7\u00e3o. N\u00e3o ficaremos devendo. Essa equipe vai entregar coisas muito boas&#8221;.<\/p>\n\n\n\n<p>J\u00e1 praticamente sem chances de t\u00edtulo no Brasileir\u00e3o, estando 12 pontos atr\u00e1s do l\u00edder Palmeiras, o Flamengo foca nas finais da Copa do Brasil contra o Corinthians, que come\u00e7a dia 12, e na decis\u00e3o da Conmebol Libertadores contra o Athletico-PR, no dia 29 de outubro, em Guayaquil<\/p>\n\n\n\n<p>Retirado de: ESPN<\/p>\n","protected":false},"excerpt":{"rendered":"<p>Em duelo v\u00e1lido pela 28\u00aa rodada do Campeonato Brasileiro, o Flamengo foi at\u00e9 o Castel\u00e3o e perdeu por 3 a 2 nesta quarta-feira para o Fortaleza. Quem saiu na frente foi o Fortaleza, com a &#8220;lei do ex&#8221;. Pedro Rocha fez bela jogada pela direita da defesa do Fla e completou para o fundo das [&hellip;]<\/p>\n","protected":false},"author":1,"featured_media":86780,"comment_status":"open","ping_status":"closed","sticky":false,"template":"","format":"standard","meta":{"footnotes":""},"categories":[1],"tags":[],"class_list":["post-88239","post","type-post","status-publish","format-standard","has-post-thumbnail","hentry","category-flamengo"],"yoast_head":"<!-- This site is optimized with the Yoast SEO Premium plugin v24.2 (Yoast SEO v26.9) - https:\/\/yoast.com\/product\/yoast-seo-premium-wordpress\/ -->\n<title>Dorival Junior faz promessa para a torcida do Flamengo<\/title>\n<meta name=\"robots\" content=\"index, follow, max-snippet:-1, max-image-preview:large, max-video-preview:-1\" \/>\n<link rel=\"canonical\" href=\"https:\/\/www.gaveanews.com\/index.php\/2022\/09\/28\/dorival-junior-faz-promessa-para-a-torcida-do-flamengo\/\" \/>\n<meta property=\"og:locale\" content=\"pt_BR\" \/>\n<meta property=\"og:type\" content=\"article\" \/>\n<meta property=\"og:title\" content=\"Dorival Junior faz promessa para a torcida do Flamengo\" \/>\n<meta property=\"og:description\" content=\"Em duelo v\u00e1lido pela 28\u00aa rodada do Campeonato Brasileiro, o Flamengo foi at\u00e9 o Castel\u00e3o e perdeu por 3 a 2 nesta quarta-feira para o Fortaleza. Quem saiu na frente foi o Fortaleza, com a &#8220;lei do ex&#8221;. Pedro Rocha fez bela jogada pela direita da defesa do Fla e completou para o fundo das [&hellip;]\" \/>\n<meta property=\"og:url\" content=\"https:\/\/www.gaveanews.com\/index.php\/2022\/09\/28\/dorival-junior-faz-promessa-para-a-torcida-do-flamengo\/\" \/>\n<meta property=\"og:site_name\" content=\"G\u00e1vea News\" \/>\n<meta property=\"article:publisher\" content=\"https:\/\/facebook.com\/gaveaNews\/\" \/>\n<meta property=\"article:published_time\" content=\"2022-09-29T01:16:16+00:00\" \/>\n<meta property=\"article:modified_time\" content=\"2022-09-29T01:16:18+00:00\" \/>\n<meta property=\"og:image\" content=\"https:\/\/www.gaveanews.com\/wp-content\/uploads\/Dorival-Junior-em-Velez-x-Flamengo-pela-Libertadores.webp\" \/>\n\t<meta property=\"og:image:width\" content=\"800\" \/>\n\t<meta property=\"og:image:height\" content=\"533\" \/>\n\t<meta property=\"og:image:type\" content=\"image\/jpeg\" \/>\n<meta name=\"author\" content=\"Equipe G\u00e1vea News\" \/>\n<meta name=\"twitter:card\" content=\"summary_large_image\" \/>\n<meta name=\"twitter:label1\" content=\"Escrito por\" \/>\n\t<meta name=\"twitter:data1\" content=\"Equipe G\u00e1vea News\" \/>\n\t<meta name=\"twitter:label2\" content=\"Est. tempo de leitura\" \/>\n\t<meta name=\"twitter:data2\" content=\"2 minutos\" \/>\n<script type=\"application\/ld+json\" class=\"yoast-schema-graph\">{\"@context\":\"https:\/\/schema.org\",\"@graph\":[{\"@type\":\"NewsArticle\",\"@id\":\"https:\/\/www.gaveanews.com\/index.php\/2022\/09\/28\/dorival-junior-faz-promessa-para-a-torcida-do-flamengo\/#article\",\"isPartOf\":{\"@id\":\"https:\/\/www.gaveanews.com\/index.php\/2022\/09\/28\/dorival-junior-faz-promessa-para-a-torcida-do-flamengo\/\"},\"author\":{\"name\":\"Equipe G\u00e1vea News\",\"@id\":\"https:\/\/www.gaveanews.com\/#\/schema\/person\/2ec14f73fb96be2caf28f91afb14749d\"},\"headline\":\"Dorival Junior faz promessa para a torcida do Flamengo\",\"datePublished\":\"2022-09-29T01:16:16+00:00\",\"dateModified\":\"2022-09-29T01:16:18+00:00\",\"mainEntityOfPage\":{\"@id\":\"https:\/\/www.gaveanews.com\/index.php\/2022\/09\/28\/dorival-junior-faz-promessa-para-a-torcida-do-flamengo\/\"},\"wordCount\":344,\"commentCount\":0,\"image\":{\"@id\":\"https:\/\/www.gaveanews.com\/index.php\/2022\/09\/28\/dorival-junior-faz-promessa-para-a-torcida-do-flamengo\/#primaryimage\"},\"thumbnailUrl\":\"https:\/\/www.gaveanews.com\/wp-content\/uploads\/Dorival-Junior-em-Velez-x-Flamengo-pela-Libertadores.webp\",\"articleSection\":[\"Flamengo\"],\"inLanguage\":\"pt-BR\",\"potentialAction\":[{\"@type\":\"CommentAction\",\"name\":\"Comment\",\"target\":[\"https:\/\/www.gaveanews.com\/index.php\/2022\/09\/28\/dorival-junior-faz-promessa-para-a-torcida-do-flamengo\/#respond\"]}],\"copyrightYear\":\"2022\",\"copyrightHolder\":{\"@id\":\"https:\/\/www.gaveanews.com\/#organization\"}},{\"@type\":\"WebPage\",\"@id\":\"https:\/\/www.gaveanews.com\/index.php\/2022\/09\/28\/dorival-junior-faz-promessa-para-a-torcida-do-flamengo\/\",\"url\":\"https:\/\/www.gaveanews.com\/index.php\/2022\/09\/28\/dorival-junior-faz-promessa-para-a-torcida-do-flamengo\/\",\"name\":\"Dorival Junior faz promessa para a torcida do Flamengo\",\"isPartOf\":{\"@id\":\"https:\/\/www.gaveanews.com\/#website\"},\"primaryImageOfPage\":{\"@id\":\"https:\/\/www.gaveanews.com\/index.php\/2022\/09\/28\/dorival-junior-faz-promessa-para-a-torcida-do-flamengo\/#primaryimage\"},\"image\":{\"@id\":\"https:\/\/www.gaveanews.com\/index.php\/2022\/09\/28\/dorival-junior-faz-promessa-para-a-torcida-do-flamengo\/#primaryimage\"},\"thumbnailUrl\":\"https:\/\/www.gaveanews.com\/wp-content\/uploads\/Dorival-Junior-em-Velez-x-Flamengo-pela-Libertadores.webp\",\"datePublished\":\"2022-09-29T01:16:16+00:00\",\"dateModified\":\"2022-09-29T01:16:18+00:00\",\"author\":{\"@id\":\"https:\/\/www.gaveanews.com\/#\/schema\/person\/2ec14f73fb96be2caf28f91afb14749d\"},\"breadcrumb\":{\"@id\":\"https:\/\/www.gaveanews.com\/index.php\/2022\/09\/28\/dorival-junior-faz-promessa-para-a-torcida-do-flamengo\/#breadcrumb\"},\"inLanguage\":\"pt-BR\",\"potentialAction\":[{\"@type\":\"ReadAction\",\"target\":[\"https:\/\/www.gaveanews.com\/index.php\/2022\/09\/28\/dorival-junior-faz-promessa-para-a-torcida-do-flamengo\/\"]}]},{\"@type\":\"ImageObject\",\"inLanguage\":\"pt-BR\",\"@id\":\"https:\/\/www.gaveanews.com\/index.php\/2022\/09\/28\/dorival-junior-faz-promessa-para-a-torcida-do-flamengo\/#primaryimage\",\"url\":\"https:\/\/www.gaveanews.com\/wp-content\/uploads\/Dorival-Junior-em-Velez-x-Flamengo-pela-Libertadores.webp\",\"contentUrl\":\"https:\/\/www.gaveanews.com\/wp-content\/uploads\/Dorival-Junior-em-Velez-x-Flamengo-pela-Libertadores.webp\",\"width\":800,\"height\":533,\"caption\":\"Dorival J\u00fanior em V\u00e9lez x Flamengo pela Libertadores (Foto: Marcelo Cortes\/Flamengo)\"},{\"@type\":\"BreadcrumbList\",\"@id\":\"https:\/\/www.gaveanews.com\/index.php\/2022\/09\/28\/dorival-junior-faz-promessa-para-a-torcida-do-flamengo\/#breadcrumb\",\"itemListElement\":[{\"@type\":\"ListItem\",\"position\":1,\"name\":\"Home\",\"item\":\"https:\/\/www.gaveanews.com\/\"},{\"@type\":\"ListItem\",\"position\":2,\"name\":\"Dorival Junior faz promessa para a torcida do Flamengo\"}]},{\"@type\":\"WebSite\",\"@id\":\"https:\/\/www.gaveanews.com\/#website\",\"url\":\"https:\/\/www.gaveanews.com\/\",\"name\":\"G\u00e1vea News\",\"description\":\"Veja todas as not\u00edcias sobre o Flamengo: Contrata\u00e7\u00f5es, categorias de base, resultados das partidas, tabela de classifica\u00e7\u00e3o, pr\u00f3ximos jogos!\",\"potentialAction\":[{\"@type\":\"SearchAction\",\"target\":{\"@type\":\"EntryPoint\",\"urlTemplate\":\"https:\/\/www.gaveanews.com\/?s={search_term_string}\"},\"query-input\":{\"@type\":\"PropertyValueSpecification\",\"valueRequired\":true,\"valueName\":\"search_term_string\"}}],\"inLanguage\":\"pt-BR\"},{\"@type\":\"Person\",\"@id\":\"https:\/\/www.gaveanews.com\/#\/schema\/person\/2ec14f73fb96be2caf28f91afb14749d\",\"name\":\"Equipe G\u00e1vea News\",\"image\":{\"@type\":\"ImageObject\",\"inLanguage\":\"pt-BR\",\"@id\":\"https:\/\/www.gaveanews.com\/#\/schema\/person\/image\/\",\"url\":\"https:\/\/secure.gravatar.com\/avatar\/1e1956f1facbffd3f8fa53a326721950116b3b9dc9bd44939c01180fd4a745a9?s=96&d=mm&r=g\",\"contentUrl\":\"https:\/\/secure.gravatar.com\/avatar\/1e1956f1facbffd3f8fa53a326721950116b3b9dc9bd44939c01180fd4a745a9?s=96&d=mm&r=g\",\"caption\":\"Equipe G\u00e1vea News\"}}]}<\/script>\n<!-- \/ Yoast SEO Premium plugin. -->","yoast_head_json":{"title":"Dorival Junior faz promessa para a torcida do Flamengo","robots":{"index":"index","follow":"follow","max-snippet":"max-snippet:-1","max-image-preview":"max-image-preview:large","max-video-preview":"max-video-preview:-1"},"canonical":"https:\/\/www.gaveanews.com\/index.php\/2022\/09\/28\/dorival-junior-faz-promessa-para-a-torcida-do-flamengo\/","og_locale":"pt_BR","og_type":"article","og_title":"Dorival Junior faz promessa para a torcida do Flamengo","og_description":"Em duelo v\u00e1lido pela 28\u00aa rodada do Campeonato Brasileiro, o Flamengo foi at\u00e9 o Castel\u00e3o e perdeu por 3 a 2 nesta quarta-feira para o Fortaleza. Quem saiu na frente foi o Fortaleza, com a &#8220;lei do ex&#8221;. Pedro Rocha fez bela jogada pela direita da defesa do Fla e completou para o fundo das [&hellip;]","og_url":"https:\/\/www.gaveanews.com\/index.php\/2022\/09\/28\/dorival-junior-faz-promessa-para-a-torcida-do-flamengo\/","og_site_name":"G\u00e1vea News","article_publisher":"https:\/\/facebook.com\/gaveaNews\/","article_published_time":"2022-09-29T01:16:16+00:00","article_modified_time":"2022-09-29T01:16:18+00:00","og_image":[{"width":800,"height":533,"url":"https:\/\/www.gaveanews.com\/wp-content\/uploads\/Dorival-Junior-em-Velez-x-Flamengo-pela-Libertadores.webp","type":"image\/jpeg"}],"author":"Equipe G\u00e1vea News","twitter_card":"summary_large_image","twitter_misc":{"Escrito por":"Equipe G\u00e1vea News","Est. tempo de leitura":"2 minutos"},"schema":{"@context":"https:\/\/schema.org","@graph":[{"@type":"NewsArticle","@id":"https:\/\/www.gaveanews.com\/index.php\/2022\/09\/28\/dorival-junior-faz-promessa-para-a-torcida-do-flamengo\/#article","isPartOf":{"@id":"https:\/\/www.gaveanews.com\/index.php\/2022\/09\/28\/dorival-junior-faz-promessa-para-a-torcida-do-flamengo\/"},"author":{"name":"Equipe G\u00e1vea News","@id":"https:\/\/www.gaveanews.com\/#\/schema\/person\/2ec14f73fb96be2caf28f91afb14749d"},"headline":"Dorival Junior faz promessa para a torcida do Flamengo","datePublished":"2022-09-29T01:16:16+00:00","dateModified":"2022-09-29T01:16:18+00:00","mainEntityOfPage":{"@id":"https:\/\/www.gaveanews.com\/index.php\/2022\/09\/28\/dorival-junior-faz-promessa-para-a-torcida-do-flamengo\/"},"wordCount":344,"commentCount":0,"image":{"@id":"https:\/\/www.gaveanews.com\/index.php\/2022\/09\/28\/dorival-junior-faz-promessa-para-a-torcida-do-flamengo\/#primaryimage"},"thumbnailUrl":"https:\/\/www.gaveanews.com\/wp-content\/uploads\/Dorival-Junior-em-Velez-x-Flamengo-pela-Libertadores.webp","articleSection":["Flamengo"],"inLanguage":"pt-BR","potentialAction":[{"@type":"CommentAction","name":"Comment","target":["https:\/\/www.gaveanews.com\/index.php\/2022\/09\/28\/dorival-junior-faz-promessa-para-a-torcida-do-flamengo\/#respond"]}],"copyrightYear":"2022","copyrightHolder":{"@id":"https:\/\/www.gaveanews.com\/#organization"}},{"@type":"WebPage","@id":"https:\/\/www.gaveanews.com\/index.php\/2022\/09\/28\/dorival-junior-faz-promessa-para-a-torcida-do-flamengo\/","url":"https:\/\/www.gaveanews.com\/index.php\/2022\/09\/28\/dorival-junior-faz-promessa-para-a-torcida-do-flamengo\/","name":"Dorival Junior faz promessa para a torcida do Flamengo","isPartOf":{"@id":"https:\/\/www.gaveanews.com\/#website"},"primaryImageOfPage":{"@id":"https:\/\/www.gaveanews.com\/index.php\/2022\/09\/28\/dorival-junior-faz-promessa-para-a-torcida-do-flamengo\/#primaryimage"},"image":{"@id":"https:\/\/www.gaveanews.com\/index.php\/2022\/09\/28\/dorival-junior-faz-promessa-para-a-torcida-do-flamengo\/#primaryimage"},"thumbnailUrl":"https:\/\/www.gaveanews.com\/wp-content\/uploads\/Dorival-Junior-em-Velez-x-Flamengo-pela-Libertadores.webp","datePublished":"2022-09-29T01:16:16+00:00","dateModified":"2022-09-29T01:16:18+00:00","author":{"@id":"https:\/\/www.gaveanews.com\/#\/schema\/person\/2ec14f73fb96be2caf28f91afb14749d"},"breadcrumb":{"@id":"https:\/\/www.gaveanews.com\/index.php\/2022\/09\/28\/dorival-junior-faz-promessa-para-a-torcida-do-flamengo\/#breadcrumb"},"inLanguage":"pt-BR","potentialAction":[{"@type":"ReadAction","target":["https:\/\/www.gaveanews.com\/index.php\/2022\/09\/28\/dorival-junior-faz-promessa-para-a-torcida-do-flamengo\/"]}]},{"@type":"ImageObject","inLanguage":"pt-BR","@id":"https:\/\/www.gaveanews.com\/index.php\/2022\/09\/28\/dorival-junior-faz-promessa-para-a-torcida-do-flamengo\/#primaryimage","url":"https:\/\/www.gaveanews.com\/wp-content\/uploads\/Dorival-Junior-em-Velez-x-Flamengo-pela-Libertadores.webp","contentUrl":"https:\/\/www.gaveanews.com\/wp-content\/uploads\/Dorival-Junior-em-Velez-x-Flamengo-pela-Libertadores.webp","width":800,"height":533,"caption":"Dorival J\u00fanior em V\u00e9lez x Flamengo pela Libertadores (Foto: Marcelo Cortes\/Flamengo)"},{"@type":"BreadcrumbList","@id":"https:\/\/www.gaveanews.com\/index.php\/2022\/09\/28\/dorival-junior-faz-promessa-para-a-torcida-do-flamengo\/#breadcrumb","itemListElement":[{"@type":"ListItem","position":1,"name":"Home","item":"https:\/\/www.gaveanews.com\/"},{"@type":"ListItem","position":2,"name":"Dorival Junior faz promessa para a torcida do Flamengo"}]},{"@type":"WebSite","@id":"https:\/\/www.gaveanews.com\/#website","url":"https:\/\/www.gaveanews.com\/","name":"G\u00e1vea News","description":"Veja todas as not\u00edcias sobre o Flamengo: Contrata\u00e7\u00f5es, categorias de base, resultados das partidas, tabela de classifica\u00e7\u00e3o, pr\u00f3ximos jogos!","potentialAction":[{"@type":"SearchAction","target":{"@type":"EntryPoint","urlTemplate":"https:\/\/www.gaveanews.com\/?s={search_term_string}"},"query-input":{"@type":"PropertyValueSpecification","valueRequired":true,"valueName":"search_term_string"}}],"inLanguage":"pt-BR"},{"@type":"Person","@id":"https:\/\/www.gaveanews.com\/#\/schema\/person\/2ec14f73fb96be2caf28f91afb14749d","name":"Equipe G\u00e1vea News","image":{"@type":"ImageObject","inLanguage":"pt-BR","@id":"https:\/\/www.gaveanews.com\/#\/schema\/person\/image\/","url":"https:\/\/secure.gravatar.com\/avatar\/1e1956f1facbffd3f8fa53a326721950116b3b9dc9bd44939c01180fd4a745a9?s=96&d=mm&r=g","contentUrl":"https:\/\/secure.gravatar.com\/avatar\/1e1956f1facbffd3f8fa53a326721950116b3b9dc9bd44939c01180fd4a745a9?s=96&d=mm&r=g","caption":"Equipe G\u00e1vea News"}}]}},"_links":{"self":[{"href":"https:\/\/www.gaveanews.com\/index.php\/wp-json\/wp\/v2\/posts\/88239","targetHints":{"allow":["GET"]}}],"collection":[{"href":"https:\/\/www.gaveanews.com\/index.php\/wp-json\/wp\/v2\/posts"}],"about":[{"href":"https:\/\/www.gaveanews.com\/index.php\/wp-json\/wp\/v2\/types\/post"}],"author":[{"embeddable":true,"href":"https:\/\/www.gaveanews.com\/index.php\/wp-json\/wp\/v2\/users\/1"}],"replies":[{"embeddable":true,"href":"https:\/\/www.gaveanews.com\/index.php\/wp-json\/wp\/v2\/comments?post=88239"}],"version-history":[{"count":0,"href":"https:\/\/www.gaveanews.com\/index.php\/wp-json\/wp\/v2\/posts\/88239\/revisions"}],"wp:featuredmedia":[{"embeddable":true,"href":"https:\/\/www.gaveanews.com\/index.php\/wp-json\/wp\/v2\/media\/86780"}],"wp:attachment":[{"href":"https:\/\/www.gaveanews.com\/index.php\/wp-json\/wp\/v2\/media?parent=88239"}],"wp:term":[{"taxonomy":"category","embeddable":true,"href":"https:\/\/www.gaveanews.com\/index.php\/wp-json\/wp\/v2\/categories?post=88239"},{"taxonomy":"post_tag","embeddable":true,"href":"https:\/\/www.gaveanews.com\/index.php\/wp-json\/wp\/v2\/tags?post=88239"}],"curies":[{"name":"wp","href":"https:\/\/api.w.org\/{rel}","templated":true}]}}