{"id":88253,"date":"2022-09-29T00:54:53","date_gmt":"2022-09-29T03:54:53","guid":{"rendered":"https:\/\/www.gaveanews.com\/?p=88253"},"modified":"2022-09-29T00:54:57","modified_gmt":"2022-09-29T03:54:57","slug":"com-pintura-de-falta-flamengo-avanca-na-copa-do-brasil-sub-20-veja-os-gols","status":"publish","type":"post","link":"https:\/\/www.gaveanews.com\/index.php\/2022\/09\/29\/com-pintura-de-falta-flamengo-avanca-na-copa-do-brasil-sub-20-veja-os-gols\/","title":{"rendered":"Com pintura de falta, Flamengo avan\u00e7a na Copa do Brasil Sub-20; veja os gols"},"content":{"rendered":"\n<p>O Flamengo est\u00e1 nas oitavas de final da Copa do Brasil Sub-20. Na tarde desta quarta-feira, o Rubro-Negro n\u00e3o teve problemas para golear o Aster, do Esp\u00edrito Santo, por 5 a 1 (<strong>veja os gols abaixo<\/strong>), no jogo \u00fanico da primeira fase, realizado na G\u00e1vea.<\/p>\n\n\n\n<p>Wesley, Santiago, Ryan Luka, duas vezes, e Dudu marcaram os gols do Flamengo na partida. Dieguinho descontou para o Aster.<\/p>\n\n\n\n<figure class=\"wp-block-embed is-type-video is-provider-youtube wp-block-embed-youtube wp-embed-aspect-16-9 wp-has-aspect-ratio\"><div class=\"wp-block-embed__wrapper\">\n<iframe loading=\"lazy\" title=\"Flamengo 5 x 1 Aster Brasil - melhores momentos - COPA DO BRASIL SUB-20\" width=\"640\" height=\"360\" src=\"https:\/\/www.youtube.com\/embed\/XQ980llC_q8?feature=oembed\" frameborder=\"0\" allow=\"accelerometer; autoplay; clipboard-write; encrypted-media; gyroscope; picture-in-picture; web-share\" referrerpolicy=\"strict-origin-when-cross-origin\" allowfullscreen><\/iframe>\n<\/div><\/figure>\n\n\n\n<p>Nas oitavas, o Fla vai enfrentar o vencedor do confronto entre Am\u00e9rica-MG e Goi\u00e1s, que acontece ainda nesta quarta-feira, em Belo Horizonte. A partir desta fase, a Copa do Brasil Sub-20 passa a ser disputada em jogos de ida e volta. Em caso de igualdade na soma dos resultados, a vaga ser\u00e1 definida nas cobran\u00e7as de p\u00eanaltis.<\/p>\n\n\n\n<p>De acordo com a tabela original divulgada pela CBF, as duas partidas ser\u00e3o realizadas entre os dias 01 e 09 de outubro.<\/p>\n\n\n\n<h2 class=\"wp-block-heading\" id=\"h-resumo-do-jogo\">Resumo do jogo<\/h2>\n\n\n\n<p>Depois de iniciar a partida em cima do Aster, aos 12 minutos o Flamengo abriu o placar. Em um escanteio cobrado pelo meia Daniel Cabral, Wesley subiu mais alto que o defensor do Aster e cabeceou para o fundo das redes. Aos 15, o Rubro-Negro ampliou. Em uma cobran\u00e7a de falta pelo lado direito, o lateral Santiago bateu o \u00e2ngulo e fez o segundo. Antes do fim do primeiro tempo, o Fla teve a chance de fazer outros tr\u00eas gols, mas esbarrou na trave e na boa atua\u00e7\u00e3o do goleiro Lucas, que fez duas grandes defesas.<\/p>\n\n\n\n<p>Na volta do intervalo, o time capixaba equilibrou mais a partida e conseguiu diminuir em um gola\u00e7o de Dieguinho, aos seis minutos. No lance, Gustavo Conca levantou a bola na \u00e1rea e o camisa 10 acertou um lindo voleio.<\/p>\n\n\n\n<p>O Flamengo n\u00e3o sentiu o gol e chegou ao terceiro, aos 16. Ap\u00f3s um cruzamento para a \u00e1rea, Vin\u00edcius foi derrubado por Ga\u00facho e o \u00e1rbitro marcou a penalidade. Na cobran\u00e7a, Ryan Luka converteu abriu o caminho para a goleada. Aos 20 minutos, o Rubro-Negro fez o quarto gol com Dudu, em outra boa jogada de Wesley.<\/p>\n\n\n\n<p>Aos 24 minutos, o Flamengo ficou com um jogador a menos, ap\u00f3s o camisa 11 Vin\u00edcius ser expulso por uma entrada dura em um jogador do Aster. Mesmo em desvantagem num\u00e9rica na partida, o Rubro-Negro administrou o resultado e ainda fez o quinto gol com Ryan Luka, ap\u00f3s um passe preciso de Dudu, aos 36 minutos.<\/p>\n\n\n\n<p>Retirado de: Globo Esporte<\/p>\n","protected":false},"excerpt":{"rendered":"<p>O Flamengo est\u00e1 nas oitavas de final da Copa do Brasil Sub-20. Na tarde desta quarta-feira, o Rubro-Negro n\u00e3o teve problemas para golear o Aster, do Esp\u00edrito Santo, por 5 a 1 (veja os gols abaixo), no jogo \u00fanico da primeira fase, realizado na G\u00e1vea. Wesley, Santiago, Ryan Luka, duas vezes, e Dudu marcaram os [&hellip;]<\/p>\n","protected":false},"author":1,"featured_media":84902,"comment_status":"open","ping_status":"closed","sticky":false,"template":"","format":"standard","meta":{"footnotes":""},"categories":[40],"tags":[],"class_list":["post-88253","post","type-post","status-publish","format-standard","has-post-thumbnail","hentry","category-video"],"yoast_head":"<!-- This site is optimized with the Yoast SEO Premium plugin v24.2 (Yoast SEO v26.9) - https:\/\/yoast.com\/product\/yoast-seo-premium-wordpress\/ -->\n<title>Com pintura de falta, Flamengo avan\u00e7a na Copa do Brasil Sub-20; veja os gols<\/title>\n<meta name=\"robots\" content=\"index, follow, max-snippet:-1, max-image-preview:large, max-video-preview:-1\" \/>\n<link rel=\"canonical\" href=\"https:\/\/www.gaveanews.com\/index.php\/2022\/09\/29\/com-pintura-de-falta-flamengo-avanca-na-copa-do-brasil-sub-20-veja-os-gols\/\" \/>\n<meta property=\"og:locale\" content=\"pt_BR\" \/>\n<meta property=\"og:type\" content=\"article\" \/>\n<meta property=\"og:title\" content=\"Com pintura de falta, Flamengo avan\u00e7a na Copa do Brasil Sub-20; veja os gols\" \/>\n<meta property=\"og:description\" content=\"O Flamengo est\u00e1 nas oitavas de final da Copa do Brasil Sub-20. Na tarde desta quarta-feira, o Rubro-Negro n\u00e3o teve problemas para golear o Aster, do Esp\u00edrito Santo, por 5 a 1 (veja os gols abaixo), no jogo \u00fanico da primeira fase, realizado na G\u00e1vea. Wesley, Santiago, Ryan Luka, duas vezes, e Dudu marcaram os [&hellip;]\" \/>\n<meta property=\"og:url\" content=\"https:\/\/www.gaveanews.com\/index.php\/2022\/09\/29\/com-pintura-de-falta-flamengo-avanca-na-copa-do-brasil-sub-20-veja-os-gols\/\" \/>\n<meta property=\"og:site_name\" content=\"G\u00e1vea News\" \/>\n<meta property=\"article:publisher\" content=\"https:\/\/facebook.com\/gaveaNews\/\" \/>\n<meta property=\"article:published_time\" content=\"2022-09-29T03:54:53+00:00\" \/>\n<meta property=\"article:modified_time\" content=\"2022-09-29T03:54:57+00:00\" \/>\n<meta property=\"og:image\" content=\"https:\/\/www.gaveanews.com\/wp-content\/uploads\/Taca-da-Copa-do-Brasil.webp\" \/>\n\t<meta property=\"og:image:width\" content=\"800\" \/>\n\t<meta property=\"og:image:height\" content=\"400\" \/>\n\t<meta property=\"og:image:type\" content=\"image\/jpeg\" \/>\n<meta name=\"author\" content=\"Equipe G\u00e1vea News\" \/>\n<meta name=\"twitter:card\" content=\"summary_large_image\" \/>\n<meta name=\"twitter:label1\" content=\"Escrito por\" \/>\n\t<meta name=\"twitter:data1\" content=\"Equipe G\u00e1vea News\" \/>\n\t<meta name=\"twitter:label2\" content=\"Est. tempo de leitura\" \/>\n\t<meta name=\"twitter:data2\" content=\"3 minutos\" \/>\n<script type=\"application\/ld+json\" class=\"yoast-schema-graph\">{\"@context\":\"https:\/\/schema.org\",\"@graph\":[{\"@type\":\"NewsArticle\",\"@id\":\"https:\/\/www.gaveanews.com\/index.php\/2022\/09\/29\/com-pintura-de-falta-flamengo-avanca-na-copa-do-brasil-sub-20-veja-os-gols\/#article\",\"isPartOf\":{\"@id\":\"https:\/\/www.gaveanews.com\/index.php\/2022\/09\/29\/com-pintura-de-falta-flamengo-avanca-na-copa-do-brasil-sub-20-veja-os-gols\/\"},\"author\":{\"name\":\"Equipe G\u00e1vea News\",\"@id\":\"https:\/\/www.gaveanews.com\/#\/schema\/person\/2ec14f73fb96be2caf28f91afb14749d\"},\"headline\":\"Com pintura de falta, Flamengo avan\u00e7a na Copa do Brasil Sub-20; veja os gols\",\"datePublished\":\"2022-09-29T03:54:53+00:00\",\"dateModified\":\"2022-09-29T03:54:57+00:00\",\"mainEntityOfPage\":{\"@id\":\"https:\/\/www.gaveanews.com\/index.php\/2022\/09\/29\/com-pintura-de-falta-flamengo-avanca-na-copa-do-brasil-sub-20-veja-os-gols\/\"},\"wordCount\":437,\"commentCount\":0,\"image\":{\"@id\":\"https:\/\/www.gaveanews.com\/index.php\/2022\/09\/29\/com-pintura-de-falta-flamengo-avanca-na-copa-do-brasil-sub-20-veja-os-gols\/#primaryimage\"},\"thumbnailUrl\":\"https:\/\/www.gaveanews.com\/wp-content\/uploads\/Taca-da-Copa-do-Brasil.webp\",\"articleSection\":[\"V\u00eddeos\"],\"inLanguage\":\"pt-BR\",\"potentialAction\":[{\"@type\":\"CommentAction\",\"name\":\"Comment\",\"target\":[\"https:\/\/www.gaveanews.com\/index.php\/2022\/09\/29\/com-pintura-de-falta-flamengo-avanca-na-copa-do-brasil-sub-20-veja-os-gols\/#respond\"]}],\"copyrightYear\":\"2022\",\"copyrightHolder\":{\"@id\":\"https:\/\/www.gaveanews.com\/#organization\"}},{\"@type\":\"WebPage\",\"@id\":\"https:\/\/www.gaveanews.com\/index.php\/2022\/09\/29\/com-pintura-de-falta-flamengo-avanca-na-copa-do-brasil-sub-20-veja-os-gols\/\",\"url\":\"https:\/\/www.gaveanews.com\/index.php\/2022\/09\/29\/com-pintura-de-falta-flamengo-avanca-na-copa-do-brasil-sub-20-veja-os-gols\/\",\"name\":\"Com pintura de falta, Flamengo avan\u00e7a na Copa do Brasil Sub-20; veja os gols\",\"isPartOf\":{\"@id\":\"https:\/\/www.gaveanews.com\/#website\"},\"primaryImageOfPage\":{\"@id\":\"https:\/\/www.gaveanews.com\/index.php\/2022\/09\/29\/com-pintura-de-falta-flamengo-avanca-na-copa-do-brasil-sub-20-veja-os-gols\/#primaryimage\"},\"image\":{\"@id\":\"https:\/\/www.gaveanews.com\/index.php\/2022\/09\/29\/com-pintura-de-falta-flamengo-avanca-na-copa-do-brasil-sub-20-veja-os-gols\/#primaryimage\"},\"thumbnailUrl\":\"https:\/\/www.gaveanews.com\/wp-content\/uploads\/Taca-da-Copa-do-Brasil.webp\",\"datePublished\":\"2022-09-29T03:54:53+00:00\",\"dateModified\":\"2022-09-29T03:54:57+00:00\",\"author\":{\"@id\":\"https:\/\/www.gaveanews.com\/#\/schema\/person\/2ec14f73fb96be2caf28f91afb14749d\"},\"breadcrumb\":{\"@id\":\"https:\/\/www.gaveanews.com\/index.php\/2022\/09\/29\/com-pintura-de-falta-flamengo-avanca-na-copa-do-brasil-sub-20-veja-os-gols\/#breadcrumb\"},\"inLanguage\":\"pt-BR\",\"potentialAction\":[{\"@type\":\"ReadAction\",\"target\":[\"https:\/\/www.gaveanews.com\/index.php\/2022\/09\/29\/com-pintura-de-falta-flamengo-avanca-na-copa-do-brasil-sub-20-veja-os-gols\/\"]}]},{\"@type\":\"ImageObject\",\"inLanguage\":\"pt-BR\",\"@id\":\"https:\/\/www.gaveanews.com\/index.php\/2022\/09\/29\/com-pintura-de-falta-flamengo-avanca-na-copa-do-brasil-sub-20-veja-os-gols\/#primaryimage\",\"url\":\"https:\/\/www.gaveanews.com\/wp-content\/uploads\/Taca-da-Copa-do-Brasil.webp\",\"contentUrl\":\"https:\/\/www.gaveanews.com\/wp-content\/uploads\/Taca-da-Copa-do-Brasil.webp\",\"width\":800,\"height\":400,\"caption\":\"Ta\u00e7a da Copa do Brasil (Foto: Lucas Figueiredo\/CBF)\"},{\"@type\":\"BreadcrumbList\",\"@id\":\"https:\/\/www.gaveanews.com\/index.php\/2022\/09\/29\/com-pintura-de-falta-flamengo-avanca-na-copa-do-brasil-sub-20-veja-os-gols\/#breadcrumb\",\"itemListElement\":[{\"@type\":\"ListItem\",\"position\":1,\"name\":\"Home\",\"item\":\"https:\/\/www.gaveanews.com\/\"},{\"@type\":\"ListItem\",\"position\":2,\"name\":\"Com pintura de falta, Flamengo avan\u00e7a na Copa do Brasil Sub-20; veja os gols\"}]},{\"@type\":\"WebSite\",\"@id\":\"https:\/\/www.gaveanews.com\/#website\",\"url\":\"https:\/\/www.gaveanews.com\/\",\"name\":\"G\u00e1vea News\",\"description\":\"Veja todas as not\u00edcias sobre o Flamengo: Contrata\u00e7\u00f5es, categorias de base, resultados das partidas, tabela de classifica\u00e7\u00e3o, pr\u00f3ximos jogos!\",\"potentialAction\":[{\"@type\":\"SearchAction\",\"target\":{\"@type\":\"EntryPoint\",\"urlTemplate\":\"https:\/\/www.gaveanews.com\/?s={search_term_string}\"},\"query-input\":{\"@type\":\"PropertyValueSpecification\",\"valueRequired\":true,\"valueName\":\"search_term_string\"}}],\"inLanguage\":\"pt-BR\"},{\"@type\":\"Person\",\"@id\":\"https:\/\/www.gaveanews.com\/#\/schema\/person\/2ec14f73fb96be2caf28f91afb14749d\",\"name\":\"Equipe G\u00e1vea News\",\"image\":{\"@type\":\"ImageObject\",\"inLanguage\":\"pt-BR\",\"@id\":\"https:\/\/www.gaveanews.com\/#\/schema\/person\/image\/\",\"url\":\"https:\/\/secure.gravatar.com\/avatar\/1e1956f1facbffd3f8fa53a326721950116b3b9dc9bd44939c01180fd4a745a9?s=96&d=mm&r=g\",\"contentUrl\":\"https:\/\/secure.gravatar.com\/avatar\/1e1956f1facbffd3f8fa53a326721950116b3b9dc9bd44939c01180fd4a745a9?s=96&d=mm&r=g\",\"caption\":\"Equipe G\u00e1vea News\"}}]}<\/script>\n<!-- \/ Yoast SEO Premium plugin. -->","yoast_head_json":{"title":"Com pintura de falta, Flamengo avan\u00e7a na Copa do Brasil Sub-20; veja os gols","robots":{"index":"index","follow":"follow","max-snippet":"max-snippet:-1","max-image-preview":"max-image-preview:large","max-video-preview":"max-video-preview:-1"},"canonical":"https:\/\/www.gaveanews.com\/index.php\/2022\/09\/29\/com-pintura-de-falta-flamengo-avanca-na-copa-do-brasil-sub-20-veja-os-gols\/","og_locale":"pt_BR","og_type":"article","og_title":"Com pintura de falta, Flamengo avan\u00e7a na Copa do Brasil Sub-20; veja os gols","og_description":"O Flamengo est\u00e1 nas oitavas de final da Copa do Brasil Sub-20. Na tarde desta quarta-feira, o Rubro-Negro n\u00e3o teve problemas para golear o Aster, do Esp\u00edrito Santo, por 5 a 1 (veja os gols abaixo), no jogo \u00fanico da primeira fase, realizado na G\u00e1vea. Wesley, Santiago, Ryan Luka, duas vezes, e Dudu marcaram os [&hellip;]","og_url":"https:\/\/www.gaveanews.com\/index.php\/2022\/09\/29\/com-pintura-de-falta-flamengo-avanca-na-copa-do-brasil-sub-20-veja-os-gols\/","og_site_name":"G\u00e1vea News","article_publisher":"https:\/\/facebook.com\/gaveaNews\/","article_published_time":"2022-09-29T03:54:53+00:00","article_modified_time":"2022-09-29T03:54:57+00:00","og_image":[{"width":800,"height":400,"url":"https:\/\/www.gaveanews.com\/wp-content\/uploads\/Taca-da-Copa-do-Brasil.webp","type":"image\/jpeg"}],"author":"Equipe G\u00e1vea News","twitter_card":"summary_large_image","twitter_misc":{"Escrito por":"Equipe G\u00e1vea News","Est. tempo de leitura":"3 minutos"},"schema":{"@context":"https:\/\/schema.org","@graph":[{"@type":"NewsArticle","@id":"https:\/\/www.gaveanews.com\/index.php\/2022\/09\/29\/com-pintura-de-falta-flamengo-avanca-na-copa-do-brasil-sub-20-veja-os-gols\/#article","isPartOf":{"@id":"https:\/\/www.gaveanews.com\/index.php\/2022\/09\/29\/com-pintura-de-falta-flamengo-avanca-na-copa-do-brasil-sub-20-veja-os-gols\/"},"author":{"name":"Equipe G\u00e1vea News","@id":"https:\/\/www.gaveanews.com\/#\/schema\/person\/2ec14f73fb96be2caf28f91afb14749d"},"headline":"Com pintura de falta, Flamengo avan\u00e7a na Copa do Brasil Sub-20; veja os gols","datePublished":"2022-09-29T03:54:53+00:00","dateModified":"2022-09-29T03:54:57+00:00","mainEntityOfPage":{"@id":"https:\/\/www.gaveanews.com\/index.php\/2022\/09\/29\/com-pintura-de-falta-flamengo-avanca-na-copa-do-brasil-sub-20-veja-os-gols\/"},"wordCount":437,"commentCount":0,"image":{"@id":"https:\/\/www.gaveanews.com\/index.php\/2022\/09\/29\/com-pintura-de-falta-flamengo-avanca-na-copa-do-brasil-sub-20-veja-os-gols\/#primaryimage"},"thumbnailUrl":"https:\/\/www.gaveanews.com\/wp-content\/uploads\/Taca-da-Copa-do-Brasil.webp","articleSection":["V\u00eddeos"],"inLanguage":"pt-BR","potentialAction":[{"@type":"CommentAction","name":"Comment","target":["https:\/\/www.gaveanews.com\/index.php\/2022\/09\/29\/com-pintura-de-falta-flamengo-avanca-na-copa-do-brasil-sub-20-veja-os-gols\/#respond"]}],"copyrightYear":"2022","copyrightHolder":{"@id":"https:\/\/www.gaveanews.com\/#organization"}},{"@type":"WebPage","@id":"https:\/\/www.gaveanews.com\/index.php\/2022\/09\/29\/com-pintura-de-falta-flamengo-avanca-na-copa-do-brasil-sub-20-veja-os-gols\/","url":"https:\/\/www.gaveanews.com\/index.php\/2022\/09\/29\/com-pintura-de-falta-flamengo-avanca-na-copa-do-brasil-sub-20-veja-os-gols\/","name":"Com pintura de falta, Flamengo avan\u00e7a na Copa do Brasil Sub-20; veja os gols","isPartOf":{"@id":"https:\/\/www.gaveanews.com\/#website"},"primaryImageOfPage":{"@id":"https:\/\/www.gaveanews.com\/index.php\/2022\/09\/29\/com-pintura-de-falta-flamengo-avanca-na-copa-do-brasil-sub-20-veja-os-gols\/#primaryimage"},"image":{"@id":"https:\/\/www.gaveanews.com\/index.php\/2022\/09\/29\/com-pintura-de-falta-flamengo-avanca-na-copa-do-brasil-sub-20-veja-os-gols\/#primaryimage"},"thumbnailUrl":"https:\/\/www.gaveanews.com\/wp-content\/uploads\/Taca-da-Copa-do-Brasil.webp","datePublished":"2022-09-29T03:54:53+00:00","dateModified":"2022-09-29T03:54:57+00:00","author":{"@id":"https:\/\/www.gaveanews.com\/#\/schema\/person\/2ec14f73fb96be2caf28f91afb14749d"},"breadcrumb":{"@id":"https:\/\/www.gaveanews.com\/index.php\/2022\/09\/29\/com-pintura-de-falta-flamengo-avanca-na-copa-do-brasil-sub-20-veja-os-gols\/#breadcrumb"},"inLanguage":"pt-BR","potentialAction":[{"@type":"ReadAction","target":["https:\/\/www.gaveanews.com\/index.php\/2022\/09\/29\/com-pintura-de-falta-flamengo-avanca-na-copa-do-brasil-sub-20-veja-os-gols\/"]}]},{"@type":"ImageObject","inLanguage":"pt-BR","@id":"https:\/\/www.gaveanews.com\/index.php\/2022\/09\/29\/com-pintura-de-falta-flamengo-avanca-na-copa-do-brasil-sub-20-veja-os-gols\/#primaryimage","url":"https:\/\/www.gaveanews.com\/wp-content\/uploads\/Taca-da-Copa-do-Brasil.webp","contentUrl":"https:\/\/www.gaveanews.com\/wp-content\/uploads\/Taca-da-Copa-do-Brasil.webp","width":800,"height":400,"caption":"Ta\u00e7a da Copa do Brasil (Foto: Lucas Figueiredo\/CBF)"},{"@type":"BreadcrumbList","@id":"https:\/\/www.gaveanews.com\/index.php\/2022\/09\/29\/com-pintura-de-falta-flamengo-avanca-na-copa-do-brasil-sub-20-veja-os-gols\/#breadcrumb","itemListElement":[{"@type":"ListItem","position":1,"name":"Home","item":"https:\/\/www.gaveanews.com\/"},{"@type":"ListItem","position":2,"name":"Com pintura de falta, Flamengo avan\u00e7a na Copa do Brasil Sub-20; veja os gols"}]},{"@type":"WebSite","@id":"https:\/\/www.gaveanews.com\/#website","url":"https:\/\/www.gaveanews.com\/","name":"G\u00e1vea News","description":"Veja todas as not\u00edcias sobre o Flamengo: Contrata\u00e7\u00f5es, categorias de base, resultados das partidas, tabela de classifica\u00e7\u00e3o, pr\u00f3ximos jogos!","potentialAction":[{"@type":"SearchAction","target":{"@type":"EntryPoint","urlTemplate":"https:\/\/www.gaveanews.com\/?s={search_term_string}"},"query-input":{"@type":"PropertyValueSpecification","valueRequired":true,"valueName":"search_term_string"}}],"inLanguage":"pt-BR"},{"@type":"Person","@id":"https:\/\/www.gaveanews.com\/#\/schema\/person\/2ec14f73fb96be2caf28f91afb14749d","name":"Equipe G\u00e1vea News","image":{"@type":"ImageObject","inLanguage":"pt-BR","@id":"https:\/\/www.gaveanews.com\/#\/schema\/person\/image\/","url":"https:\/\/secure.gravatar.com\/avatar\/1e1956f1facbffd3f8fa53a326721950116b3b9dc9bd44939c01180fd4a745a9?s=96&d=mm&r=g","contentUrl":"https:\/\/secure.gravatar.com\/avatar\/1e1956f1facbffd3f8fa53a326721950116b3b9dc9bd44939c01180fd4a745a9?s=96&d=mm&r=g","caption":"Equipe G\u00e1vea News"}}]}},"_links":{"self":[{"href":"https:\/\/www.gaveanews.com\/index.php\/wp-json\/wp\/v2\/posts\/88253","targetHints":{"allow":["GET"]}}],"collection":[{"href":"https:\/\/www.gaveanews.com\/index.php\/wp-json\/wp\/v2\/posts"}],"about":[{"href":"https:\/\/www.gaveanews.com\/index.php\/wp-json\/wp\/v2\/types\/post"}],"author":[{"embeddable":true,"href":"https:\/\/www.gaveanews.com\/index.php\/wp-json\/wp\/v2\/users\/1"}],"replies":[{"embeddable":true,"href":"https:\/\/www.gaveanews.com\/index.php\/wp-json\/wp\/v2\/comments?post=88253"}],"version-history":[{"count":0,"href":"https:\/\/www.gaveanews.com\/index.php\/wp-json\/wp\/v2\/posts\/88253\/revisions"}],"wp:featuredmedia":[{"embeddable":true,"href":"https:\/\/www.gaveanews.com\/index.php\/wp-json\/wp\/v2\/media\/84902"}],"wp:attachment":[{"href":"https:\/\/www.gaveanews.com\/index.php\/wp-json\/wp\/v2\/media?parent=88253"}],"wp:term":[{"taxonomy":"category","embeddable":true,"href":"https:\/\/www.gaveanews.com\/index.php\/wp-json\/wp\/v2\/categories?post=88253"},{"taxonomy":"post_tag","embeddable":true,"href":"https:\/\/www.gaveanews.com\/index.php\/wp-json\/wp\/v2\/tags?post=88253"}],"curies":[{"name":"wp","href":"https:\/\/api.w.org\/{rel}","templated":true}]}}