{"id":88261,"date":"2022-09-29T08:48:12","date_gmt":"2022-09-29T11:48:12","guid":{"rendered":"https:\/\/www.gaveanews.com\/?p=88261"},"modified":"2022-09-29T08:48:15","modified_gmt":"2022-09-29T11:48:15","slug":"apos-a-derrota-do-flamengo-gabigol-se-manifesta-nas-redes-sociais","status":"publish","type":"post","link":"https:\/\/www.gaveanews.com\/index.php\/2022\/09\/29\/apos-a-derrota-do-flamengo-gabigol-se-manifesta-nas-redes-sociais\/","title":{"rendered":"Ap\u00f3s a derrota do Flamengo, Gabigol se manifesta nas redes sociais"},"content":{"rendered":"\n<p>O Flamengo visitou o Castel\u00e3o na \u00faltima quarta-feira (28) e perdeu por 3 a 2 para o Fortaleza. A equipe vinha de pouco mais de uma semana livre e com o elenco sem pe\u00e7as importantes.<\/p>\n\n\n\n<p>Em uma noite com muitos desfalques, o Rubro-Negro conseguiu um bom resultado no primeiro tempo, mas perdeu o controle do jogo na segunda metade e n\u00e3o conseguiu segurar o placar.<\/p>\n\n\n\n<p>Devido \u00e0 falta de parte dos atletas mais experientes, Dorival J\u00fanior recorreu \u00e0s categorias de base e acionou parte dos jovens do sub-20. Assim, o setor de ataque teve nomes como Matheus\u00e3o e Matheus Fran\u00e7a como titulares.<\/p>\n\n\n\n<p>Os garotos foram lembrados por Gabigol e exaltados apesar da derrota. Em seu perfil do Twitter, o camisa 9 publicou uma foto com a dupla e os chamou de &#8220;futuro da G\u00e1vea&#8221;.<\/p>\n\n\n\n<h2 class=\"wp-block-heading\" id=\"h-confira-a-publicacao\">Confira a publica\u00e7\u00e3o:<\/h2>\n\n\n\n<figure class=\"wp-block-embed is-type-rich is-provider-twitter wp-block-embed-twitter\"><div class=\"wp-block-embed__wrapper\">\n<blockquote class=\"twitter-tweet\" data-width=\"550\" data-dnt=\"true\"><p lang=\"pt\" dir=\"ltr\">Craques e futuro da G\u00e1vea \u2764\ufe0f\ud83d\udda4 <a href=\"https:\/\/t.co\/eTfgPsCt49\">pic.twitter.com\/eTfgPsCt49<\/a><\/p>&mdash; Gabriel Barbosa (@gabigol) <a href=\"https:\/\/twitter.com\/gabigol\/status\/1575311440147251202?ref_src=twsrc%5Etfw\">September 29, 2022<\/a><\/blockquote><script async src=\"https:\/\/platform.twitter.com\/widgets.js\" charset=\"utf-8\"><\/script>\n<\/div><\/figure>\n\n\n\n<p>Apesar dos dois gols marcados por Gabigol, o Flamengo passou em branco mais uma rodada e continua agarrado nos 45 pontos. Com este resultado, o Corinthians (que venceu o Atl\u00e9tico-GO) passa na frente do Mais Querido na tabela e tira o Rubro-Negro do G-4.<\/p>\n\n\n\n<p>A pr\u00f3xima oportunidade de pontuar na competi\u00e7\u00e3o ser\u00e1 neste s\u00e1bado (01), quando o Meng\u00e3o recebe o Bragantino pela rodada 29 do Brasileir\u00e3o. O confronto em quest\u00e3o iniciar\u00e1 \u00e0s 19h (hor\u00e1rio de Bras\u00edlia), no Maracan\u00e3.<\/p>\n","protected":false},"excerpt":{"rendered":"<p>O Flamengo visitou o Castel\u00e3o na \u00faltima quarta-feira (28) e perdeu por 3 a 2 para o Fortaleza. A equipe vinha de pouco mais de uma semana livre e com o elenco sem pe\u00e7as importantes. Em uma noite com muitos desfalques, o Rubro-Negro conseguiu um bom resultado no primeiro tempo, mas perdeu o controle do [&hellip;]<\/p>\n","protected":false},"author":4,"featured_media":88263,"comment_status":"open","ping_status":"closed","sticky":false,"template":"","format":"standard","meta":{"footnotes":""},"categories":[1],"tags":[],"class_list":["post-88261","post","type-post","status-publish","format-standard","has-post-thumbnail","hentry","category-flamengo"],"yoast_head":"<!-- This site is optimized with the Yoast SEO Premium plugin v24.2 (Yoast SEO v26.9) - https:\/\/yoast.com\/product\/yoast-seo-premium-wordpress\/ -->\n<title>Ap\u00f3s a derrota do Flamengo, Gabigol se manifesta nas redes sociais<\/title>\n<meta name=\"robots\" content=\"index, follow, max-snippet:-1, max-image-preview:large, max-video-preview:-1\" \/>\n<link rel=\"canonical\" href=\"https:\/\/www.gaveanews.com\/index.php\/2022\/09\/29\/apos-a-derrota-do-flamengo-gabigol-se-manifesta-nas-redes-sociais\/\" \/>\n<meta property=\"og:locale\" content=\"pt_BR\" \/>\n<meta property=\"og:type\" content=\"article\" \/>\n<meta property=\"og:title\" content=\"Ap\u00f3s a derrota do Flamengo, Gabigol se manifesta nas redes sociais\" \/>\n<meta property=\"og:description\" content=\"O Flamengo visitou o Castel\u00e3o na \u00faltima quarta-feira (28) e perdeu por 3 a 2 para o Fortaleza. A equipe vinha de pouco mais de uma semana livre e com o elenco sem pe\u00e7as importantes. Em uma noite com muitos desfalques, o Rubro-Negro conseguiu um bom resultado no primeiro tempo, mas perdeu o controle do [&hellip;]\" \/>\n<meta property=\"og:url\" content=\"https:\/\/www.gaveanews.com\/index.php\/2022\/09\/29\/apos-a-derrota-do-flamengo-gabigol-se-manifesta-nas-redes-sociais\/\" \/>\n<meta property=\"og:site_name\" content=\"G\u00e1vea News\" \/>\n<meta property=\"article:publisher\" content=\"https:\/\/facebook.com\/gaveaNews\/\" \/>\n<meta property=\"article:published_time\" content=\"2022-09-29T11:48:12+00:00\" \/>\n<meta property=\"article:modified_time\" content=\"2022-09-29T11:48:15+00:00\" \/>\n<meta property=\"og:image\" content=\"https:\/\/www.gaveanews.com\/wp-content\/uploads\/Gabigol-em-Fortaleza-x-Flamengo.webp\" \/>\n\t<meta property=\"og:image:width\" content=\"800\" \/>\n\t<meta property=\"og:image:height\" content=\"533\" \/>\n\t<meta property=\"og:image:type\" content=\"image\/jpeg\" \/>\n<meta name=\"author\" content=\"Let\u00edcia Gerheim\" \/>\n<meta name=\"twitter:card\" content=\"summary_large_image\" \/>\n<meta name=\"twitter:label1\" content=\"Escrito por\" \/>\n\t<meta name=\"twitter:data1\" content=\"Let\u00edcia Gerheim\" \/>\n\t<meta name=\"twitter:label2\" content=\"Est. tempo de leitura\" \/>\n\t<meta name=\"twitter:data2\" content=\"2 minutos\" \/>\n<script type=\"application\/ld+json\" class=\"yoast-schema-graph\">{\"@context\":\"https:\/\/schema.org\",\"@graph\":[{\"@type\":\"NewsArticle\",\"@id\":\"https:\/\/www.gaveanews.com\/index.php\/2022\/09\/29\/apos-a-derrota-do-flamengo-gabigol-se-manifesta-nas-redes-sociais\/#article\",\"isPartOf\":{\"@id\":\"https:\/\/www.gaveanews.com\/index.php\/2022\/09\/29\/apos-a-derrota-do-flamengo-gabigol-se-manifesta-nas-redes-sociais\/\"},\"author\":{\"name\":\"Let\u00edcia Gerheim\",\"@id\":\"https:\/\/www.gaveanews.com\/#\/schema\/person\/714c67050b836198af2450ba1c142a67\"},\"headline\":\"Ap\u00f3s a derrota do Flamengo, Gabigol se manifesta nas redes sociais\",\"datePublished\":\"2022-09-29T11:48:12+00:00\",\"dateModified\":\"2022-09-29T11:48:15+00:00\",\"mainEntityOfPage\":{\"@id\":\"https:\/\/www.gaveanews.com\/index.php\/2022\/09\/29\/apos-a-derrota-do-flamengo-gabigol-se-manifesta-nas-redes-sociais\/\"},\"wordCount\":247,\"commentCount\":0,\"image\":{\"@id\":\"https:\/\/www.gaveanews.com\/index.php\/2022\/09\/29\/apos-a-derrota-do-flamengo-gabigol-se-manifesta-nas-redes-sociais\/#primaryimage\"},\"thumbnailUrl\":\"https:\/\/www.gaveanews.com\/wp-content\/uploads\/Gabigol-em-Fortaleza-x-Flamengo.webp\",\"articleSection\":[\"Flamengo\"],\"inLanguage\":\"pt-BR\",\"potentialAction\":[{\"@type\":\"CommentAction\",\"name\":\"Comment\",\"target\":[\"https:\/\/www.gaveanews.com\/index.php\/2022\/09\/29\/apos-a-derrota-do-flamengo-gabigol-se-manifesta-nas-redes-sociais\/#respond\"]}],\"copyrightYear\":\"2022\",\"copyrightHolder\":{\"@id\":\"https:\/\/www.gaveanews.com\/#organization\"}},{\"@type\":\"WebPage\",\"@id\":\"https:\/\/www.gaveanews.com\/index.php\/2022\/09\/29\/apos-a-derrota-do-flamengo-gabigol-se-manifesta-nas-redes-sociais\/\",\"url\":\"https:\/\/www.gaveanews.com\/index.php\/2022\/09\/29\/apos-a-derrota-do-flamengo-gabigol-se-manifesta-nas-redes-sociais\/\",\"name\":\"Ap\u00f3s a derrota do Flamengo, Gabigol se manifesta nas redes sociais\",\"isPartOf\":{\"@id\":\"https:\/\/www.gaveanews.com\/#website\"},\"primaryImageOfPage\":{\"@id\":\"https:\/\/www.gaveanews.com\/index.php\/2022\/09\/29\/apos-a-derrota-do-flamengo-gabigol-se-manifesta-nas-redes-sociais\/#primaryimage\"},\"image\":{\"@id\":\"https:\/\/www.gaveanews.com\/index.php\/2022\/09\/29\/apos-a-derrota-do-flamengo-gabigol-se-manifesta-nas-redes-sociais\/#primaryimage\"},\"thumbnailUrl\":\"https:\/\/www.gaveanews.com\/wp-content\/uploads\/Gabigol-em-Fortaleza-x-Flamengo.webp\",\"datePublished\":\"2022-09-29T11:48:12+00:00\",\"dateModified\":\"2022-09-29T11:48:15+00:00\",\"author\":{\"@id\":\"https:\/\/www.gaveanews.com\/#\/schema\/person\/714c67050b836198af2450ba1c142a67\"},\"breadcrumb\":{\"@id\":\"https:\/\/www.gaveanews.com\/index.php\/2022\/09\/29\/apos-a-derrota-do-flamengo-gabigol-se-manifesta-nas-redes-sociais\/#breadcrumb\"},\"inLanguage\":\"pt-BR\",\"potentialAction\":[{\"@type\":\"ReadAction\",\"target\":[\"https:\/\/www.gaveanews.com\/index.php\/2022\/09\/29\/apos-a-derrota-do-flamengo-gabigol-se-manifesta-nas-redes-sociais\/\"]}]},{\"@type\":\"ImageObject\",\"inLanguage\":\"pt-BR\",\"@id\":\"https:\/\/www.gaveanews.com\/index.php\/2022\/09\/29\/apos-a-derrota-do-flamengo-gabigol-se-manifesta-nas-redes-sociais\/#primaryimage\",\"url\":\"https:\/\/www.gaveanews.com\/wp-content\/uploads\/Gabigol-em-Fortaleza-x-Flamengo.webp\",\"contentUrl\":\"https:\/\/www.gaveanews.com\/wp-content\/uploads\/Gabigol-em-Fortaleza-x-Flamengo.webp\",\"width\":800,\"height\":533,\"caption\":\"Gabigol em jogo do Flamengo contra o Fortaleza pelo Brasileir\u00e3o (Foto: Marcelo Cortes\/Flamengo)\"},{\"@type\":\"BreadcrumbList\",\"@id\":\"https:\/\/www.gaveanews.com\/index.php\/2022\/09\/29\/apos-a-derrota-do-flamengo-gabigol-se-manifesta-nas-redes-sociais\/#breadcrumb\",\"itemListElement\":[{\"@type\":\"ListItem\",\"position\":1,\"name\":\"Home\",\"item\":\"https:\/\/www.gaveanews.com\/\"},{\"@type\":\"ListItem\",\"position\":2,\"name\":\"Ap\u00f3s a derrota do Flamengo, Gabigol se manifesta nas redes sociais\"}]},{\"@type\":\"WebSite\",\"@id\":\"https:\/\/www.gaveanews.com\/#website\",\"url\":\"https:\/\/www.gaveanews.com\/\",\"name\":\"G\u00e1vea News\",\"description\":\"Veja todas as not\u00edcias sobre o Flamengo: Contrata\u00e7\u00f5es, categorias de base, resultados das partidas, tabela de classifica\u00e7\u00e3o, pr\u00f3ximos jogos!\",\"potentialAction\":[{\"@type\":\"SearchAction\",\"target\":{\"@type\":\"EntryPoint\",\"urlTemplate\":\"https:\/\/www.gaveanews.com\/?s={search_term_string}\"},\"query-input\":{\"@type\":\"PropertyValueSpecification\",\"valueRequired\":true,\"valueName\":\"search_term_string\"}}],\"inLanguage\":\"pt-BR\"},{\"@type\":\"Person\",\"@id\":\"https:\/\/www.gaveanews.com\/#\/schema\/person\/714c67050b836198af2450ba1c142a67\",\"name\":\"Let\u00edcia Gerheim\",\"image\":{\"@type\":\"ImageObject\",\"inLanguage\":\"pt-BR\",\"@id\":\"https:\/\/www.gaveanews.com\/#\/schema\/person\/image\/\",\"url\":\"https:\/\/secure.gravatar.com\/avatar\/60734739c50fcebfbac509e2a826ccd0ff405c019bc73aab9354f19ecad1dcb4?s=96&d=mm&r=g\",\"contentUrl\":\"https:\/\/secure.gravatar.com\/avatar\/60734739c50fcebfbac509e2a826ccd0ff405c019bc73aab9354f19ecad1dcb4?s=96&d=mm&r=g\",\"caption\":\"Let\u00edcia Gerheim\"}}]}<\/script>\n<!-- \/ Yoast SEO Premium plugin. -->","yoast_head_json":{"title":"Ap\u00f3s a derrota do Flamengo, Gabigol se manifesta nas redes sociais","robots":{"index":"index","follow":"follow","max-snippet":"max-snippet:-1","max-image-preview":"max-image-preview:large","max-video-preview":"max-video-preview:-1"},"canonical":"https:\/\/www.gaveanews.com\/index.php\/2022\/09\/29\/apos-a-derrota-do-flamengo-gabigol-se-manifesta-nas-redes-sociais\/","og_locale":"pt_BR","og_type":"article","og_title":"Ap\u00f3s a derrota do Flamengo, Gabigol se manifesta nas redes sociais","og_description":"O Flamengo visitou o Castel\u00e3o na \u00faltima quarta-feira (28) e perdeu por 3 a 2 para o Fortaleza. A equipe vinha de pouco mais de uma semana livre e com o elenco sem pe\u00e7as importantes. Em uma noite com muitos desfalques, o Rubro-Negro conseguiu um bom resultado no primeiro tempo, mas perdeu o controle do [&hellip;]","og_url":"https:\/\/www.gaveanews.com\/index.php\/2022\/09\/29\/apos-a-derrota-do-flamengo-gabigol-se-manifesta-nas-redes-sociais\/","og_site_name":"G\u00e1vea News","article_publisher":"https:\/\/facebook.com\/gaveaNews\/","article_published_time":"2022-09-29T11:48:12+00:00","article_modified_time":"2022-09-29T11:48:15+00:00","og_image":[{"width":800,"height":533,"url":"https:\/\/www.gaveanews.com\/wp-content\/uploads\/Gabigol-em-Fortaleza-x-Flamengo.webp","type":"image\/jpeg"}],"author":"Let\u00edcia Gerheim","twitter_card":"summary_large_image","twitter_misc":{"Escrito por":"Let\u00edcia Gerheim","Est. tempo de leitura":"2 minutos"},"schema":{"@context":"https:\/\/schema.org","@graph":[{"@type":"NewsArticle","@id":"https:\/\/www.gaveanews.com\/index.php\/2022\/09\/29\/apos-a-derrota-do-flamengo-gabigol-se-manifesta-nas-redes-sociais\/#article","isPartOf":{"@id":"https:\/\/www.gaveanews.com\/index.php\/2022\/09\/29\/apos-a-derrota-do-flamengo-gabigol-se-manifesta-nas-redes-sociais\/"},"author":{"name":"Let\u00edcia Gerheim","@id":"https:\/\/www.gaveanews.com\/#\/schema\/person\/714c67050b836198af2450ba1c142a67"},"headline":"Ap\u00f3s a derrota do Flamengo, Gabigol se manifesta nas redes sociais","datePublished":"2022-09-29T11:48:12+00:00","dateModified":"2022-09-29T11:48:15+00:00","mainEntityOfPage":{"@id":"https:\/\/www.gaveanews.com\/index.php\/2022\/09\/29\/apos-a-derrota-do-flamengo-gabigol-se-manifesta-nas-redes-sociais\/"},"wordCount":247,"commentCount":0,"image":{"@id":"https:\/\/www.gaveanews.com\/index.php\/2022\/09\/29\/apos-a-derrota-do-flamengo-gabigol-se-manifesta-nas-redes-sociais\/#primaryimage"},"thumbnailUrl":"https:\/\/www.gaveanews.com\/wp-content\/uploads\/Gabigol-em-Fortaleza-x-Flamengo.webp","articleSection":["Flamengo"],"inLanguage":"pt-BR","potentialAction":[{"@type":"CommentAction","name":"Comment","target":["https:\/\/www.gaveanews.com\/index.php\/2022\/09\/29\/apos-a-derrota-do-flamengo-gabigol-se-manifesta-nas-redes-sociais\/#respond"]}],"copyrightYear":"2022","copyrightHolder":{"@id":"https:\/\/www.gaveanews.com\/#organization"}},{"@type":"WebPage","@id":"https:\/\/www.gaveanews.com\/index.php\/2022\/09\/29\/apos-a-derrota-do-flamengo-gabigol-se-manifesta-nas-redes-sociais\/","url":"https:\/\/www.gaveanews.com\/index.php\/2022\/09\/29\/apos-a-derrota-do-flamengo-gabigol-se-manifesta-nas-redes-sociais\/","name":"Ap\u00f3s a derrota do Flamengo, Gabigol se manifesta nas redes sociais","isPartOf":{"@id":"https:\/\/www.gaveanews.com\/#website"},"primaryImageOfPage":{"@id":"https:\/\/www.gaveanews.com\/index.php\/2022\/09\/29\/apos-a-derrota-do-flamengo-gabigol-se-manifesta-nas-redes-sociais\/#primaryimage"},"image":{"@id":"https:\/\/www.gaveanews.com\/index.php\/2022\/09\/29\/apos-a-derrota-do-flamengo-gabigol-se-manifesta-nas-redes-sociais\/#primaryimage"},"thumbnailUrl":"https:\/\/www.gaveanews.com\/wp-content\/uploads\/Gabigol-em-Fortaleza-x-Flamengo.webp","datePublished":"2022-09-29T11:48:12+00:00","dateModified":"2022-09-29T11:48:15+00:00","author":{"@id":"https:\/\/www.gaveanews.com\/#\/schema\/person\/714c67050b836198af2450ba1c142a67"},"breadcrumb":{"@id":"https:\/\/www.gaveanews.com\/index.php\/2022\/09\/29\/apos-a-derrota-do-flamengo-gabigol-se-manifesta-nas-redes-sociais\/#breadcrumb"},"inLanguage":"pt-BR","potentialAction":[{"@type":"ReadAction","target":["https:\/\/www.gaveanews.com\/index.php\/2022\/09\/29\/apos-a-derrota-do-flamengo-gabigol-se-manifesta-nas-redes-sociais\/"]}]},{"@type":"ImageObject","inLanguage":"pt-BR","@id":"https:\/\/www.gaveanews.com\/index.php\/2022\/09\/29\/apos-a-derrota-do-flamengo-gabigol-se-manifesta-nas-redes-sociais\/#primaryimage","url":"https:\/\/www.gaveanews.com\/wp-content\/uploads\/Gabigol-em-Fortaleza-x-Flamengo.webp","contentUrl":"https:\/\/www.gaveanews.com\/wp-content\/uploads\/Gabigol-em-Fortaleza-x-Flamengo.webp","width":800,"height":533,"caption":"Gabigol em jogo do Flamengo contra o Fortaleza pelo Brasileir\u00e3o (Foto: Marcelo Cortes\/Flamengo)"},{"@type":"BreadcrumbList","@id":"https:\/\/www.gaveanews.com\/index.php\/2022\/09\/29\/apos-a-derrota-do-flamengo-gabigol-se-manifesta-nas-redes-sociais\/#breadcrumb","itemListElement":[{"@type":"ListItem","position":1,"name":"Home","item":"https:\/\/www.gaveanews.com\/"},{"@type":"ListItem","position":2,"name":"Ap\u00f3s a derrota do Flamengo, Gabigol se manifesta nas redes sociais"}]},{"@type":"WebSite","@id":"https:\/\/www.gaveanews.com\/#website","url":"https:\/\/www.gaveanews.com\/","name":"G\u00e1vea News","description":"Veja todas as not\u00edcias sobre o Flamengo: Contrata\u00e7\u00f5es, categorias de base, resultados das partidas, tabela de classifica\u00e7\u00e3o, pr\u00f3ximos jogos!","potentialAction":[{"@type":"SearchAction","target":{"@type":"EntryPoint","urlTemplate":"https:\/\/www.gaveanews.com\/?s={search_term_string}"},"query-input":{"@type":"PropertyValueSpecification","valueRequired":true,"valueName":"search_term_string"}}],"inLanguage":"pt-BR"},{"@type":"Person","@id":"https:\/\/www.gaveanews.com\/#\/schema\/person\/714c67050b836198af2450ba1c142a67","name":"Let\u00edcia Gerheim","image":{"@type":"ImageObject","inLanguage":"pt-BR","@id":"https:\/\/www.gaveanews.com\/#\/schema\/person\/image\/","url":"https:\/\/secure.gravatar.com\/avatar\/60734739c50fcebfbac509e2a826ccd0ff405c019bc73aab9354f19ecad1dcb4?s=96&d=mm&r=g","contentUrl":"https:\/\/secure.gravatar.com\/avatar\/60734739c50fcebfbac509e2a826ccd0ff405c019bc73aab9354f19ecad1dcb4?s=96&d=mm&r=g","caption":"Let\u00edcia Gerheim"}}]}},"_links":{"self":[{"href":"https:\/\/www.gaveanews.com\/index.php\/wp-json\/wp\/v2\/posts\/88261","targetHints":{"allow":["GET"]}}],"collection":[{"href":"https:\/\/www.gaveanews.com\/index.php\/wp-json\/wp\/v2\/posts"}],"about":[{"href":"https:\/\/www.gaveanews.com\/index.php\/wp-json\/wp\/v2\/types\/post"}],"author":[{"embeddable":true,"href":"https:\/\/www.gaveanews.com\/index.php\/wp-json\/wp\/v2\/users\/4"}],"replies":[{"embeddable":true,"href":"https:\/\/www.gaveanews.com\/index.php\/wp-json\/wp\/v2\/comments?post=88261"}],"version-history":[{"count":0,"href":"https:\/\/www.gaveanews.com\/index.php\/wp-json\/wp\/v2\/posts\/88261\/revisions"}],"wp:featuredmedia":[{"embeddable":true,"href":"https:\/\/www.gaveanews.com\/index.php\/wp-json\/wp\/v2\/media\/88263"}],"wp:attachment":[{"href":"https:\/\/www.gaveanews.com\/index.php\/wp-json\/wp\/v2\/media?parent=88261"}],"wp:term":[{"taxonomy":"category","embeddable":true,"href":"https:\/\/www.gaveanews.com\/index.php\/wp-json\/wp\/v2\/categories?post=88261"},{"taxonomy":"post_tag","embeddable":true,"href":"https:\/\/www.gaveanews.com\/index.php\/wp-json\/wp\/v2\/tags?post=88261"}],"curies":[{"name":"wp","href":"https:\/\/api.w.org\/{rel}","templated":true}]}}