{"id":88268,"date":"2022-09-29T10:51:06","date_gmt":"2022-09-29T13:51:06","guid":{"rendered":"https:\/\/www.gaveanews.com\/?p=88268"},"modified":"2022-09-30T08:24:21","modified_gmt":"2022-09-30T11:24:21","slug":"flamengo-tem-5-desfalques-e-3-pendurados-para-o-jogo-contra-o-bragantino","status":"publish","type":"post","link":"https:\/\/www.gaveanews.com\/index.php\/2022\/09\/29\/flamengo-tem-5-desfalques-e-3-pendurados-para-o-jogo-contra-o-bragantino\/","title":{"rendered":"Flamengo tem 6 desfalques e 3 pendurados para o jogo contra o Bragantino"},"content":{"rendered":"\n<p>O Flamengo volta do Cear\u00e1 com mais uma derrota na conta e muito a ajustar no elenco. Sem pausa para descanso, o elenco se reapresenta no Ninho do Urubu nesta quinta-feira (29) e inicia as prepara\u00e7\u00f5es para receber o Bragantino no final de semana.<\/p>\n\n\n\n<p>Assim como aconteceu no duelo contra o Fortaleza, o Fla vai a campo neste pr\u00f3ximo compromisso com uma lista de desfalques. Desta vez ser\u00e3o ao menos seis baixas, tr\u00eas por les\u00f5es e tr\u00eas por suspens\u00e3o.<\/p>\n\n\n\n<p>Rodrigo Caio e Bruno Henrique se recuperam de cirurgia no joelho. Al\u00e9m deles, L\u00e9o Pereira, Matheuzinho e Jo\u00e3o Gomes, que estavam pendurados at\u00e9 ent\u00e3o, receberam seu terceiro cart\u00e3o amarelo e est\u00e3o suspensos. <\/p>\n\n\n\n<p>A equipe ainda contar\u00e1 com uma baixa inesperada. <a href=\"https:\/\/www.gaveanews.com\/index.php\/2022\/09\/29\/volante-do-flamengo-sofre-uma-entorse-no-tornozelo-esquerdo\/\">Erick Pulgar se reapresentou no Ninho do Urubu com um entorse no tornozelo esquerdo,<\/a> sofrido na derrota do Chile para o Marrocos por 2 a 0.<\/p>\n\n\n\n<p>Para completar a lista de considera\u00e7\u00f5es de Dorival J\u00fanior para o final de semana, o elenco ainda conta com tr\u00eas jogadores que est\u00e3o a um cart\u00e3o amarelo de serem suspensos. S\u00e3o eles: Diego, Thiago Maia e Vidal.<\/p>\n\n\n\n<p>A boa not\u00edcia \u00e9 que a equipe ter\u00e1 sete retornos importantes. Everton Cebolinha e Marinho cumpriram suspens\u00e3o e est\u00e3o de volta. Al\u00e9m deles, Everton Ribeiro, Pedro, Arrascaeta, Varela, e Vidal retornam das convoca\u00e7\u00f5es e tamb\u00e9m s\u00e3o cotados para o pr\u00f3ximo jogo.<\/p>\n\n\n\n<p>Neste contexto, o Flamengo vai ao Maracan\u00e3 no s\u00e1bado (01) para receber o Bragantino pela rodada 29 do Brasileir\u00e3o. O duelo acontecer\u00e1 \u00e0s 19h (hor\u00e1rio de Bras\u00edlia).<\/p>\n","protected":false},"excerpt":{"rendered":"<p>O Flamengo volta do Cear\u00e1 com mais uma derrota na conta e muito a ajustar no elenco. Sem pausa para descanso, o elenco se reapresenta no Ninho do Urubu nesta quinta-feira (29) e inicia as prepara\u00e7\u00f5es para receber o Bragantino no final de semana. Assim como aconteceu no duelo contra o Fortaleza, o Fla vai [&hellip;]<\/p>\n","protected":false},"author":4,"featured_media":72627,"comment_status":"open","ping_status":"closed","sticky":false,"template":"","format":"standard","meta":{"footnotes":""},"categories":[1],"tags":[],"class_list":["post-88268","post","type-post","status-publish","format-standard","has-post-thumbnail","hentry","category-flamengo"],"yoast_head":"<!-- This site is optimized with the Yoast SEO Premium plugin v24.2 (Yoast SEO v26.9) - https:\/\/yoast.com\/product\/yoast-seo-premium-wordpress\/ -->\n<title>Flamengo tem 6 desfalques e 3 pendurados para o jogo contra o Bragantino<\/title>\n<meta name=\"robots\" content=\"index, follow, max-snippet:-1, max-image-preview:large, max-video-preview:-1\" \/>\n<link rel=\"canonical\" href=\"https:\/\/www.gaveanews.com\/index.php\/2022\/09\/29\/flamengo-tem-5-desfalques-e-3-pendurados-para-o-jogo-contra-o-bragantino\/\" \/>\n<meta property=\"og:locale\" content=\"pt_BR\" \/>\n<meta property=\"og:type\" content=\"article\" \/>\n<meta property=\"og:title\" content=\"Flamengo tem 6 desfalques e 3 pendurados para o jogo contra o Bragantino\" \/>\n<meta property=\"og:description\" content=\"O Flamengo volta do Cear\u00e1 com mais uma derrota na conta e muito a ajustar no elenco. Sem pausa para descanso, o elenco se reapresenta no Ninho do Urubu nesta quinta-feira (29) e inicia as prepara\u00e7\u00f5es para receber o Bragantino no final de semana. Assim como aconteceu no duelo contra o Fortaleza, o Fla vai [&hellip;]\" \/>\n<meta property=\"og:url\" content=\"https:\/\/www.gaveanews.com\/index.php\/2022\/09\/29\/flamengo-tem-5-desfalques-e-3-pendurados-para-o-jogo-contra-o-bragantino\/\" \/>\n<meta property=\"og:site_name\" content=\"G\u00e1vea News\" \/>\n<meta property=\"article:publisher\" content=\"https:\/\/facebook.com\/gaveaNews\/\" \/>\n<meta property=\"article:published_time\" content=\"2022-09-29T13:51:06+00:00\" \/>\n<meta property=\"article:modified_time\" content=\"2022-09-30T11:24:21+00:00\" \/>\n<meta property=\"og:image\" content=\"https:\/\/www.gaveanews.com\/wp-content\/uploads\/Matheuzinho-em-acao-pelo-Flamengo-contra-o-Ceara-pelo-Campeonato-Brasileiro-2021.webp\" \/>\n\t<meta property=\"og:image:width\" content=\"800\" \/>\n\t<meta property=\"og:image:height\" content=\"534\" \/>\n\t<meta property=\"og:image:type\" content=\"image\/jpeg\" \/>\n<meta name=\"author\" content=\"Let\u00edcia Gerheim\" \/>\n<meta name=\"twitter:card\" content=\"summary_large_image\" \/>\n<meta name=\"twitter:label1\" content=\"Escrito por\" \/>\n\t<meta name=\"twitter:data1\" content=\"Let\u00edcia Gerheim\" \/>\n\t<meta name=\"twitter:label2\" content=\"Est. tempo de leitura\" \/>\n\t<meta name=\"twitter:data2\" content=\"2 minutos\" \/>\n<script type=\"application\/ld+json\" class=\"yoast-schema-graph\">{\"@context\":\"https:\/\/schema.org\",\"@graph\":[{\"@type\":\"NewsArticle\",\"@id\":\"https:\/\/www.gaveanews.com\/index.php\/2022\/09\/29\/flamengo-tem-5-desfalques-e-3-pendurados-para-o-jogo-contra-o-bragantino\/#article\",\"isPartOf\":{\"@id\":\"https:\/\/www.gaveanews.com\/index.php\/2022\/09\/29\/flamengo-tem-5-desfalques-e-3-pendurados-para-o-jogo-contra-o-bragantino\/\"},\"author\":{\"name\":\"Let\u00edcia Gerheim\",\"@id\":\"https:\/\/www.gaveanews.com\/#\/schema\/person\/714c67050b836198af2450ba1c142a67\"},\"headline\":\"Flamengo tem 6 desfalques e 3 pendurados para o jogo contra o Bragantino\",\"datePublished\":\"2022-09-29T13:51:06+00:00\",\"dateModified\":\"2022-09-30T11:24:21+00:00\",\"mainEntityOfPage\":{\"@id\":\"https:\/\/www.gaveanews.com\/index.php\/2022\/09\/29\/flamengo-tem-5-desfalques-e-3-pendurados-para-o-jogo-contra-o-bragantino\/\"},\"wordCount\":286,\"commentCount\":0,\"image\":{\"@id\":\"https:\/\/www.gaveanews.com\/index.php\/2022\/09\/29\/flamengo-tem-5-desfalques-e-3-pendurados-para-o-jogo-contra-o-bragantino\/#primaryimage\"},\"thumbnailUrl\":\"https:\/\/www.gaveanews.com\/wp-content\/uploads\/Matheuzinho-em-acao-pelo-Flamengo-contra-o-Ceara-pelo-Campeonato-Brasileiro-2021.webp\",\"articleSection\":[\"Flamengo\"],\"inLanguage\":\"pt-BR\",\"potentialAction\":[{\"@type\":\"CommentAction\",\"name\":\"Comment\",\"target\":[\"https:\/\/www.gaveanews.com\/index.php\/2022\/09\/29\/flamengo-tem-5-desfalques-e-3-pendurados-para-o-jogo-contra-o-bragantino\/#respond\"]}],\"copyrightYear\":\"2022\",\"copyrightHolder\":{\"@id\":\"https:\/\/www.gaveanews.com\/#organization\"}},{\"@type\":\"WebPage\",\"@id\":\"https:\/\/www.gaveanews.com\/index.php\/2022\/09\/29\/flamengo-tem-5-desfalques-e-3-pendurados-para-o-jogo-contra-o-bragantino\/\",\"url\":\"https:\/\/www.gaveanews.com\/index.php\/2022\/09\/29\/flamengo-tem-5-desfalques-e-3-pendurados-para-o-jogo-contra-o-bragantino\/\",\"name\":\"Flamengo tem 6 desfalques e 3 pendurados para o jogo contra o Bragantino\",\"isPartOf\":{\"@id\":\"https:\/\/www.gaveanews.com\/#website\"},\"primaryImageOfPage\":{\"@id\":\"https:\/\/www.gaveanews.com\/index.php\/2022\/09\/29\/flamengo-tem-5-desfalques-e-3-pendurados-para-o-jogo-contra-o-bragantino\/#primaryimage\"},\"image\":{\"@id\":\"https:\/\/www.gaveanews.com\/index.php\/2022\/09\/29\/flamengo-tem-5-desfalques-e-3-pendurados-para-o-jogo-contra-o-bragantino\/#primaryimage\"},\"thumbnailUrl\":\"https:\/\/www.gaveanews.com\/wp-content\/uploads\/Matheuzinho-em-acao-pelo-Flamengo-contra-o-Ceara-pelo-Campeonato-Brasileiro-2021.webp\",\"datePublished\":\"2022-09-29T13:51:06+00:00\",\"dateModified\":\"2022-09-30T11:24:21+00:00\",\"author\":{\"@id\":\"https:\/\/www.gaveanews.com\/#\/schema\/person\/714c67050b836198af2450ba1c142a67\"},\"breadcrumb\":{\"@id\":\"https:\/\/www.gaveanews.com\/index.php\/2022\/09\/29\/flamengo-tem-5-desfalques-e-3-pendurados-para-o-jogo-contra-o-bragantino\/#breadcrumb\"},\"inLanguage\":\"pt-BR\",\"potentialAction\":[{\"@type\":\"ReadAction\",\"target\":[\"https:\/\/www.gaveanews.com\/index.php\/2022\/09\/29\/flamengo-tem-5-desfalques-e-3-pendurados-para-o-jogo-contra-o-bragantino\/\"]}]},{\"@type\":\"ImageObject\",\"inLanguage\":\"pt-BR\",\"@id\":\"https:\/\/www.gaveanews.com\/index.php\/2022\/09\/29\/flamengo-tem-5-desfalques-e-3-pendurados-para-o-jogo-contra-o-bragantino\/#primaryimage\",\"url\":\"https:\/\/www.gaveanews.com\/wp-content\/uploads\/Matheuzinho-em-acao-pelo-Flamengo-contra-o-Ceara-pelo-Campeonato-Brasileiro-2021.webp\",\"contentUrl\":\"https:\/\/www.gaveanews.com\/wp-content\/uploads\/Matheuzinho-em-acao-pelo-Flamengo-contra-o-Ceara-pelo-Campeonato-Brasileiro-2021.webp\",\"width\":800,\"height\":534,\"caption\":\"Matheuzinho em a\u00e7\u00e3o pelo Flamengo contra o Cear\u00e1 pelo Campeonato Brasileiro 2021 (Foto: Marcelo Cortes\/Flamengo)\"},{\"@type\":\"BreadcrumbList\",\"@id\":\"https:\/\/www.gaveanews.com\/index.php\/2022\/09\/29\/flamengo-tem-5-desfalques-e-3-pendurados-para-o-jogo-contra-o-bragantino\/#breadcrumb\",\"itemListElement\":[{\"@type\":\"ListItem\",\"position\":1,\"name\":\"Home\",\"item\":\"https:\/\/www.gaveanews.com\/\"},{\"@type\":\"ListItem\",\"position\":2,\"name\":\"Flamengo tem 6 desfalques e 3 pendurados para o jogo contra o Bragantino\"}]},{\"@type\":\"WebSite\",\"@id\":\"https:\/\/www.gaveanews.com\/#website\",\"url\":\"https:\/\/www.gaveanews.com\/\",\"name\":\"G\u00e1vea News\",\"description\":\"Veja todas as not\u00edcias sobre o Flamengo: Contrata\u00e7\u00f5es, categorias de base, resultados das partidas, tabela de classifica\u00e7\u00e3o, pr\u00f3ximos jogos!\",\"potentialAction\":[{\"@type\":\"SearchAction\",\"target\":{\"@type\":\"EntryPoint\",\"urlTemplate\":\"https:\/\/www.gaveanews.com\/?s={search_term_string}\"},\"query-input\":{\"@type\":\"PropertyValueSpecification\",\"valueRequired\":true,\"valueName\":\"search_term_string\"}}],\"inLanguage\":\"pt-BR\"},{\"@type\":\"Person\",\"@id\":\"https:\/\/www.gaveanews.com\/#\/schema\/person\/714c67050b836198af2450ba1c142a67\",\"name\":\"Let\u00edcia Gerheim\",\"image\":{\"@type\":\"ImageObject\",\"inLanguage\":\"pt-BR\",\"@id\":\"https:\/\/www.gaveanews.com\/#\/schema\/person\/image\/\",\"url\":\"https:\/\/secure.gravatar.com\/avatar\/60734739c50fcebfbac509e2a826ccd0ff405c019bc73aab9354f19ecad1dcb4?s=96&d=mm&r=g\",\"contentUrl\":\"https:\/\/secure.gravatar.com\/avatar\/60734739c50fcebfbac509e2a826ccd0ff405c019bc73aab9354f19ecad1dcb4?s=96&d=mm&r=g\",\"caption\":\"Let\u00edcia Gerheim\"}}]}<\/script>\n<!-- \/ Yoast SEO Premium plugin. -->","yoast_head_json":{"title":"Flamengo tem 6 desfalques e 3 pendurados para o jogo contra o Bragantino","robots":{"index":"index","follow":"follow","max-snippet":"max-snippet:-1","max-image-preview":"max-image-preview:large","max-video-preview":"max-video-preview:-1"},"canonical":"https:\/\/www.gaveanews.com\/index.php\/2022\/09\/29\/flamengo-tem-5-desfalques-e-3-pendurados-para-o-jogo-contra-o-bragantino\/","og_locale":"pt_BR","og_type":"article","og_title":"Flamengo tem 6 desfalques e 3 pendurados para o jogo contra o Bragantino","og_description":"O Flamengo volta do Cear\u00e1 com mais uma derrota na conta e muito a ajustar no elenco. Sem pausa para descanso, o elenco se reapresenta no Ninho do Urubu nesta quinta-feira (29) e inicia as prepara\u00e7\u00f5es para receber o Bragantino no final de semana. Assim como aconteceu no duelo contra o Fortaleza, o Fla vai [&hellip;]","og_url":"https:\/\/www.gaveanews.com\/index.php\/2022\/09\/29\/flamengo-tem-5-desfalques-e-3-pendurados-para-o-jogo-contra-o-bragantino\/","og_site_name":"G\u00e1vea News","article_publisher":"https:\/\/facebook.com\/gaveaNews\/","article_published_time":"2022-09-29T13:51:06+00:00","article_modified_time":"2022-09-30T11:24:21+00:00","og_image":[{"width":800,"height":534,"url":"https:\/\/www.gaveanews.com\/wp-content\/uploads\/Matheuzinho-em-acao-pelo-Flamengo-contra-o-Ceara-pelo-Campeonato-Brasileiro-2021.webp","type":"image\/jpeg"}],"author":"Let\u00edcia Gerheim","twitter_card":"summary_large_image","twitter_misc":{"Escrito por":"Let\u00edcia Gerheim","Est. tempo de leitura":"2 minutos"},"schema":{"@context":"https:\/\/schema.org","@graph":[{"@type":"NewsArticle","@id":"https:\/\/www.gaveanews.com\/index.php\/2022\/09\/29\/flamengo-tem-5-desfalques-e-3-pendurados-para-o-jogo-contra-o-bragantino\/#article","isPartOf":{"@id":"https:\/\/www.gaveanews.com\/index.php\/2022\/09\/29\/flamengo-tem-5-desfalques-e-3-pendurados-para-o-jogo-contra-o-bragantino\/"},"author":{"name":"Let\u00edcia Gerheim","@id":"https:\/\/www.gaveanews.com\/#\/schema\/person\/714c67050b836198af2450ba1c142a67"},"headline":"Flamengo tem 6 desfalques e 3 pendurados para o jogo contra o Bragantino","datePublished":"2022-09-29T13:51:06+00:00","dateModified":"2022-09-30T11:24:21+00:00","mainEntityOfPage":{"@id":"https:\/\/www.gaveanews.com\/index.php\/2022\/09\/29\/flamengo-tem-5-desfalques-e-3-pendurados-para-o-jogo-contra-o-bragantino\/"},"wordCount":286,"commentCount":0,"image":{"@id":"https:\/\/www.gaveanews.com\/index.php\/2022\/09\/29\/flamengo-tem-5-desfalques-e-3-pendurados-para-o-jogo-contra-o-bragantino\/#primaryimage"},"thumbnailUrl":"https:\/\/www.gaveanews.com\/wp-content\/uploads\/Matheuzinho-em-acao-pelo-Flamengo-contra-o-Ceara-pelo-Campeonato-Brasileiro-2021.webp","articleSection":["Flamengo"],"inLanguage":"pt-BR","potentialAction":[{"@type":"CommentAction","name":"Comment","target":["https:\/\/www.gaveanews.com\/index.php\/2022\/09\/29\/flamengo-tem-5-desfalques-e-3-pendurados-para-o-jogo-contra-o-bragantino\/#respond"]}],"copyrightYear":"2022","copyrightHolder":{"@id":"https:\/\/www.gaveanews.com\/#organization"}},{"@type":"WebPage","@id":"https:\/\/www.gaveanews.com\/index.php\/2022\/09\/29\/flamengo-tem-5-desfalques-e-3-pendurados-para-o-jogo-contra-o-bragantino\/","url":"https:\/\/www.gaveanews.com\/index.php\/2022\/09\/29\/flamengo-tem-5-desfalques-e-3-pendurados-para-o-jogo-contra-o-bragantino\/","name":"Flamengo tem 6 desfalques e 3 pendurados para o jogo contra o Bragantino","isPartOf":{"@id":"https:\/\/www.gaveanews.com\/#website"},"primaryImageOfPage":{"@id":"https:\/\/www.gaveanews.com\/index.php\/2022\/09\/29\/flamengo-tem-5-desfalques-e-3-pendurados-para-o-jogo-contra-o-bragantino\/#primaryimage"},"image":{"@id":"https:\/\/www.gaveanews.com\/index.php\/2022\/09\/29\/flamengo-tem-5-desfalques-e-3-pendurados-para-o-jogo-contra-o-bragantino\/#primaryimage"},"thumbnailUrl":"https:\/\/www.gaveanews.com\/wp-content\/uploads\/Matheuzinho-em-acao-pelo-Flamengo-contra-o-Ceara-pelo-Campeonato-Brasileiro-2021.webp","datePublished":"2022-09-29T13:51:06+00:00","dateModified":"2022-09-30T11:24:21+00:00","author":{"@id":"https:\/\/www.gaveanews.com\/#\/schema\/person\/714c67050b836198af2450ba1c142a67"},"breadcrumb":{"@id":"https:\/\/www.gaveanews.com\/index.php\/2022\/09\/29\/flamengo-tem-5-desfalques-e-3-pendurados-para-o-jogo-contra-o-bragantino\/#breadcrumb"},"inLanguage":"pt-BR","potentialAction":[{"@type":"ReadAction","target":["https:\/\/www.gaveanews.com\/index.php\/2022\/09\/29\/flamengo-tem-5-desfalques-e-3-pendurados-para-o-jogo-contra-o-bragantino\/"]}]},{"@type":"ImageObject","inLanguage":"pt-BR","@id":"https:\/\/www.gaveanews.com\/index.php\/2022\/09\/29\/flamengo-tem-5-desfalques-e-3-pendurados-para-o-jogo-contra-o-bragantino\/#primaryimage","url":"https:\/\/www.gaveanews.com\/wp-content\/uploads\/Matheuzinho-em-acao-pelo-Flamengo-contra-o-Ceara-pelo-Campeonato-Brasileiro-2021.webp","contentUrl":"https:\/\/www.gaveanews.com\/wp-content\/uploads\/Matheuzinho-em-acao-pelo-Flamengo-contra-o-Ceara-pelo-Campeonato-Brasileiro-2021.webp","width":800,"height":534,"caption":"Matheuzinho em a\u00e7\u00e3o pelo Flamengo contra o Cear\u00e1 pelo Campeonato Brasileiro 2021 (Foto: Marcelo Cortes\/Flamengo)"},{"@type":"BreadcrumbList","@id":"https:\/\/www.gaveanews.com\/index.php\/2022\/09\/29\/flamengo-tem-5-desfalques-e-3-pendurados-para-o-jogo-contra-o-bragantino\/#breadcrumb","itemListElement":[{"@type":"ListItem","position":1,"name":"Home","item":"https:\/\/www.gaveanews.com\/"},{"@type":"ListItem","position":2,"name":"Flamengo tem 6 desfalques e 3 pendurados para o jogo contra o Bragantino"}]},{"@type":"WebSite","@id":"https:\/\/www.gaveanews.com\/#website","url":"https:\/\/www.gaveanews.com\/","name":"G\u00e1vea News","description":"Veja todas as not\u00edcias sobre o Flamengo: Contrata\u00e7\u00f5es, categorias de base, resultados das partidas, tabela de classifica\u00e7\u00e3o, pr\u00f3ximos jogos!","potentialAction":[{"@type":"SearchAction","target":{"@type":"EntryPoint","urlTemplate":"https:\/\/www.gaveanews.com\/?s={search_term_string}"},"query-input":{"@type":"PropertyValueSpecification","valueRequired":true,"valueName":"search_term_string"}}],"inLanguage":"pt-BR"},{"@type":"Person","@id":"https:\/\/www.gaveanews.com\/#\/schema\/person\/714c67050b836198af2450ba1c142a67","name":"Let\u00edcia Gerheim","image":{"@type":"ImageObject","inLanguage":"pt-BR","@id":"https:\/\/www.gaveanews.com\/#\/schema\/person\/image\/","url":"https:\/\/secure.gravatar.com\/avatar\/60734739c50fcebfbac509e2a826ccd0ff405c019bc73aab9354f19ecad1dcb4?s=96&d=mm&r=g","contentUrl":"https:\/\/secure.gravatar.com\/avatar\/60734739c50fcebfbac509e2a826ccd0ff405c019bc73aab9354f19ecad1dcb4?s=96&d=mm&r=g","caption":"Let\u00edcia Gerheim"}}]}},"_links":{"self":[{"href":"https:\/\/www.gaveanews.com\/index.php\/wp-json\/wp\/v2\/posts\/88268","targetHints":{"allow":["GET"]}}],"collection":[{"href":"https:\/\/www.gaveanews.com\/index.php\/wp-json\/wp\/v2\/posts"}],"about":[{"href":"https:\/\/www.gaveanews.com\/index.php\/wp-json\/wp\/v2\/types\/post"}],"author":[{"embeddable":true,"href":"https:\/\/www.gaveanews.com\/index.php\/wp-json\/wp\/v2\/users\/4"}],"replies":[{"embeddable":true,"href":"https:\/\/www.gaveanews.com\/index.php\/wp-json\/wp\/v2\/comments?post=88268"}],"version-history":[{"count":0,"href":"https:\/\/www.gaveanews.com\/index.php\/wp-json\/wp\/v2\/posts\/88268\/revisions"}],"wp:featuredmedia":[{"embeddable":true,"href":"https:\/\/www.gaveanews.com\/index.php\/wp-json\/wp\/v2\/media\/72627"}],"wp:attachment":[{"href":"https:\/\/www.gaveanews.com\/index.php\/wp-json\/wp\/v2\/media?parent=88268"}],"wp:term":[{"taxonomy":"category","embeddable":true,"href":"https:\/\/www.gaveanews.com\/index.php\/wp-json\/wp\/v2\/categories?post=88268"},{"taxonomy":"post_tag","embeddable":true,"href":"https:\/\/www.gaveanews.com\/index.php\/wp-json\/wp\/v2\/tags?post=88268"}],"curies":[{"name":"wp","href":"https:\/\/api.w.org\/{rel}","templated":true}]}}