{"id":88304,"date":"2022-09-29T23:00:54","date_gmt":"2022-09-30T02:00:54","guid":{"rendered":"https:\/\/www.gaveanews.com\/?p=88304"},"modified":"2022-09-29T23:00:56","modified_gmt":"2022-09-30T02:00:56","slug":"ministro-fala-sobre-a-possivel-mudanca-de-local-da-final-da-copa-libertadores-entre-flamengo-x-athletico","status":"publish","type":"post","link":"https:\/\/www.gaveanews.com\/index.php\/2022\/09\/29\/ministro-fala-sobre-a-possivel-mudanca-de-local-da-final-da-copa-libertadores-entre-flamengo-x-athletico\/","title":{"rendered":"Ministro fala sobre a poss\u00edvel mudan\u00e7a de local da final da Copa Libertadores entre Flamengo x Athletico"},"content":{"rendered":"\n<p>H\u00e1 um m\u00eas da final da Libertadores, o palco da decis\u00e3o do torneio, entre Flamengo e Athletico Paranaense, segue gerando pol\u00eamica. Cidade sede, Guayaquil vive onda crescente de viol\u00eancia, e rumores sobre uma poss\u00edvel troca do est\u00e1dio da partida come\u00e7am a surgir. No entanto, segundo o ministro de esportes do Equador, Sebastian Palacios, o Monumental segue como campo do jogo.<\/p>\n\n\n\n<p><em>\u2014 Temos trabalhado em estreita colabora\u00e7\u00e3o com a Conmebol e mantemos contato permanente. Guayaquil \u00e9 a sede. N\u00e3o vamos dar espa\u00e7o para rumores<\/em> &#8211; escreveu Sebastian em resposta a um jornalista equatoriano que o questionou sobre o assunto pelo Twitter.<\/p>\n\n\n\n<p>A crise em Guayaquil \u00e9 causada pela guerra do narcotr\u00e1fico no pa\u00eds. De acordo com as autoridades locais, de janeiro a agosto deste ano, mais de 850 pessoas foram assassinadas. O Governo do Equador, inclusive, decretou estado de exce\u00e7\u00e3o, que \u00e9 a suspens\u00e3o de direitos e garantias constitucionais, at\u00e9 o dia 14 de outubro.<\/p>\n\n\n\n<p>O est\u00e1dio Monumental \u00e9 a casa do Barcelona de Guayaquil e tem capacidade para quase 60 mil pessoas. Para os torcedores de Flamengo e Athletico Paranaense que quiserem acompanhar seus clubes na decis\u00e3o, o ingresso custa no m\u00ednimo R$ 745. A partida est\u00e1 marcada para dia 29 de outubro, \u00e0s 17h.<\/p>\n\n\n\n<p>Retirado de: Lance<\/p>\n","protected":false},"excerpt":{"rendered":"<p>H\u00e1 um m\u00eas da final da Libertadores, o palco da decis\u00e3o do torneio, entre Flamengo e Athletico Paranaense, segue gerando pol\u00eamica. Cidade sede, Guayaquil vive onda crescente de viol\u00eancia, e rumores sobre uma poss\u00edvel troca do est\u00e1dio da partida come\u00e7am a surgir. No entanto, segundo o ministro de esportes do Equador, Sebastian Palacios, o Monumental [&hellip;]<\/p>\n","protected":false},"author":1,"featured_media":85950,"comment_status":"open","ping_status":"closed","sticky":false,"template":"","format":"standard","meta":{"footnotes":""},"categories":[1],"tags":[],"class_list":["post-88304","post","type-post","status-publish","format-standard","has-post-thumbnail","hentry","category-flamengo"],"yoast_head":"<!-- This site is optimized with the Yoast SEO Premium plugin v24.2 (Yoast SEO v26.9) - https:\/\/yoast.com\/product\/yoast-seo-premium-wordpress\/ -->\n<title>Ministro fala sobre a poss\u00edvel mudan\u00e7a de local da final da Copa Libertadores entre Flamengo x Athletico<\/title>\n<meta name=\"robots\" content=\"index, follow, max-snippet:-1, max-image-preview:large, max-video-preview:-1\" \/>\n<link rel=\"canonical\" href=\"https:\/\/www.gaveanews.com\/index.php\/2022\/09\/29\/ministro-fala-sobre-a-possivel-mudanca-de-local-da-final-da-copa-libertadores-entre-flamengo-x-athletico\/\" \/>\n<meta property=\"og:locale\" content=\"pt_BR\" \/>\n<meta property=\"og:type\" content=\"article\" \/>\n<meta property=\"og:title\" content=\"Ministro fala sobre a poss\u00edvel mudan\u00e7a de local da final da Copa Libertadores entre Flamengo x Athletico\" \/>\n<meta property=\"og:description\" content=\"H\u00e1 um m\u00eas da final da Libertadores, o palco da decis\u00e3o do torneio, entre Flamengo e Athletico Paranaense, segue gerando pol\u00eamica. Cidade sede, Guayaquil vive onda crescente de viol\u00eancia, e rumores sobre uma poss\u00edvel troca do est\u00e1dio da partida come\u00e7am a surgir. No entanto, segundo o ministro de esportes do Equador, Sebastian Palacios, o Monumental [&hellip;]\" \/>\n<meta property=\"og:url\" content=\"https:\/\/www.gaveanews.com\/index.php\/2022\/09\/29\/ministro-fala-sobre-a-possivel-mudanca-de-local-da-final-da-copa-libertadores-entre-flamengo-x-athletico\/\" \/>\n<meta property=\"og:site_name\" content=\"G\u00e1vea News\" \/>\n<meta property=\"article:publisher\" content=\"https:\/\/facebook.com\/gaveaNews\/\" \/>\n<meta property=\"article:published_time\" content=\"2022-09-30T02:00:54+00:00\" \/>\n<meta property=\"article:modified_time\" content=\"2022-09-30T02:00:56+00:00\" \/>\n<meta property=\"og:image\" content=\"https:\/\/www.gaveanews.com\/wp-content\/uploads\/Felipao-em-jogo-do-Athletico-contra-o-Flamengo.webp\" \/>\n\t<meta property=\"og:image:width\" content=\"1000\" \/>\n\t<meta property=\"og:image:height\" content=\"723\" \/>\n\t<meta property=\"og:image:type\" content=\"image\/webp\" \/>\n<meta name=\"author\" content=\"Equipe G\u00e1vea News\" \/>\n<meta name=\"twitter:card\" content=\"summary_large_image\" \/>\n<meta name=\"twitter:label1\" content=\"Escrito por\" \/>\n\t<meta name=\"twitter:data1\" content=\"Equipe G\u00e1vea News\" \/>\n\t<meta name=\"twitter:label2\" content=\"Est. tempo de leitura\" \/>\n\t<meta name=\"twitter:data2\" content=\"2 minutos\" \/>\n<script type=\"application\/ld+json\" class=\"yoast-schema-graph\">{\"@context\":\"https:\/\/schema.org\",\"@graph\":[{\"@type\":\"NewsArticle\",\"@id\":\"https:\/\/www.gaveanews.com\/index.php\/2022\/09\/29\/ministro-fala-sobre-a-possivel-mudanca-de-local-da-final-da-copa-libertadores-entre-flamengo-x-athletico\/#article\",\"isPartOf\":{\"@id\":\"https:\/\/www.gaveanews.com\/index.php\/2022\/09\/29\/ministro-fala-sobre-a-possivel-mudanca-de-local-da-final-da-copa-libertadores-entre-flamengo-x-athletico\/\"},\"author\":{\"name\":\"Equipe G\u00e1vea News\",\"@id\":\"https:\/\/www.gaveanews.com\/#\/schema\/person\/2ec14f73fb96be2caf28f91afb14749d\"},\"headline\":\"Ministro fala sobre a poss\u00edvel mudan\u00e7a de local da final da Copa Libertadores entre Flamengo x Athletico\",\"datePublished\":\"2022-09-30T02:00:54+00:00\",\"dateModified\":\"2022-09-30T02:00:56+00:00\",\"mainEntityOfPage\":{\"@id\":\"https:\/\/www.gaveanews.com\/index.php\/2022\/09\/29\/ministro-fala-sobre-a-possivel-mudanca-de-local-da-final-da-copa-libertadores-entre-flamengo-x-athletico\/\"},\"wordCount\":234,\"commentCount\":0,\"image\":{\"@id\":\"https:\/\/www.gaveanews.com\/index.php\/2022\/09\/29\/ministro-fala-sobre-a-possivel-mudanca-de-local-da-final-da-copa-libertadores-entre-flamengo-x-athletico\/#primaryimage\"},\"thumbnailUrl\":\"https:\/\/www.gaveanews.com\/wp-content\/uploads\/Felipao-em-jogo-do-Athletico-contra-o-Flamengo.webp\",\"articleSection\":[\"Flamengo\"],\"inLanguage\":\"pt-BR\",\"potentialAction\":[{\"@type\":\"CommentAction\",\"name\":\"Comment\",\"target\":[\"https:\/\/www.gaveanews.com\/index.php\/2022\/09\/29\/ministro-fala-sobre-a-possivel-mudanca-de-local-da-final-da-copa-libertadores-entre-flamengo-x-athletico\/#respond\"]}],\"copyrightYear\":\"2022\",\"copyrightHolder\":{\"@id\":\"https:\/\/www.gaveanews.com\/#organization\"}},{\"@type\":\"WebPage\",\"@id\":\"https:\/\/www.gaveanews.com\/index.php\/2022\/09\/29\/ministro-fala-sobre-a-possivel-mudanca-de-local-da-final-da-copa-libertadores-entre-flamengo-x-athletico\/\",\"url\":\"https:\/\/www.gaveanews.com\/index.php\/2022\/09\/29\/ministro-fala-sobre-a-possivel-mudanca-de-local-da-final-da-copa-libertadores-entre-flamengo-x-athletico\/\",\"name\":\"Ministro fala sobre a poss\u00edvel mudan\u00e7a de local da final da Copa Libertadores entre Flamengo x Athletico\",\"isPartOf\":{\"@id\":\"https:\/\/www.gaveanews.com\/#website\"},\"primaryImageOfPage\":{\"@id\":\"https:\/\/www.gaveanews.com\/index.php\/2022\/09\/29\/ministro-fala-sobre-a-possivel-mudanca-de-local-da-final-da-copa-libertadores-entre-flamengo-x-athletico\/#primaryimage\"},\"image\":{\"@id\":\"https:\/\/www.gaveanews.com\/index.php\/2022\/09\/29\/ministro-fala-sobre-a-possivel-mudanca-de-local-da-final-da-copa-libertadores-entre-flamengo-x-athletico\/#primaryimage\"},\"thumbnailUrl\":\"https:\/\/www.gaveanews.com\/wp-content\/uploads\/Felipao-em-jogo-do-Athletico-contra-o-Flamengo.webp\",\"datePublished\":\"2022-09-30T02:00:54+00:00\",\"dateModified\":\"2022-09-30T02:00:56+00:00\",\"author\":{\"@id\":\"https:\/\/www.gaveanews.com\/#\/schema\/person\/2ec14f73fb96be2caf28f91afb14749d\"},\"breadcrumb\":{\"@id\":\"https:\/\/www.gaveanews.com\/index.php\/2022\/09\/29\/ministro-fala-sobre-a-possivel-mudanca-de-local-da-final-da-copa-libertadores-entre-flamengo-x-athletico\/#breadcrumb\"},\"inLanguage\":\"pt-BR\",\"potentialAction\":[{\"@type\":\"ReadAction\",\"target\":[\"https:\/\/www.gaveanews.com\/index.php\/2022\/09\/29\/ministro-fala-sobre-a-possivel-mudanca-de-local-da-final-da-copa-libertadores-entre-flamengo-x-athletico\/\"]}]},{\"@type\":\"ImageObject\",\"inLanguage\":\"pt-BR\",\"@id\":\"https:\/\/www.gaveanews.com\/index.php\/2022\/09\/29\/ministro-fala-sobre-a-possivel-mudanca-de-local-da-final-da-copa-libertadores-entre-flamengo-x-athletico\/#primaryimage\",\"url\":\"https:\/\/www.gaveanews.com\/wp-content\/uploads\/Felipao-em-jogo-do-Athletico-contra-o-Flamengo.webp\",\"contentUrl\":\"https:\/\/www.gaveanews.com\/wp-content\/uploads\/Felipao-em-jogo-do-Athletico-contra-o-Flamengo.webp\",\"width\":1000,\"height\":723,\"caption\":\"Felip\u00e3o em jogo do Athletico contra o Flamengo (Foto: Andr\u00e9 Dur\u00e3o)\"},{\"@type\":\"BreadcrumbList\",\"@id\":\"https:\/\/www.gaveanews.com\/index.php\/2022\/09\/29\/ministro-fala-sobre-a-possivel-mudanca-de-local-da-final-da-copa-libertadores-entre-flamengo-x-athletico\/#breadcrumb\",\"itemListElement\":[{\"@type\":\"ListItem\",\"position\":1,\"name\":\"Home\",\"item\":\"https:\/\/www.gaveanews.com\/\"},{\"@type\":\"ListItem\",\"position\":2,\"name\":\"Ministro fala sobre a poss\u00edvel mudan\u00e7a de local da final da Copa Libertadores entre Flamengo x Athletico\"}]},{\"@type\":\"WebSite\",\"@id\":\"https:\/\/www.gaveanews.com\/#website\",\"url\":\"https:\/\/www.gaveanews.com\/\",\"name\":\"G\u00e1vea News\",\"description\":\"Veja todas as not\u00edcias sobre o Flamengo: Contrata\u00e7\u00f5es, categorias de base, resultados das partidas, tabela de classifica\u00e7\u00e3o, pr\u00f3ximos jogos!\",\"potentialAction\":[{\"@type\":\"SearchAction\",\"target\":{\"@type\":\"EntryPoint\",\"urlTemplate\":\"https:\/\/www.gaveanews.com\/?s={search_term_string}\"},\"query-input\":{\"@type\":\"PropertyValueSpecification\",\"valueRequired\":true,\"valueName\":\"search_term_string\"}}],\"inLanguage\":\"pt-BR\"},{\"@type\":\"Person\",\"@id\":\"https:\/\/www.gaveanews.com\/#\/schema\/person\/2ec14f73fb96be2caf28f91afb14749d\",\"name\":\"Equipe G\u00e1vea News\",\"image\":{\"@type\":\"ImageObject\",\"inLanguage\":\"pt-BR\",\"@id\":\"https:\/\/www.gaveanews.com\/#\/schema\/person\/image\/\",\"url\":\"https:\/\/secure.gravatar.com\/avatar\/1e1956f1facbffd3f8fa53a326721950116b3b9dc9bd44939c01180fd4a745a9?s=96&d=mm&r=g\",\"contentUrl\":\"https:\/\/secure.gravatar.com\/avatar\/1e1956f1facbffd3f8fa53a326721950116b3b9dc9bd44939c01180fd4a745a9?s=96&d=mm&r=g\",\"caption\":\"Equipe G\u00e1vea News\"}}]}<\/script>\n<!-- \/ Yoast SEO Premium plugin. -->","yoast_head_json":{"title":"Ministro fala sobre a poss\u00edvel mudan\u00e7a de local da final da Copa Libertadores entre Flamengo x Athletico","robots":{"index":"index","follow":"follow","max-snippet":"max-snippet:-1","max-image-preview":"max-image-preview:large","max-video-preview":"max-video-preview:-1"},"canonical":"https:\/\/www.gaveanews.com\/index.php\/2022\/09\/29\/ministro-fala-sobre-a-possivel-mudanca-de-local-da-final-da-copa-libertadores-entre-flamengo-x-athletico\/","og_locale":"pt_BR","og_type":"article","og_title":"Ministro fala sobre a poss\u00edvel mudan\u00e7a de local da final da Copa Libertadores entre Flamengo x Athletico","og_description":"H\u00e1 um m\u00eas da final da Libertadores, o palco da decis\u00e3o do torneio, entre Flamengo e Athletico Paranaense, segue gerando pol\u00eamica. Cidade sede, Guayaquil vive onda crescente de viol\u00eancia, e rumores sobre uma poss\u00edvel troca do est\u00e1dio da partida come\u00e7am a surgir. No entanto, segundo o ministro de esportes do Equador, Sebastian Palacios, o Monumental [&hellip;]","og_url":"https:\/\/www.gaveanews.com\/index.php\/2022\/09\/29\/ministro-fala-sobre-a-possivel-mudanca-de-local-da-final-da-copa-libertadores-entre-flamengo-x-athletico\/","og_site_name":"G\u00e1vea News","article_publisher":"https:\/\/facebook.com\/gaveaNews\/","article_published_time":"2022-09-30T02:00:54+00:00","article_modified_time":"2022-09-30T02:00:56+00:00","og_image":[{"width":1000,"height":723,"url":"https:\/\/www.gaveanews.com\/wp-content\/uploads\/Felipao-em-jogo-do-Athletico-contra-o-Flamengo.webp","type":"image\/webp"}],"author":"Equipe G\u00e1vea News","twitter_card":"summary_large_image","twitter_misc":{"Escrito por":"Equipe G\u00e1vea News","Est. tempo de leitura":"2 minutos"},"schema":{"@context":"https:\/\/schema.org","@graph":[{"@type":"NewsArticle","@id":"https:\/\/www.gaveanews.com\/index.php\/2022\/09\/29\/ministro-fala-sobre-a-possivel-mudanca-de-local-da-final-da-copa-libertadores-entre-flamengo-x-athletico\/#article","isPartOf":{"@id":"https:\/\/www.gaveanews.com\/index.php\/2022\/09\/29\/ministro-fala-sobre-a-possivel-mudanca-de-local-da-final-da-copa-libertadores-entre-flamengo-x-athletico\/"},"author":{"name":"Equipe G\u00e1vea News","@id":"https:\/\/www.gaveanews.com\/#\/schema\/person\/2ec14f73fb96be2caf28f91afb14749d"},"headline":"Ministro fala sobre a poss\u00edvel mudan\u00e7a de local da final da Copa Libertadores entre Flamengo x Athletico","datePublished":"2022-09-30T02:00:54+00:00","dateModified":"2022-09-30T02:00:56+00:00","mainEntityOfPage":{"@id":"https:\/\/www.gaveanews.com\/index.php\/2022\/09\/29\/ministro-fala-sobre-a-possivel-mudanca-de-local-da-final-da-copa-libertadores-entre-flamengo-x-athletico\/"},"wordCount":234,"commentCount":0,"image":{"@id":"https:\/\/www.gaveanews.com\/index.php\/2022\/09\/29\/ministro-fala-sobre-a-possivel-mudanca-de-local-da-final-da-copa-libertadores-entre-flamengo-x-athletico\/#primaryimage"},"thumbnailUrl":"https:\/\/www.gaveanews.com\/wp-content\/uploads\/Felipao-em-jogo-do-Athletico-contra-o-Flamengo.webp","articleSection":["Flamengo"],"inLanguage":"pt-BR","potentialAction":[{"@type":"CommentAction","name":"Comment","target":["https:\/\/www.gaveanews.com\/index.php\/2022\/09\/29\/ministro-fala-sobre-a-possivel-mudanca-de-local-da-final-da-copa-libertadores-entre-flamengo-x-athletico\/#respond"]}],"copyrightYear":"2022","copyrightHolder":{"@id":"https:\/\/www.gaveanews.com\/#organization"}},{"@type":"WebPage","@id":"https:\/\/www.gaveanews.com\/index.php\/2022\/09\/29\/ministro-fala-sobre-a-possivel-mudanca-de-local-da-final-da-copa-libertadores-entre-flamengo-x-athletico\/","url":"https:\/\/www.gaveanews.com\/index.php\/2022\/09\/29\/ministro-fala-sobre-a-possivel-mudanca-de-local-da-final-da-copa-libertadores-entre-flamengo-x-athletico\/","name":"Ministro fala sobre a poss\u00edvel mudan\u00e7a de local da final da Copa Libertadores entre Flamengo x Athletico","isPartOf":{"@id":"https:\/\/www.gaveanews.com\/#website"},"primaryImageOfPage":{"@id":"https:\/\/www.gaveanews.com\/index.php\/2022\/09\/29\/ministro-fala-sobre-a-possivel-mudanca-de-local-da-final-da-copa-libertadores-entre-flamengo-x-athletico\/#primaryimage"},"image":{"@id":"https:\/\/www.gaveanews.com\/index.php\/2022\/09\/29\/ministro-fala-sobre-a-possivel-mudanca-de-local-da-final-da-copa-libertadores-entre-flamengo-x-athletico\/#primaryimage"},"thumbnailUrl":"https:\/\/www.gaveanews.com\/wp-content\/uploads\/Felipao-em-jogo-do-Athletico-contra-o-Flamengo.webp","datePublished":"2022-09-30T02:00:54+00:00","dateModified":"2022-09-30T02:00:56+00:00","author":{"@id":"https:\/\/www.gaveanews.com\/#\/schema\/person\/2ec14f73fb96be2caf28f91afb14749d"},"breadcrumb":{"@id":"https:\/\/www.gaveanews.com\/index.php\/2022\/09\/29\/ministro-fala-sobre-a-possivel-mudanca-de-local-da-final-da-copa-libertadores-entre-flamengo-x-athletico\/#breadcrumb"},"inLanguage":"pt-BR","potentialAction":[{"@type":"ReadAction","target":["https:\/\/www.gaveanews.com\/index.php\/2022\/09\/29\/ministro-fala-sobre-a-possivel-mudanca-de-local-da-final-da-copa-libertadores-entre-flamengo-x-athletico\/"]}]},{"@type":"ImageObject","inLanguage":"pt-BR","@id":"https:\/\/www.gaveanews.com\/index.php\/2022\/09\/29\/ministro-fala-sobre-a-possivel-mudanca-de-local-da-final-da-copa-libertadores-entre-flamengo-x-athletico\/#primaryimage","url":"https:\/\/www.gaveanews.com\/wp-content\/uploads\/Felipao-em-jogo-do-Athletico-contra-o-Flamengo.webp","contentUrl":"https:\/\/www.gaveanews.com\/wp-content\/uploads\/Felipao-em-jogo-do-Athletico-contra-o-Flamengo.webp","width":1000,"height":723,"caption":"Felip\u00e3o em jogo do Athletico contra o Flamengo (Foto: Andr\u00e9 Dur\u00e3o)"},{"@type":"BreadcrumbList","@id":"https:\/\/www.gaveanews.com\/index.php\/2022\/09\/29\/ministro-fala-sobre-a-possivel-mudanca-de-local-da-final-da-copa-libertadores-entre-flamengo-x-athletico\/#breadcrumb","itemListElement":[{"@type":"ListItem","position":1,"name":"Home","item":"https:\/\/www.gaveanews.com\/"},{"@type":"ListItem","position":2,"name":"Ministro fala sobre a poss\u00edvel mudan\u00e7a de local da final da Copa Libertadores entre Flamengo x Athletico"}]},{"@type":"WebSite","@id":"https:\/\/www.gaveanews.com\/#website","url":"https:\/\/www.gaveanews.com\/","name":"G\u00e1vea News","description":"Veja todas as not\u00edcias sobre o Flamengo: Contrata\u00e7\u00f5es, categorias de base, resultados das partidas, tabela de classifica\u00e7\u00e3o, pr\u00f3ximos jogos!","potentialAction":[{"@type":"SearchAction","target":{"@type":"EntryPoint","urlTemplate":"https:\/\/www.gaveanews.com\/?s={search_term_string}"},"query-input":{"@type":"PropertyValueSpecification","valueRequired":true,"valueName":"search_term_string"}}],"inLanguage":"pt-BR"},{"@type":"Person","@id":"https:\/\/www.gaveanews.com\/#\/schema\/person\/2ec14f73fb96be2caf28f91afb14749d","name":"Equipe G\u00e1vea News","image":{"@type":"ImageObject","inLanguage":"pt-BR","@id":"https:\/\/www.gaveanews.com\/#\/schema\/person\/image\/","url":"https:\/\/secure.gravatar.com\/avatar\/1e1956f1facbffd3f8fa53a326721950116b3b9dc9bd44939c01180fd4a745a9?s=96&d=mm&r=g","contentUrl":"https:\/\/secure.gravatar.com\/avatar\/1e1956f1facbffd3f8fa53a326721950116b3b9dc9bd44939c01180fd4a745a9?s=96&d=mm&r=g","caption":"Equipe G\u00e1vea News"}}]}},"_links":{"self":[{"href":"https:\/\/www.gaveanews.com\/index.php\/wp-json\/wp\/v2\/posts\/88304","targetHints":{"allow":["GET"]}}],"collection":[{"href":"https:\/\/www.gaveanews.com\/index.php\/wp-json\/wp\/v2\/posts"}],"about":[{"href":"https:\/\/www.gaveanews.com\/index.php\/wp-json\/wp\/v2\/types\/post"}],"author":[{"embeddable":true,"href":"https:\/\/www.gaveanews.com\/index.php\/wp-json\/wp\/v2\/users\/1"}],"replies":[{"embeddable":true,"href":"https:\/\/www.gaveanews.com\/index.php\/wp-json\/wp\/v2\/comments?post=88304"}],"version-history":[{"count":0,"href":"https:\/\/www.gaveanews.com\/index.php\/wp-json\/wp\/v2\/posts\/88304\/revisions"}],"wp:featuredmedia":[{"embeddable":true,"href":"https:\/\/www.gaveanews.com\/index.php\/wp-json\/wp\/v2\/media\/85950"}],"wp:attachment":[{"href":"https:\/\/www.gaveanews.com\/index.php\/wp-json\/wp\/v2\/media?parent=88304"}],"wp:term":[{"taxonomy":"category","embeddable":true,"href":"https:\/\/www.gaveanews.com\/index.php\/wp-json\/wp\/v2\/categories?post=88304"},{"taxonomy":"post_tag","embeddable":true,"href":"https:\/\/www.gaveanews.com\/index.php\/wp-json\/wp\/v2\/tags?post=88304"}],"curies":[{"name":"wp","href":"https:\/\/api.w.org\/{rel}","templated":true}]}}